{"id":1814,"date":"2023-07-26T16:22:20","date_gmt":"2023-07-26T20:22:20","guid":{"rendered":"https:\/\/www.manaus.am.gov.br\/implurb\/prefeitura-e-iphan-embargam-obra-irregular-e-sem-licenca-no-centro-historico\/"},"modified":"2023-07-26T16:23:52","modified_gmt":"2023-07-26T20:23:52","slug":"prefeitura-e-iphan-embargam-obra-irregular-e-sem-licenca-no-centro-historico","status":"publish","type":"post","link":"https:\/\/www.manaus.am.gov.br\/implurb\/prefeitura-e-iphan-embargam-obra-irregular-e-sem-licenca-no-centro-historico\/","title":{"rendered":"Prefeitura e Iphan embargam obra irregular e sem licen\u00e7a no centro hist\u00f3rico"},"content":{"rendered":"\n<p>A Prefeitura de Manaus, via Instituto Municipal de Planejamento Urbano (Implurb), e o Instituto do Patrim\u00f4nio Hist\u00f3rico e Art\u00edstico Nacional (Iphan) do Amazonas embargaram uma obra irregular e sem licen\u00e7a, na avenida Joaquim Nabuco, n\u00ba 205, Centro, dentro da poligonal do centro hist\u00f3rico, sendo uma unidade de preserva\u00e7\u00e3o de interesse de 2\u00b0 grau, conforme o decreto municipal 7.176\/04.<\/p>\n\n\n\n<p>Ap\u00f3s uma den\u00fancia nas redes sociais, a Ger\u00eancia de Patrim\u00f4nio Hist\u00f3rico (GPH) acionou a fiscaliza\u00e7\u00e3o, que foi ao local e constatou a irregularidade desde o \u00faltimo domingo, 23\/7, em a\u00e7\u00e3o realizada pelo plant\u00e3o fiscal da autarquia.<\/p>\n\n\n\n<p>Na segunda e ter\u00e7a-feira, dias 26 e 25\/7, os \u00f3rg\u00e3os realizaram novas a\u00e7\u00f5es fiscais, resultando no embargo, uma vez que o propriet\u00e1rio n\u00e3o atendeu as primeiras notifica\u00e7\u00f5es de interdi\u00e7\u00e3o, para que a constru\u00e7\u00e3o n\u00e3o avance sem a devida regulariza\u00e7\u00e3o. O embargo do Iphan tem como base o art. 18 do decreto-lei 25\/1937, al\u00e9m da portaria 187\/2010, que regulamenta a fiscaliza\u00e7\u00e3o de bens tombados e respectivas \u00e1reas de entorno.<\/p>\n\n\n\n<p>O propriet\u00e1rio dever\u00e1 permanecer com a obra paralisada at\u00e9 sua devida regulariza\u00e7\u00e3o junto aos \u00f3rg\u00e3os de licenciamento, al\u00e9m de manter o logradouro p\u00fablico sem obstru\u00e7\u00e3o com material da constru\u00e7\u00e3o.<\/p>\n\n\n\n<p>No caso de n\u00e3o atendimento de notifica\u00e7\u00f5es e \u00e0 legisla\u00e7\u00e3o e do n\u00e3o licenciamento, a autarquia seguir\u00e1 com as a\u00e7\u00f5es fiscais, incluindo multas e outras. Para garantir o ordenamento p\u00fablico, o instituto usa o Plano Diretor e o C\u00f3digo de Obras e Edifica\u00e7\u00f5es de Manaus, a Lei Complementar 003\/2014.<\/p>\n\n\n\n<p>Para a arquiteta e urbanista Melissa Toledo, gerente de Patrim\u00f4nio Hist\u00f3rico, o licenciamento para obras \u00e9 imprescind\u00edvel, que deve atender orienta\u00e7\u00f5es do Plano Diretor e as normativas patrimoniais, no caso do centro hist\u00f3rico, as estabelecidas para o pol\u00edgono de preserva\u00e7\u00e3o.<\/p>\n\n\n\n<p>Melissa explica que quando se fala de licenciar um im\u00f3vel de interesse hist\u00f3rico se fala de normativas e orienta\u00e7\u00f5es em prol da preserva\u00e7\u00e3o daquela edifica\u00e7\u00e3o. \u201cSignifica que aquele bem constru\u00eddo tem um conjunto de orienta\u00e7\u00f5es para preservar a sua tipologia, a sua identidade arquitet\u00f4nica, do que foi preservado ou que ali ainda \u00e9 existente\u201d.<\/p>\n\n\n\n<p>J\u00e1 o patrim\u00f4nio hist\u00f3rico edificado \u00e9 todo objeto arquitet\u00f4nico constru\u00eddo e que seja um testemunho cultural de uma evolu\u00e7\u00e3o, de um fragmento e de uma temporalidade da cidade.<\/p>\n\n\n\n<p>\u201c\u00c9 o reconhecimento da import\u00e2ncia do valor cultural de um bem nas esferas municipal, estadual e federal. S\u00e3o as edifica\u00e7\u00f5es arquitet\u00f4nicas que abrem portas para a valoriza\u00e7\u00e3o da nossa cidade. S\u00e3o os registros de acontecimentos de uma \u00e9poca, de transforma\u00e7\u00e3o urbana, um testemunho de uma tipologia que tem t\u00e9cnicas construtivas, que tem ornatos. \u00c9 uma refer\u00eancia cultural para outras gera\u00e7\u00f5es e \u00e9 fundamental que a gente preserve\u201d, explicou a gerente.<\/p>\n\n\n\n<p>Melissa Toledo chama aten\u00e7\u00e3o que a popula\u00e7\u00e3o \u00e9 um importante guardi\u00e3o do patrim\u00f4nio, podendo fazer den\u00fancias em benef\u00edcio da preserva\u00e7\u00e3o e perman\u00eancia do referencial cultural.<\/p>\n\n\n\n<p><strong>Den\u00fancias<\/strong><\/p>\n\n\n\n<p>Den\u00fancias sobre obras irregulares, obstru\u00e7\u00f5es de logradouro, invas\u00e3o de \u00e1rea p\u00fablica e afins s\u00e3o atendidas pelo n\u00famero do Disque Ordem, o (92) 3673-9305, de segunda a sexta-feira, das 8h \u00e0s 14h, exceto feriados e pontos facultativos e, por e-mail, para o disquedenuncia.implurb@manaus.am.gov.br.<\/p>\n\n\n\n<p>As fiscaliza\u00e7\u00f5es s\u00e3o realizadas pelas ger\u00eancias da Divis\u00e3o de Controle (Dicon), de Obras (GFO) e de Postura (GFP), por meio de den\u00fancias, demandas de \u00f3rg\u00e3os municipais e estaduais, e rota di\u00e1ria da equipe de fiscais nas ruas.<\/p>\n\n\n\n<p>&#8212; &#8212; &#8212;<\/p>\n\n\n\n<p><strong>Texto &#8211; <\/strong>Claudia do Valle \/ Implurb<\/p>\n\n\n\n<p><strong>Fotos &#8211;<\/strong> Cl\u00f3vis Miranda \/ Semcom<\/p>\n\n\n\n<p><strong>Dispon\u00edveis em &#8211; <\/strong><a href=\"https:\/\/flic.kr\/s\/aHBqjANBWE\">https:\/\/flic.kr\/s\/aHBqjANBWE<\/a><\/p>\n","protected":false},"excerpt":{"rendered":"","protected":false},"author":39,"featured_media":1815,"comment_status":"closed","ping_status":"closed","sticky":false,"template":"","format":"standard","meta":{"footnotes":""},"categories":[239],"tags":[351,352,353,11,354,15],"acf":[],"yoast_head":"<!-- This site is optimized with the Yoast SEO plugin v23.0 - https:\/\/yoast.com\/wordpress\/plugins\/seo\/ -->\n<title>Prefeitura e Iphan embargam obra irregular e sem licen\u00e7a no Centro Hist\u00f3rico<\/title>\n<meta name=\"description\" content=\"A Prefeitura de Manaus, via Instituto Municipal de Planejamento Urbano (Implurb), e o Instituto do Patrim\u00f4nio Hist\u00f3rico e Art\u00edstico Nacional (Iphan) do Amazonas embargaram uma obra irregular e sem licen\u00e7a, na avenida Joaquim Nabuco, n\u00ba 205, Centro, dentro da poligonal do centro hist\u00f3rico, sendo uma unidade de preserva\u00e7\u00e3o de interesse de 2\u00b0 grau, conforme o decreto municipal 7.176\/04.\" \/>\n<meta name=\"robots\" content=\"noindex, follow\" \/>\n<meta property=\"og:locale\" content=\"pt_BR\" \/>\n<meta property=\"og:type\" content=\"article\" \/>\n<meta property=\"og:title\" content=\"Prefeitura e Iphan embargam obra irregular e sem licen\u00e7a no Centro Hist\u00f3rico\" \/>\n<meta property=\"og:description\" content=\"A Prefeitura de Manaus, via Instituto Municipal de Planejamento Urbano (Implurb), e o Instituto do Patrim\u00f4nio Hist\u00f3rico e Art\u00edstico Nacional (Iphan) do Amazonas embargaram uma obra irregular e sem licen\u00e7a, na avenida Joaquim Nabuco, n\u00ba 205, Centro, dentro da poligonal do centro hist\u00f3rico, sendo uma unidade de preserva\u00e7\u00e3o de interesse de 2\u00b0 grau, conforme o decreto municipal 7.176\/04.\" \/>\n<meta property=\"og:url\" content=\"https:\/\/www.manaus.am.gov.br\/implurb\/prefeitura-e-iphan-embargam-obra-irregular-e-sem-licenca-no-centro-historico\/\" \/>\n<meta property=\"og:site_name\" content=\"IMPLURB\" \/>\n<meta property=\"article:published_time\" content=\"2023-07-26T20:22:20+00:00\" \/>\n<meta property=\"article:modified_time\" content=\"2023-07-26T20:23:52+00:00\" \/>\n<meta property=\"og:image\" content=\"https:\/\/www.manaus.am.gov.br\/implurb\/wp-content\/uploads\/sites\/13\/2023\/07\/53068838636_e1cac3bc70_k.jpg\" \/>\n\t<meta property=\"og:image:width\" content=\"2048\" \/>\n\t<meta property=\"og:image:height\" content=\"1367\" \/>\n\t<meta property=\"og:image:type\" content=\"image\/jpeg\" \/>\n<meta name=\"author\" content=\"Bruna Greco\" \/>\n<meta name=\"twitter:card\" content=\"summary_large_image\" \/>\n<meta name=\"twitter:label1\" content=\"Written by\" \/>\n\t<meta name=\"twitter:data1\" content=\"Bruna Greco\" \/>\n\t<meta name=\"twitter:label2\" content=\"Est. reading time\" \/>\n\t<meta name=\"twitter:data2\" content=\"4 minutos\" \/>\n<script type=\"application\/ld+json\" class=\"yoast-schema-graph\">{\"@context\":\"https:\/\/schema.org\",\"@graph\":[{\"@type\":\"WebPage\",\"@id\":\"https:\/\/www.manaus.am.gov.br\/implurb\/prefeitura-e-iphan-embargam-obra-irregular-e-sem-licenca-no-centro-historico\/\",\"url\":\"https:\/\/www.manaus.am.gov.br\/implurb\/prefeitura-e-iphan-embargam-obra-irregular-e-sem-licenca-no-centro-historico\/\",\"name\":\"Prefeitura e Iphan embargam obra irregular e sem licen\u00e7a no Centro Hist\u00f3rico\",\"isPartOf\":{\"@id\":\"https:\/\/www.manaus.am.gov.br\/implurb\/#website\"},\"primaryImageOfPage\":{\"@id\":\"https:\/\/www.manaus.am.gov.br\/implurb\/prefeitura-e-iphan-embargam-obra-irregular-e-sem-licenca-no-centro-historico\/#primaryimage\"},\"image\":{\"@id\":\"https:\/\/www.manaus.am.gov.br\/implurb\/prefeitura-e-iphan-embargam-obra-irregular-e-sem-licenca-no-centro-historico\/#primaryimage\"},\"thumbnailUrl\":\"https:\/\/www.manaus.am.gov.br\/implurb\/wp-content\/uploads\/sites\/13\/2023\/07\/53068838636_e1cac3bc70_k.jpg\",\"datePublished\":\"2023-07-26T20:22:20+00:00\",\"dateModified\":\"2023-07-26T20:23:52+00:00\",\"author\":{\"@id\":\"https:\/\/www.manaus.am.gov.br\/implurb\/#\/schema\/person\/05d223aea2bf115f9883a6ff3683d81b\"},\"description\":\"A Prefeitura de Manaus, via Instituto Municipal de Planejamento Urbano (Implurb), e o Instituto do Patrim\u00f4nio Hist\u00f3rico e Art\u00edstico Nacional (Iphan) do Amazonas embargaram uma obra irregular e sem licen\u00e7a, na avenida Joaquim Nabuco, n\u00ba 205, Centro, dentro da poligonal do centro hist\u00f3rico, sendo uma unidade de preserva\u00e7\u00e3o de interesse de 2\u00b0 grau, conforme o decreto municipal 7.176\/04.\",\"breadcrumb\":{\"@id\":\"https:\/\/www.manaus.am.gov.br\/implurb\/prefeitura-e-iphan-embargam-obra-irregular-e-sem-licenca-no-centro-historico\/#breadcrumb\"},\"inLanguage\":\"pt-BR\",\"potentialAction\":[{\"@type\":\"ReadAction\",\"target\":[\"https:\/\/www.manaus.am.gov.br\/implurb\/prefeitura-e-iphan-embargam-obra-irregular-e-sem-licenca-no-centro-historico\/\"]}]},{\"@type\":\"ImageObject\",\"inLanguage\":\"pt-BR\",\"@id\":\"https:\/\/www.manaus.am.gov.br\/implurb\/prefeitura-e-iphan-embargam-obra-irregular-e-sem-licenca-no-centro-historico\/#primaryimage\",\"url\":\"https:\/\/www.manaus.am.gov.br\/implurb\/wp-content\/uploads\/sites\/13\/2023\/07\/53068838636_e1cac3bc70_k.jpg\",\"contentUrl\":\"https:\/\/www.manaus.am.gov.br\/implurb\/wp-content\/uploads\/sites\/13\/2023\/07\/53068838636_e1cac3bc70_k.jpg\",\"width\":2048,\"height\":1367},{\"@type\":\"BreadcrumbList\",\"@id\":\"https:\/\/www.manaus.am.gov.br\/implurb\/prefeitura-e-iphan-embargam-obra-irregular-e-sem-licenca-no-centro-historico\/#breadcrumb\",\"itemListElement\":[{\"@type\":\"ListItem\",\"position\":1,\"name\":\"Home\",\"item\":\"https:\/\/www.manaus.am.gov.br\/implurb\/\"},{\"@type\":\"ListItem\",\"position\":2,\"name\":\"Prefeitura e Iphan embargam obra irregular e sem licen\u00e7a no centro hist\u00f3rico\"}]},{\"@type\":\"WebSite\",\"@id\":\"https:\/\/www.manaus.am.gov.br\/implurb\/#website\",\"url\":\"https:\/\/www.manaus.am.gov.br\/implurb\/\",\"name\":\"IMPLURB\",\"description\":\"Prefeitura de Manaus\",\"potentialAction\":[{\"@type\":\"SearchAction\",\"target\":{\"@type\":\"EntryPoint\",\"urlTemplate\":\"https:\/\/www.manaus.am.gov.br\/implurb\/?s={search_term_string}\"},\"query-input\":\"required name=search_term_string\"}],\"inLanguage\":\"pt-BR\"},{\"@type\":\"Person\",\"@id\":\"https:\/\/www.manaus.am.gov.br\/implurb\/#\/schema\/person\/05d223aea2bf115f9883a6ff3683d81b\",\"name\":\"Bruna Greco\",\"image\":{\"@type\":\"ImageObject\",\"inLanguage\":\"pt-BR\",\"@id\":\"https:\/\/www.manaus.am.gov.br\/implurb\/#\/schema\/person\/image\/\",\"url\":\"https:\/\/secure.gravatar.com\/avatar\/9c877d1a6adc2a055330e5c09a8653ce?s=96&d=mm&r=g\",\"contentUrl\":\"https:\/\/secure.gravatar.com\/avatar\/9c877d1a6adc2a055330e5c09a8653ce?s=96&d=mm&r=g\",\"caption\":\"Bruna Greco\"}}]}<\/script>\n<!-- \/ Yoast SEO plugin. -->","yoast_head_json":{"title":"Prefeitura e Iphan embargam obra irregular e sem licen\u00e7a no Centro Hist\u00f3rico","description":"A Prefeitura de Manaus, via Instituto Municipal de Planejamento Urbano (Implurb), e o Instituto do Patrim\u00f4nio Hist\u00f3rico e Art\u00edstico Nacional (Iphan) do Amazonas embargaram uma obra irregular e sem licen\u00e7a, na avenida Joaquim Nabuco, n\u00ba 205, Centro, dentro da poligonal do centro hist\u00f3rico, sendo uma unidade de preserva\u00e7\u00e3o de interesse de 2\u00b0 grau, conforme o decreto municipal 7.176\/04.","robots":{"index":"noindex","follow":"follow"},"og_locale":"pt_BR","og_type":"article","og_title":"Prefeitura e Iphan embargam obra irregular e sem licen\u00e7a no Centro Hist\u00f3rico","og_description":"A Prefeitura de Manaus, via Instituto Municipal de Planejamento Urbano (Implurb), e o Instituto do Patrim\u00f4nio Hist\u00f3rico e Art\u00edstico Nacional (Iphan) do Amazonas embargaram uma obra irregular e sem licen\u00e7a, na avenida Joaquim Nabuco, n\u00ba 205, Centro, dentro da poligonal do centro hist\u00f3rico, sendo uma unidade de preserva\u00e7\u00e3o de interesse de 2\u00b0 grau, conforme o decreto municipal 7.176\/04.","og_url":"https:\/\/www.manaus.am.gov.br\/implurb\/prefeitura-e-iphan-embargam-obra-irregular-e-sem-licenca-no-centro-historico\/","og_site_name":"IMPLURB","article_published_time":"2023-07-26T20:22:20+00:00","article_modified_time":"2023-07-26T20:23:52+00:00","og_image":[{"width":2048,"height":1367,"url":"https:\/\/www.manaus.am.gov.br\/implurb\/wp-content\/uploads\/sites\/13\/2023\/07\/53068838636_e1cac3bc70_k.jpg","type":"image\/jpeg"}],"author":"Bruna Greco","twitter_card":"summary_large_image","twitter_misc":{"Written by":"Bruna Greco","Est. reading time":"4 minutos"},"schema":{"@context":"https:\/\/schema.org","@graph":[{"@type":"WebPage","@id":"https:\/\/www.manaus.am.gov.br\/implurb\/prefeitura-e-iphan-embargam-obra-irregular-e-sem-licenca-no-centro-historico\/","url":"https:\/\/www.manaus.am.gov.br\/implurb\/prefeitura-e-iphan-embargam-obra-irregular-e-sem-licenca-no-centro-historico\/","name":"Prefeitura e Iphan embargam obra irregular e sem licen\u00e7a no Centro Hist\u00f3rico","isPartOf":{"@id":"https:\/\/www.manaus.am.gov.br\/implurb\/#website"},"primaryImageOfPage":{"@id":"https:\/\/www.manaus.am.gov.br\/implurb\/prefeitura-e-iphan-embargam-obra-irregular-e-sem-licenca-no-centro-historico\/#primaryimage"},"image":{"@id":"https:\/\/www.manaus.am.gov.br\/implurb\/prefeitura-e-iphan-embargam-obra-irregular-e-sem-licenca-no-centro-historico\/#primaryimage"},"thumbnailUrl":"https:\/\/www.manaus.am.gov.br\/implurb\/wp-content\/uploads\/sites\/13\/2023\/07\/53068838636_e1cac3bc70_k.jpg","datePublished":"2023-07-26T20:22:20+00:00","dateModified":"2023-07-26T20:23:52+00:00","author":{"@id":"https:\/\/www.manaus.am.gov.br\/implurb\/#\/schema\/person\/05d223aea2bf115f9883a6ff3683d81b"},"description":"A Prefeitura de Manaus, via Instituto Municipal de Planejamento Urbano (Implurb), e o Instituto do Patrim\u00f4nio Hist\u00f3rico e Art\u00edstico Nacional (Iphan) do Amazonas embargaram uma obra irregular e sem licen\u00e7a, na avenida Joaquim Nabuco, n\u00ba 205, Centro, dentro da poligonal do centro hist\u00f3rico, sendo uma unidade de preserva\u00e7\u00e3o de interesse de 2\u00b0 grau, conforme o decreto municipal 7.176\/04.","breadcrumb":{"@id":"https:\/\/www.manaus.am.gov.br\/implurb\/prefeitura-e-iphan-embargam-obra-irregular-e-sem-licenca-no-centro-historico\/#breadcrumb"},"inLanguage":"pt-BR","potentialAction":[{"@type":"ReadAction","target":["https:\/\/www.manaus.am.gov.br\/implurb\/prefeitura-e-iphan-embargam-obra-irregular-e-sem-licenca-no-centro-historico\/"]}]},{"@type":"ImageObject","inLanguage":"pt-BR","@id":"https:\/\/www.manaus.am.gov.br\/implurb\/prefeitura-e-iphan-embargam-obra-irregular-e-sem-licenca-no-centro-historico\/#primaryimage","url":"https:\/\/www.manaus.am.gov.br\/implurb\/wp-content\/uploads\/sites\/13\/2023\/07\/53068838636_e1cac3bc70_k.jpg","contentUrl":"https:\/\/www.manaus.am.gov.br\/implurb\/wp-content\/uploads\/sites\/13\/2023\/07\/53068838636_e1cac3bc70_k.jpg","width":2048,"height":1367},{"@type":"BreadcrumbList","@id":"https:\/\/www.manaus.am.gov.br\/implurb\/prefeitura-e-iphan-embargam-obra-irregular-e-sem-licenca-no-centro-historico\/#breadcrumb","itemListElement":[{"@type":"ListItem","position":1,"name":"Home","item":"https:\/\/www.manaus.am.gov.br\/implurb\/"},{"@type":"ListItem","position":2,"name":"Prefeitura e Iphan embargam obra irregular e sem licen\u00e7a no centro hist\u00f3rico"}]},{"@type":"WebSite","@id":"https:\/\/www.manaus.am.gov.br\/implurb\/#website","url":"https:\/\/www.manaus.am.gov.br\/implurb\/","name":"IMPLURB","description":"Prefeitura de Manaus","potentialAction":[{"@type":"SearchAction","target":{"@type":"EntryPoint","urlTemplate":"https:\/\/www.manaus.am.gov.br\/implurb\/?s={search_term_string}"},"query-input":"required name=search_term_string"}],"inLanguage":"pt-BR"},{"@type":"Person","@id":"https:\/\/www.manaus.am.gov.br\/implurb\/#\/schema\/person\/05d223aea2bf115f9883a6ff3683d81b","name":"Bruna Greco","image":{"@type":"ImageObject","inLanguage":"pt-BR","@id":"https:\/\/www.manaus.am.gov.br\/implurb\/#\/schema\/person\/image\/","url":"https:\/\/secure.gravatar.com\/avatar\/9c877d1a6adc2a055330e5c09a8653ce?s=96&d=mm&r=g","contentUrl":"https:\/\/secure.gravatar.com\/avatar\/9c877d1a6adc2a055330e5c09a8653ce?s=96&d=mm&r=g","caption":"Bruna Greco"}}]}},"_links":{"self":[{"href":"https:\/\/www.manaus.am.gov.br\/implurb\/wp-json\/wp\/v2\/posts\/1814"}],"collection":[{"href":"https:\/\/www.manaus.am.gov.br\/implurb\/wp-json\/wp\/v2\/posts"}],"about":[{"href":"https:\/\/www.manaus.am.gov.br\/implurb\/wp-json\/wp\/v2\/types\/post"}],"author":[{"embeddable":true,"href":"https:\/\/www.manaus.am.gov.br\/implurb\/wp-json\/wp\/v2\/users\/39"}],"replies":[{"embeddable":true,"href":"https:\/\/www.manaus.am.gov.br\/implurb\/wp-json\/wp\/v2\/comments?post=1814"}],"version-history":[{"count":1,"href":"https:\/\/www.manaus.am.gov.br\/implurb\/wp-json\/wp\/v2\/posts\/1814\/revisions"}],"predecessor-version":[{"id":1816,"href":"https:\/\/www.manaus.am.gov.br\/implurb\/wp-json\/wp\/v2\/posts\/1814\/revisions\/1816"}],"wp:featuredmedia":[{"embeddable":true,"href":"https:\/\/www.manaus.am.gov.br\/implurb\/wp-json\/wp\/v2\/media\/1815"}],"wp:attachment":[{"href":"https:\/\/www.manaus.am.gov.br\/implurb\/wp-json\/wp\/v2\/media?parent=1814"}],"wp:term":[{"taxonomy":"category","embeddable":true,"href":"https:\/\/www.manaus.am.gov.br\/implurb\/wp-json\/wp\/v2\/categories?post=1814"},{"taxonomy":"post_tag","embeddable":true,"href":"https:\/\/www.manaus.am.gov.br\/implurb\/wp-json\/wp\/v2\/tags?post=1814"}],"curies":[{"name":"wp","href":"https:\/\/api.w.org\/{rel}","templated":true}]}}