{"id":1812,"date":"2023-07-26T12:24:03","date_gmt":"2023-07-26T16:24:03","guid":{"rendered":"https:\/\/www.manaus.am.gov.br\/implurb\/prefeito-assina-ordem-de-servico-para-a-construcao-do-primeiro-parque-tematico-de-grandes-dimensoes-na-capital\/"},"modified":"2023-07-26T12:24:04","modified_gmt":"2023-07-26T16:24:04","slug":"prefeito-assina-ordem-de-servico-para-a-construcao-do-primeiro-parque-tematico-de-grandes-dimensoes-na-capital","status":"publish","type":"post","link":"https:\/\/www.manaus.am.gov.br\/implurb\/prefeito-assina-ordem-de-servico-para-a-construcao-do-primeiro-parque-tematico-de-grandes-dimensoes-na-capital\/","title":{"rendered":"<strong>Prefeito assina ordem de servi\u00e7o para a constru\u00e7\u00e3o do primeiro parque tem\u00e1tico de grandes dimens\u00f5es na capital<\/strong>"},"content":{"rendered":"\n<p>Com uma \u00e1rea cenogr\u00e1fica de aproximadamente 25 mil metros quadrados, onde ser\u00e1 implantado o primeiro parque tem\u00e1tico com esculturas de grandes dimens\u00f5es relativas \u00e0 natureza amaz\u00f4nica, o prefeito de Manaus, David Almeida, assinou, na manh\u00e3 desta quarta-feira, 26\/7, a ordem de servi\u00e7o para a constru\u00e7\u00e3o da segunda etapa do parque Amazonino Mendes, entre as zonas Norte e Leste da capital. A obra est\u00e1 or\u00e7ada em R$ 35 milh\u00f5es, com prazo de entrega de 12 meses.<\/p>\n\n\n\n<p>Na ocasi\u00e3o, o chefe do Executivo municipal destacou que a obra busca transformar a realidade dos moradores, mudando o eixo tur\u00edstico para as zonas Norte e Leste da capital.<\/p>\n\n\n\n<p>\u201cCom a constru\u00e7\u00e3o desse espa\u00e7o, n\u00f3s mudamos o eixo tur\u00edstico da cidade. Temos um olhar por toda Manaus, a prefeitura est\u00e1 trabalhando por toda a cidade, mas n\u00f3s temos o olhar diferenciado aqui para as zonas Norte e Leste, que merecem esses investimentos. Aqui temos a primeira etapa que j\u00e1 est\u00e1 em andamento, e hoje assinamos a ordem de servi\u00e7o para a segunda etapa, que \u00e9 a parte tem\u00e1tica do parque, a parte do entretenimento e lazer para as pessoas que v\u00e3o utilizar esse espa\u00e7o, para melhor servir a popula\u00e7\u00e3o da cidade de Manaus\u201d, afirmou Almeida.<\/p>\n\n\n\n<p>A assinatura aconteceu no canteiro de obras da interven\u00e7\u00e3o, entre as avenidas Isa\u00edas Vieiralves e Ol\u00edvia de Menezes Vieiralves, entre os bairros Novo Aleixo e Tancredo Neves. A segunda etapa da constru\u00e7\u00e3o foi licitada e teve como vencedora a empresa Lopes e Marinho Ltda., contratada para obras e servi\u00e7os de engenharia, conforme a concorr\u00eancia 007\/2023, feita pela Comiss\u00e3o Municipal de Licita\u00e7\u00e3o (CML). O projeto arquitet\u00f4nico \u00e9 assinado pelo Instituto Municipal de Planejamento Urbano (Implurb).<\/p>\n\n\n\n<p>\u201cA partir de amanh\u00e3, a empresa vencedora j\u00e1 come\u00e7a a executar os trabalhos da parte art\u00edstica e da parte c\u00eanica que s\u00e3o os brinquedos, a nossa fauna, a nossa flora amaz\u00f4nica, enfim, vai ser um cen\u00e1rio que vai resgatar e valorizar a nossa fauna amaz\u00f4nica e isso vai ser fundamental. Esse parque vai ser um diferencial nacional, e eu tenho certeza de que ele vai ser motivo de orgulho para a zona Norte e zona Leste, quando isso tudo estiver entregue\u201d, frisou o diretor-presidente do Implurb, Carlos Valente.<\/p>\n\n\n\n<p>A constru\u00e7\u00e3o ter\u00e1 cen\u00e1rios interativos tem\u00e1ticos, com rampas de escaladas, escorregadores, \u00e1rea molhada, entre outros. Nos cen\u00e1rios ser\u00e1 poss\u00edvel encontrar estruturas gigantes como animais da Amaz\u00f4nia com alturas de 3 metros a 8 metros, al\u00e9m de jacar\u00e9s, pirarucu e at\u00e9 uma iguana. Todas as figuras ligadas \u00e0 floresta ser\u00e3o manuseadas como brinquedos l\u00fadicos para os pequenos e interativos para os adultos.<\/p>\n\n\n\n<p>No projeto, est\u00e3o esculturas gigantes de araras, papagaios, \u00e1rvore tem\u00e1tica, arbustos; outro cen\u00e1rio para representar os insetos, com abelhas, lib\u00e9lulas, centopeias, aranha e flores; o parque dos macacos, com os animais de cabe\u00e7a preta, o macaco-guariba e o famoso macaco-prego; e um outro tem\u00e1tico para os anf\u00edbios, com iguanas, jacar\u00e9, ovos, cobras e lagartos. Um dos cen\u00e1rios ser\u00e1 de \u00e1rea molhada, com cabe\u00e7as de jacar\u00e9 e peixes, como tucunar\u00e9 e pirarucu, sapos, tartarugas, arraias e a vit\u00f3ria-r\u00e9gia.<\/p>\n\n\n\n<p>\u201cA gente participou da licita\u00e7\u00e3o e conseguiu avan\u00e7ar pela nossa qualifica\u00e7\u00e3o t\u00e9cnica e hoje estamos sendo contemplados com o resultado final desse projeto. O parque \u00e9 baseado nos elementos, nos animais da Amaz\u00f4nia, ent\u00e3o n\u00f3s criamos elementos que possam ter interatividade com as crian\u00e7as, trabalhando&nbsp; tamb\u00e9m com a inclus\u00e3o. Ent\u00e3o hoje essa \u00e1rea ganha um presente muito grande para as&nbsp; fam\u00edlias, para as crian\u00e7as que v\u00e3o poder participar, desenvolver e sonhar com essa floresta\u201d, completou o empres\u00e1rio e artista pl\u00e1stico, Rossy Am\u00f4edo.<\/p>\n\n\n\n<p><strong>Primeira etapa<\/strong><\/p>\n\n\n\n<p>A primeira etapa do parque, j\u00e1 em constru\u00e7\u00e3o, \u00e9 uma parceria da atual gest\u00e3o municipal com o governo do Estado, e ser\u00e1 entregue no anivers\u00e1rio da cidade de Manaus, em outubro de 2023.<\/p>\n\n\n\n<p>Com cerca de um quil\u00f4metro de extens\u00e3o, ela inclui desde quiosques gourmet, playground, quadras poliesportivas, pista de caminhada at\u00e9 ciclovia, estacionamentos, academia ao ar livre, espa\u00e7o multiuso e play pet.<\/p>\n\n\n\n<p>Tamb\u00e9m estar\u00e1 contemplado nessa entrega para outubro o Centro de Atendimento Psicossocial (CAPs), que ter\u00e1 626,20 metros quadrados de \u00e1rea constru\u00edda.<\/p>\n\n\n\n<p>A ciclovia, a faixa verde arborizada e a pista de caminhada s\u00e3o um conjunto no complexo, que v\u00e3o percorrer todos os equipamentos do novo espa\u00e7o p\u00fablico constru\u00eddo na gest\u00e3o do prefeito David Almeida, percorrendo desde a estrutura urbana at\u00e9 o residencial, ligando mobili\u00e1rios de ponta a ponta.<\/p>\n\n\n\n<p>A terceira etapa de constru\u00e7\u00f5es no parque, a estrutura de um habitacional com 180 unidades, tem previs\u00e3o de conclus\u00e3o para junho de 2024, tendo o projeto recebido ajustes ap\u00f3s sondagens e terraplenagem no terreno. O habitacional est\u00e1 dividido em tr\u00eas blocos distintos de cinco pavimentos cada, com vagas de estacionamento para carros e motos. Entre os blocos, ser\u00e3o constru\u00eddas cal\u00e7adas arborizadas e mais playgrounds.<\/p>\n\n\n\n<p><strong>Interven\u00e7\u00e3o<\/strong><\/p>\n\n\n\n<p>A interven\u00e7\u00e3o vai dar aos bairros do Novo Aleixo e Tancredo Neves uma \u00e1rea in\u00e9dita de lazer e turismo para a popula\u00e7\u00e3o, sendo o primeiro parque linear dessa escala na capital.<\/p>\n\n\n\n<p>Planejado para ser um espa\u00e7o multigeracional e atender todas as faixas et\u00e1rias e grupos de popula\u00e7\u00e3o, como Pessoas com Defici\u00eancia (PcDs), o local ser\u00e1 multiuso e servir\u00e1 para abrigar diversas atividades, desde esportivas, como a zumba, quanto culturais, com apresenta\u00e7\u00e3o de artistas.<\/p>\n\n\n\n<p>Com uma \u00e1rea t\u00e3o rica e um tecido urbano a ser reabilitado, o projeto vai criar uma \u00e1rea p\u00fablica de qualidade, entremeadas por cal\u00e7adas arborizadas e mobili\u00e1rios de uso coletivo, permitindo aos moradores resgatar os v\u00ednculos e o senso de pertencimento com os espa\u00e7os ao ar livre e \u00e0s margens de um igarap\u00e9.<\/p>\n\n\n\n<p><br>&#8212; &#8212; &#8212;<\/p>\n\n\n\n<p><strong>Texto &#8211;<\/strong>&nbsp;Beathriz Torres \/ Semcom e Cl\u00e1udia do Valle \/ Implurb<\/p>\n\n\n\n<p><strong>Fotos \u2013<\/strong>&nbsp;Ruan Souza e Jo\u00e3o Viana \/ Semcom<\/p>\n\n\n\n<p><strong>Dispon\u00edveis em &#8211;<\/strong>&nbsp;<a href=\"https:\/\/flic.kr\/s\/aHBqjANRhT\" target=\"_blank\" rel=\"noreferrer noopener\">https:\/\/flic.kr\/s\/aHBqjANRhT<\/a><\/p>\n","protected":false},"excerpt":{"rendered":"","protected":false},"author":24,"featured_media":1813,"comment_status":"closed","ping_status":"closed","sticky":false,"template":"","format":"standard","meta":{"footnotes":""},"categories":[45],"tags":[28,31,349,11,86,46,350,47,48,15,256,74],"acf":[],"yoast_head":"<!-- This site is optimized with the Yoast SEO plugin v23.0 - https:\/\/yoast.com\/wordpress\/plugins\/seo\/ -->\n<title>Prefeito assina ordem de servi\u00e7o para a constru\u00e7\u00e3o do primeiro parque tem\u00e1tico de grandes dimens\u00f5es na capital - IMPLURB<\/title>\n<meta name=\"description\" content=\"Com uma \u00e1rea cenogr\u00e1fica de aproximadamente 25 mil metros quadrados, onde ser\u00e1 implantado o primeiro parque tem\u00e1tico com esculturas de grandes dimens\u00f5es relativas \u00e0 natureza amaz\u00f4nica, o prefeito de Manaus, David Almeida, assinou, na manh\u00e3 desta quarta-feira, 26\/7, a ordem de servi\u00e7o para a constru\u00e7\u00e3o da segunda etapa do parque Amazonino Mendes, entre as zonas Norte e Leste da capital.\" \/>\n<meta name=\"robots\" content=\"noindex, follow\" \/>\n<meta property=\"og:locale\" content=\"pt_BR\" \/>\n<meta property=\"og:type\" content=\"article\" \/>\n<meta property=\"og:title\" content=\"Prefeito assina ordem de servi\u00e7o para a constru\u00e7\u00e3o do primeiro parque tem\u00e1tico de grandes dimens\u00f5es na capital - IMPLURB\" \/>\n<meta property=\"og:description\" content=\"Com uma \u00e1rea cenogr\u00e1fica de aproximadamente 25 mil metros quadrados, onde ser\u00e1 implantado o primeiro parque tem\u00e1tico com esculturas de grandes dimens\u00f5es relativas \u00e0 natureza amaz\u00f4nica, o prefeito de Manaus, David Almeida, assinou, na manh\u00e3 desta quarta-feira, 26\/7, a ordem de servi\u00e7o para a constru\u00e7\u00e3o da segunda etapa do parque Amazonino Mendes, entre as zonas Norte e Leste da capital.\" \/>\n<meta property=\"og:url\" content=\"https:\/\/www.manaus.am.gov.br\/implurb\/prefeito-assina-ordem-de-servico-para-a-construcao-do-primeiro-parque-tematico-de-grandes-dimensoes-na-capital\/\" \/>\n<meta property=\"og:site_name\" content=\"IMPLURB\" \/>\n<meta property=\"article:published_time\" content=\"2023-07-26T16:24:03+00:00\" \/>\n<meta property=\"article:modified_time\" content=\"2023-07-26T16:24:04+00:00\" \/>\n<meta property=\"og:image\" content=\"https:\/\/www.manaus.am.gov.br\/implurb\/wp-content\/uploads\/sites\/13\/2023\/07\/Prefeito-assina-ordem-de-servico-para-a-construcao-do-primeiro-parque-tematico-de-grandes-dimensoes-na-capital-2.jpg\" \/>\n\t<meta property=\"og:image:width\" content=\"1920\" \/>\n\t<meta property=\"og:image:height\" content=\"1280\" \/>\n\t<meta property=\"og:image:type\" content=\"image\/jpeg\" \/>\n<meta name=\"author\" content=\"Cl\u00e1udia Barbosa\" \/>\n<meta name=\"twitter:card\" content=\"summary_large_image\" \/>\n<meta name=\"twitter:label1\" content=\"Written by\" \/>\n\t<meta name=\"twitter:data1\" content=\"Cl\u00e1udia Barbosa\" \/>\n\t<meta name=\"twitter:label2\" content=\"Est. reading time\" \/>\n\t<meta name=\"twitter:data2\" content=\"6 minutos\" \/>\n<script type=\"application\/ld+json\" class=\"yoast-schema-graph\">{\"@context\":\"https:\/\/schema.org\",\"@graph\":[{\"@type\":\"WebPage\",\"@id\":\"https:\/\/www.manaus.am.gov.br\/implurb\/prefeito-assina-ordem-de-servico-para-a-construcao-do-primeiro-parque-tematico-de-grandes-dimensoes-na-capital\/\",\"url\":\"https:\/\/www.manaus.am.gov.br\/implurb\/prefeito-assina-ordem-de-servico-para-a-construcao-do-primeiro-parque-tematico-de-grandes-dimensoes-na-capital\/\",\"name\":\"Prefeito assina ordem de servi\u00e7o para a constru\u00e7\u00e3o do primeiro parque tem\u00e1tico de grandes dimens\u00f5es na capital - IMPLURB\",\"isPartOf\":{\"@id\":\"https:\/\/www.manaus.am.gov.br\/implurb\/#website\"},\"primaryImageOfPage\":{\"@id\":\"https:\/\/www.manaus.am.gov.br\/implurb\/prefeito-assina-ordem-de-servico-para-a-construcao-do-primeiro-parque-tematico-de-grandes-dimensoes-na-capital\/#primaryimage\"},\"image\":{\"@id\":\"https:\/\/www.manaus.am.gov.br\/implurb\/prefeito-assina-ordem-de-servico-para-a-construcao-do-primeiro-parque-tematico-de-grandes-dimensoes-na-capital\/#primaryimage\"},\"thumbnailUrl\":\"https:\/\/www.manaus.am.gov.br\/implurb\/wp-content\/uploads\/sites\/13\/2023\/07\/Prefeito-assina-ordem-de-servico-para-a-construcao-do-primeiro-parque-tematico-de-grandes-dimensoes-na-capital-2.jpg\",\"datePublished\":\"2023-07-26T16:24:03+00:00\",\"dateModified\":\"2023-07-26T16:24:04+00:00\",\"author\":{\"@id\":\"https:\/\/www.manaus.am.gov.br\/implurb\/#\/schema\/person\/d0a166b5031154c33c77794ddc9a827e\"},\"description\":\"Com uma \u00e1rea cenogr\u00e1fica de aproximadamente 25 mil metros quadrados, onde ser\u00e1 implantado o primeiro parque tem\u00e1tico com esculturas de grandes dimens\u00f5es relativas \u00e0 natureza amaz\u00f4nica, o prefeito de Manaus, David Almeida, assinou, na manh\u00e3 desta quarta-feira, 26\/7, a ordem de servi\u00e7o para a constru\u00e7\u00e3o da segunda etapa do parque Amazonino Mendes, entre as zonas Norte e Leste da capital.\",\"breadcrumb\":{\"@id\":\"https:\/\/www.manaus.am.gov.br\/implurb\/prefeito-assina-ordem-de-servico-para-a-construcao-do-primeiro-parque-tematico-de-grandes-dimensoes-na-capital\/#breadcrumb\"},\"inLanguage\":\"pt-BR\",\"potentialAction\":[{\"@type\":\"ReadAction\",\"target\":[\"https:\/\/www.manaus.am.gov.br\/implurb\/prefeito-assina-ordem-de-servico-para-a-construcao-do-primeiro-parque-tematico-de-grandes-dimensoes-na-capital\/\"]}]},{\"@type\":\"ImageObject\",\"inLanguage\":\"pt-BR\",\"@id\":\"https:\/\/www.manaus.am.gov.br\/implurb\/prefeito-assina-ordem-de-servico-para-a-construcao-do-primeiro-parque-tematico-de-grandes-dimensoes-na-capital\/#primaryimage\",\"url\":\"https:\/\/www.manaus.am.gov.br\/implurb\/wp-content\/uploads\/sites\/13\/2023\/07\/Prefeito-assina-ordem-de-servico-para-a-construcao-do-primeiro-parque-tematico-de-grandes-dimensoes-na-capital-2.jpg\",\"contentUrl\":\"https:\/\/www.manaus.am.gov.br\/implurb\/wp-content\/uploads\/sites\/13\/2023\/07\/Prefeito-assina-ordem-de-servico-para-a-construcao-do-primeiro-parque-tematico-de-grandes-dimensoes-na-capital-2.jpg\",\"width\":1920,\"height\":1280},{\"@type\":\"BreadcrumbList\",\"@id\":\"https:\/\/www.manaus.am.gov.br\/implurb\/prefeito-assina-ordem-de-servico-para-a-construcao-do-primeiro-parque-tematico-de-grandes-dimensoes-na-capital\/#breadcrumb\",\"itemListElement\":[{\"@type\":\"ListItem\",\"position\":1,\"name\":\"Home\",\"item\":\"https:\/\/www.manaus.am.gov.br\/implurb\/\"},{\"@type\":\"ListItem\",\"position\":2,\"name\":\"Prefeito assina ordem de servi\u00e7o para a constru\u00e7\u00e3o do primeiro parque tem\u00e1tico de grandes dimens\u00f5es na capital\"}]},{\"@type\":\"WebSite\",\"@id\":\"https:\/\/www.manaus.am.gov.br\/implurb\/#website\",\"url\":\"https:\/\/www.manaus.am.gov.br\/implurb\/\",\"name\":\"IMPLURB\",\"description\":\"Prefeitura de Manaus\",\"potentialAction\":[{\"@type\":\"SearchAction\",\"target\":{\"@type\":\"EntryPoint\",\"urlTemplate\":\"https:\/\/www.manaus.am.gov.br\/implurb\/?s={search_term_string}\"},\"query-input\":\"required name=search_term_string\"}],\"inLanguage\":\"pt-BR\"},{\"@type\":\"Person\",\"@id\":\"https:\/\/www.manaus.am.gov.br\/implurb\/#\/schema\/person\/d0a166b5031154c33c77794ddc9a827e\",\"name\":\"Cl\u00e1udia Barbosa\",\"image\":{\"@type\":\"ImageObject\",\"inLanguage\":\"pt-BR\",\"@id\":\"https:\/\/www.manaus.am.gov.br\/implurb\/#\/schema\/person\/image\/\",\"url\":\"https:\/\/secure.gravatar.com\/avatar\/42958a1cf007f1a00534009218c72590?s=96&d=mm&r=g\",\"contentUrl\":\"https:\/\/secure.gravatar.com\/avatar\/42958a1cf007f1a00534009218c72590?s=96&d=mm&r=g\",\"caption\":\"Cl\u00e1udia Barbosa\"}}]}<\/script>\n<!-- \/ Yoast SEO plugin. -->","yoast_head_json":{"title":"Prefeito assina ordem de servi\u00e7o para a constru\u00e7\u00e3o do primeiro parque tem\u00e1tico de grandes dimens\u00f5es na capital - IMPLURB","description":"Com uma \u00e1rea cenogr\u00e1fica de aproximadamente 25 mil metros quadrados, onde ser\u00e1 implantado o primeiro parque tem\u00e1tico com esculturas de grandes dimens\u00f5es relativas \u00e0 natureza amaz\u00f4nica, o prefeito de Manaus, David Almeida, assinou, na manh\u00e3 desta quarta-feira, 26\/7, a ordem de servi\u00e7o para a constru\u00e7\u00e3o da segunda etapa do parque Amazonino Mendes, entre as zonas Norte e Leste da capital.","robots":{"index":"noindex","follow":"follow"},"og_locale":"pt_BR","og_type":"article","og_title":"Prefeito assina ordem de servi\u00e7o para a constru\u00e7\u00e3o do primeiro parque tem\u00e1tico de grandes dimens\u00f5es na capital - IMPLURB","og_description":"Com uma \u00e1rea cenogr\u00e1fica de aproximadamente 25 mil metros quadrados, onde ser\u00e1 implantado o primeiro parque tem\u00e1tico com esculturas de grandes dimens\u00f5es relativas \u00e0 natureza amaz\u00f4nica, o prefeito de Manaus, David Almeida, assinou, na manh\u00e3 desta quarta-feira, 26\/7, a ordem de servi\u00e7o para a constru\u00e7\u00e3o da segunda etapa do parque Amazonino Mendes, entre as zonas Norte e Leste da capital.","og_url":"https:\/\/www.manaus.am.gov.br\/implurb\/prefeito-assina-ordem-de-servico-para-a-construcao-do-primeiro-parque-tematico-de-grandes-dimensoes-na-capital\/","og_site_name":"IMPLURB","article_published_time":"2023-07-26T16:24:03+00:00","article_modified_time":"2023-07-26T16:24:04+00:00","og_image":[{"width":1920,"height":1280,"url":"https:\/\/www.manaus.am.gov.br\/implurb\/wp-content\/uploads\/sites\/13\/2023\/07\/Prefeito-assina-ordem-de-servico-para-a-construcao-do-primeiro-parque-tematico-de-grandes-dimensoes-na-capital-2.jpg","type":"image\/jpeg"}],"author":"Cl\u00e1udia Barbosa","twitter_card":"summary_large_image","twitter_misc":{"Written by":"Cl\u00e1udia Barbosa","Est. reading time":"6 minutos"},"schema":{"@context":"https:\/\/schema.org","@graph":[{"@type":"WebPage","@id":"https:\/\/www.manaus.am.gov.br\/implurb\/prefeito-assina-ordem-de-servico-para-a-construcao-do-primeiro-parque-tematico-de-grandes-dimensoes-na-capital\/","url":"https:\/\/www.manaus.am.gov.br\/implurb\/prefeito-assina-ordem-de-servico-para-a-construcao-do-primeiro-parque-tematico-de-grandes-dimensoes-na-capital\/","name":"Prefeito assina ordem de servi\u00e7o para a constru\u00e7\u00e3o do primeiro parque tem\u00e1tico de grandes dimens\u00f5es na capital - IMPLURB","isPartOf":{"@id":"https:\/\/www.manaus.am.gov.br\/implurb\/#website"},"primaryImageOfPage":{"@id":"https:\/\/www.manaus.am.gov.br\/implurb\/prefeito-assina-ordem-de-servico-para-a-construcao-do-primeiro-parque-tematico-de-grandes-dimensoes-na-capital\/#primaryimage"},"image":{"@id":"https:\/\/www.manaus.am.gov.br\/implurb\/prefeito-assina-ordem-de-servico-para-a-construcao-do-primeiro-parque-tematico-de-grandes-dimensoes-na-capital\/#primaryimage"},"thumbnailUrl":"https:\/\/www.manaus.am.gov.br\/implurb\/wp-content\/uploads\/sites\/13\/2023\/07\/Prefeito-assina-ordem-de-servico-para-a-construcao-do-primeiro-parque-tematico-de-grandes-dimensoes-na-capital-2.jpg","datePublished":"2023-07-26T16:24:03+00:00","dateModified":"2023-07-26T16:24:04+00:00","author":{"@id":"https:\/\/www.manaus.am.gov.br\/implurb\/#\/schema\/person\/d0a166b5031154c33c77794ddc9a827e"},"description":"Com uma \u00e1rea cenogr\u00e1fica de aproximadamente 25 mil metros quadrados, onde ser\u00e1 implantado o primeiro parque tem\u00e1tico com esculturas de grandes dimens\u00f5es relativas \u00e0 natureza amaz\u00f4nica, o prefeito de Manaus, David Almeida, assinou, na manh\u00e3 desta quarta-feira, 26\/7, a ordem de servi\u00e7o para a constru\u00e7\u00e3o da segunda etapa do parque Amazonino Mendes, entre as zonas Norte e Leste da capital.","breadcrumb":{"@id":"https:\/\/www.manaus.am.gov.br\/implurb\/prefeito-assina-ordem-de-servico-para-a-construcao-do-primeiro-parque-tematico-de-grandes-dimensoes-na-capital\/#breadcrumb"},"inLanguage":"pt-BR","potentialAction":[{"@type":"ReadAction","target":["https:\/\/www.manaus.am.gov.br\/implurb\/prefeito-assina-ordem-de-servico-para-a-construcao-do-primeiro-parque-tematico-de-grandes-dimensoes-na-capital\/"]}]},{"@type":"ImageObject","inLanguage":"pt-BR","@id":"https:\/\/www.manaus.am.gov.br\/implurb\/prefeito-assina-ordem-de-servico-para-a-construcao-do-primeiro-parque-tematico-de-grandes-dimensoes-na-capital\/#primaryimage","url":"https:\/\/www.manaus.am.gov.br\/implurb\/wp-content\/uploads\/sites\/13\/2023\/07\/Prefeito-assina-ordem-de-servico-para-a-construcao-do-primeiro-parque-tematico-de-grandes-dimensoes-na-capital-2.jpg","contentUrl":"https:\/\/www.manaus.am.gov.br\/implurb\/wp-content\/uploads\/sites\/13\/2023\/07\/Prefeito-assina-ordem-de-servico-para-a-construcao-do-primeiro-parque-tematico-de-grandes-dimensoes-na-capital-2.jpg","width":1920,"height":1280},{"@type":"BreadcrumbList","@id":"https:\/\/www.manaus.am.gov.br\/implurb\/prefeito-assina-ordem-de-servico-para-a-construcao-do-primeiro-parque-tematico-de-grandes-dimensoes-na-capital\/#breadcrumb","itemListElement":[{"@type":"ListItem","position":1,"name":"Home","item":"https:\/\/www.manaus.am.gov.br\/implurb\/"},{"@type":"ListItem","position":2,"name":"Prefeito assina ordem de servi\u00e7o para a constru\u00e7\u00e3o do primeiro parque tem\u00e1tico de grandes dimens\u00f5es na capital"}]},{"@type":"WebSite","@id":"https:\/\/www.manaus.am.gov.br\/implurb\/#website","url":"https:\/\/www.manaus.am.gov.br\/implurb\/","name":"IMPLURB","description":"Prefeitura de Manaus","potentialAction":[{"@type":"SearchAction","target":{"@type":"EntryPoint","urlTemplate":"https:\/\/www.manaus.am.gov.br\/implurb\/?s={search_term_string}"},"query-input":"required name=search_term_string"}],"inLanguage":"pt-BR"},{"@type":"Person","@id":"https:\/\/www.manaus.am.gov.br\/implurb\/#\/schema\/person\/d0a166b5031154c33c77794ddc9a827e","name":"Cl\u00e1udia Barbosa","image":{"@type":"ImageObject","inLanguage":"pt-BR","@id":"https:\/\/www.manaus.am.gov.br\/implurb\/#\/schema\/person\/image\/","url":"https:\/\/secure.gravatar.com\/avatar\/42958a1cf007f1a00534009218c72590?s=96&d=mm&r=g","contentUrl":"https:\/\/secure.gravatar.com\/avatar\/42958a1cf007f1a00534009218c72590?s=96&d=mm&r=g","caption":"Cl\u00e1udia Barbosa"}}]}},"_links":{"self":[{"href":"https:\/\/www.manaus.am.gov.br\/implurb\/wp-json\/wp\/v2\/posts\/1812"}],"collection":[{"href":"https:\/\/www.manaus.am.gov.br\/implurb\/wp-json\/wp\/v2\/posts"}],"about":[{"href":"https:\/\/www.manaus.am.gov.br\/implurb\/wp-json\/wp\/v2\/types\/post"}],"author":[{"embeddable":true,"href":"https:\/\/www.manaus.am.gov.br\/implurb\/wp-json\/wp\/v2\/users\/24"}],"replies":[{"embeddable":true,"href":"https:\/\/www.manaus.am.gov.br\/implurb\/wp-json\/wp\/v2\/comments?post=1812"}],"version-history":[{"count":0,"href":"https:\/\/www.manaus.am.gov.br\/implurb\/wp-json\/wp\/v2\/posts\/1812\/revisions"}],"wp:featuredmedia":[{"embeddable":true,"href":"https:\/\/www.manaus.am.gov.br\/implurb\/wp-json\/wp\/v2\/media\/1813"}],"wp:attachment":[{"href":"https:\/\/www.manaus.am.gov.br\/implurb\/wp-json\/wp\/v2\/media?parent=1812"}],"wp:term":[{"taxonomy":"category","embeddable":true,"href":"https:\/\/www.manaus.am.gov.br\/implurb\/wp-json\/wp\/v2\/categories?post=1812"},{"taxonomy":"post_tag","embeddable":true,"href":"https:\/\/www.manaus.am.gov.br\/implurb\/wp-json\/wp\/v2\/tags?post=1812"}],"curies":[{"name":"wp","href":"https:\/\/api.w.org\/{rel}","templated":true}]}}