{"id":1755,"date":"2023-07-14T18:34:01","date_gmt":"2023-07-14T22:34:01","guid":{"rendered":"https:\/\/www.manaus.am.gov.br\/implurb\/mais-tres-comunidades-sao-atendidas-pela-prefeitura-de-manaus-com-regularizacao-fundiaria-urbana\/"},"modified":"2023-11-08T16:49:32","modified_gmt":"2023-11-08T20:49:32","slug":"mais-tres-comunidades-sao-atendidas-pela-prefeitura-de-manaus-com-regularizacao-fundiaria-urbana","status":"publish","type":"post","link":"https:\/\/www.manaus.am.gov.br\/implurb\/mais-tres-comunidades-sao-atendidas-pela-prefeitura-de-manaus-com-regularizacao-fundiaria-urbana\/","title":{"rendered":"Mais tr\u00eas comunidades s\u00e3o atendidas pela Prefeitura de Manaus com regulariza\u00e7\u00e3o fundi\u00e1ria urbana"},"content":{"rendered":"\n<p>A Prefeitura de Manaus deu in\u00edcio, nesta sexta-feira, 14\/7, aos trabalhos de cadastro em outras tr\u00eas comunidades para fazer a entrega de mais registros de im\u00f3veis na gest\u00e3o do prefeito David Almeida. A previs\u00e3o \u00e9 de ter, at\u00e9 o final do cadastramento de casa em casa, nas localidades, pelo menos 1.500 benefici\u00e1rios com a documenta\u00e7\u00e3o.<\/p>\n\n\n\n<p>Os trabalhos est\u00e3o sendo realizados nas comunidades de Nossa Senhora do Perp\u00e9tuo Socorro e Raio de Sol, no bairro Cidade Nova, zona Norte, e na Santa In\u00eas, no Jorge Teixeira, zona Leste, por equipes da Secretaria Municipal de Habita\u00e7\u00e3o e Assuntos Fundi\u00e1rios (Semhaf), cumprindo mais uma etapa de Regulariza\u00e7\u00e3o Fundi\u00e1ria Urbana (Reurb).<\/p>\n\n\n\n<p>Os cadastradores iniciaram as visitas de casa em casa, nesta sexta-feira, das 9h&nbsp;\u00e0s 16h, fazendo a coleta de dados e de documenta\u00e7\u00e3o individual, inclusive para ajudar na comprova\u00e7\u00e3o da posse.<\/p>\n\n\n\n<p>Ao receber a equipe da Semhaf, devidamente identificada, os moradores devem apresentar identidade e CPF; documento do lote (se tiver), e comprovante de resid\u00eancia atual e de 5 anos atr\u00e1s, para atestar o tempo de moradia no local. Caso o morador seja casado, dever\u00e1 apresentar certid\u00e3o, ou se for vi\u00favo, no caso, levar o atestado de \u00f3bito.<\/p>\n\n\n\n<p>Para tirar d\u00favidas dos residentes, uma base dos trabalhos estar\u00e1 funcionando na igreja de Nossa Senhora do Perp\u00e9tuo Socorro, na rua F\u00e1bio Lucena.<\/p>\n\n\n\n<p>A Prefeitura de Manaus lembra que todo o trabalho \u00e9 feito de forma gratuita, sem qualquer custo aos benefici\u00e1rios. O produto final da Reurb \u00e9 o direito real registrado no cart\u00f3rio de im\u00f3veis, o que d\u00e1 seguran\u00e7a na propriedade a essas fam\u00edlias de baixa renda.<\/p>\n\n\n\n<p>&#8220;Toda essa mobiliza\u00e7\u00e3o est\u00e1 sendo feita para permitir que os moradores dessas comunidades possam fazer a inscri\u00e7\u00e3o para regularizar seus im\u00f3veis e, com isso, ter a seguran\u00e7a jur\u00eddica da sua resid\u00eancia. Essa \u00e9 mais uma a\u00e7\u00e3o da prefeitura, que busca facilitar a vida da popula\u00e7\u00e3o, levando o servi\u00e7o de regulariza\u00e7\u00e3o fundi\u00e1ria \u00e0s pessoas&#8221;, disse o secret\u00e1rio municipal de Habita\u00e7\u00e3o, Jesus Alves.<\/p>\n\n\n\n<p>Ao final deste trabalho ser\u00e3o emitidas as Certid\u00f5es de Regulariza\u00e7\u00e3o Fundi\u00e1ria (CRFs), indicando o direito real constitu\u00eddo e com base nas leis municipais e federais em vigor.<\/p>\n\n\n\n<p><strong>O que \u00e9 a&nbsp;regulariza\u00e7\u00e3o?<\/strong><\/p>\n\n\n\n<p>Regulariza\u00e7\u00e3o&nbsp;fundi\u00e1ria \u00e9 o conjunto de medidas jur\u00eddicas, urban\u00edsticas, ambientais e sociais que visam \u00e0&nbsp;regulariza\u00e7\u00e3o&nbsp;de assentamentos irregulares e \u00e0 titula\u00e7\u00e3o de seus ocupantes, de modo a garantir o direito social \u00e0 moradia, o pleno desenvolvimento das fun\u00e7\u00f5es sociais da propriedade urbana e o direito ao meio ambiente ecologicamente equilibrado, conforme a lei federal 13.465\/2017 e a lei municipal 2.492\/2019.<\/p>\n\n\n\n<p>O Reurb tem como foco os n\u00facleos urbanos informais, aqueles clandestinos, irregulares ou nos quais n\u00e3o foi poss\u00edvel realizar a titula\u00e7\u00e3o de seus ocupantes, ainda que atendida a legisla\u00e7\u00e3o vigente \u00e0 \u00e9poca de sua implanta\u00e7\u00e3o ou regulariza\u00e7\u00e3o.<\/p>\n\n\n\n<p>&#8212; &#8212; &#8212;<\/p>\n\n\n\n<p><strong>Texto<\/strong>&nbsp;\u2013 Claudia do Valle \/ Implurb<\/p>\n\n\n\n<p><strong>Fotos<\/strong>&nbsp;\u2013 Cl\u00f3vis Miranda\/ Semcom<\/p>\n\n\n\n<p>Dispon\u00edveis em &#8211; <a href=\"https:\/\/flic.kr\/s\/aHBqjAMosQ\">https:\/\/flic.kr\/s\/aHBqjAMosQ<\/a><\/p>\n","protected":false},"excerpt":{"rendered":"","protected":false},"author":31,"featured_media":1756,"comment_status":"closed","ping_status":"closed","sticky":false,"template":"","format":"standard","meta":{"footnotes":""},"categories":[285],"tags":[307,288,308,309,310],"acf":[],"yoast_head":"<!-- This site is optimized with the Yoast SEO plugin v23.0 - https:\/\/yoast.com\/wordpress\/plugins\/seo\/ -->\n<title>Mais tr\u00eas comunidades s\u00e3o atendidas pela Prefeitura de Manaus com regulariza\u00e7\u00e3o fundi\u00e1ria urbana - IMPLURB<\/title>\n<meta name=\"robots\" content=\"noindex, follow\" \/>\n<meta property=\"og:locale\" content=\"pt_BR\" \/>\n<meta property=\"og:type\" content=\"article\" \/>\n<meta property=\"og:title\" content=\"Mais tr\u00eas comunidades s\u00e3o atendidas pela Prefeitura de Manaus com regulariza\u00e7\u00e3o fundi\u00e1ria urbana - IMPLURB\" \/>\n<meta property=\"og:url\" content=\"https:\/\/www.manaus.am.gov.br\/implurb\/mais-tres-comunidades-sao-atendidas-pela-prefeitura-de-manaus-com-regularizacao-fundiaria-urbana\/\" \/>\n<meta property=\"og:site_name\" content=\"IMPLURB\" \/>\n<meta property=\"article:published_time\" content=\"2023-07-14T22:34:01+00:00\" \/>\n<meta property=\"article:modified_time\" content=\"2023-11-08T20:49:32+00:00\" \/>\n<meta property=\"og:image\" content=\"https:\/\/www.manaus.am.gov.br\/implurb\/wp-content\/uploads\/sites\/13\/2023\/07\/53045418856_12200a53d5_c.jpg\" \/>\n\t<meta property=\"og:image:width\" content=\"799\" \/>\n\t<meta property=\"og:image:height\" content=\"533\" \/>\n\t<meta property=\"og:image:type\" content=\"image\/jpeg\" \/>\n<meta name=\"author\" content=\"Renata Felix\" \/>\n<meta name=\"twitter:card\" content=\"summary_large_image\" \/>\n<meta name=\"twitter:label1\" content=\"Written by\" \/>\n\t<meta name=\"twitter:data1\" content=\"Renata Felix\" \/>\n\t<meta name=\"twitter:label2\" content=\"Est. reading time\" \/>\n\t<meta name=\"twitter:data2\" content=\"3 minutos\" \/>\n<script type=\"application\/ld+json\" class=\"yoast-schema-graph\">{\"@context\":\"https:\/\/schema.org\",\"@graph\":[{\"@type\":\"WebPage\",\"@id\":\"https:\/\/www.manaus.am.gov.br\/implurb\/mais-tres-comunidades-sao-atendidas-pela-prefeitura-de-manaus-com-regularizacao-fundiaria-urbana\/\",\"url\":\"https:\/\/www.manaus.am.gov.br\/implurb\/mais-tres-comunidades-sao-atendidas-pela-prefeitura-de-manaus-com-regularizacao-fundiaria-urbana\/\",\"name\":\"Mais tr\u00eas comunidades s\u00e3o atendidas pela Prefeitura de Manaus com regulariza\u00e7\u00e3o fundi\u00e1ria urbana - IMPLURB\",\"isPartOf\":{\"@id\":\"https:\/\/www.manaus.am.gov.br\/implurb\/#website\"},\"primaryImageOfPage\":{\"@id\":\"https:\/\/www.manaus.am.gov.br\/implurb\/mais-tres-comunidades-sao-atendidas-pela-prefeitura-de-manaus-com-regularizacao-fundiaria-urbana\/#primaryimage\"},\"image\":{\"@id\":\"https:\/\/www.manaus.am.gov.br\/implurb\/mais-tres-comunidades-sao-atendidas-pela-prefeitura-de-manaus-com-regularizacao-fundiaria-urbana\/#primaryimage\"},\"thumbnailUrl\":\"https:\/\/www.manaus.am.gov.br\/implurb\/wp-content\/uploads\/sites\/13\/2023\/07\/53045418856_12200a53d5_c.jpg\",\"datePublished\":\"2023-07-14T22:34:01+00:00\",\"dateModified\":\"2023-11-08T20:49:32+00:00\",\"author\":{\"@id\":\"https:\/\/www.manaus.am.gov.br\/implurb\/#\/schema\/person\/4eea2a8f78dc853097abb026f728aa06\"},\"breadcrumb\":{\"@id\":\"https:\/\/www.manaus.am.gov.br\/implurb\/mais-tres-comunidades-sao-atendidas-pela-prefeitura-de-manaus-com-regularizacao-fundiaria-urbana\/#breadcrumb\"},\"inLanguage\":\"pt-BR\",\"potentialAction\":[{\"@type\":\"ReadAction\",\"target\":[\"https:\/\/www.manaus.am.gov.br\/implurb\/mais-tres-comunidades-sao-atendidas-pela-prefeitura-de-manaus-com-regularizacao-fundiaria-urbana\/\"]}]},{\"@type\":\"ImageObject\",\"inLanguage\":\"pt-BR\",\"@id\":\"https:\/\/www.manaus.am.gov.br\/implurb\/mais-tres-comunidades-sao-atendidas-pela-prefeitura-de-manaus-com-regularizacao-fundiaria-urbana\/#primaryimage\",\"url\":\"https:\/\/www.manaus.am.gov.br\/implurb\/wp-content\/uploads\/sites\/13\/2023\/07\/53045418856_12200a53d5_c.jpg\",\"contentUrl\":\"https:\/\/www.manaus.am.gov.br\/implurb\/wp-content\/uploads\/sites\/13\/2023\/07\/53045418856_12200a53d5_c.jpg\",\"width\":799,\"height\":533},{\"@type\":\"BreadcrumbList\",\"@id\":\"https:\/\/www.manaus.am.gov.br\/implurb\/mais-tres-comunidades-sao-atendidas-pela-prefeitura-de-manaus-com-regularizacao-fundiaria-urbana\/#breadcrumb\",\"itemListElement\":[{\"@type\":\"ListItem\",\"position\":1,\"name\":\"Home\",\"item\":\"https:\/\/www.manaus.am.gov.br\/implurb\/\"},{\"@type\":\"ListItem\",\"position\":2,\"name\":\"Mais tr\u00eas comunidades s\u00e3o atendidas pela Prefeitura de Manaus com regulariza\u00e7\u00e3o fundi\u00e1ria urbana\"}]},{\"@type\":\"WebSite\",\"@id\":\"https:\/\/www.manaus.am.gov.br\/implurb\/#website\",\"url\":\"https:\/\/www.manaus.am.gov.br\/implurb\/\",\"name\":\"IMPLURB\",\"description\":\"Prefeitura de Manaus\",\"potentialAction\":[{\"@type\":\"SearchAction\",\"target\":{\"@type\":\"EntryPoint\",\"urlTemplate\":\"https:\/\/www.manaus.am.gov.br\/implurb\/?s={search_term_string}\"},\"query-input\":\"required name=search_term_string\"}],\"inLanguage\":\"pt-BR\"},{\"@type\":\"Person\",\"@id\":\"https:\/\/www.manaus.am.gov.br\/implurb\/#\/schema\/person\/4eea2a8f78dc853097abb026f728aa06\",\"name\":\"Renata Felix\",\"image\":{\"@type\":\"ImageObject\",\"inLanguage\":\"pt-BR\",\"@id\":\"https:\/\/www.manaus.am.gov.br\/implurb\/#\/schema\/person\/image\/\",\"url\":\"https:\/\/secure.gravatar.com\/avatar\/3c196cf9d3b837b24c8edb2c50fd8f29?s=96&d=mm&r=g\",\"contentUrl\":\"https:\/\/secure.gravatar.com\/avatar\/3c196cf9d3b837b24c8edb2c50fd8f29?s=96&d=mm&r=g\",\"caption\":\"Renata Felix\"}}]}<\/script>\n<!-- \/ Yoast SEO plugin. -->","yoast_head_json":{"title":"Mais tr\u00eas comunidades s\u00e3o atendidas pela Prefeitura de Manaus com regulariza\u00e7\u00e3o fundi\u00e1ria urbana - IMPLURB","robots":{"index":"noindex","follow":"follow"},"og_locale":"pt_BR","og_type":"article","og_title":"Mais tr\u00eas comunidades s\u00e3o atendidas pela Prefeitura de Manaus com regulariza\u00e7\u00e3o fundi\u00e1ria urbana - IMPLURB","og_url":"https:\/\/www.manaus.am.gov.br\/implurb\/mais-tres-comunidades-sao-atendidas-pela-prefeitura-de-manaus-com-regularizacao-fundiaria-urbana\/","og_site_name":"IMPLURB","article_published_time":"2023-07-14T22:34:01+00:00","article_modified_time":"2023-11-08T20:49:32+00:00","og_image":[{"width":799,"height":533,"url":"https:\/\/www.manaus.am.gov.br\/implurb\/wp-content\/uploads\/sites\/13\/2023\/07\/53045418856_12200a53d5_c.jpg","type":"image\/jpeg"}],"author":"Renata Felix","twitter_card":"summary_large_image","twitter_misc":{"Written by":"Renata Felix","Est. reading time":"3 minutos"},"schema":{"@context":"https:\/\/schema.org","@graph":[{"@type":"WebPage","@id":"https:\/\/www.manaus.am.gov.br\/implurb\/mais-tres-comunidades-sao-atendidas-pela-prefeitura-de-manaus-com-regularizacao-fundiaria-urbana\/","url":"https:\/\/www.manaus.am.gov.br\/implurb\/mais-tres-comunidades-sao-atendidas-pela-prefeitura-de-manaus-com-regularizacao-fundiaria-urbana\/","name":"Mais tr\u00eas comunidades s\u00e3o atendidas pela Prefeitura de Manaus com regulariza\u00e7\u00e3o fundi\u00e1ria urbana - IMPLURB","isPartOf":{"@id":"https:\/\/www.manaus.am.gov.br\/implurb\/#website"},"primaryImageOfPage":{"@id":"https:\/\/www.manaus.am.gov.br\/implurb\/mais-tres-comunidades-sao-atendidas-pela-prefeitura-de-manaus-com-regularizacao-fundiaria-urbana\/#primaryimage"},"image":{"@id":"https:\/\/www.manaus.am.gov.br\/implurb\/mais-tres-comunidades-sao-atendidas-pela-prefeitura-de-manaus-com-regularizacao-fundiaria-urbana\/#primaryimage"},"thumbnailUrl":"https:\/\/www.manaus.am.gov.br\/implurb\/wp-content\/uploads\/sites\/13\/2023\/07\/53045418856_12200a53d5_c.jpg","datePublished":"2023-07-14T22:34:01+00:00","dateModified":"2023-11-08T20:49:32+00:00","author":{"@id":"https:\/\/www.manaus.am.gov.br\/implurb\/#\/schema\/person\/4eea2a8f78dc853097abb026f728aa06"},"breadcrumb":{"@id":"https:\/\/www.manaus.am.gov.br\/implurb\/mais-tres-comunidades-sao-atendidas-pela-prefeitura-de-manaus-com-regularizacao-fundiaria-urbana\/#breadcrumb"},"inLanguage":"pt-BR","potentialAction":[{"@type":"ReadAction","target":["https:\/\/www.manaus.am.gov.br\/implurb\/mais-tres-comunidades-sao-atendidas-pela-prefeitura-de-manaus-com-regularizacao-fundiaria-urbana\/"]}]},{"@type":"ImageObject","inLanguage":"pt-BR","@id":"https:\/\/www.manaus.am.gov.br\/implurb\/mais-tres-comunidades-sao-atendidas-pela-prefeitura-de-manaus-com-regularizacao-fundiaria-urbana\/#primaryimage","url":"https:\/\/www.manaus.am.gov.br\/implurb\/wp-content\/uploads\/sites\/13\/2023\/07\/53045418856_12200a53d5_c.jpg","contentUrl":"https:\/\/www.manaus.am.gov.br\/implurb\/wp-content\/uploads\/sites\/13\/2023\/07\/53045418856_12200a53d5_c.jpg","width":799,"height":533},{"@type":"BreadcrumbList","@id":"https:\/\/www.manaus.am.gov.br\/implurb\/mais-tres-comunidades-sao-atendidas-pela-prefeitura-de-manaus-com-regularizacao-fundiaria-urbana\/#breadcrumb","itemListElement":[{"@type":"ListItem","position":1,"name":"Home","item":"https:\/\/www.manaus.am.gov.br\/implurb\/"},{"@type":"ListItem","position":2,"name":"Mais tr\u00eas comunidades s\u00e3o atendidas pela Prefeitura de Manaus com regulariza\u00e7\u00e3o fundi\u00e1ria urbana"}]},{"@type":"WebSite","@id":"https:\/\/www.manaus.am.gov.br\/implurb\/#website","url":"https:\/\/www.manaus.am.gov.br\/implurb\/","name":"IMPLURB","description":"Prefeitura de Manaus","potentialAction":[{"@type":"SearchAction","target":{"@type":"EntryPoint","urlTemplate":"https:\/\/www.manaus.am.gov.br\/implurb\/?s={search_term_string}"},"query-input":"required name=search_term_string"}],"inLanguage":"pt-BR"},{"@type":"Person","@id":"https:\/\/www.manaus.am.gov.br\/implurb\/#\/schema\/person\/4eea2a8f78dc853097abb026f728aa06","name":"Renata Felix","image":{"@type":"ImageObject","inLanguage":"pt-BR","@id":"https:\/\/www.manaus.am.gov.br\/implurb\/#\/schema\/person\/image\/","url":"https:\/\/secure.gravatar.com\/avatar\/3c196cf9d3b837b24c8edb2c50fd8f29?s=96&d=mm&r=g","contentUrl":"https:\/\/secure.gravatar.com\/avatar\/3c196cf9d3b837b24c8edb2c50fd8f29?s=96&d=mm&r=g","caption":"Renata Felix"}}]}},"_links":{"self":[{"href":"https:\/\/www.manaus.am.gov.br\/implurb\/wp-json\/wp\/v2\/posts\/1755"}],"collection":[{"href":"https:\/\/www.manaus.am.gov.br\/implurb\/wp-json\/wp\/v2\/posts"}],"about":[{"href":"https:\/\/www.manaus.am.gov.br\/implurb\/wp-json\/wp\/v2\/types\/post"}],"author":[{"embeddable":true,"href":"https:\/\/www.manaus.am.gov.br\/implurb\/wp-json\/wp\/v2\/users\/31"}],"replies":[{"embeddable":true,"href":"https:\/\/www.manaus.am.gov.br\/implurb\/wp-json\/wp\/v2\/comments?post=1755"}],"version-history":[{"count":1,"href":"https:\/\/www.manaus.am.gov.br\/implurb\/wp-json\/wp\/v2\/posts\/1755\/revisions"}],"predecessor-version":[{"id":2666,"href":"https:\/\/www.manaus.am.gov.br\/implurb\/wp-json\/wp\/v2\/posts\/1755\/revisions\/2666"}],"wp:featuredmedia":[{"embeddable":true,"href":"https:\/\/www.manaus.am.gov.br\/implurb\/wp-json\/wp\/v2\/media\/1756"}],"wp:attachment":[{"href":"https:\/\/www.manaus.am.gov.br\/implurb\/wp-json\/wp\/v2\/media?parent=1755"}],"wp:term":[{"taxonomy":"category","embeddable":true,"href":"https:\/\/www.manaus.am.gov.br\/implurb\/wp-json\/wp\/v2\/categories?post=1755"},{"taxonomy":"post_tag","embeddable":true,"href":"https:\/\/www.manaus.am.gov.br\/implurb\/wp-json\/wp\/v2\/tags?post=1755"}],"curies":[{"name":"wp","href":"https:\/\/api.w.org\/{rel}","templated":true}]}}