{"id":175,"date":"2023-05-17T19:08:53","date_gmt":"2023-05-17T23:08:53","guid":{"rendered":"https:\/\/www.manaus.am.gov.br\/implurb\/prefeitura-apresenta-projetos-e-obras-da-gestao-municipal-para-vice-prefeito-de-fortaleza-em-visita-a-manaus\/"},"modified":"2023-06-21T13:49:47","modified_gmt":"2023-06-21T17:49:47","slug":"prefeitura-apresenta-projetos-e-obras-da-gestao-municipal-para-vice-prefeito-de-fortaleza-em-visita-a-manaus","status":"publish","type":"post","link":"https:\/\/www.manaus.am.gov.br\/implurb\/prefeitura-apresenta-projetos-e-obras-da-gestao-municipal-para-vice-prefeito-de-fortaleza-em-visita-a-manaus\/","title":{"rendered":"Prefeitura apresenta projetos e obras da gest\u00e3o municipal para vice-prefeito de Fortaleza em visita a Manaus"},"content":{"rendered":"\n<p>Em Manaus para participar do encontro \u201cSolu\u00e7\u00f5es Inovadoras para o futuro das Cidades\u201d, o vice-prefeito de Fortaleza (CE) e superintendente do Instituto de Planejamento (Ipanfor), \u00c9lcio Batista, visitou a sede do Instituto Municipal de Planejamento Urbano (Implurb) e obras em execu\u00e7\u00e3o pela Prefeitura de Manaus, na gest\u00e3o do prefeito David Almeida.<\/p>\n\n\n\n<p>A visita ocorreu nesta quarta-feira, 17\/5, incluindo um tour pelo Casar\u00e3o da Inova\u00e7\u00e3o Cassina e interven\u00e7\u00f5es do \u201cNosso Centro\u201d, no Centro, zona Sul, e pela nova Casa de Praia Zezinho Corr\u00eaa, na Ponta Negra, zona Oeste.<\/p>\n\n\n\n<p>Para \u00c9lcio, o Brasil tem um potencial muito grande para fortalecer redes e comunidades de aprendizagem para que possa dar velocidade \u00e0 implementa\u00e7\u00e3o de projetos urbanos e de resili\u00eancia. \u201cE aproveitar as boas pr\u00e1ticas de muitas cidades brasileiras e mundiais e as suas inova\u00e7\u00f5es. Em Manaus, pude presenciar o quanto isto est\u00e1 presente na administra\u00e7\u00e3o municipal. Assim como as demais cidades tem muitos desafios, tamb\u00e9m se tem o direcionamento para buscar inova\u00e7\u00e3o na solu\u00e7\u00e3o dos problemas, que alguns s\u00e3o do s\u00e9culo 20 e outros j\u00e1 do s\u00e9culo 21\u201d, comentou o vice-prefeito de Fortaleza.<\/p>\n\n\n\n<p>\u00c9lcio falou que a capital amazonense tem os mesmos desafios, mas conta com programas e projetos de regenera\u00e7\u00e3o urbana, com os que viu localizados no Centro. \u201cO exemplo que vi aqui no Centro \u00e9 bem importante para o que se pode fazer de regenera\u00e7\u00e3o urbana em outras cidades do Pa\u00eds\u201d, disse.<\/p>\n\n\n\n<p>Acompanharam a visita o diretor-presidente do Implurb, engenheiro Carlos Valente e o vice-presidente da autarquia, arquiteto e urbanista Claudemir Valente.<\/p>\n\n\n\n<p>\u201cNosso objetivo \u00e9 sempre aperfei\u00e7oar e compartilhar conhecimento sobre boas pr\u00e1ticas e a pauta sustent\u00e1vel na busca de tornar as cidades melhores. Aqui seguimos firmes na reabilita\u00e7\u00e3o do \u2018Nosso Centro\u2019 e em obras estruturantes como o parque Amazonino Mendes e o Mirante Rosa Almeida Encontro das \u00c1guas, que v\u00e3o dar novos usos a espa\u00e7os urbanos degradados e abandonados, maximizando o impacto da transforma\u00e7\u00e3o urbana, social, do turismo, cultura, lazer e melhoria da qualidade de vida da popula\u00e7\u00e3o. S\u00e3o \u00e1reas novas que est\u00e3o sendo criadas observando movimentos globais em planejamento\u201d, comentou Valente.<\/p>\n\n\n\n<p>&#8212; &#8212; &#8212;<\/p>\n\n\n\n<p><strong>Texto<\/strong> \u2013 Claudia do Valle \/ Implurb<\/p>\n\n\n\n<p><strong>Fotos<\/strong> \u2013 Cl\u00f3vis Miranda \/ Semcom<\/p>\n\n\n\n<p><strong>Dispon\u00edveis em &#8211; <\/strong><a href=\"https:\/\/flic.kr\/s\/aHBqjAE9nq\">https:\/\/flic.kr\/s\/aHBqjAE9nq<\/a><\/p>\n","protected":false},"excerpt":{"rendered":"","protected":false},"author":39,"featured_media":176,"comment_status":"closed","ping_status":"closed","sticky":false,"template":"","format":"standard","meta":{"footnotes":""},"categories":[17],"tags":[18,11,15,19,20],"acf":[],"yoast_head":"<!-- This site is optimized with the Yoast SEO plugin v23.0 - https:\/\/yoast.com\/wordpress\/plugins\/seo\/ -->\n<title>Prefeitura apresenta projetos e obras da gest\u00e3o municipal para vice-prefeito de Fortaleza em visita a Manaus<\/title>\n<meta name=\"description\" content=\"Em Manaus para participar do encontro \u201cSolu\u00e7\u00f5es Inovadoras para o futuro das Cidades\u201d, o vice-prefeito de Fortaleza (CE) e superintendente do Instituto de Planejamento (Ipanfor), \u00c9lcio Batista, visitou a sede do Instituto Municipal de Planejamento Urbano (Implurb) e obras em execu\u00e7\u00e3o pela Prefeitura de Manaus, na gest\u00e3o do prefeito David Almeida.\" \/>\n<meta name=\"robots\" content=\"noindex, follow\" \/>\n<meta property=\"og:locale\" content=\"pt_BR\" \/>\n<meta property=\"og:type\" content=\"article\" \/>\n<meta property=\"og:title\" content=\"Prefeitura apresenta projetos e obras da gest\u00e3o municipal para vice-prefeito de Fortaleza em visita a Manaus\" \/>\n<meta property=\"og:description\" content=\"Em Manaus para participar do encontro \u201cSolu\u00e7\u00f5es Inovadoras para o futuro das Cidades\u201d, o vice-prefeito de Fortaleza (CE) e superintendente do Instituto de Planejamento (Ipanfor), \u00c9lcio Batista, visitou a sede do Instituto Municipal de Planejamento Urbano (Implurb) e obras em execu\u00e7\u00e3o pela Prefeitura de Manaus, na gest\u00e3o do prefeito David Almeida.\" \/>\n<meta property=\"og:url\" content=\"https:\/\/www.manaus.am.gov.br\/implurb\/prefeitura-apresenta-projetos-e-obras-da-gestao-municipal-para-vice-prefeito-de-fortaleza-em-visita-a-manaus\/\" \/>\n<meta property=\"og:site_name\" content=\"IMPLURB\" \/>\n<meta property=\"article:published_time\" content=\"2023-05-17T23:08:53+00:00\" \/>\n<meta property=\"article:modified_time\" content=\"2023-06-21T17:49:47+00:00\" \/>\n<meta property=\"og:image\" content=\"https:\/\/www.manaus.am.gov.br\/implurb\/wp-content\/uploads\/sites\/13\/2023\/05\/52906158688_1036d9e3d9_k.jpg\" \/>\n\t<meta property=\"og:image:width\" content=\"2048\" \/>\n\t<meta property=\"og:image:height\" content=\"1365\" \/>\n\t<meta property=\"og:image:type\" content=\"image\/jpeg\" \/>\n<meta name=\"author\" content=\"Bruna Greco\" \/>\n<meta name=\"twitter:card\" content=\"summary_large_image\" \/>\n<meta name=\"twitter:label1\" content=\"Written by\" \/>\n\t<meta name=\"twitter:data1\" content=\"Bruna Greco\" \/>\n\t<meta name=\"twitter:label2\" content=\"Est. reading time\" \/>\n\t<meta name=\"twitter:data2\" content=\"2 minutos\" \/>\n<script type=\"application\/ld+json\" class=\"yoast-schema-graph\">{\"@context\":\"https:\/\/schema.org\",\"@graph\":[{\"@type\":\"WebPage\",\"@id\":\"https:\/\/www.manaus.am.gov.br\/implurb\/prefeitura-apresenta-projetos-e-obras-da-gestao-municipal-para-vice-prefeito-de-fortaleza-em-visita-a-manaus\/\",\"url\":\"https:\/\/www.manaus.am.gov.br\/implurb\/prefeitura-apresenta-projetos-e-obras-da-gestao-municipal-para-vice-prefeito-de-fortaleza-em-visita-a-manaus\/\",\"name\":\"Prefeitura apresenta projetos e obras da gest\u00e3o municipal para vice-prefeito de Fortaleza em visita a Manaus\",\"isPartOf\":{\"@id\":\"https:\/\/www.manaus.am.gov.br\/implurb\/#website\"},\"primaryImageOfPage\":{\"@id\":\"https:\/\/www.manaus.am.gov.br\/implurb\/prefeitura-apresenta-projetos-e-obras-da-gestao-municipal-para-vice-prefeito-de-fortaleza-em-visita-a-manaus\/#primaryimage\"},\"image\":{\"@id\":\"https:\/\/www.manaus.am.gov.br\/implurb\/prefeitura-apresenta-projetos-e-obras-da-gestao-municipal-para-vice-prefeito-de-fortaleza-em-visita-a-manaus\/#primaryimage\"},\"thumbnailUrl\":\"https:\/\/www.manaus.am.gov.br\/implurb\/wp-content\/uploads\/sites\/13\/2023\/05\/52906158688_1036d9e3d9_k.jpg\",\"datePublished\":\"2023-05-17T23:08:53+00:00\",\"dateModified\":\"2023-06-21T17:49:47+00:00\",\"author\":{\"@id\":\"https:\/\/www.manaus.am.gov.br\/implurb\/#\/schema\/person\/05d223aea2bf115f9883a6ff3683d81b\"},\"description\":\"Em Manaus para participar do encontro \u201cSolu\u00e7\u00f5es Inovadoras para o futuro das Cidades\u201d, o vice-prefeito de Fortaleza (CE) e superintendente do Instituto de Planejamento (Ipanfor), \u00c9lcio Batista, visitou a sede do Instituto Municipal de Planejamento Urbano (Implurb) e obras em execu\u00e7\u00e3o pela Prefeitura de Manaus, na gest\u00e3o do prefeito David Almeida.\",\"breadcrumb\":{\"@id\":\"https:\/\/www.manaus.am.gov.br\/implurb\/prefeitura-apresenta-projetos-e-obras-da-gestao-municipal-para-vice-prefeito-de-fortaleza-em-visita-a-manaus\/#breadcrumb\"},\"inLanguage\":\"pt-BR\",\"potentialAction\":[{\"@type\":\"ReadAction\",\"target\":[\"https:\/\/www.manaus.am.gov.br\/implurb\/prefeitura-apresenta-projetos-e-obras-da-gestao-municipal-para-vice-prefeito-de-fortaleza-em-visita-a-manaus\/\"]}]},{\"@type\":\"ImageObject\",\"inLanguage\":\"pt-BR\",\"@id\":\"https:\/\/www.manaus.am.gov.br\/implurb\/prefeitura-apresenta-projetos-e-obras-da-gestao-municipal-para-vice-prefeito-de-fortaleza-em-visita-a-manaus\/#primaryimage\",\"url\":\"https:\/\/www.manaus.am.gov.br\/implurb\/wp-content\/uploads\/sites\/13\/2023\/05\/52906158688_1036d9e3d9_k.jpg\",\"contentUrl\":\"https:\/\/www.manaus.am.gov.br\/implurb\/wp-content\/uploads\/sites\/13\/2023\/05\/52906158688_1036d9e3d9_k.jpg\",\"width\":2048,\"height\":1365},{\"@type\":\"BreadcrumbList\",\"@id\":\"https:\/\/www.manaus.am.gov.br\/implurb\/prefeitura-apresenta-projetos-e-obras-da-gestao-municipal-para-vice-prefeito-de-fortaleza-em-visita-a-manaus\/#breadcrumb\",\"itemListElement\":[{\"@type\":\"ListItem\",\"position\":1,\"name\":\"Home\",\"item\":\"https:\/\/www.manaus.am.gov.br\/implurb\/\"},{\"@type\":\"ListItem\",\"position\":2,\"name\":\"Prefeitura apresenta projetos e obras da gest\u00e3o municipal para vice-prefeito de Fortaleza em visita a Manaus\"}]},{\"@type\":\"WebSite\",\"@id\":\"https:\/\/www.manaus.am.gov.br\/implurb\/#website\",\"url\":\"https:\/\/www.manaus.am.gov.br\/implurb\/\",\"name\":\"IMPLURB\",\"description\":\"Prefeitura de Manaus\",\"potentialAction\":[{\"@type\":\"SearchAction\",\"target\":{\"@type\":\"EntryPoint\",\"urlTemplate\":\"https:\/\/www.manaus.am.gov.br\/implurb\/?s={search_term_string}\"},\"query-input\":\"required name=search_term_string\"}],\"inLanguage\":\"pt-BR\"},{\"@type\":\"Person\",\"@id\":\"https:\/\/www.manaus.am.gov.br\/implurb\/#\/schema\/person\/05d223aea2bf115f9883a6ff3683d81b\",\"name\":\"Bruna Greco\",\"image\":{\"@type\":\"ImageObject\",\"inLanguage\":\"pt-BR\",\"@id\":\"https:\/\/www.manaus.am.gov.br\/implurb\/#\/schema\/person\/image\/\",\"url\":\"https:\/\/secure.gravatar.com\/avatar\/9c877d1a6adc2a055330e5c09a8653ce?s=96&d=mm&r=g\",\"contentUrl\":\"https:\/\/secure.gravatar.com\/avatar\/9c877d1a6adc2a055330e5c09a8653ce?s=96&d=mm&r=g\",\"caption\":\"Bruna Greco\"}}]}<\/script>\n<!-- \/ Yoast SEO plugin. -->","yoast_head_json":{"title":"Prefeitura apresenta projetos e obras da gest\u00e3o municipal para vice-prefeito de Fortaleza em visita a Manaus","description":"Em Manaus para participar do encontro \u201cSolu\u00e7\u00f5es Inovadoras para o futuro das Cidades\u201d, o vice-prefeito de Fortaleza (CE) e superintendente do Instituto de Planejamento (Ipanfor), \u00c9lcio Batista, visitou a sede do Instituto Municipal de Planejamento Urbano (Implurb) e obras em execu\u00e7\u00e3o pela Prefeitura de Manaus, na gest\u00e3o do prefeito David Almeida.","robots":{"index":"noindex","follow":"follow"},"og_locale":"pt_BR","og_type":"article","og_title":"Prefeitura apresenta projetos e obras da gest\u00e3o municipal para vice-prefeito de Fortaleza em visita a Manaus","og_description":"Em Manaus para participar do encontro \u201cSolu\u00e7\u00f5es Inovadoras para o futuro das Cidades\u201d, o vice-prefeito de Fortaleza (CE) e superintendente do Instituto de Planejamento (Ipanfor), \u00c9lcio Batista, visitou a sede do Instituto Municipal de Planejamento Urbano (Implurb) e obras em execu\u00e7\u00e3o pela Prefeitura de Manaus, na gest\u00e3o do prefeito David Almeida.","og_url":"https:\/\/www.manaus.am.gov.br\/implurb\/prefeitura-apresenta-projetos-e-obras-da-gestao-municipal-para-vice-prefeito-de-fortaleza-em-visita-a-manaus\/","og_site_name":"IMPLURB","article_published_time":"2023-05-17T23:08:53+00:00","article_modified_time":"2023-06-21T17:49:47+00:00","og_image":[{"width":2048,"height":1365,"url":"https:\/\/www.manaus.am.gov.br\/implurb\/wp-content\/uploads\/sites\/13\/2023\/05\/52906158688_1036d9e3d9_k.jpg","type":"image\/jpeg"}],"author":"Bruna Greco","twitter_card":"summary_large_image","twitter_misc":{"Written by":"Bruna Greco","Est. reading time":"2 minutos"},"schema":{"@context":"https:\/\/schema.org","@graph":[{"@type":"WebPage","@id":"https:\/\/www.manaus.am.gov.br\/implurb\/prefeitura-apresenta-projetos-e-obras-da-gestao-municipal-para-vice-prefeito-de-fortaleza-em-visita-a-manaus\/","url":"https:\/\/www.manaus.am.gov.br\/implurb\/prefeitura-apresenta-projetos-e-obras-da-gestao-municipal-para-vice-prefeito-de-fortaleza-em-visita-a-manaus\/","name":"Prefeitura apresenta projetos e obras da gest\u00e3o municipal para vice-prefeito de Fortaleza em visita a Manaus","isPartOf":{"@id":"https:\/\/www.manaus.am.gov.br\/implurb\/#website"},"primaryImageOfPage":{"@id":"https:\/\/www.manaus.am.gov.br\/implurb\/prefeitura-apresenta-projetos-e-obras-da-gestao-municipal-para-vice-prefeito-de-fortaleza-em-visita-a-manaus\/#primaryimage"},"image":{"@id":"https:\/\/www.manaus.am.gov.br\/implurb\/prefeitura-apresenta-projetos-e-obras-da-gestao-municipal-para-vice-prefeito-de-fortaleza-em-visita-a-manaus\/#primaryimage"},"thumbnailUrl":"https:\/\/www.manaus.am.gov.br\/implurb\/wp-content\/uploads\/sites\/13\/2023\/05\/52906158688_1036d9e3d9_k.jpg","datePublished":"2023-05-17T23:08:53+00:00","dateModified":"2023-06-21T17:49:47+00:00","author":{"@id":"https:\/\/www.manaus.am.gov.br\/implurb\/#\/schema\/person\/05d223aea2bf115f9883a6ff3683d81b"},"description":"Em Manaus para participar do encontro \u201cSolu\u00e7\u00f5es Inovadoras para o futuro das Cidades\u201d, o vice-prefeito de Fortaleza (CE) e superintendente do Instituto de Planejamento (Ipanfor), \u00c9lcio Batista, visitou a sede do Instituto Municipal de Planejamento Urbano (Implurb) e obras em execu\u00e7\u00e3o pela Prefeitura de Manaus, na gest\u00e3o do prefeito David Almeida.","breadcrumb":{"@id":"https:\/\/www.manaus.am.gov.br\/implurb\/prefeitura-apresenta-projetos-e-obras-da-gestao-municipal-para-vice-prefeito-de-fortaleza-em-visita-a-manaus\/#breadcrumb"},"inLanguage":"pt-BR","potentialAction":[{"@type":"ReadAction","target":["https:\/\/www.manaus.am.gov.br\/implurb\/prefeitura-apresenta-projetos-e-obras-da-gestao-municipal-para-vice-prefeito-de-fortaleza-em-visita-a-manaus\/"]}]},{"@type":"ImageObject","inLanguage":"pt-BR","@id":"https:\/\/www.manaus.am.gov.br\/implurb\/prefeitura-apresenta-projetos-e-obras-da-gestao-municipal-para-vice-prefeito-de-fortaleza-em-visita-a-manaus\/#primaryimage","url":"https:\/\/www.manaus.am.gov.br\/implurb\/wp-content\/uploads\/sites\/13\/2023\/05\/52906158688_1036d9e3d9_k.jpg","contentUrl":"https:\/\/www.manaus.am.gov.br\/implurb\/wp-content\/uploads\/sites\/13\/2023\/05\/52906158688_1036d9e3d9_k.jpg","width":2048,"height":1365},{"@type":"BreadcrumbList","@id":"https:\/\/www.manaus.am.gov.br\/implurb\/prefeitura-apresenta-projetos-e-obras-da-gestao-municipal-para-vice-prefeito-de-fortaleza-em-visita-a-manaus\/#breadcrumb","itemListElement":[{"@type":"ListItem","position":1,"name":"Home","item":"https:\/\/www.manaus.am.gov.br\/implurb\/"},{"@type":"ListItem","position":2,"name":"Prefeitura apresenta projetos e obras da gest\u00e3o municipal para vice-prefeito de Fortaleza em visita a Manaus"}]},{"@type":"WebSite","@id":"https:\/\/www.manaus.am.gov.br\/implurb\/#website","url":"https:\/\/www.manaus.am.gov.br\/implurb\/","name":"IMPLURB","description":"Prefeitura de Manaus","potentialAction":[{"@type":"SearchAction","target":{"@type":"EntryPoint","urlTemplate":"https:\/\/www.manaus.am.gov.br\/implurb\/?s={search_term_string}"},"query-input":"required name=search_term_string"}],"inLanguage":"pt-BR"},{"@type":"Person","@id":"https:\/\/www.manaus.am.gov.br\/implurb\/#\/schema\/person\/05d223aea2bf115f9883a6ff3683d81b","name":"Bruna Greco","image":{"@type":"ImageObject","inLanguage":"pt-BR","@id":"https:\/\/www.manaus.am.gov.br\/implurb\/#\/schema\/person\/image\/","url":"https:\/\/secure.gravatar.com\/avatar\/9c877d1a6adc2a055330e5c09a8653ce?s=96&d=mm&r=g","contentUrl":"https:\/\/secure.gravatar.com\/avatar\/9c877d1a6adc2a055330e5c09a8653ce?s=96&d=mm&r=g","caption":"Bruna Greco"}}]}},"_links":{"self":[{"href":"https:\/\/www.manaus.am.gov.br\/implurb\/wp-json\/wp\/v2\/posts\/175"}],"collection":[{"href":"https:\/\/www.manaus.am.gov.br\/implurb\/wp-json\/wp\/v2\/posts"}],"about":[{"href":"https:\/\/www.manaus.am.gov.br\/implurb\/wp-json\/wp\/v2\/types\/post"}],"author":[{"embeddable":true,"href":"https:\/\/www.manaus.am.gov.br\/implurb\/wp-json\/wp\/v2\/users\/39"}],"replies":[{"embeddable":true,"href":"https:\/\/www.manaus.am.gov.br\/implurb\/wp-json\/wp\/v2\/comments?post=175"}],"version-history":[{"count":2,"href":"https:\/\/www.manaus.am.gov.br\/implurb\/wp-json\/wp\/v2\/posts\/175\/revisions"}],"predecessor-version":[{"id":766,"href":"https:\/\/www.manaus.am.gov.br\/implurb\/wp-json\/wp\/v2\/posts\/175\/revisions\/766"}],"wp:featuredmedia":[{"embeddable":true,"href":"https:\/\/www.manaus.am.gov.br\/implurb\/wp-json\/wp\/v2\/media\/176"}],"wp:attachment":[{"href":"https:\/\/www.manaus.am.gov.br\/implurb\/wp-json\/wp\/v2\/media?parent=175"}],"wp:term":[{"taxonomy":"category","embeddable":true,"href":"https:\/\/www.manaus.am.gov.br\/implurb\/wp-json\/wp\/v2\/categories?post=175"},{"taxonomy":"post_tag","embeddable":true,"href":"https:\/\/www.manaus.am.gov.br\/implurb\/wp-json\/wp\/v2\/tags?post=175"}],"curies":[{"name":"wp","href":"https:\/\/api.w.org\/{rel}","templated":true}]}}