{"id":1744,"date":"2023-07-12T20:02:16","date_gmt":"2023-07-13T00:02:16","guid":{"rendered":"https:\/\/www.manaus.am.gov.br\/implurb\/prefeitura-de-manaus-inicia-acao-de-regularizacao-fundiaria-em-comunidade-do-bairro-cidade-nova\/"},"modified":"2023-12-07T11:32:51","modified_gmt":"2023-12-07T15:32:51","slug":"prefeitura-de-manaus-inicia-acao-de-regularizacao-fundiaria-em-comunidade-do-bairro-cidade-nova","status":"publish","type":"post","link":"https:\/\/www.manaus.am.gov.br\/implurb\/prefeitura-de-manaus-inicia-acao-de-regularizacao-fundiaria-em-comunidade-do-bairro-cidade-nova\/","title":{"rendered":"Prefeitura de Manaus inicia a\u00e7\u00e3o de regulariza\u00e7\u00e3o fundi\u00e1ria em comunidade do bairro Cidade Nova"},"content":{"rendered":"\n<p>A Prefeitura de Manaus d\u00e1 continuidade \u00e0s a\u00e7\u00f5es para regulariza\u00e7\u00e3o fundi\u00e1ria em mais tr\u00eas comunidades da capital, com previs\u00e3o de entregar at\u00e9 novos 1.500 registros de im\u00f3veis na gest\u00e3o do prefeito David Almeida. Nesta quinta-feira, 13\/7, equipes da Secretaria Municipal de Habita\u00e7\u00e3o e Assuntos Fundi\u00e1rios (Semhaf) iniciam panfletagem informativa na comunidade Nossa Senhora do Perp\u00e9tuo Socorro, no bairro Cidade Nova, zona Norte.<\/p>\n\n\n\n<p>E na sexta-feira, 14, os moradores v\u00e3o come\u00e7ar a receber visitas de casa em casa, dos cadastradores, das 9h&nbsp;\u00e0s 16h, com intervalo para o almo\u00e7o. A a\u00e7\u00e3o de cadastro ser\u00e1 feita individualmente, porta a porta nas resid\u00eancias, inclusive para ajudar na comprova\u00e7\u00e3o da posse e coletar os documentos necess\u00e1rios.<\/p>\n\n\n\n<p>Os moradores v\u00e3o precisar apresentar identidade e CPF; documento do lote (se tiver), e comprovante de resid\u00eancia atual e de 5 anos atr\u00e1s, para atestar o tempo de moradia no local. Caso o morador seja casado, dever\u00e1 apresentar certid\u00e3o, ou se for vi\u00favo, no caso, levar o atestado de \u00f3bito.<\/p>\n\n\n\n<p>Para tirar d\u00favidas dos residentes, uma base dos trabalhos estar\u00e1 funcionando na igreja Nossa Senhora do Perp\u00e9tuo Socorro, na rua F\u00e1bio Lucena.<\/p>\n\n\n\n<p>Na sequ\u00eancia, a Semhaf vai iniciar o cadastramento para o Santa In\u00eas e o Raio do Sol, no Jorge Teixeira, zona Leste, totalizando 1.500 registros de im\u00f3veis, ap\u00f3s o cadastro social e as etapas de Regulariza\u00e7\u00e3o Fundi\u00e1ria Urbana (Reurb).<\/p>\n\n\n\n<p>\u201cA Prefeitura lembra que todo o trabalho \u00e9 feito de forma gratuita, sem qualquer custo aos benefici\u00e1rios. O produto final da Reurb \u00e9 o direito real registrado no cart\u00f3rio de im\u00f3veis, o que d\u00e1 seguran\u00e7a na propriedade a essas fam\u00edlias de baixa renda\u201d, explicou o subsecret\u00e1rio da pasta, Renato Queiroz.<\/p>\n\n\n\n<h2 class=\"wp-block-heading\">O que \u00e9 a\u00a0regulariza\u00e7\u00e3o?<\/h2>\n\n\n\n<p>Regulariza\u00e7\u00e3o&nbsp;fundi\u00e1ria \u00e9 o conjunto de medidas jur\u00eddicas, urban\u00edsticas, ambientais e sociais que visam \u00e0&nbsp;regulariza\u00e7\u00e3o&nbsp;de assentamentos irregulares e \u00e0 titula\u00e7\u00e3o de seus ocupantes, de modo a garantir o direito social \u00e0 moradia, o pleno desenvolvimento das fun\u00e7\u00f5es sociais da propriedade urbana e o direito ao meio ambiente ecologicamente equilibrado, conforme a Lei Federal 13.465\/2017 e a Lei Municipal 2.492\/2019.<\/p>\n\n\n\n<p>&#8212; &#8212; &#8212;<\/p>\n\n\n\n<p><strong>Texto<\/strong>\u00a0&#8211; Cl\u00e1udia do Valle \/ Implurb<br><strong>Fotos<\/strong>\u00a0\u2013\u00a0Dhyeizo Lemos \/ Semcom<\/p>\n","protected":false},"excerpt":{"rendered":"","protected":false},"author":31,"featured_media":1745,"comment_status":"closed","ping_status":"closed","sticky":false,"template":"","format":"standard","meta":{"footnotes":""},"categories":[285],"tags":[286,287,288,64],"acf":[],"yoast_head":"<!-- This site is optimized with the Yoast SEO plugin v23.0 - https:\/\/yoast.com\/wordpress\/plugins\/seo\/ -->\n<title>Prefeitura de Manaus inicia a\u00e7\u00e3o de regulariza\u00e7\u00e3o fundi\u00e1ria em comunidade do bairro Cidade Nova - IMPLURB<\/title>\n<meta name=\"robots\" content=\"noindex, follow\" \/>\n<meta property=\"og:locale\" content=\"pt_BR\" \/>\n<meta property=\"og:type\" content=\"article\" \/>\n<meta property=\"og:title\" content=\"Prefeitura de Manaus inicia a\u00e7\u00e3o de regulariza\u00e7\u00e3o fundi\u00e1ria em comunidade do bairro Cidade Nova - IMPLURB\" \/>\n<meta property=\"og:url\" content=\"https:\/\/www.manaus.am.gov.br\/implurb\/prefeitura-de-manaus-inicia-acao-de-regularizacao-fundiaria-em-comunidade-do-bairro-cidade-nova\/\" \/>\n<meta property=\"og:site_name\" content=\"IMPLURB\" \/>\n<meta property=\"article:published_time\" content=\"2023-07-13T00:02:16+00:00\" \/>\n<meta property=\"article:modified_time\" content=\"2023-12-07T15:32:51+00:00\" \/>\n<meta property=\"og:image\" content=\"https:\/\/www.manaus.am.gov.br\/implurb\/wp-content\/uploads\/sites\/13\/2023\/07\/fundiario.jpg\" \/>\n\t<meta property=\"og:image:width\" content=\"2047\" \/>\n\t<meta property=\"og:image:height\" content=\"1365\" \/>\n\t<meta property=\"og:image:type\" content=\"image\/jpeg\" \/>\n<meta name=\"author\" content=\"Renata Felix\" \/>\n<meta name=\"twitter:card\" content=\"summary_large_image\" \/>\n<meta name=\"twitter:label1\" content=\"Written by\" \/>\n\t<meta name=\"twitter:data1\" content=\"Renata Felix\" \/>\n\t<meta name=\"twitter:label2\" content=\"Est. reading time\" \/>\n\t<meta name=\"twitter:data2\" content=\"2 minutos\" \/>\n<script type=\"application\/ld+json\" class=\"yoast-schema-graph\">{\"@context\":\"https:\/\/schema.org\",\"@graph\":[{\"@type\":\"WebPage\",\"@id\":\"https:\/\/www.manaus.am.gov.br\/implurb\/prefeitura-de-manaus-inicia-acao-de-regularizacao-fundiaria-em-comunidade-do-bairro-cidade-nova\/\",\"url\":\"https:\/\/www.manaus.am.gov.br\/implurb\/prefeitura-de-manaus-inicia-acao-de-regularizacao-fundiaria-em-comunidade-do-bairro-cidade-nova\/\",\"name\":\"Prefeitura de Manaus inicia a\u00e7\u00e3o de regulariza\u00e7\u00e3o fundi\u00e1ria em comunidade do bairro Cidade Nova - IMPLURB\",\"isPartOf\":{\"@id\":\"https:\/\/www.manaus.am.gov.br\/implurb\/#website\"},\"primaryImageOfPage\":{\"@id\":\"https:\/\/www.manaus.am.gov.br\/implurb\/prefeitura-de-manaus-inicia-acao-de-regularizacao-fundiaria-em-comunidade-do-bairro-cidade-nova\/#primaryimage\"},\"image\":{\"@id\":\"https:\/\/www.manaus.am.gov.br\/implurb\/prefeitura-de-manaus-inicia-acao-de-regularizacao-fundiaria-em-comunidade-do-bairro-cidade-nova\/#primaryimage\"},\"thumbnailUrl\":\"https:\/\/www.manaus.am.gov.br\/implurb\/wp-content\/uploads\/sites\/13\/2023\/07\/fundiario.jpg\",\"datePublished\":\"2023-07-13T00:02:16+00:00\",\"dateModified\":\"2023-12-07T15:32:51+00:00\",\"author\":{\"@id\":\"https:\/\/www.manaus.am.gov.br\/implurb\/#\/schema\/person\/4eea2a8f78dc853097abb026f728aa06\"},\"breadcrumb\":{\"@id\":\"https:\/\/www.manaus.am.gov.br\/implurb\/prefeitura-de-manaus-inicia-acao-de-regularizacao-fundiaria-em-comunidade-do-bairro-cidade-nova\/#breadcrumb\"},\"inLanguage\":\"pt-BR\",\"potentialAction\":[{\"@type\":\"ReadAction\",\"target\":[\"https:\/\/www.manaus.am.gov.br\/implurb\/prefeitura-de-manaus-inicia-acao-de-regularizacao-fundiaria-em-comunidade-do-bairro-cidade-nova\/\"]}]},{\"@type\":\"ImageObject\",\"inLanguage\":\"pt-BR\",\"@id\":\"https:\/\/www.manaus.am.gov.br\/implurb\/prefeitura-de-manaus-inicia-acao-de-regularizacao-fundiaria-em-comunidade-do-bairro-cidade-nova\/#primaryimage\",\"url\":\"https:\/\/www.manaus.am.gov.br\/implurb\/wp-content\/uploads\/sites\/13\/2023\/07\/fundiario.jpg\",\"contentUrl\":\"https:\/\/www.manaus.am.gov.br\/implurb\/wp-content\/uploads\/sites\/13\/2023\/07\/fundiario.jpg\",\"width\":2047,\"height\":1365},{\"@type\":\"BreadcrumbList\",\"@id\":\"https:\/\/www.manaus.am.gov.br\/implurb\/prefeitura-de-manaus-inicia-acao-de-regularizacao-fundiaria-em-comunidade-do-bairro-cidade-nova\/#breadcrumb\",\"itemListElement\":[{\"@type\":\"ListItem\",\"position\":1,\"name\":\"Home\",\"item\":\"https:\/\/www.manaus.am.gov.br\/implurb\/\"},{\"@type\":\"ListItem\",\"position\":2,\"name\":\"Prefeitura de Manaus inicia a\u00e7\u00e3o de regulariza\u00e7\u00e3o fundi\u00e1ria em comunidade do bairro Cidade Nova\"}]},{\"@type\":\"WebSite\",\"@id\":\"https:\/\/www.manaus.am.gov.br\/implurb\/#website\",\"url\":\"https:\/\/www.manaus.am.gov.br\/implurb\/\",\"name\":\"IMPLURB\",\"description\":\"Prefeitura de Manaus\",\"potentialAction\":[{\"@type\":\"SearchAction\",\"target\":{\"@type\":\"EntryPoint\",\"urlTemplate\":\"https:\/\/www.manaus.am.gov.br\/implurb\/?s={search_term_string}\"},\"query-input\":\"required name=search_term_string\"}],\"inLanguage\":\"pt-BR\"},{\"@type\":\"Person\",\"@id\":\"https:\/\/www.manaus.am.gov.br\/implurb\/#\/schema\/person\/4eea2a8f78dc853097abb026f728aa06\",\"name\":\"Renata Felix\",\"image\":{\"@type\":\"ImageObject\",\"inLanguage\":\"pt-BR\",\"@id\":\"https:\/\/www.manaus.am.gov.br\/implurb\/#\/schema\/person\/image\/\",\"url\":\"https:\/\/secure.gravatar.com\/avatar\/3c196cf9d3b837b24c8edb2c50fd8f29?s=96&d=mm&r=g\",\"contentUrl\":\"https:\/\/secure.gravatar.com\/avatar\/3c196cf9d3b837b24c8edb2c50fd8f29?s=96&d=mm&r=g\",\"caption\":\"Renata Felix\"}}]}<\/script>\n<!-- \/ Yoast SEO plugin. -->","yoast_head_json":{"title":"Prefeitura de Manaus inicia a\u00e7\u00e3o de regulariza\u00e7\u00e3o fundi\u00e1ria em comunidade do bairro Cidade Nova - IMPLURB","robots":{"index":"noindex","follow":"follow"},"og_locale":"pt_BR","og_type":"article","og_title":"Prefeitura de Manaus inicia a\u00e7\u00e3o de regulariza\u00e7\u00e3o fundi\u00e1ria em comunidade do bairro Cidade Nova - IMPLURB","og_url":"https:\/\/www.manaus.am.gov.br\/implurb\/prefeitura-de-manaus-inicia-acao-de-regularizacao-fundiaria-em-comunidade-do-bairro-cidade-nova\/","og_site_name":"IMPLURB","article_published_time":"2023-07-13T00:02:16+00:00","article_modified_time":"2023-12-07T15:32:51+00:00","og_image":[{"width":2047,"height":1365,"url":"https:\/\/www.manaus.am.gov.br\/implurb\/wp-content\/uploads\/sites\/13\/2023\/07\/fundiario.jpg","type":"image\/jpeg"}],"author":"Renata Felix","twitter_card":"summary_large_image","twitter_misc":{"Written by":"Renata Felix","Est. reading time":"2 minutos"},"schema":{"@context":"https:\/\/schema.org","@graph":[{"@type":"WebPage","@id":"https:\/\/www.manaus.am.gov.br\/implurb\/prefeitura-de-manaus-inicia-acao-de-regularizacao-fundiaria-em-comunidade-do-bairro-cidade-nova\/","url":"https:\/\/www.manaus.am.gov.br\/implurb\/prefeitura-de-manaus-inicia-acao-de-regularizacao-fundiaria-em-comunidade-do-bairro-cidade-nova\/","name":"Prefeitura de Manaus inicia a\u00e7\u00e3o de regulariza\u00e7\u00e3o fundi\u00e1ria em comunidade do bairro Cidade Nova - IMPLURB","isPartOf":{"@id":"https:\/\/www.manaus.am.gov.br\/implurb\/#website"},"primaryImageOfPage":{"@id":"https:\/\/www.manaus.am.gov.br\/implurb\/prefeitura-de-manaus-inicia-acao-de-regularizacao-fundiaria-em-comunidade-do-bairro-cidade-nova\/#primaryimage"},"image":{"@id":"https:\/\/www.manaus.am.gov.br\/implurb\/prefeitura-de-manaus-inicia-acao-de-regularizacao-fundiaria-em-comunidade-do-bairro-cidade-nova\/#primaryimage"},"thumbnailUrl":"https:\/\/www.manaus.am.gov.br\/implurb\/wp-content\/uploads\/sites\/13\/2023\/07\/fundiario.jpg","datePublished":"2023-07-13T00:02:16+00:00","dateModified":"2023-12-07T15:32:51+00:00","author":{"@id":"https:\/\/www.manaus.am.gov.br\/implurb\/#\/schema\/person\/4eea2a8f78dc853097abb026f728aa06"},"breadcrumb":{"@id":"https:\/\/www.manaus.am.gov.br\/implurb\/prefeitura-de-manaus-inicia-acao-de-regularizacao-fundiaria-em-comunidade-do-bairro-cidade-nova\/#breadcrumb"},"inLanguage":"pt-BR","potentialAction":[{"@type":"ReadAction","target":["https:\/\/www.manaus.am.gov.br\/implurb\/prefeitura-de-manaus-inicia-acao-de-regularizacao-fundiaria-em-comunidade-do-bairro-cidade-nova\/"]}]},{"@type":"ImageObject","inLanguage":"pt-BR","@id":"https:\/\/www.manaus.am.gov.br\/implurb\/prefeitura-de-manaus-inicia-acao-de-regularizacao-fundiaria-em-comunidade-do-bairro-cidade-nova\/#primaryimage","url":"https:\/\/www.manaus.am.gov.br\/implurb\/wp-content\/uploads\/sites\/13\/2023\/07\/fundiario.jpg","contentUrl":"https:\/\/www.manaus.am.gov.br\/implurb\/wp-content\/uploads\/sites\/13\/2023\/07\/fundiario.jpg","width":2047,"height":1365},{"@type":"BreadcrumbList","@id":"https:\/\/www.manaus.am.gov.br\/implurb\/prefeitura-de-manaus-inicia-acao-de-regularizacao-fundiaria-em-comunidade-do-bairro-cidade-nova\/#breadcrumb","itemListElement":[{"@type":"ListItem","position":1,"name":"Home","item":"https:\/\/www.manaus.am.gov.br\/implurb\/"},{"@type":"ListItem","position":2,"name":"Prefeitura de Manaus inicia a\u00e7\u00e3o de regulariza\u00e7\u00e3o fundi\u00e1ria em comunidade do bairro Cidade Nova"}]},{"@type":"WebSite","@id":"https:\/\/www.manaus.am.gov.br\/implurb\/#website","url":"https:\/\/www.manaus.am.gov.br\/implurb\/","name":"IMPLURB","description":"Prefeitura de Manaus","potentialAction":[{"@type":"SearchAction","target":{"@type":"EntryPoint","urlTemplate":"https:\/\/www.manaus.am.gov.br\/implurb\/?s={search_term_string}"},"query-input":"required name=search_term_string"}],"inLanguage":"pt-BR"},{"@type":"Person","@id":"https:\/\/www.manaus.am.gov.br\/implurb\/#\/schema\/person\/4eea2a8f78dc853097abb026f728aa06","name":"Renata Felix","image":{"@type":"ImageObject","inLanguage":"pt-BR","@id":"https:\/\/www.manaus.am.gov.br\/implurb\/#\/schema\/person\/image\/","url":"https:\/\/secure.gravatar.com\/avatar\/3c196cf9d3b837b24c8edb2c50fd8f29?s=96&d=mm&r=g","contentUrl":"https:\/\/secure.gravatar.com\/avatar\/3c196cf9d3b837b24c8edb2c50fd8f29?s=96&d=mm&r=g","caption":"Renata Felix"}}]}},"_links":{"self":[{"href":"https:\/\/www.manaus.am.gov.br\/implurb\/wp-json\/wp\/v2\/posts\/1744"}],"collection":[{"href":"https:\/\/www.manaus.am.gov.br\/implurb\/wp-json\/wp\/v2\/posts"}],"about":[{"href":"https:\/\/www.manaus.am.gov.br\/implurb\/wp-json\/wp\/v2\/types\/post"}],"author":[{"embeddable":true,"href":"https:\/\/www.manaus.am.gov.br\/implurb\/wp-json\/wp\/v2\/users\/31"}],"replies":[{"embeddable":true,"href":"https:\/\/www.manaus.am.gov.br\/implurb\/wp-json\/wp\/v2\/comments?post=1744"}],"version-history":[{"count":1,"href":"https:\/\/www.manaus.am.gov.br\/implurb\/wp-json\/wp\/v2\/posts\/1744\/revisions"}],"predecessor-version":[{"id":3201,"href":"https:\/\/www.manaus.am.gov.br\/implurb\/wp-json\/wp\/v2\/posts\/1744\/revisions\/3201"}],"wp:featuredmedia":[{"embeddable":true,"href":"https:\/\/www.manaus.am.gov.br\/implurb\/wp-json\/wp\/v2\/media\/1745"}],"wp:attachment":[{"href":"https:\/\/www.manaus.am.gov.br\/implurb\/wp-json\/wp\/v2\/media?parent=1744"}],"wp:term":[{"taxonomy":"category","embeddable":true,"href":"https:\/\/www.manaus.am.gov.br\/implurb\/wp-json\/wp\/v2\/categories?post=1744"},{"taxonomy":"post_tag","embeddable":true,"href":"https:\/\/www.manaus.am.gov.br\/implurb\/wp-json\/wp\/v2\/tags?post=1744"}],"curies":[{"name":"wp","href":"https:\/\/api.w.org\/{rel}","templated":true}]}}