{"id":1711,"date":"2023-07-08T10:15:01","date_gmt":"2023-07-08T14:15:01","guid":{"rendered":"https:\/\/www.manaus.am.gov.br\/implurb\/intervencoes-do-nosso-centro-tem-progresso-com-alvenarias-e-ajuda-do-verao-amazonico\/"},"modified":"2023-07-08T10:15:01","modified_gmt":"2023-07-08T14:15:01","slug":"intervencoes-do-nosso-centro-tem-progresso-com-alvenarias-e-ajuda-do-verao-amazonico","status":"publish","type":"post","link":"https:\/\/www.manaus.am.gov.br\/implurb\/intervencoes-do-nosso-centro-tem-progresso-com-alvenarias-e-ajuda-do-verao-amazonico\/","title":{"rendered":"<strong>Interven\u00e7\u00f5es do \u2018Nosso Centro\u2019 tem progresso com alvenarias e ajuda do ver\u00e3o amaz\u00f4nico<\/strong>"},"content":{"rendered":"\n<p>Com as altas temperaturas do ver\u00e3o amaz\u00f4nico, as interven\u00e7\u00f5es do programa \u201cNosso Centro\u201d v\u00e3o dando nova forma a projetos arquitet\u00f4nicos lan\u00e7ados pelo prefeito David Almeida, cujas obras seguem em avan\u00e7o, no in\u00edcio da avenida 7 de Setembro, Centro.<\/p>\n\n\n\n<p>Se antes sobrava abandono, deteriora\u00e7\u00e3o e vazio urbano, hoje o espa\u00e7o ganha configura\u00e7\u00f5es de \u00e1rea p\u00fablica em requalifica\u00e7\u00e3o, como \u00e9 o caso do mirante L\u00facia Almeida e do casar\u00e3o Thiago de Mello.<\/p>\n\n\n\n<p>No pr\u00e9dio, que ser\u00e1 o primeiro espa\u00e7o multigeracional vertical da capital, est\u00e3o em execu\u00e7\u00e3o alvenaria no primeiro e segundo pavimentos, incluindo chapisco e reboco; refor\u00e7o estrutural das lajes com steel deck; e reboco externo de fachada.<\/p>\n\n\n\n<p>Os trabalhos na edifica\u00e7\u00e3o, que foi a sede da extinta Companhia Energ\u00e9tica do Amazonas (Ceam), incluem ainda perfura\u00e7\u00e3o das estacas raiz da caixa da escada e do elevador; concretagem das vigas a\u00e9reas da cobertura; e infraestrutura de el\u00e9trica e l\u00f3gica nas paredes do t\u00e9rreo.<\/p>\n\n\n\n<figure class=\"wp-block-image size-full\"><img loading=\"lazy\" decoding=\"async\" width=\"799\" height=\"533\" src=\"https:\/\/www.manaus.am.gov.br\/implurb\/wp-content\/uploads\/sites\/13\/2023\/07\/53027432722_284cd06689_c.jpg\" alt=\"\" class=\"wp-image-1713\" srcset=\"https:\/\/www.manaus.am.gov.br\/implurb\/wp-content\/uploads\/sites\/13\/2023\/07\/53027432722_284cd06689_c.jpg 799w, https:\/\/www.manaus.am.gov.br\/implurb\/wp-content\/uploads\/sites\/13\/2023\/07\/53027432722_284cd06689_c-300x200.jpg 300w, https:\/\/www.manaus.am.gov.br\/implurb\/wp-content\/uploads\/sites\/13\/2023\/07\/53027432722_284cd06689_c-768x512.jpg 768w\" sizes=\"(max-width: 799px) 100vw, 799px\" \/><\/figure>\n\n\n\n<p>\u201cEstamos acompanhando as obras e os primeiros acabamentos de pilares, alguns detalhes t\u00e9cnicos da evolu\u00e7\u00e3o. E o prazo de 23 de dezembro est\u00e1 mantido\u201d, explicou o diretor-presidente do Instituto Municipal de Planejamento Urbano (Implurb). A autarquia assina o projeto arquitet\u00f4nico.<\/p>\n\n\n\n<p>Atravessando a rua, o futuro casar\u00e3o Thiago de Mello ganha contornos do que era um casario do s\u00e9culo 19. As paredes receberam selador e emassamento, enquanto os banheiros t\u00eam revestimento cer\u00e2mico. No canteiro, os oper\u00e1rios executam a alvenaria para abertura da laje t\u00e9cnica met\u00e1lica e a infraestrutura de el\u00e9trica, al\u00e9m das fachadas externas passarem por lavagem e recupera\u00e7\u00e3o.<\/p>\n\n\n\n<p>O casario ecl\u00e9tico de dois pavimentos&nbsp;\u00e9 datado de 1908 e classificado como uma&nbsp;unidade de interesse de&nbsp;preserva\u00e7\u00e3o de segundo grau, de acordo com decreto 7.176\/2004. A casa chegou a abrigar o dep\u00f3sito da firma Sinfr\u00f4nio &amp; Cia.<\/p>\n\n\n\n<p>O espa\u00e7o recebe servi\u00e7os para sua reconfigura\u00e7\u00e3o e reuso para se transformar em um museu e espa\u00e7o de exposi\u00e7\u00e3o e conviv\u00eancia no centro hist\u00f3rico. Somado ao largo, essa trinca de interven\u00e7\u00f5es promete ser um caso emblem\u00e1tico de regenera\u00e7\u00e3o urbana e reabilita\u00e7\u00e3o do Centro da capital.<\/p>\n\n\n\n<figure class=\"wp-block-image size-full\"><img loading=\"lazy\" decoding=\"async\" width=\"799\" height=\"533\" src=\"https:\/\/www.manaus.am.gov.br\/implurb\/wp-content\/uploads\/sites\/13\/2023\/07\/53028021561_5e075c82c7_c.jpg\" alt=\"\" class=\"wp-image-1712\" srcset=\"https:\/\/www.manaus.am.gov.br\/implurb\/wp-content\/uploads\/sites\/13\/2023\/07\/53028021561_5e075c82c7_c.jpg 799w, https:\/\/www.manaus.am.gov.br\/implurb\/wp-content\/uploads\/sites\/13\/2023\/07\/53028021561_5e075c82c7_c-300x200.jpg 300w, https:\/\/www.manaus.am.gov.br\/implurb\/wp-content\/uploads\/sites\/13\/2023\/07\/53028021561_5e075c82c7_c-768x512.jpg 768w\" sizes=\"(max-width: 799px) 100vw, 799px\" \/><\/figure>\n\n\n\n<p>\u201cO complexo ser\u00e1 um exemplo de como investimentos da prefeitura em espa\u00e7os p\u00fablicos podem ser uma estrat\u00e9gia efetiva para desenvolver a economia local, dar valor e express\u00e3o ao pertencimento dos moradores do entorno e empoderar a confian\u00e7a para novos neg\u00f3cios\u201d, explicou o diretor de Planejamento da autarquia, arquiteto e urbanista Pedro Paulo Cordeiro.<\/p>\n\n\n\n<p>Al\u00e9m de pertencimento, orgulho e autoestima ser\u00e3o fomentados com os novos espa\u00e7os p\u00fablicos que est\u00e3o sendo reformados e restaurados no territ\u00f3rio, que tem uma vista incr\u00edvel para o rio Negro. A grande \u00e1rea p\u00fablica foi pensada para todos os tipos de p\u00fablicos, de crian\u00e7as a adultos, com acessibilidade e conex\u00e3o entre os pr\u00e9dios. Ser\u00e1 algo que est\u00e1 sendo constru\u00eddo no presente e ter\u00e1 reflexo direto no futuro, para filhos e netos de moradores e visitantes do espa\u00e7o.<\/p>\n\n\n\n<p>&#8212; &#8212; &#8212;<\/p>\n\n\n\n<p><strong>Texto<\/strong> \u2013 Claudia do Valle \/ Implurb<\/p>\n\n\n\n<p><strong>Fotos <\/strong>\u2013 Cl\u00f3vis Miranda\/Semcom<\/p>\n\n\n\n<p>Dispon\u00edveis em \u2013 <a href=\"https:\/\/flic.kr\/s\/aHBqjALyce\">https:\/\/flic.kr\/s\/aHBqjALyce<\/a><\/p>\n","protected":false},"excerpt":{"rendered":"","protected":false},"author":31,"featured_media":1714,"comment_status":"closed","ping_status":"closed","sticky":false,"template":"","format":"standard","meta":{"footnotes":""},"categories":[37],"tags":[250,14,46,251,252],"acf":[],"yoast_head":"<!-- This site is optimized with the Yoast SEO plugin v23.0 - https:\/\/yoast.com\/wordpress\/plugins\/seo\/ -->\n<title>Interven\u00e7\u00f5es do \u2018Nosso Centro\u2019 tem progresso com alvenarias e ajuda do ver\u00e3o amaz\u00f4nico - IMPLURB<\/title>\n<meta name=\"robots\" content=\"noindex, follow\" \/>\n<meta property=\"og:locale\" content=\"pt_BR\" \/>\n<meta property=\"og:type\" content=\"article\" \/>\n<meta property=\"og:title\" content=\"Interven\u00e7\u00f5es do \u2018Nosso Centro\u2019 tem progresso com alvenarias e ajuda do ver\u00e3o amaz\u00f4nico - IMPLURB\" \/>\n<meta property=\"og:url\" content=\"https:\/\/www.manaus.am.gov.br\/implurb\/intervencoes-do-nosso-centro-tem-progresso-com-alvenarias-e-ajuda-do-verao-amazonico\/\" \/>\n<meta property=\"og:site_name\" content=\"IMPLURB\" \/>\n<meta property=\"article:published_time\" content=\"2023-07-08T14:15:01+00:00\" \/>\n<meta property=\"og:image\" content=\"https:\/\/www.manaus.am.gov.br\/implurb\/wp-content\/uploads\/sites\/13\/2023\/07\/53028505208_b321712d03_c.jpg\" \/>\n\t<meta property=\"og:image:width\" content=\"799\" \/>\n\t<meta property=\"og:image:height\" content=\"533\" \/>\n\t<meta property=\"og:image:type\" content=\"image\/jpeg\" \/>\n<meta name=\"author\" content=\"Renata Felix\" \/>\n<meta name=\"twitter:card\" content=\"summary_large_image\" \/>\n<meta name=\"twitter:label1\" content=\"Written by\" \/>\n\t<meta name=\"twitter:data1\" content=\"Renata Felix\" \/>\n\t<meta name=\"twitter:label2\" content=\"Est. reading time\" \/>\n\t<meta name=\"twitter:data2\" content=\"4 minutos\" \/>\n<script type=\"application\/ld+json\" class=\"yoast-schema-graph\">{\"@context\":\"https:\/\/schema.org\",\"@graph\":[{\"@type\":\"WebPage\",\"@id\":\"https:\/\/www.manaus.am.gov.br\/implurb\/intervencoes-do-nosso-centro-tem-progresso-com-alvenarias-e-ajuda-do-verao-amazonico\/\",\"url\":\"https:\/\/www.manaus.am.gov.br\/implurb\/intervencoes-do-nosso-centro-tem-progresso-com-alvenarias-e-ajuda-do-verao-amazonico\/\",\"name\":\"Interven\u00e7\u00f5es do \u2018Nosso Centro\u2019 tem progresso com alvenarias e ajuda do ver\u00e3o amaz\u00f4nico - IMPLURB\",\"isPartOf\":{\"@id\":\"https:\/\/www.manaus.am.gov.br\/implurb\/#website\"},\"primaryImageOfPage\":{\"@id\":\"https:\/\/www.manaus.am.gov.br\/implurb\/intervencoes-do-nosso-centro-tem-progresso-com-alvenarias-e-ajuda-do-verao-amazonico\/#primaryimage\"},\"image\":{\"@id\":\"https:\/\/www.manaus.am.gov.br\/implurb\/intervencoes-do-nosso-centro-tem-progresso-com-alvenarias-e-ajuda-do-verao-amazonico\/#primaryimage\"},\"thumbnailUrl\":\"https:\/\/www.manaus.am.gov.br\/implurb\/wp-content\/uploads\/sites\/13\/2023\/07\/53028505208_b321712d03_c.jpg\",\"datePublished\":\"2023-07-08T14:15:01+00:00\",\"dateModified\":\"2023-07-08T14:15:01+00:00\",\"author\":{\"@id\":\"https:\/\/www.manaus.am.gov.br\/implurb\/#\/schema\/person\/4eea2a8f78dc853097abb026f728aa06\"},\"breadcrumb\":{\"@id\":\"https:\/\/www.manaus.am.gov.br\/implurb\/intervencoes-do-nosso-centro-tem-progresso-com-alvenarias-e-ajuda-do-verao-amazonico\/#breadcrumb\"},\"inLanguage\":\"pt-BR\",\"potentialAction\":[{\"@type\":\"ReadAction\",\"target\":[\"https:\/\/www.manaus.am.gov.br\/implurb\/intervencoes-do-nosso-centro-tem-progresso-com-alvenarias-e-ajuda-do-verao-amazonico\/\"]}]},{\"@type\":\"ImageObject\",\"inLanguage\":\"pt-BR\",\"@id\":\"https:\/\/www.manaus.am.gov.br\/implurb\/intervencoes-do-nosso-centro-tem-progresso-com-alvenarias-e-ajuda-do-verao-amazonico\/#primaryimage\",\"url\":\"https:\/\/www.manaus.am.gov.br\/implurb\/wp-content\/uploads\/sites\/13\/2023\/07\/53028505208_b321712d03_c.jpg\",\"contentUrl\":\"https:\/\/www.manaus.am.gov.br\/implurb\/wp-content\/uploads\/sites\/13\/2023\/07\/53028505208_b321712d03_c.jpg\",\"width\":799,\"height\":533},{\"@type\":\"BreadcrumbList\",\"@id\":\"https:\/\/www.manaus.am.gov.br\/implurb\/intervencoes-do-nosso-centro-tem-progresso-com-alvenarias-e-ajuda-do-verao-amazonico\/#breadcrumb\",\"itemListElement\":[{\"@type\":\"ListItem\",\"position\":1,\"name\":\"Home\",\"item\":\"https:\/\/www.manaus.am.gov.br\/implurb\/\"},{\"@type\":\"ListItem\",\"position\":2,\"name\":\"Interven\u00e7\u00f5es do \u2018Nosso Centro\u2019 tem progresso com alvenarias e ajuda do ver\u00e3o amaz\u00f4nico\"}]},{\"@type\":\"WebSite\",\"@id\":\"https:\/\/www.manaus.am.gov.br\/implurb\/#website\",\"url\":\"https:\/\/www.manaus.am.gov.br\/implurb\/\",\"name\":\"IMPLURB\",\"description\":\"Prefeitura de Manaus\",\"potentialAction\":[{\"@type\":\"SearchAction\",\"target\":{\"@type\":\"EntryPoint\",\"urlTemplate\":\"https:\/\/www.manaus.am.gov.br\/implurb\/?s={search_term_string}\"},\"query-input\":\"required name=search_term_string\"}],\"inLanguage\":\"pt-BR\"},{\"@type\":\"Person\",\"@id\":\"https:\/\/www.manaus.am.gov.br\/implurb\/#\/schema\/person\/4eea2a8f78dc853097abb026f728aa06\",\"name\":\"Renata Felix\",\"image\":{\"@type\":\"ImageObject\",\"inLanguage\":\"pt-BR\",\"@id\":\"https:\/\/www.manaus.am.gov.br\/implurb\/#\/schema\/person\/image\/\",\"url\":\"https:\/\/secure.gravatar.com\/avatar\/3c196cf9d3b837b24c8edb2c50fd8f29?s=96&d=mm&r=g\",\"contentUrl\":\"https:\/\/secure.gravatar.com\/avatar\/3c196cf9d3b837b24c8edb2c50fd8f29?s=96&d=mm&r=g\",\"caption\":\"Renata Felix\"}}]}<\/script>\n<!-- \/ Yoast SEO plugin. -->","yoast_head_json":{"title":"Interven\u00e7\u00f5es do \u2018Nosso Centro\u2019 tem progresso com alvenarias e ajuda do ver\u00e3o amaz\u00f4nico - IMPLURB","robots":{"index":"noindex","follow":"follow"},"og_locale":"pt_BR","og_type":"article","og_title":"Interven\u00e7\u00f5es do \u2018Nosso Centro\u2019 tem progresso com alvenarias e ajuda do ver\u00e3o amaz\u00f4nico - IMPLURB","og_url":"https:\/\/www.manaus.am.gov.br\/implurb\/intervencoes-do-nosso-centro-tem-progresso-com-alvenarias-e-ajuda-do-verao-amazonico\/","og_site_name":"IMPLURB","article_published_time":"2023-07-08T14:15:01+00:00","og_image":[{"width":799,"height":533,"url":"https:\/\/www.manaus.am.gov.br\/implurb\/wp-content\/uploads\/sites\/13\/2023\/07\/53028505208_b321712d03_c.jpg","type":"image\/jpeg"}],"author":"Renata Felix","twitter_card":"summary_large_image","twitter_misc":{"Written by":"Renata Felix","Est. reading time":"4 minutos"},"schema":{"@context":"https:\/\/schema.org","@graph":[{"@type":"WebPage","@id":"https:\/\/www.manaus.am.gov.br\/implurb\/intervencoes-do-nosso-centro-tem-progresso-com-alvenarias-e-ajuda-do-verao-amazonico\/","url":"https:\/\/www.manaus.am.gov.br\/implurb\/intervencoes-do-nosso-centro-tem-progresso-com-alvenarias-e-ajuda-do-verao-amazonico\/","name":"Interven\u00e7\u00f5es do \u2018Nosso Centro\u2019 tem progresso com alvenarias e ajuda do ver\u00e3o amaz\u00f4nico - IMPLURB","isPartOf":{"@id":"https:\/\/www.manaus.am.gov.br\/implurb\/#website"},"primaryImageOfPage":{"@id":"https:\/\/www.manaus.am.gov.br\/implurb\/intervencoes-do-nosso-centro-tem-progresso-com-alvenarias-e-ajuda-do-verao-amazonico\/#primaryimage"},"image":{"@id":"https:\/\/www.manaus.am.gov.br\/implurb\/intervencoes-do-nosso-centro-tem-progresso-com-alvenarias-e-ajuda-do-verao-amazonico\/#primaryimage"},"thumbnailUrl":"https:\/\/www.manaus.am.gov.br\/implurb\/wp-content\/uploads\/sites\/13\/2023\/07\/53028505208_b321712d03_c.jpg","datePublished":"2023-07-08T14:15:01+00:00","dateModified":"2023-07-08T14:15:01+00:00","author":{"@id":"https:\/\/www.manaus.am.gov.br\/implurb\/#\/schema\/person\/4eea2a8f78dc853097abb026f728aa06"},"breadcrumb":{"@id":"https:\/\/www.manaus.am.gov.br\/implurb\/intervencoes-do-nosso-centro-tem-progresso-com-alvenarias-e-ajuda-do-verao-amazonico\/#breadcrumb"},"inLanguage":"pt-BR","potentialAction":[{"@type":"ReadAction","target":["https:\/\/www.manaus.am.gov.br\/implurb\/intervencoes-do-nosso-centro-tem-progresso-com-alvenarias-e-ajuda-do-verao-amazonico\/"]}]},{"@type":"ImageObject","inLanguage":"pt-BR","@id":"https:\/\/www.manaus.am.gov.br\/implurb\/intervencoes-do-nosso-centro-tem-progresso-com-alvenarias-e-ajuda-do-verao-amazonico\/#primaryimage","url":"https:\/\/www.manaus.am.gov.br\/implurb\/wp-content\/uploads\/sites\/13\/2023\/07\/53028505208_b321712d03_c.jpg","contentUrl":"https:\/\/www.manaus.am.gov.br\/implurb\/wp-content\/uploads\/sites\/13\/2023\/07\/53028505208_b321712d03_c.jpg","width":799,"height":533},{"@type":"BreadcrumbList","@id":"https:\/\/www.manaus.am.gov.br\/implurb\/intervencoes-do-nosso-centro-tem-progresso-com-alvenarias-e-ajuda-do-verao-amazonico\/#breadcrumb","itemListElement":[{"@type":"ListItem","position":1,"name":"Home","item":"https:\/\/www.manaus.am.gov.br\/implurb\/"},{"@type":"ListItem","position":2,"name":"Interven\u00e7\u00f5es do \u2018Nosso Centro\u2019 tem progresso com alvenarias e ajuda do ver\u00e3o amaz\u00f4nico"}]},{"@type":"WebSite","@id":"https:\/\/www.manaus.am.gov.br\/implurb\/#website","url":"https:\/\/www.manaus.am.gov.br\/implurb\/","name":"IMPLURB","description":"Prefeitura de Manaus","potentialAction":[{"@type":"SearchAction","target":{"@type":"EntryPoint","urlTemplate":"https:\/\/www.manaus.am.gov.br\/implurb\/?s={search_term_string}"},"query-input":"required name=search_term_string"}],"inLanguage":"pt-BR"},{"@type":"Person","@id":"https:\/\/www.manaus.am.gov.br\/implurb\/#\/schema\/person\/4eea2a8f78dc853097abb026f728aa06","name":"Renata Felix","image":{"@type":"ImageObject","inLanguage":"pt-BR","@id":"https:\/\/www.manaus.am.gov.br\/implurb\/#\/schema\/person\/image\/","url":"https:\/\/secure.gravatar.com\/avatar\/3c196cf9d3b837b24c8edb2c50fd8f29?s=96&d=mm&r=g","contentUrl":"https:\/\/secure.gravatar.com\/avatar\/3c196cf9d3b837b24c8edb2c50fd8f29?s=96&d=mm&r=g","caption":"Renata Felix"}}]}},"_links":{"self":[{"href":"https:\/\/www.manaus.am.gov.br\/implurb\/wp-json\/wp\/v2\/posts\/1711"}],"collection":[{"href":"https:\/\/www.manaus.am.gov.br\/implurb\/wp-json\/wp\/v2\/posts"}],"about":[{"href":"https:\/\/www.manaus.am.gov.br\/implurb\/wp-json\/wp\/v2\/types\/post"}],"author":[{"embeddable":true,"href":"https:\/\/www.manaus.am.gov.br\/implurb\/wp-json\/wp\/v2\/users\/31"}],"replies":[{"embeddable":true,"href":"https:\/\/www.manaus.am.gov.br\/implurb\/wp-json\/wp\/v2\/comments?post=1711"}],"version-history":[{"count":1,"href":"https:\/\/www.manaus.am.gov.br\/implurb\/wp-json\/wp\/v2\/posts\/1711\/revisions"}],"predecessor-version":[{"id":1715,"href":"https:\/\/www.manaus.am.gov.br\/implurb\/wp-json\/wp\/v2\/posts\/1711\/revisions\/1715"}],"wp:featuredmedia":[{"embeddable":true,"href":"https:\/\/www.manaus.am.gov.br\/implurb\/wp-json\/wp\/v2\/media\/1714"}],"wp:attachment":[{"href":"https:\/\/www.manaus.am.gov.br\/implurb\/wp-json\/wp\/v2\/media?parent=1711"}],"wp:term":[{"taxonomy":"category","embeddable":true,"href":"https:\/\/www.manaus.am.gov.br\/implurb\/wp-json\/wp\/v2\/categories?post=1711"},{"taxonomy":"post_tag","embeddable":true,"href":"https:\/\/www.manaus.am.gov.br\/implurb\/wp-json\/wp\/v2\/tags?post=1711"}],"curies":[{"name":"wp","href":"https:\/\/api.w.org\/{rel}","templated":true}]}}