{"id":1701,"date":"2023-07-01T11:13:40","date_gmt":"2023-07-01T15:13:40","guid":{"rendered":"https:\/\/www.manaus.am.gov.br\/implurb\/nota-de-pesar-lourenco-costa-e-silva\/"},"modified":"2023-07-01T11:13:42","modified_gmt":"2023-07-01T15:13:42","slug":"nota-de-pesar-lourenco-costa-e-silva","status":"publish","type":"post","link":"https:\/\/www.manaus.am.gov.br\/implurb\/nota-de-pesar-lourenco-costa-e-silva\/","title":{"rendered":"NOTA DE PESAR &#8211; <strong>Louren\u00e7o Costa e Silva<\/strong>"},"content":{"rendered":"\n<p>O prefeito de Manaus, David Almeida, e o Instituto Municipal de Planejamento Urbano (Implurb) se solidarizam \u00e0 fam\u00edlia do servidor p\u00fablico Louren\u00e7o Costa e Silva, que faleceu nesta sexta-feira, 30\/6, aos 65 anos, em decorr\u00eancia de complica\u00e7\u00f5es de uma cirurgia card\u00edaca. Louren\u00e7o, que deixa a esposa e seis filhos, trabalhava como motorista no Implurb, estando no \u00f3rg\u00e3o h\u00e1 14 anos.<\/p>\n\n\n\n<p>\u201cNeste momento de tristeza, luto e dor, prestamos nosso apoio e sentimentos de pesar aos familiares, amigos, colegas de trabalho e todos aqueles que tiveram a oportunidade de conhecer Louren\u00e7o\u201d, declarou o prefeito.<\/p>\n\n\n\n<p>O vel\u00f3rio acontecer\u00e1 neste s\u00e1bado, 1\u00ba\/7, a partir de 15h, na Igreja Adventista do S\u00e9timo Dia, no bairro Tancredo Neves, zona Leste.<\/p>\n\n\n\n<p>&#8212; &#8212; &#8212;<\/p>\n\n\n\n<p><strong>Texto \u2013 <\/strong>Divulga\u00e7\u00e3o \/ Implurb<\/p>\n","protected":false},"excerpt":{"rendered":"","protected":false},"author":39,"featured_media":1702,"comment_status":"closed","ping_status":"closed","sticky":false,"template":"","format":"standard","meta":{"footnotes":""},"categories":[244],"tags":[31,11,245,246,15],"acf":[],"yoast_head":"<!-- This site is optimized with the Yoast SEO plugin v23.0 - https:\/\/yoast.com\/wordpress\/plugins\/seo\/ -->\n<title>NOTA DE PESAR - Louren\u00e7o Costa e Silva<\/title>\n<meta name=\"description\" content=\"O prefeito de Manaus, David Almeida, e o Instituto Municipal de Planejamento Urbano (Implurb) se solidarizam \u00e0 fam\u00edlia do servidor p\u00fablico Louren\u00e7o Costa e Silva, que faleceu nesta sexta-feira, 30\/6, aos 65 anos, em decorr\u00eancia de complica\u00e7\u00f5es de uma cirurgia card\u00edaca\" \/>\n<meta name=\"robots\" content=\"noindex, follow\" \/>\n<meta property=\"og:locale\" content=\"pt_BR\" \/>\n<meta property=\"og:type\" content=\"article\" \/>\n<meta property=\"og:title\" content=\"NOTA DE PESAR - Louren\u00e7o Costa e Silva\" \/>\n<meta property=\"og:description\" content=\"O prefeito de Manaus, David Almeida, e o Instituto Municipal de Planejamento Urbano (Implurb) se solidarizam \u00e0 fam\u00edlia do servidor p\u00fablico Louren\u00e7o Costa e Silva, que faleceu nesta sexta-feira, 30\/6, aos 65 anos, em decorr\u00eancia de complica\u00e7\u00f5es de uma cirurgia card\u00edaca\" \/>\n<meta property=\"og:url\" content=\"https:\/\/www.manaus.am.gov.br\/implurb\/nota-de-pesar-lourenco-costa-e-silva\/\" \/>\n<meta property=\"og:site_name\" content=\"IMPLURB\" \/>\n<meta property=\"article:published_time\" content=\"2023-07-01T15:13:40+00:00\" \/>\n<meta property=\"article:modified_time\" content=\"2023-07-01T15:13:42+00:00\" \/>\n<meta property=\"og:image\" content=\"https:\/\/www.manaus.am.gov.br\/implurb\/wp-content\/uploads\/sites\/13\/2023\/07\/Nota-de-Pesar-1-1-e1613240336857-1-1.jpg\" \/>\n\t<meta property=\"og:image:width\" content=\"720\" \/>\n\t<meta property=\"og:image:height\" content=\"407\" \/>\n\t<meta property=\"og:image:type\" content=\"image\/jpeg\" \/>\n<meta name=\"author\" content=\"Bruna Greco\" \/>\n<meta name=\"twitter:card\" content=\"summary_large_image\" \/>\n<meta name=\"twitter:label1\" content=\"Written by\" \/>\n\t<meta name=\"twitter:data1\" content=\"Bruna Greco\" \/>\n\t<meta name=\"twitter:label2\" content=\"Est. reading time\" \/>\n\t<meta name=\"twitter:data2\" content=\"1 minuto\" \/>\n<script type=\"application\/ld+json\" class=\"yoast-schema-graph\">{\"@context\":\"https:\/\/schema.org\",\"@graph\":[{\"@type\":\"WebPage\",\"@id\":\"https:\/\/www.manaus.am.gov.br\/implurb\/nota-de-pesar-lourenco-costa-e-silva\/\",\"url\":\"https:\/\/www.manaus.am.gov.br\/implurb\/nota-de-pesar-lourenco-costa-e-silva\/\",\"name\":\"NOTA DE PESAR - Louren\u00e7o Costa e Silva\",\"isPartOf\":{\"@id\":\"https:\/\/www.manaus.am.gov.br\/implurb\/#website\"},\"primaryImageOfPage\":{\"@id\":\"https:\/\/www.manaus.am.gov.br\/implurb\/nota-de-pesar-lourenco-costa-e-silva\/#primaryimage\"},\"image\":{\"@id\":\"https:\/\/www.manaus.am.gov.br\/implurb\/nota-de-pesar-lourenco-costa-e-silva\/#primaryimage\"},\"thumbnailUrl\":\"https:\/\/www.manaus.am.gov.br\/implurb\/wp-content\/uploads\/sites\/13\/2023\/07\/Nota-de-Pesar-1-1-e1613240336857-1-1.jpg\",\"datePublished\":\"2023-07-01T15:13:40+00:00\",\"dateModified\":\"2023-07-01T15:13:42+00:00\",\"author\":{\"@id\":\"https:\/\/www.manaus.am.gov.br\/implurb\/#\/schema\/person\/05d223aea2bf115f9883a6ff3683d81b\"},\"description\":\"O prefeito de Manaus, David Almeida, e o Instituto Municipal de Planejamento Urbano (Implurb) se solidarizam \u00e0 fam\u00edlia do servidor p\u00fablico Louren\u00e7o Costa e Silva, que faleceu nesta sexta-feira, 30\/6, aos 65 anos, em decorr\u00eancia de complica\u00e7\u00f5es de uma cirurgia card\u00edaca\",\"breadcrumb\":{\"@id\":\"https:\/\/www.manaus.am.gov.br\/implurb\/nota-de-pesar-lourenco-costa-e-silva\/#breadcrumb\"},\"inLanguage\":\"pt-BR\",\"potentialAction\":[{\"@type\":\"ReadAction\",\"target\":[\"https:\/\/www.manaus.am.gov.br\/implurb\/nota-de-pesar-lourenco-costa-e-silva\/\"]}]},{\"@type\":\"ImageObject\",\"inLanguage\":\"pt-BR\",\"@id\":\"https:\/\/www.manaus.am.gov.br\/implurb\/nota-de-pesar-lourenco-costa-e-silva\/#primaryimage\",\"url\":\"https:\/\/www.manaus.am.gov.br\/implurb\/wp-content\/uploads\/sites\/13\/2023\/07\/Nota-de-Pesar-1-1-e1613240336857-1-1.jpg\",\"contentUrl\":\"https:\/\/www.manaus.am.gov.br\/implurb\/wp-content\/uploads\/sites\/13\/2023\/07\/Nota-de-Pesar-1-1-e1613240336857-1-1.jpg\",\"width\":720,\"height\":407},{\"@type\":\"BreadcrumbList\",\"@id\":\"https:\/\/www.manaus.am.gov.br\/implurb\/nota-de-pesar-lourenco-costa-e-silva\/#breadcrumb\",\"itemListElement\":[{\"@type\":\"ListItem\",\"position\":1,\"name\":\"Home\",\"item\":\"https:\/\/www.manaus.am.gov.br\/implurb\/\"},{\"@type\":\"ListItem\",\"position\":2,\"name\":\"NOTA DE PESAR &#8211; Louren\u00e7o Costa e Silva\"}]},{\"@type\":\"WebSite\",\"@id\":\"https:\/\/www.manaus.am.gov.br\/implurb\/#website\",\"url\":\"https:\/\/www.manaus.am.gov.br\/implurb\/\",\"name\":\"IMPLURB\",\"description\":\"Prefeitura de Manaus\",\"potentialAction\":[{\"@type\":\"SearchAction\",\"target\":{\"@type\":\"EntryPoint\",\"urlTemplate\":\"https:\/\/www.manaus.am.gov.br\/implurb\/?s={search_term_string}\"},\"query-input\":\"required name=search_term_string\"}],\"inLanguage\":\"pt-BR\"},{\"@type\":\"Person\",\"@id\":\"https:\/\/www.manaus.am.gov.br\/implurb\/#\/schema\/person\/05d223aea2bf115f9883a6ff3683d81b\",\"name\":\"Bruna Greco\",\"image\":{\"@type\":\"ImageObject\",\"inLanguage\":\"pt-BR\",\"@id\":\"https:\/\/www.manaus.am.gov.br\/implurb\/#\/schema\/person\/image\/\",\"url\":\"https:\/\/secure.gravatar.com\/avatar\/9c877d1a6adc2a055330e5c09a8653ce?s=96&d=mm&r=g\",\"contentUrl\":\"https:\/\/secure.gravatar.com\/avatar\/9c877d1a6adc2a055330e5c09a8653ce?s=96&d=mm&r=g\",\"caption\":\"Bruna Greco\"}}]}<\/script>\n<!-- \/ Yoast SEO plugin. -->","yoast_head_json":{"title":"NOTA DE PESAR - Louren\u00e7o Costa e Silva","description":"O prefeito de Manaus, David Almeida, e o Instituto Municipal de Planejamento Urbano (Implurb) se solidarizam \u00e0 fam\u00edlia do servidor p\u00fablico Louren\u00e7o Costa e Silva, que faleceu nesta sexta-feira, 30\/6, aos 65 anos, em decorr\u00eancia de complica\u00e7\u00f5es de uma cirurgia card\u00edaca","robots":{"index":"noindex","follow":"follow"},"og_locale":"pt_BR","og_type":"article","og_title":"NOTA DE PESAR - Louren\u00e7o Costa e Silva","og_description":"O prefeito de Manaus, David Almeida, e o Instituto Municipal de Planejamento Urbano (Implurb) se solidarizam \u00e0 fam\u00edlia do servidor p\u00fablico Louren\u00e7o Costa e Silva, que faleceu nesta sexta-feira, 30\/6, aos 65 anos, em decorr\u00eancia de complica\u00e7\u00f5es de uma cirurgia card\u00edaca","og_url":"https:\/\/www.manaus.am.gov.br\/implurb\/nota-de-pesar-lourenco-costa-e-silva\/","og_site_name":"IMPLURB","article_published_time":"2023-07-01T15:13:40+00:00","article_modified_time":"2023-07-01T15:13:42+00:00","og_image":[{"width":720,"height":407,"url":"https:\/\/www.manaus.am.gov.br\/implurb\/wp-content\/uploads\/sites\/13\/2023\/07\/Nota-de-Pesar-1-1-e1613240336857-1-1.jpg","type":"image\/jpeg"}],"author":"Bruna Greco","twitter_card":"summary_large_image","twitter_misc":{"Written by":"Bruna Greco","Est. reading time":"1 minuto"},"schema":{"@context":"https:\/\/schema.org","@graph":[{"@type":"WebPage","@id":"https:\/\/www.manaus.am.gov.br\/implurb\/nota-de-pesar-lourenco-costa-e-silva\/","url":"https:\/\/www.manaus.am.gov.br\/implurb\/nota-de-pesar-lourenco-costa-e-silva\/","name":"NOTA DE PESAR - Louren\u00e7o Costa e Silva","isPartOf":{"@id":"https:\/\/www.manaus.am.gov.br\/implurb\/#website"},"primaryImageOfPage":{"@id":"https:\/\/www.manaus.am.gov.br\/implurb\/nota-de-pesar-lourenco-costa-e-silva\/#primaryimage"},"image":{"@id":"https:\/\/www.manaus.am.gov.br\/implurb\/nota-de-pesar-lourenco-costa-e-silva\/#primaryimage"},"thumbnailUrl":"https:\/\/www.manaus.am.gov.br\/implurb\/wp-content\/uploads\/sites\/13\/2023\/07\/Nota-de-Pesar-1-1-e1613240336857-1-1.jpg","datePublished":"2023-07-01T15:13:40+00:00","dateModified":"2023-07-01T15:13:42+00:00","author":{"@id":"https:\/\/www.manaus.am.gov.br\/implurb\/#\/schema\/person\/05d223aea2bf115f9883a6ff3683d81b"},"description":"O prefeito de Manaus, David Almeida, e o Instituto Municipal de Planejamento Urbano (Implurb) se solidarizam \u00e0 fam\u00edlia do servidor p\u00fablico Louren\u00e7o Costa e Silva, que faleceu nesta sexta-feira, 30\/6, aos 65 anos, em decorr\u00eancia de complica\u00e7\u00f5es de uma cirurgia card\u00edaca","breadcrumb":{"@id":"https:\/\/www.manaus.am.gov.br\/implurb\/nota-de-pesar-lourenco-costa-e-silva\/#breadcrumb"},"inLanguage":"pt-BR","potentialAction":[{"@type":"ReadAction","target":["https:\/\/www.manaus.am.gov.br\/implurb\/nota-de-pesar-lourenco-costa-e-silva\/"]}]},{"@type":"ImageObject","inLanguage":"pt-BR","@id":"https:\/\/www.manaus.am.gov.br\/implurb\/nota-de-pesar-lourenco-costa-e-silva\/#primaryimage","url":"https:\/\/www.manaus.am.gov.br\/implurb\/wp-content\/uploads\/sites\/13\/2023\/07\/Nota-de-Pesar-1-1-e1613240336857-1-1.jpg","contentUrl":"https:\/\/www.manaus.am.gov.br\/implurb\/wp-content\/uploads\/sites\/13\/2023\/07\/Nota-de-Pesar-1-1-e1613240336857-1-1.jpg","width":720,"height":407},{"@type":"BreadcrumbList","@id":"https:\/\/www.manaus.am.gov.br\/implurb\/nota-de-pesar-lourenco-costa-e-silva\/#breadcrumb","itemListElement":[{"@type":"ListItem","position":1,"name":"Home","item":"https:\/\/www.manaus.am.gov.br\/implurb\/"},{"@type":"ListItem","position":2,"name":"NOTA DE PESAR &#8211; Louren\u00e7o Costa e Silva"}]},{"@type":"WebSite","@id":"https:\/\/www.manaus.am.gov.br\/implurb\/#website","url":"https:\/\/www.manaus.am.gov.br\/implurb\/","name":"IMPLURB","description":"Prefeitura de Manaus","potentialAction":[{"@type":"SearchAction","target":{"@type":"EntryPoint","urlTemplate":"https:\/\/www.manaus.am.gov.br\/implurb\/?s={search_term_string}"},"query-input":"required name=search_term_string"}],"inLanguage":"pt-BR"},{"@type":"Person","@id":"https:\/\/www.manaus.am.gov.br\/implurb\/#\/schema\/person\/05d223aea2bf115f9883a6ff3683d81b","name":"Bruna Greco","image":{"@type":"ImageObject","inLanguage":"pt-BR","@id":"https:\/\/www.manaus.am.gov.br\/implurb\/#\/schema\/person\/image\/","url":"https:\/\/secure.gravatar.com\/avatar\/9c877d1a6adc2a055330e5c09a8653ce?s=96&d=mm&r=g","contentUrl":"https:\/\/secure.gravatar.com\/avatar\/9c877d1a6adc2a055330e5c09a8653ce?s=96&d=mm&r=g","caption":"Bruna Greco"}}]}},"_links":{"self":[{"href":"https:\/\/www.manaus.am.gov.br\/implurb\/wp-json\/wp\/v2\/posts\/1701"}],"collection":[{"href":"https:\/\/www.manaus.am.gov.br\/implurb\/wp-json\/wp\/v2\/posts"}],"about":[{"href":"https:\/\/www.manaus.am.gov.br\/implurb\/wp-json\/wp\/v2\/types\/post"}],"author":[{"embeddable":true,"href":"https:\/\/www.manaus.am.gov.br\/implurb\/wp-json\/wp\/v2\/users\/39"}],"replies":[{"embeddable":true,"href":"https:\/\/www.manaus.am.gov.br\/implurb\/wp-json\/wp\/v2\/comments?post=1701"}],"version-history":[{"count":0,"href":"https:\/\/www.manaus.am.gov.br\/implurb\/wp-json\/wp\/v2\/posts\/1701\/revisions"}],"wp:featuredmedia":[{"embeddable":true,"href":"https:\/\/www.manaus.am.gov.br\/implurb\/wp-json\/wp\/v2\/media\/1702"}],"wp:attachment":[{"href":"https:\/\/www.manaus.am.gov.br\/implurb\/wp-json\/wp\/v2\/media?parent=1701"}],"wp:term":[{"taxonomy":"category","embeddable":true,"href":"https:\/\/www.manaus.am.gov.br\/implurb\/wp-json\/wp\/v2\/categories?post=1701"},{"taxonomy":"post_tag","embeddable":true,"href":"https:\/\/www.manaus.am.gov.br\/implurb\/wp-json\/wp\/v2\/tags?post=1701"}],"curies":[{"name":"wp","href":"https:\/\/api.w.org\/{rel}","templated":true}]}}