{"id":1699,"date":"2023-06-30T16:20:58","date_gmt":"2023-06-30T20:20:58","guid":{"rendered":"https:\/\/www.manaus.am.gov.br\/implurb\/parque-linear-no-novo-aleixo-tem-obra-irregular-identificada-notificada-e-embargada-pela-prefeitura\/"},"modified":"2023-06-30T16:20:59","modified_gmt":"2023-06-30T20:20:59","slug":"parque-linear-no-novo-aleixo-tem-obra-irregular-identificada-notificada-e-embargada-pela-prefeitura","status":"publish","type":"post","link":"https:\/\/www.manaus.am.gov.br\/implurb\/parque-linear-no-novo-aleixo-tem-obra-irregular-identificada-notificada-e-embargada-pela-prefeitura\/","title":{"rendered":"<strong>Parque Linear no Novo Aleixo tem obra irregular identificada, notificada e embargada pela prefeitura<\/strong>\u00a0"},"content":{"rendered":"\n<p>Durante rotina de visita a obras na cidade, o prefeito de Manaus, David Almeida, notou, nesta sexta-feira, 30\/6, uma obra com caracter\u00edsticas de irregularidade na rua Beija-Flor, no bairro Tancredo Neves, zona Leste. A constru\u00e7\u00e3o, sem licen\u00e7a e irregular, fica nas proximidades do futuro parque Amazonino Mendes, na divis\u00e3o com o Novo Aleixo, que est\u00e1 em obras na regi\u00e3o do Programa de Recupera\u00e7\u00e3o Ambiental e Requalifica\u00e7\u00e3o Social e Urban\u00edstica do Igarap\u00e9 do Mindu (Promindu).<\/p>\n\n\n\n<p>Em outubro de 2021, a Prefeitura de Manaus fez uma s\u00e9rie de demoli\u00e7\u00f5es de constru\u00e7\u00f5es irregulares no local, que avan\u00e7aram para o espa\u00e7o p\u00fablico e \u00e1rea institucional. A obra de hoje foi notificada e embargada por fiscais do Instituto Municipal de Planejamento Urbano (Implurb), por estar sendo constru\u00edda em \u00e1rea institucional, que n\u00e3o pode ser regularizada e ocupada, tendo sido invadida indevidamente.<\/p>\n\n\n\n<p>\u201c\u00c9 necess\u00e1rio preservar as \u00e1reas ao longo do Promindu e garantir urbaniza\u00e7\u00e3o em nossa cidade. Enfrentamos muita dificuldade com constru\u00e7\u00f5es irregulares em diversos pontos, muitos deles j\u00e1 desapropriados inclusive. Estamos dando continuidade ao grande planejamento da gest\u00e3o David Almeida e buscamos apoio dos moradores para n\u00e3o constru\u00edrem sem licenciamento e ocupando irregularmente \u00e1reas p\u00fablicas\u201d, disse o vice-presidente do Implurb, arquiteto e urbanista Claudemir Andrade.&nbsp;<\/p>\n\n\n\n<p>&#8212; &#8212; &#8212;<\/p>\n\n\n\n<p><strong>Texto<\/strong>&nbsp;\u2013 Claudia do Valle \/ Implurb<\/p>\n\n\n\n<p><strong>Foto<\/strong>\u00a0\u2013 Divulga\u00e7\u00e3o \/ Implurb<\/p>\n","protected":false},"excerpt":{"rendered":"","protected":false},"author":39,"featured_media":1700,"comment_status":"closed","ping_status":"closed","sticky":false,"template":"","format":"standard","meta":{"footnotes":""},"categories":[239],"tags":[31,11,240,241,15,242,243],"acf":[],"yoast_head":"<!-- This site is optimized with the Yoast SEO plugin v23.0 - https:\/\/yoast.com\/wordpress\/plugins\/seo\/ -->\n<title>Parque Linear no Novo Aleixo tem obra irregular identificada, notificada e embargada pela prefeitura<\/title>\n<meta name=\"description\" content=\"Durante rotina de visita a obras na cidade, o prefeito de Manaus, David Almeida, notou, nesta sexta-feira, 30\/6, uma obra com caracter\u00edsticas de irregularidade na rua Beija-Flor, no bairro Tancredo Neves, zona Leste.\" \/>\n<meta name=\"robots\" content=\"noindex, follow\" \/>\n<meta property=\"og:locale\" content=\"pt_BR\" \/>\n<meta property=\"og:type\" content=\"article\" \/>\n<meta property=\"og:title\" content=\"Parque Linear no Novo Aleixo tem obra irregular identificada, notificada e embargada pela prefeitura\" \/>\n<meta property=\"og:description\" content=\"Durante rotina de visita a obras na cidade, o prefeito de Manaus, David Almeida, notou, nesta sexta-feira, 30\/6, uma obra com caracter\u00edsticas de irregularidade na rua Beija-Flor, no bairro Tancredo Neves, zona Leste.\" \/>\n<meta property=\"og:url\" content=\"https:\/\/www.manaus.am.gov.br\/implurb\/parque-linear-no-novo-aleixo-tem-obra-irregular-identificada-notificada-e-embargada-pela-prefeitura\/\" \/>\n<meta property=\"og:site_name\" content=\"IMPLURB\" \/>\n<meta property=\"article:published_time\" content=\"2023-06-30T20:20:58+00:00\" \/>\n<meta property=\"article:modified_time\" content=\"2023-06-30T20:20:59+00:00\" \/>\n<meta property=\"og:image\" content=\"https:\/\/www.manaus.am.gov.br\/implurb\/wp-content\/uploads\/sites\/13\/2023\/06\/Promindu-2.jpg\" \/>\n\t<meta property=\"og:image:width\" content=\"1599\" \/>\n\t<meta property=\"og:image:height\" content=\"899\" \/>\n\t<meta property=\"og:image:type\" content=\"image\/jpeg\" \/>\n<meta name=\"author\" content=\"Bruna Greco\" \/>\n<meta name=\"twitter:card\" content=\"summary_large_image\" \/>\n<meta name=\"twitter:label1\" content=\"Written by\" \/>\n\t<meta name=\"twitter:data1\" content=\"Bruna Greco\" \/>\n\t<meta name=\"twitter:label2\" content=\"Est. reading time\" \/>\n\t<meta name=\"twitter:data2\" content=\"2 minutos\" \/>\n<script type=\"application\/ld+json\" class=\"yoast-schema-graph\">{\"@context\":\"https:\/\/schema.org\",\"@graph\":[{\"@type\":\"WebPage\",\"@id\":\"https:\/\/www.manaus.am.gov.br\/implurb\/parque-linear-no-novo-aleixo-tem-obra-irregular-identificada-notificada-e-embargada-pela-prefeitura\/\",\"url\":\"https:\/\/www.manaus.am.gov.br\/implurb\/parque-linear-no-novo-aleixo-tem-obra-irregular-identificada-notificada-e-embargada-pela-prefeitura\/\",\"name\":\"Parque Linear no Novo Aleixo tem obra irregular identificada, notificada e embargada pela prefeitura\",\"isPartOf\":{\"@id\":\"https:\/\/www.manaus.am.gov.br\/implurb\/#website\"},\"primaryImageOfPage\":{\"@id\":\"https:\/\/www.manaus.am.gov.br\/implurb\/parque-linear-no-novo-aleixo-tem-obra-irregular-identificada-notificada-e-embargada-pela-prefeitura\/#primaryimage\"},\"image\":{\"@id\":\"https:\/\/www.manaus.am.gov.br\/implurb\/parque-linear-no-novo-aleixo-tem-obra-irregular-identificada-notificada-e-embargada-pela-prefeitura\/#primaryimage\"},\"thumbnailUrl\":\"https:\/\/www.manaus.am.gov.br\/implurb\/wp-content\/uploads\/sites\/13\/2023\/06\/Promindu-2.jpg\",\"datePublished\":\"2023-06-30T20:20:58+00:00\",\"dateModified\":\"2023-06-30T20:20:59+00:00\",\"author\":{\"@id\":\"https:\/\/www.manaus.am.gov.br\/implurb\/#\/schema\/person\/05d223aea2bf115f9883a6ff3683d81b\"},\"description\":\"Durante rotina de visita a obras na cidade, o prefeito de Manaus, David Almeida, notou, nesta sexta-feira, 30\/6, uma obra com caracter\u00edsticas de irregularidade na rua Beija-Flor, no bairro Tancredo Neves, zona Leste.\",\"breadcrumb\":{\"@id\":\"https:\/\/www.manaus.am.gov.br\/implurb\/parque-linear-no-novo-aleixo-tem-obra-irregular-identificada-notificada-e-embargada-pela-prefeitura\/#breadcrumb\"},\"inLanguage\":\"pt-BR\",\"potentialAction\":[{\"@type\":\"ReadAction\",\"target\":[\"https:\/\/www.manaus.am.gov.br\/implurb\/parque-linear-no-novo-aleixo-tem-obra-irregular-identificada-notificada-e-embargada-pela-prefeitura\/\"]}]},{\"@type\":\"ImageObject\",\"inLanguage\":\"pt-BR\",\"@id\":\"https:\/\/www.manaus.am.gov.br\/implurb\/parque-linear-no-novo-aleixo-tem-obra-irregular-identificada-notificada-e-embargada-pela-prefeitura\/#primaryimage\",\"url\":\"https:\/\/www.manaus.am.gov.br\/implurb\/wp-content\/uploads\/sites\/13\/2023\/06\/Promindu-2.jpg\",\"contentUrl\":\"https:\/\/www.manaus.am.gov.br\/implurb\/wp-content\/uploads\/sites\/13\/2023\/06\/Promindu-2.jpg\",\"width\":1599,\"height\":899},{\"@type\":\"BreadcrumbList\",\"@id\":\"https:\/\/www.manaus.am.gov.br\/implurb\/parque-linear-no-novo-aleixo-tem-obra-irregular-identificada-notificada-e-embargada-pela-prefeitura\/#breadcrumb\",\"itemListElement\":[{\"@type\":\"ListItem\",\"position\":1,\"name\":\"Home\",\"item\":\"https:\/\/www.manaus.am.gov.br\/implurb\/\"},{\"@type\":\"ListItem\",\"position\":2,\"name\":\"Parque Linear no Novo Aleixo tem obra irregular identificada, notificada e embargada pela prefeitura\u00a0\"}]},{\"@type\":\"WebSite\",\"@id\":\"https:\/\/www.manaus.am.gov.br\/implurb\/#website\",\"url\":\"https:\/\/www.manaus.am.gov.br\/implurb\/\",\"name\":\"IMPLURB\",\"description\":\"Prefeitura de Manaus\",\"potentialAction\":[{\"@type\":\"SearchAction\",\"target\":{\"@type\":\"EntryPoint\",\"urlTemplate\":\"https:\/\/www.manaus.am.gov.br\/implurb\/?s={search_term_string}\"},\"query-input\":\"required name=search_term_string\"}],\"inLanguage\":\"pt-BR\"},{\"@type\":\"Person\",\"@id\":\"https:\/\/www.manaus.am.gov.br\/implurb\/#\/schema\/person\/05d223aea2bf115f9883a6ff3683d81b\",\"name\":\"Bruna Greco\",\"image\":{\"@type\":\"ImageObject\",\"inLanguage\":\"pt-BR\",\"@id\":\"https:\/\/www.manaus.am.gov.br\/implurb\/#\/schema\/person\/image\/\",\"url\":\"https:\/\/secure.gravatar.com\/avatar\/9c877d1a6adc2a055330e5c09a8653ce?s=96&d=mm&r=g\",\"contentUrl\":\"https:\/\/secure.gravatar.com\/avatar\/9c877d1a6adc2a055330e5c09a8653ce?s=96&d=mm&r=g\",\"caption\":\"Bruna Greco\"}}]}<\/script>\n<!-- \/ Yoast SEO plugin. -->","yoast_head_json":{"title":"Parque Linear no Novo Aleixo tem obra irregular identificada, notificada e embargada pela prefeitura","description":"Durante rotina de visita a obras na cidade, o prefeito de Manaus, David Almeida, notou, nesta sexta-feira, 30\/6, uma obra com caracter\u00edsticas de irregularidade na rua Beija-Flor, no bairro Tancredo Neves, zona Leste.","robots":{"index":"noindex","follow":"follow"},"og_locale":"pt_BR","og_type":"article","og_title":"Parque Linear no Novo Aleixo tem obra irregular identificada, notificada e embargada pela prefeitura","og_description":"Durante rotina de visita a obras na cidade, o prefeito de Manaus, David Almeida, notou, nesta sexta-feira, 30\/6, uma obra com caracter\u00edsticas de irregularidade na rua Beija-Flor, no bairro Tancredo Neves, zona Leste.","og_url":"https:\/\/www.manaus.am.gov.br\/implurb\/parque-linear-no-novo-aleixo-tem-obra-irregular-identificada-notificada-e-embargada-pela-prefeitura\/","og_site_name":"IMPLURB","article_published_time":"2023-06-30T20:20:58+00:00","article_modified_time":"2023-06-30T20:20:59+00:00","og_image":[{"width":1599,"height":899,"url":"https:\/\/www.manaus.am.gov.br\/implurb\/wp-content\/uploads\/sites\/13\/2023\/06\/Promindu-2.jpg","type":"image\/jpeg"}],"author":"Bruna Greco","twitter_card":"summary_large_image","twitter_misc":{"Written by":"Bruna Greco","Est. reading time":"2 minutos"},"schema":{"@context":"https:\/\/schema.org","@graph":[{"@type":"WebPage","@id":"https:\/\/www.manaus.am.gov.br\/implurb\/parque-linear-no-novo-aleixo-tem-obra-irregular-identificada-notificada-e-embargada-pela-prefeitura\/","url":"https:\/\/www.manaus.am.gov.br\/implurb\/parque-linear-no-novo-aleixo-tem-obra-irregular-identificada-notificada-e-embargada-pela-prefeitura\/","name":"Parque Linear no Novo Aleixo tem obra irregular identificada, notificada e embargada pela prefeitura","isPartOf":{"@id":"https:\/\/www.manaus.am.gov.br\/implurb\/#website"},"primaryImageOfPage":{"@id":"https:\/\/www.manaus.am.gov.br\/implurb\/parque-linear-no-novo-aleixo-tem-obra-irregular-identificada-notificada-e-embargada-pela-prefeitura\/#primaryimage"},"image":{"@id":"https:\/\/www.manaus.am.gov.br\/implurb\/parque-linear-no-novo-aleixo-tem-obra-irregular-identificada-notificada-e-embargada-pela-prefeitura\/#primaryimage"},"thumbnailUrl":"https:\/\/www.manaus.am.gov.br\/implurb\/wp-content\/uploads\/sites\/13\/2023\/06\/Promindu-2.jpg","datePublished":"2023-06-30T20:20:58+00:00","dateModified":"2023-06-30T20:20:59+00:00","author":{"@id":"https:\/\/www.manaus.am.gov.br\/implurb\/#\/schema\/person\/05d223aea2bf115f9883a6ff3683d81b"},"description":"Durante rotina de visita a obras na cidade, o prefeito de Manaus, David Almeida, notou, nesta sexta-feira, 30\/6, uma obra com caracter\u00edsticas de irregularidade na rua Beija-Flor, no bairro Tancredo Neves, zona Leste.","breadcrumb":{"@id":"https:\/\/www.manaus.am.gov.br\/implurb\/parque-linear-no-novo-aleixo-tem-obra-irregular-identificada-notificada-e-embargada-pela-prefeitura\/#breadcrumb"},"inLanguage":"pt-BR","potentialAction":[{"@type":"ReadAction","target":["https:\/\/www.manaus.am.gov.br\/implurb\/parque-linear-no-novo-aleixo-tem-obra-irregular-identificada-notificada-e-embargada-pela-prefeitura\/"]}]},{"@type":"ImageObject","inLanguage":"pt-BR","@id":"https:\/\/www.manaus.am.gov.br\/implurb\/parque-linear-no-novo-aleixo-tem-obra-irregular-identificada-notificada-e-embargada-pela-prefeitura\/#primaryimage","url":"https:\/\/www.manaus.am.gov.br\/implurb\/wp-content\/uploads\/sites\/13\/2023\/06\/Promindu-2.jpg","contentUrl":"https:\/\/www.manaus.am.gov.br\/implurb\/wp-content\/uploads\/sites\/13\/2023\/06\/Promindu-2.jpg","width":1599,"height":899},{"@type":"BreadcrumbList","@id":"https:\/\/www.manaus.am.gov.br\/implurb\/parque-linear-no-novo-aleixo-tem-obra-irregular-identificada-notificada-e-embargada-pela-prefeitura\/#breadcrumb","itemListElement":[{"@type":"ListItem","position":1,"name":"Home","item":"https:\/\/www.manaus.am.gov.br\/implurb\/"},{"@type":"ListItem","position":2,"name":"Parque Linear no Novo Aleixo tem obra irregular identificada, notificada e embargada pela prefeitura\u00a0"}]},{"@type":"WebSite","@id":"https:\/\/www.manaus.am.gov.br\/implurb\/#website","url":"https:\/\/www.manaus.am.gov.br\/implurb\/","name":"IMPLURB","description":"Prefeitura de Manaus","potentialAction":[{"@type":"SearchAction","target":{"@type":"EntryPoint","urlTemplate":"https:\/\/www.manaus.am.gov.br\/implurb\/?s={search_term_string}"},"query-input":"required name=search_term_string"}],"inLanguage":"pt-BR"},{"@type":"Person","@id":"https:\/\/www.manaus.am.gov.br\/implurb\/#\/schema\/person\/05d223aea2bf115f9883a6ff3683d81b","name":"Bruna Greco","image":{"@type":"ImageObject","inLanguage":"pt-BR","@id":"https:\/\/www.manaus.am.gov.br\/implurb\/#\/schema\/person\/image\/","url":"https:\/\/secure.gravatar.com\/avatar\/9c877d1a6adc2a055330e5c09a8653ce?s=96&d=mm&r=g","contentUrl":"https:\/\/secure.gravatar.com\/avatar\/9c877d1a6adc2a055330e5c09a8653ce?s=96&d=mm&r=g","caption":"Bruna Greco"}}]}},"_links":{"self":[{"href":"https:\/\/www.manaus.am.gov.br\/implurb\/wp-json\/wp\/v2\/posts\/1699"}],"collection":[{"href":"https:\/\/www.manaus.am.gov.br\/implurb\/wp-json\/wp\/v2\/posts"}],"about":[{"href":"https:\/\/www.manaus.am.gov.br\/implurb\/wp-json\/wp\/v2\/types\/post"}],"author":[{"embeddable":true,"href":"https:\/\/www.manaus.am.gov.br\/implurb\/wp-json\/wp\/v2\/users\/39"}],"replies":[{"embeddable":true,"href":"https:\/\/www.manaus.am.gov.br\/implurb\/wp-json\/wp\/v2\/comments?post=1699"}],"version-history":[{"count":0,"href":"https:\/\/www.manaus.am.gov.br\/implurb\/wp-json\/wp\/v2\/posts\/1699\/revisions"}],"wp:featuredmedia":[{"embeddable":true,"href":"https:\/\/www.manaus.am.gov.br\/implurb\/wp-json\/wp\/v2\/media\/1700"}],"wp:attachment":[{"href":"https:\/\/www.manaus.am.gov.br\/implurb\/wp-json\/wp\/v2\/media?parent=1699"}],"wp:term":[{"taxonomy":"category","embeddable":true,"href":"https:\/\/www.manaus.am.gov.br\/implurb\/wp-json\/wp\/v2\/categories?post=1699"},{"taxonomy":"post_tag","embeddable":true,"href":"https:\/\/www.manaus.am.gov.br\/implurb\/wp-json\/wp\/v2\/tags?post=1699"}],"curies":[{"name":"wp","href":"https:\/\/api.w.org\/{rel}","templated":true}]}}