{"id":1685,"date":"2023-06-28T15:03:46","date_gmt":"2023-06-28T19:03:46","guid":{"rendered":"https:\/\/www.manaus.am.gov.br\/implurb\/prefeitura-de-manaus-destaca-regularizacao-de-mais-de-11-mil-unidades-habitacionais-nos-58-anos-da-suhab\/"},"modified":"2023-11-16T16:16:09","modified_gmt":"2023-11-16T20:16:09","slug":"prefeitura-de-manaus-destaca-regularizacao-de-mais-de-11-mil-unidades-habitacionais-nos-58-anos-da-suhab","status":"publish","type":"post","link":"https:\/\/www.manaus.am.gov.br\/implurb\/prefeitura-de-manaus-destaca-regularizacao-de-mais-de-11-mil-unidades-habitacionais-nos-58-anos-da-suhab\/","title":{"rendered":"Prefeitura de Manaus destaca regulariza\u00e7\u00e3o de mais de 11 mil unidades habitacionais nos 58 anos da Suhab"},"content":{"rendered":"\n<p>Durante as comemora\u00e7\u00f5es dos 58 anos da Superintend\u00eancia de Habita\u00e7\u00e3o do Amazonas (Suhab), a coopera\u00e7\u00e3o t\u00e9cnica com a Prefeitura de Manaus, via Instituto Municipal de Planejamento Urbano (Implurb), deu provas da import\u00e2ncia do alinhamento com os n\u00fameros alcan\u00e7ados durante o trabalho. A cerim\u00f4nia ocorreu, nesta quarta-feira, 28\/6, no&nbsp;Centro de Conven\u00e7\u00f5es do Amazonas &#8211; Vasco Vasques, bairro Dom Pedro, zona Centro-Oeste.<\/p>\n\n\n\n<p>O diretor-presidente do Implurb, engenheiro Carlos Valente, lembrou que desde o termo de coopera\u00e7\u00e3o j\u00e1 foram regularizados mais de 11 mil unidades habitacionais, que passaram a ter a certid\u00e3o de Habite-se expedida pela autarquia. Nas \u00e1reas que s\u00e3o do Estado, o registro de im\u00f3vel \u00e9 entregue pela Suhab, sendo essencial o Habite-se para emiss\u00e3o do documento pelos cart\u00f3rios.<\/p>\n\n\n\n<p>Durante o \u00faltimo ano, a parceria beneficiou 10.655 unidades no Nova Cidade; no&nbsp;Viver Melhor III, foram mais 512 unidades; Petr\u00f3polis, com 192 unidades; e Amadeu Botelho, com 800 unidades.<\/p>\n\n\n\n<p>O Habite-se \u00e9 um documento que atesta que a resid\u00eancia foi constru\u00edda de acordo com as normas estabelecidas pela legisla\u00e7\u00e3o municipal, sendo necess\u00e1rio, tanto para novas constru\u00e7\u00f5es quanto para obras e reformas.<\/p>\n\n\n\n<p>\u201cNestes 58 anos da Suhab, a Prefeitura de Manaus, por determina\u00e7\u00e3o do prefeito David Almeida, celebrou o acordo de coopera\u00e7\u00e3o para promover regulariza\u00e7\u00e3o urban\u00edstica e fundi\u00e1ria em diversas zonas e conjuntos habitacionais de Manaus. Esse termo j\u00e1 produziu mais de 11 mil regulariza\u00e7\u00f5es de im\u00f3veis na capital. \u00c9 um trabalho que vem regularizando esses passivos deixados para tr\u00e1s e que basicamente acabaram abandonando moradores e propriet\u00e1rios ao longo de 10 anos, 15 anos e at\u00e9 30 anos\u201d, comentou Valente.<\/p>\n\n\n\n<p>Para o diretor-presidente do Implurb, o prefeito \u00e9 sens\u00edvel \u00e0 tem\u00e1tica da regulariza\u00e7\u00e3o, o que tem resultado em a\u00e7\u00f5es exitosas e em proveito e benef\u00edcio da popula\u00e7\u00e3o, que pode, finalmente, ter seus bens m\u00f3veis regularizados. \u201cParabenizamos o esfor\u00e7o do governo estadual, do diretor-presidente Jivago Afonso, da Suhab, e o Implurb reitera o compromisso de trabalhar em benef\u00edcio dos moradores e cidad\u00e3os\u201d, completou.<\/p>\n\n\n\n<p>As a\u00e7\u00f5es incluem a regulariza\u00e7\u00e3o de conjuntos habitacionais entregues por gest\u00f5es anteriores sem a documenta\u00e7\u00e3o que atesta a regularidade dos im\u00f3veis.<\/p>\n\n\n\n<p>\u201cO prefeito David Almeida sempre tem direcionado as a\u00e7\u00f5es de parceria do Implurb e demais \u00f3rg\u00e3os, como este em especial com a Suhab, para resolver os passivos de regulariza\u00e7\u00e3o, onde a popula\u00e7\u00e3o tem os im\u00f3veis de fato, mas n\u00e3o tem o direito ao bem, que n\u00e3o est\u00e1 no seu nome.&nbsp;\u00c9 a partir da certid\u00e3o do Habite-se que o propriet\u00e1rio pode ir ao cart\u00f3rio e averbar sua casa, apartamento e habitacional. O Habite-se \u00e9 a certid\u00e3o de nascimento do im\u00f3vel. E esse passivo hist\u00f3rico da cidade est\u00e1 sendo reduzido com a jun\u00e7\u00e3o dos esfor\u00e7os do prefeito e do governador Wilson Lima\u201d, afirmou Valente.<\/p>\n\n\n\n<p>Dando sequ\u00eancia aos trabalhos, em 2023 est\u00e3o na agenda das institui\u00e7\u00f5es atuar na regulariza\u00e7\u00e3o conjunta dos residenciais Cidad\u00e3o XI, Viver Melhor I, II e IV, Cidad\u00e3o IX, entre outros.<\/p>\n\n\n\n<p><strong>Reurb<\/strong><\/p>\n\n\n\n<p>Ainda faz parte do termo a\u00e7\u00f5es de Regulariza\u00e7\u00e3o Fundi\u00e1ria Urbana (Reurb) e na ter\u00e7a-feira, 26, o prefeito David Almeida assinou a certid\u00e3o para o conjunto habitacional Amadeu Botelho, na zona Norte, dentro da coopera\u00e7\u00e3o, incluindo a Secretaria Municipal de Habita\u00e7\u00e3o e Assuntos Fundi\u00e1rios (Semhaf). Ao todo, ser\u00e3o beneficiadas 800 fam\u00edlias.<\/p>\n\n\n\n<p>O documento garante aos propriet\u00e1rios seguran\u00e7a jur\u00eddica de propriedade de im\u00f3veis e valoriza\u00e7\u00e3o de terrenos. Para a futura entrega dos t\u00edtulos definitivos ser\u00e3o emitidas, junto aos cart\u00f3rios, as Certid\u00f5es de Regulariza\u00e7\u00e3o Fundi\u00e1ria (CRFs).&nbsp;<\/p>\n\n\n\n<p>&#8212; &#8212; &#8212;<\/p>\n\n\n\n<p><strong>Texto<\/strong>&nbsp;\u2013 Claudia do Valle \/ Implurb<\/p>\n\n\n\n<p><strong>Fotos &#8211;<\/strong>&nbsp;Divulga\u00e7\u00e3o \/ Secom<\/p>\n","protected":false},"excerpt":{"rendered":"","protected":false},"author":24,"featured_media":1686,"comment_status":"closed","ping_status":"closed","sticky":false,"template":"","format":"standard","meta":{"footnotes":""},"categories":[228],"tags":[229,28,31,106,11,86,230,15,184,231],"acf":[],"yoast_head":"<!-- This site is optimized with the Yoast SEO plugin v23.0 - https:\/\/yoast.com\/wordpress\/plugins\/seo\/ -->\n<title>Prefeitura de Manaus destaca regulariza\u00e7\u00e3o de mais de 11 mil unidades habitacionais nos 58 anos da Suhab - IMPLURB<\/title>\n<meta name=\"description\" content=\"Durante as comemora\u00e7\u00f5es dos 58 anos da Superintend\u00eancia de Habita\u00e7\u00e3o do Amazonas (Suhab), a coopera\u00e7\u00e3o t\u00e9cnica com a Prefeitura de Manaus, via Instituto Municipal de Planejamento Urbano (Implurb), deu provas da import\u00e2ncia do alinhamento com os n\u00fameros alcan\u00e7ados durante o trabalho.\" \/>\n<meta name=\"robots\" content=\"noindex, follow\" \/>\n<meta property=\"og:locale\" content=\"pt_BR\" \/>\n<meta property=\"og:type\" content=\"article\" \/>\n<meta property=\"og:title\" content=\"Prefeitura de Manaus destaca regulariza\u00e7\u00e3o de mais de 11 mil unidades habitacionais nos 58 anos da Suhab - IMPLURB\" \/>\n<meta property=\"og:description\" content=\"Durante as comemora\u00e7\u00f5es dos 58 anos da Superintend\u00eancia de Habita\u00e7\u00e3o do Amazonas (Suhab), a coopera\u00e7\u00e3o t\u00e9cnica com a Prefeitura de Manaus, via Instituto Municipal de Planejamento Urbano (Implurb), deu provas da import\u00e2ncia do alinhamento com os n\u00fameros alcan\u00e7ados durante o trabalho.\" \/>\n<meta property=\"og:url\" content=\"https:\/\/www.manaus.am.gov.br\/implurb\/prefeitura-de-manaus-destaca-regularizacao-de-mais-de-11-mil-unidades-habitacionais-nos-58-anos-da-suhab\/\" \/>\n<meta property=\"og:site_name\" content=\"IMPLURB\" \/>\n<meta property=\"article:published_time\" content=\"2023-06-28T19:03:46+00:00\" \/>\n<meta property=\"article:modified_time\" content=\"2023-11-16T20:16:09+00:00\" \/>\n<meta property=\"og:image\" content=\"https:\/\/www.manaus.am.gov.br\/implurb\/wp-content\/uploads\/sites\/13\/2023\/06\/suhab2.jpg\" \/>\n\t<meta property=\"og:image:width\" content=\"1024\" \/>\n\t<meta property=\"og:image:height\" content=\"683\" \/>\n\t<meta property=\"og:image:type\" content=\"image\/jpeg\" \/>\n<meta name=\"author\" content=\"Cl\u00e1udia Barbosa\" \/>\n<meta name=\"twitter:card\" content=\"summary_large_image\" \/>\n<meta name=\"twitter:label1\" content=\"Written by\" \/>\n\t<meta name=\"twitter:data1\" content=\"Cl\u00e1udia Barbosa\" \/>\n\t<meta name=\"twitter:label2\" content=\"Est. reading time\" \/>\n\t<meta name=\"twitter:data2\" content=\"4 minutos\" \/>\n<script type=\"application\/ld+json\" class=\"yoast-schema-graph\">{\"@context\":\"https:\/\/schema.org\",\"@graph\":[{\"@type\":\"WebPage\",\"@id\":\"https:\/\/www.manaus.am.gov.br\/implurb\/prefeitura-de-manaus-destaca-regularizacao-de-mais-de-11-mil-unidades-habitacionais-nos-58-anos-da-suhab\/\",\"url\":\"https:\/\/www.manaus.am.gov.br\/implurb\/prefeitura-de-manaus-destaca-regularizacao-de-mais-de-11-mil-unidades-habitacionais-nos-58-anos-da-suhab\/\",\"name\":\"Prefeitura de Manaus destaca regulariza\u00e7\u00e3o de mais de 11 mil unidades habitacionais nos 58 anos da Suhab - IMPLURB\",\"isPartOf\":{\"@id\":\"https:\/\/www.manaus.am.gov.br\/implurb\/#website\"},\"primaryImageOfPage\":{\"@id\":\"https:\/\/www.manaus.am.gov.br\/implurb\/prefeitura-de-manaus-destaca-regularizacao-de-mais-de-11-mil-unidades-habitacionais-nos-58-anos-da-suhab\/#primaryimage\"},\"image\":{\"@id\":\"https:\/\/www.manaus.am.gov.br\/implurb\/prefeitura-de-manaus-destaca-regularizacao-de-mais-de-11-mil-unidades-habitacionais-nos-58-anos-da-suhab\/#primaryimage\"},\"thumbnailUrl\":\"https:\/\/www.manaus.am.gov.br\/implurb\/wp-content\/uploads\/sites\/13\/2023\/06\/suhab2.jpg\",\"datePublished\":\"2023-06-28T19:03:46+00:00\",\"dateModified\":\"2023-11-16T20:16:09+00:00\",\"author\":{\"@id\":\"https:\/\/www.manaus.am.gov.br\/implurb\/#\/schema\/person\/d0a166b5031154c33c77794ddc9a827e\"},\"description\":\"Durante as comemora\u00e7\u00f5es dos 58 anos da Superintend\u00eancia de Habita\u00e7\u00e3o do Amazonas (Suhab), a coopera\u00e7\u00e3o t\u00e9cnica com a Prefeitura de Manaus, via Instituto Municipal de Planejamento Urbano (Implurb), deu provas da import\u00e2ncia do alinhamento com os n\u00fameros alcan\u00e7ados durante o trabalho.\",\"breadcrumb\":{\"@id\":\"https:\/\/www.manaus.am.gov.br\/implurb\/prefeitura-de-manaus-destaca-regularizacao-de-mais-de-11-mil-unidades-habitacionais-nos-58-anos-da-suhab\/#breadcrumb\"},\"inLanguage\":\"pt-BR\",\"potentialAction\":[{\"@type\":\"ReadAction\",\"target\":[\"https:\/\/www.manaus.am.gov.br\/implurb\/prefeitura-de-manaus-destaca-regularizacao-de-mais-de-11-mil-unidades-habitacionais-nos-58-anos-da-suhab\/\"]}]},{\"@type\":\"ImageObject\",\"inLanguage\":\"pt-BR\",\"@id\":\"https:\/\/www.manaus.am.gov.br\/implurb\/prefeitura-de-manaus-destaca-regularizacao-de-mais-de-11-mil-unidades-habitacionais-nos-58-anos-da-suhab\/#primaryimage\",\"url\":\"https:\/\/www.manaus.am.gov.br\/implurb\/wp-content\/uploads\/sites\/13\/2023\/06\/suhab2.jpg\",\"contentUrl\":\"https:\/\/www.manaus.am.gov.br\/implurb\/wp-content\/uploads\/sites\/13\/2023\/06\/suhab2.jpg\",\"width\":1024,\"height\":683},{\"@type\":\"BreadcrumbList\",\"@id\":\"https:\/\/www.manaus.am.gov.br\/implurb\/prefeitura-de-manaus-destaca-regularizacao-de-mais-de-11-mil-unidades-habitacionais-nos-58-anos-da-suhab\/#breadcrumb\",\"itemListElement\":[{\"@type\":\"ListItem\",\"position\":1,\"name\":\"Home\",\"item\":\"https:\/\/www.manaus.am.gov.br\/implurb\/\"},{\"@type\":\"ListItem\",\"position\":2,\"name\":\"Prefeitura de Manaus destaca regulariza\u00e7\u00e3o de mais de 11 mil unidades habitacionais nos 58 anos da Suhab\"}]},{\"@type\":\"WebSite\",\"@id\":\"https:\/\/www.manaus.am.gov.br\/implurb\/#website\",\"url\":\"https:\/\/www.manaus.am.gov.br\/implurb\/\",\"name\":\"IMPLURB\",\"description\":\"Prefeitura de Manaus\",\"potentialAction\":[{\"@type\":\"SearchAction\",\"target\":{\"@type\":\"EntryPoint\",\"urlTemplate\":\"https:\/\/www.manaus.am.gov.br\/implurb\/?s={search_term_string}\"},\"query-input\":\"required name=search_term_string\"}],\"inLanguage\":\"pt-BR\"},{\"@type\":\"Person\",\"@id\":\"https:\/\/www.manaus.am.gov.br\/implurb\/#\/schema\/person\/d0a166b5031154c33c77794ddc9a827e\",\"name\":\"Cl\u00e1udia Barbosa\",\"image\":{\"@type\":\"ImageObject\",\"inLanguage\":\"pt-BR\",\"@id\":\"https:\/\/www.manaus.am.gov.br\/implurb\/#\/schema\/person\/image\/\",\"url\":\"https:\/\/secure.gravatar.com\/avatar\/42958a1cf007f1a00534009218c72590?s=96&d=mm&r=g\",\"contentUrl\":\"https:\/\/secure.gravatar.com\/avatar\/42958a1cf007f1a00534009218c72590?s=96&d=mm&r=g\",\"caption\":\"Cl\u00e1udia Barbosa\"}}]}<\/script>\n<!-- \/ Yoast SEO plugin. -->","yoast_head_json":{"title":"Prefeitura de Manaus destaca regulariza\u00e7\u00e3o de mais de 11 mil unidades habitacionais nos 58 anos da Suhab - IMPLURB","description":"Durante as comemora\u00e7\u00f5es dos 58 anos da Superintend\u00eancia de Habita\u00e7\u00e3o do Amazonas (Suhab), a coopera\u00e7\u00e3o t\u00e9cnica com a Prefeitura de Manaus, via Instituto Municipal de Planejamento Urbano (Implurb), deu provas da import\u00e2ncia do alinhamento com os n\u00fameros alcan\u00e7ados durante o trabalho.","robots":{"index":"noindex","follow":"follow"},"og_locale":"pt_BR","og_type":"article","og_title":"Prefeitura de Manaus destaca regulariza\u00e7\u00e3o de mais de 11 mil unidades habitacionais nos 58 anos da Suhab - IMPLURB","og_description":"Durante as comemora\u00e7\u00f5es dos 58 anos da Superintend\u00eancia de Habita\u00e7\u00e3o do Amazonas (Suhab), a coopera\u00e7\u00e3o t\u00e9cnica com a Prefeitura de Manaus, via Instituto Municipal de Planejamento Urbano (Implurb), deu provas da import\u00e2ncia do alinhamento com os n\u00fameros alcan\u00e7ados durante o trabalho.","og_url":"https:\/\/www.manaus.am.gov.br\/implurb\/prefeitura-de-manaus-destaca-regularizacao-de-mais-de-11-mil-unidades-habitacionais-nos-58-anos-da-suhab\/","og_site_name":"IMPLURB","article_published_time":"2023-06-28T19:03:46+00:00","article_modified_time":"2023-11-16T20:16:09+00:00","og_image":[{"width":1024,"height":683,"url":"https:\/\/www.manaus.am.gov.br\/implurb\/wp-content\/uploads\/sites\/13\/2023\/06\/suhab2.jpg","type":"image\/jpeg"}],"author":"Cl\u00e1udia Barbosa","twitter_card":"summary_large_image","twitter_misc":{"Written by":"Cl\u00e1udia Barbosa","Est. reading time":"4 minutos"},"schema":{"@context":"https:\/\/schema.org","@graph":[{"@type":"WebPage","@id":"https:\/\/www.manaus.am.gov.br\/implurb\/prefeitura-de-manaus-destaca-regularizacao-de-mais-de-11-mil-unidades-habitacionais-nos-58-anos-da-suhab\/","url":"https:\/\/www.manaus.am.gov.br\/implurb\/prefeitura-de-manaus-destaca-regularizacao-de-mais-de-11-mil-unidades-habitacionais-nos-58-anos-da-suhab\/","name":"Prefeitura de Manaus destaca regulariza\u00e7\u00e3o de mais de 11 mil unidades habitacionais nos 58 anos da Suhab - IMPLURB","isPartOf":{"@id":"https:\/\/www.manaus.am.gov.br\/implurb\/#website"},"primaryImageOfPage":{"@id":"https:\/\/www.manaus.am.gov.br\/implurb\/prefeitura-de-manaus-destaca-regularizacao-de-mais-de-11-mil-unidades-habitacionais-nos-58-anos-da-suhab\/#primaryimage"},"image":{"@id":"https:\/\/www.manaus.am.gov.br\/implurb\/prefeitura-de-manaus-destaca-regularizacao-de-mais-de-11-mil-unidades-habitacionais-nos-58-anos-da-suhab\/#primaryimage"},"thumbnailUrl":"https:\/\/www.manaus.am.gov.br\/implurb\/wp-content\/uploads\/sites\/13\/2023\/06\/suhab2.jpg","datePublished":"2023-06-28T19:03:46+00:00","dateModified":"2023-11-16T20:16:09+00:00","author":{"@id":"https:\/\/www.manaus.am.gov.br\/implurb\/#\/schema\/person\/d0a166b5031154c33c77794ddc9a827e"},"description":"Durante as comemora\u00e7\u00f5es dos 58 anos da Superintend\u00eancia de Habita\u00e7\u00e3o do Amazonas (Suhab), a coopera\u00e7\u00e3o t\u00e9cnica com a Prefeitura de Manaus, via Instituto Municipal de Planejamento Urbano (Implurb), deu provas da import\u00e2ncia do alinhamento com os n\u00fameros alcan\u00e7ados durante o trabalho.","breadcrumb":{"@id":"https:\/\/www.manaus.am.gov.br\/implurb\/prefeitura-de-manaus-destaca-regularizacao-de-mais-de-11-mil-unidades-habitacionais-nos-58-anos-da-suhab\/#breadcrumb"},"inLanguage":"pt-BR","potentialAction":[{"@type":"ReadAction","target":["https:\/\/www.manaus.am.gov.br\/implurb\/prefeitura-de-manaus-destaca-regularizacao-de-mais-de-11-mil-unidades-habitacionais-nos-58-anos-da-suhab\/"]}]},{"@type":"ImageObject","inLanguage":"pt-BR","@id":"https:\/\/www.manaus.am.gov.br\/implurb\/prefeitura-de-manaus-destaca-regularizacao-de-mais-de-11-mil-unidades-habitacionais-nos-58-anos-da-suhab\/#primaryimage","url":"https:\/\/www.manaus.am.gov.br\/implurb\/wp-content\/uploads\/sites\/13\/2023\/06\/suhab2.jpg","contentUrl":"https:\/\/www.manaus.am.gov.br\/implurb\/wp-content\/uploads\/sites\/13\/2023\/06\/suhab2.jpg","width":1024,"height":683},{"@type":"BreadcrumbList","@id":"https:\/\/www.manaus.am.gov.br\/implurb\/prefeitura-de-manaus-destaca-regularizacao-de-mais-de-11-mil-unidades-habitacionais-nos-58-anos-da-suhab\/#breadcrumb","itemListElement":[{"@type":"ListItem","position":1,"name":"Home","item":"https:\/\/www.manaus.am.gov.br\/implurb\/"},{"@type":"ListItem","position":2,"name":"Prefeitura de Manaus destaca regulariza\u00e7\u00e3o de mais de 11 mil unidades habitacionais nos 58 anos da Suhab"}]},{"@type":"WebSite","@id":"https:\/\/www.manaus.am.gov.br\/implurb\/#website","url":"https:\/\/www.manaus.am.gov.br\/implurb\/","name":"IMPLURB","description":"Prefeitura de Manaus","potentialAction":[{"@type":"SearchAction","target":{"@type":"EntryPoint","urlTemplate":"https:\/\/www.manaus.am.gov.br\/implurb\/?s={search_term_string}"},"query-input":"required name=search_term_string"}],"inLanguage":"pt-BR"},{"@type":"Person","@id":"https:\/\/www.manaus.am.gov.br\/implurb\/#\/schema\/person\/d0a166b5031154c33c77794ddc9a827e","name":"Cl\u00e1udia Barbosa","image":{"@type":"ImageObject","inLanguage":"pt-BR","@id":"https:\/\/www.manaus.am.gov.br\/implurb\/#\/schema\/person\/image\/","url":"https:\/\/secure.gravatar.com\/avatar\/42958a1cf007f1a00534009218c72590?s=96&d=mm&r=g","contentUrl":"https:\/\/secure.gravatar.com\/avatar\/42958a1cf007f1a00534009218c72590?s=96&d=mm&r=g","caption":"Cl\u00e1udia Barbosa"}}]}},"_links":{"self":[{"href":"https:\/\/www.manaus.am.gov.br\/implurb\/wp-json\/wp\/v2\/posts\/1685"}],"collection":[{"href":"https:\/\/www.manaus.am.gov.br\/implurb\/wp-json\/wp\/v2\/posts"}],"about":[{"href":"https:\/\/www.manaus.am.gov.br\/implurb\/wp-json\/wp\/v2\/types\/post"}],"author":[{"embeddable":true,"href":"https:\/\/www.manaus.am.gov.br\/implurb\/wp-json\/wp\/v2\/users\/24"}],"replies":[{"embeddable":true,"href":"https:\/\/www.manaus.am.gov.br\/implurb\/wp-json\/wp\/v2\/comments?post=1685"}],"version-history":[{"count":1,"href":"https:\/\/www.manaus.am.gov.br\/implurb\/wp-json\/wp\/v2\/posts\/1685\/revisions"}],"predecessor-version":[{"id":2691,"href":"https:\/\/www.manaus.am.gov.br\/implurb\/wp-json\/wp\/v2\/posts\/1685\/revisions\/2691"}],"wp:featuredmedia":[{"embeddable":true,"href":"https:\/\/www.manaus.am.gov.br\/implurb\/wp-json\/wp\/v2\/media\/1686"}],"wp:attachment":[{"href":"https:\/\/www.manaus.am.gov.br\/implurb\/wp-json\/wp\/v2\/media?parent=1685"}],"wp:term":[{"taxonomy":"category","embeddable":true,"href":"https:\/\/www.manaus.am.gov.br\/implurb\/wp-json\/wp\/v2\/categories?post=1685"},{"taxonomy":"post_tag","embeddable":true,"href":"https:\/\/www.manaus.am.gov.br\/implurb\/wp-json\/wp\/v2\/tags?post=1685"}],"curies":[{"name":"wp","href":"https:\/\/api.w.org\/{rel}","templated":true}]}}