{"id":7431,"date":"2026-09-03T13:02:09","date_gmt":"2026-09-03T17:02:09","guid":{"rendered":"https:\/\/www.manaus.am.gov.br\/immu\/sem-categoria\/prefeitura-de-manaus-cria-linha-de-onibus-e-amplia-atendimento-a-comunidade-joao-paulo-na-zona-leste\/"},"modified":"2026-09-03T13:16:51","modified_gmt":"2026-09-03T17:16:51","slug":"prefeitura-immu-novalinha-onibus-zonaleste","status":"publish","type":"post","link":"https:\/\/www.manaus.am.gov.br\/immu\/noticia-transporte\/prefeitura-immu-novalinha-onibus-zonaleste\/","title":{"rendered":"Prefeitura de Manaus cria linha de \u00f4nibus e amplia atendimento \u00e0 comunidade Jo\u00e3o Paulo na zona Leste"},"content":{"rendered":"\n<p>A <a href=\"https:\/\/www.manaus.am.gov.br\/\">Prefeitura de Manaus<\/a>, por meio do <a href=\"https:\/\/www.instagram.com\/immu_manaus\/\">Instituto Municipal de Mobilidade Urbana<\/a> (IMMU), vai implantar, a partir de ter\u00e7a-feira, 8\/9, a nova linha de \u00f4nibus 061 \u2013 T4, ampliando a cobertura do transporte coletivo em uma \u00e1rea que ainda n\u00e3o contava com atendimento regular de \u00f4nibus.<\/p>\n\n\n\n<p>A nova linha vai beneficiar, principalmente, os moradores da avenida Tambaqui, da regi\u00e3o da Alfazema e da comunidade Jo\u00e3o Paulo 4\u00aa etapa. Segundo o planejamento do IMMU, esses locais ainda n\u00e3o eram contemplados diretamente pelo sistema de transporte coletivo, e a cria\u00e7\u00e3o do novo servi\u00e7o busca aproximar os \u00f4nibus das \u00e1reas residenciais e facilitar o deslocamento di\u00e1rio da popula\u00e7\u00e3o.<\/p>\n\n\n\n<p>O itiner\u00e1rio ter\u00e1 como ponto de integra\u00e7\u00e3o o Terminal 4 (T4) e seguir\u00e1 por vias como avenida Ita\u00faba, avenida Pirarucu, avenida Tambaqui, Alfazema, avenida Taj Mahal, rua Arist\u00f3teles, rua Ren\u00e9 Descartes, rua Bo\u00e9cio e rua Nicolau Maquiavel, alcan\u00e7ando a regi\u00e3o da comunidade Jo\u00e3o Paulo 4\u00aa etapa.<\/p>\n\n\n\n<p>Com a liga\u00e7\u00e3o ao T4, os passageiros poder\u00e3o utilizar o terminal para realizar a integra\u00e7\u00e3o com outras linhas e seguir para diferentes regi\u00f5es da cidade, ampliando as possibilidades de deslocamento dos moradores que at\u00e9 ent\u00e3o precisavam caminhar ou buscar transporte em pontos mais distantes.<\/p>\n\n\n\n<p>O diretor de Opera\u00e7\u00f5es de Transportes do IMMU, Ant\u00f4nio Costa Neto, destacou que a nova linha representa a amplia\u00e7\u00e3o da presen\u00e7a do transporte p\u00fablico em \u00e1reas ainda n\u00e3o atendidas. \u201cEstamos levando o transporte coletivo para uma regi\u00e3o que ainda n\u00e3o possu\u00eda atendimento regular. Com a cria\u00e7\u00e3o da linha 061, os moradores da avenida Tambaqui, da Alfazema e da comunidade Jo\u00e3o Paulo 4\u00aa etapa passam a ter uma liga\u00e7\u00e3o direta com o Terminal 4. \u00c9 uma amplia\u00e7\u00e3o importante da rede, que aproxima o servi\u00e7o da popula\u00e7\u00e3o, facilita os deslocamentos e garante mais acesso ao sistema de transporte coletivo\u201d, afirmou Costa Neto.<\/p>\n\n\n\n<p>A implanta\u00e7\u00e3o da linha faz parte das a\u00e7\u00f5es da Prefeitura de Manaus para ampliar a cobertura do transporte coletivo e atender \u00e1reas em expans\u00e3o da cidade, criando novas conex\u00f5es e reduzindo a dist\u00e2ncia entre as comunidades e os principais corredores do sistema de \u00f4nibus.<\/p>\n\n\n\n<p>&#8212; &#8212; &#8212;<\/p>\n\n\n\n<p><strong>Texto&nbsp;<\/strong>\u2013 Marcelo Lima \/ IMMU<\/p>\n\n\n\n<p><strong>Ilustra\u00e7\u00e3o&nbsp;<\/strong>\u2013 Divulga\u00e7\u00e3o \/ IMMU<\/p>\n","protected":false},"excerpt":{"rendered":"","protected":false},"author":23,"featured_media":7432,"comment_status":"closed","ping_status":"closed","sticky":false,"template":"","format":"standard","meta":{"footnotes":""},"categories":[1761],"tags":[3077,6,3078,8,1441,115],"acf":[],"yoast_head":"<!-- This site is optimized with the Yoast SEO plugin v23.0 - https:\/\/yoast.com\/wordpress\/plugins\/seo\/ -->\n<title>Prefeitura de Manaus cria linha de \u00f4nibus e amplia atendimento \u00e0 comunidade Jo\u00e3o Paulo na zona Leste<\/title>\n<meta name=\"description\" content=\"A Prefeitura de Manaus, por meio do Instituto Municipal de Mobilidade Urbana (IMMU), vai implantar, a partir de ter\u00e7a-feira, 8\/9, a nova linha de \u00f4nibus 061 \u2013 T4, ampliando a cobertura do transporte coletivo em uma \u00e1rea que ainda n\u00e3o contava com atendimento regular de \u00f4nibus.\" \/>\n<meta name=\"robots\" content=\"noindex, follow\" \/>\n<meta property=\"og:locale\" content=\"pt_BR\" \/>\n<meta property=\"og:type\" content=\"article\" \/>\n<meta property=\"og:title\" content=\"Prefeitura de Manaus cria linha de \u00f4nibus e amplia atendimento \u00e0 comunidade Jo\u00e3o Paulo na zona Leste\" \/>\n<meta property=\"og:description\" content=\"A Prefeitura de Manaus, por meio do Instituto Municipal de Mobilidade Urbana (IMMU), vai implantar, a partir de ter\u00e7a-feira, 8\/9, a nova linha de \u00f4nibus 061 \u2013 T4, ampliando a cobertura do transporte coletivo em uma \u00e1rea que ainda n\u00e3o contava com atendimento regular de \u00f4nibus.\" \/>\n<meta property=\"og:url\" content=\"https:\/\/www.manaus.am.gov.br\/immu\/noticia-transporte\/prefeitura-immu-novalinha-onibus-zonaleste\/\" \/>\n<meta property=\"og:site_name\" content=\"IMMU\" \/>\n<meta property=\"article:published_time\" content=\"2026-09-03T17:02:09+00:00\" \/>\n<meta property=\"article:modified_time\" content=\"2026-09-03T17:16:51+00:00\" \/>\n<meta property=\"og:image\" content=\"https:\/\/www.manaus.am.gov.br\/immu\/wp-content\/uploads\/sites\/14\/2026\/09\/WhatsApp-Image-2026-09-03-at-08.35.52.jpeg\" \/>\n\t<meta property=\"og:image:width\" content=\"1600\" \/>\n\t<meta property=\"og:image:height\" content=\"851\" \/>\n\t<meta property=\"og:image:type\" content=\"image\/jpeg\" \/>\n<meta name=\"author\" content=\"Adriana Costa\" \/>\n<meta name=\"twitter:card\" content=\"summary_large_image\" \/>\n<meta name=\"twitter:label1\" content=\"Written by\" \/>\n\t<meta name=\"twitter:data1\" content=\"Adriana Costa\" \/>\n\t<meta name=\"twitter:label2\" content=\"Est. reading time\" \/>\n\t<meta name=\"twitter:data2\" content=\"3 minutos\" \/>\n<script type=\"application\/ld+json\" class=\"yoast-schema-graph\">{\"@context\":\"https:\/\/schema.org\",\"@graph\":[{\"@type\":\"WebPage\",\"@id\":\"https:\/\/www.manaus.am.gov.br\/immu\/noticia-transporte\/prefeitura-immu-novalinha-onibus-zonaleste\/\",\"url\":\"https:\/\/www.manaus.am.gov.br\/immu\/noticia-transporte\/prefeitura-immu-novalinha-onibus-zonaleste\/\",\"name\":\"Prefeitura de Manaus cria linha de \u00f4nibus e amplia atendimento \u00e0 comunidade Jo\u00e3o Paulo na zona Leste\",\"isPartOf\":{\"@id\":\"https:\/\/www.manaus.am.gov.br\/immu\/#website\"},\"primaryImageOfPage\":{\"@id\":\"https:\/\/www.manaus.am.gov.br\/immu\/noticia-transporte\/prefeitura-immu-novalinha-onibus-zonaleste\/#primaryimage\"},\"image\":{\"@id\":\"https:\/\/www.manaus.am.gov.br\/immu\/noticia-transporte\/prefeitura-immu-novalinha-onibus-zonaleste\/#primaryimage\"},\"thumbnailUrl\":\"https:\/\/www.manaus.am.gov.br\/immu\/wp-content\/uploads\/sites\/14\/2026\/09\/WhatsApp-Image-2026-09-03-at-08.35.52.jpeg\",\"datePublished\":\"2026-09-03T17:02:09+00:00\",\"dateModified\":\"2026-09-03T17:16:51+00:00\",\"author\":{\"@id\":\"https:\/\/www.manaus.am.gov.br\/immu\/#\/schema\/person\/4e49f4e267757a06ca072ec61b2b9968\"},\"description\":\"A Prefeitura de Manaus, por meio do Instituto Municipal de Mobilidade Urbana (IMMU), vai implantar, a partir de ter\u00e7a-feira, 8\/9, a nova linha de \u00f4nibus 061 \u2013 T4, ampliando a cobertura do transporte coletivo em uma \u00e1rea que ainda n\u00e3o contava com atendimento regular de \u00f4nibus.\",\"breadcrumb\":{\"@id\":\"https:\/\/www.manaus.am.gov.br\/immu\/noticia-transporte\/prefeitura-immu-novalinha-onibus-zonaleste\/#breadcrumb\"},\"inLanguage\":\"pt-BR\",\"potentialAction\":[{\"@type\":\"ReadAction\",\"target\":[\"https:\/\/www.manaus.am.gov.br\/immu\/noticia-transporte\/prefeitura-immu-novalinha-onibus-zonaleste\/\"]}]},{\"@type\":\"ImageObject\",\"inLanguage\":\"pt-BR\",\"@id\":\"https:\/\/www.manaus.am.gov.br\/immu\/noticia-transporte\/prefeitura-immu-novalinha-onibus-zonaleste\/#primaryimage\",\"url\":\"https:\/\/www.manaus.am.gov.br\/immu\/wp-content\/uploads\/sites\/14\/2026\/09\/WhatsApp-Image-2026-09-03-at-08.35.52.jpeg\",\"contentUrl\":\"https:\/\/www.manaus.am.gov.br\/immu\/wp-content\/uploads\/sites\/14\/2026\/09\/WhatsApp-Image-2026-09-03-at-08.35.52.jpeg\",\"width\":1600,\"height\":851},{\"@type\":\"BreadcrumbList\",\"@id\":\"https:\/\/www.manaus.am.gov.br\/immu\/noticia-transporte\/prefeitura-immu-novalinha-onibus-zonaleste\/#breadcrumb\",\"itemListElement\":[{\"@type\":\"ListItem\",\"position\":1,\"name\":\"Home\",\"item\":\"https:\/\/www.manaus.am.gov.br\/immu\/\"},{\"@type\":\"ListItem\",\"position\":2,\"name\":\"Prefeitura de Manaus cria linha de \u00f4nibus e amplia atendimento \u00e0 comunidade Jo\u00e3o Paulo na zona Leste\"}]},{\"@type\":\"WebSite\",\"@id\":\"https:\/\/www.manaus.am.gov.br\/immu\/#website\",\"url\":\"https:\/\/www.manaus.am.gov.br\/immu\/\",\"name\":\"IMMU\",\"description\":\"Prefeitura de Manaus\",\"potentialAction\":[{\"@type\":\"SearchAction\",\"target\":{\"@type\":\"EntryPoint\",\"urlTemplate\":\"https:\/\/www.manaus.am.gov.br\/immu\/?s={search_term_string}\"},\"query-input\":\"required name=search_term_string\"}],\"inLanguage\":\"pt-BR\"},{\"@type\":\"Person\",\"@id\":\"https:\/\/www.manaus.am.gov.br\/immu\/#\/schema\/person\/4e49f4e267757a06ca072ec61b2b9968\",\"name\":\"Adriana Costa\",\"image\":{\"@type\":\"ImageObject\",\"inLanguage\":\"pt-BR\",\"@id\":\"https:\/\/www.manaus.am.gov.br\/immu\/#\/schema\/person\/image\/\",\"url\":\"https:\/\/secure.gravatar.com\/avatar\/576258617ef7194f718179e766d57bd4?s=96&d=mm&r=g\",\"contentUrl\":\"https:\/\/secure.gravatar.com\/avatar\/576258617ef7194f718179e766d57bd4?s=96&d=mm&r=g\",\"caption\":\"Adriana Costa\"}}]}<\/script>\n<!-- \/ Yoast SEO plugin. -->","yoast_head_json":{"title":"Prefeitura de Manaus cria linha de \u00f4nibus e amplia atendimento \u00e0 comunidade Jo\u00e3o Paulo na zona Leste","description":"A Prefeitura de Manaus, por meio do Instituto Municipal de Mobilidade Urbana (IMMU), vai implantar, a partir de ter\u00e7a-feira, 8\/9, a nova linha de \u00f4nibus 061 \u2013 T4, ampliando a cobertura do transporte coletivo em uma \u00e1rea que ainda n\u00e3o contava com atendimento regular de \u00f4nibus.","robots":{"index":"noindex","follow":"follow"},"og_locale":"pt_BR","og_type":"article","og_title":"Prefeitura de Manaus cria linha de \u00f4nibus e amplia atendimento \u00e0 comunidade Jo\u00e3o Paulo na zona Leste","og_description":"A Prefeitura de Manaus, por meio do Instituto Municipal de Mobilidade Urbana (IMMU), vai implantar, a partir de ter\u00e7a-feira, 8\/9, a nova linha de \u00f4nibus 061 \u2013 T4, ampliando a cobertura do transporte coletivo em uma \u00e1rea que ainda n\u00e3o contava com atendimento regular de \u00f4nibus.","og_url":"https:\/\/www.manaus.am.gov.br\/immu\/noticia-transporte\/prefeitura-immu-novalinha-onibus-zonaleste\/","og_site_name":"IMMU","article_published_time":"2026-09-03T17:02:09+00:00","article_modified_time":"2026-09-03T17:16:51+00:00","og_image":[{"width":1600,"height":851,"url":"https:\/\/www.manaus.am.gov.br\/immu\/wp-content\/uploads\/sites\/14\/2026\/09\/WhatsApp-Image-2026-09-03-at-08.35.52.jpeg","type":"image\/jpeg"}],"author":"Adriana Costa","twitter_card":"summary_large_image","twitter_misc":{"Written by":"Adriana Costa","Est. reading time":"3 minutos"},"schema":{"@context":"https:\/\/schema.org","@graph":[{"@type":"WebPage","@id":"https:\/\/www.manaus.am.gov.br\/immu\/noticia-transporte\/prefeitura-immu-novalinha-onibus-zonaleste\/","url":"https:\/\/www.manaus.am.gov.br\/immu\/noticia-transporte\/prefeitura-immu-novalinha-onibus-zonaleste\/","name":"Prefeitura de Manaus cria linha de \u00f4nibus e amplia atendimento \u00e0 comunidade Jo\u00e3o Paulo na zona Leste","isPartOf":{"@id":"https:\/\/www.manaus.am.gov.br\/immu\/#website"},"primaryImageOfPage":{"@id":"https:\/\/www.manaus.am.gov.br\/immu\/noticia-transporte\/prefeitura-immu-novalinha-onibus-zonaleste\/#primaryimage"},"image":{"@id":"https:\/\/www.manaus.am.gov.br\/immu\/noticia-transporte\/prefeitura-immu-novalinha-onibus-zonaleste\/#primaryimage"},"thumbnailUrl":"https:\/\/www.manaus.am.gov.br\/immu\/wp-content\/uploads\/sites\/14\/2026\/09\/WhatsApp-Image-2026-09-03-at-08.35.52.jpeg","datePublished":"2026-09-03T17:02:09+00:00","dateModified":"2026-09-03T17:16:51+00:00","author":{"@id":"https:\/\/www.manaus.am.gov.br\/immu\/#\/schema\/person\/4e49f4e267757a06ca072ec61b2b9968"},"description":"A Prefeitura de Manaus, por meio do Instituto Municipal de Mobilidade Urbana (IMMU), vai implantar, a partir de ter\u00e7a-feira, 8\/9, a nova linha de \u00f4nibus 061 \u2013 T4, ampliando a cobertura do transporte coletivo em uma \u00e1rea que ainda n\u00e3o contava com atendimento regular de \u00f4nibus.","breadcrumb":{"@id":"https:\/\/www.manaus.am.gov.br\/immu\/noticia-transporte\/prefeitura-immu-novalinha-onibus-zonaleste\/#breadcrumb"},"inLanguage":"pt-BR","potentialAction":[{"@type":"ReadAction","target":["https:\/\/www.manaus.am.gov.br\/immu\/noticia-transporte\/prefeitura-immu-novalinha-onibus-zonaleste\/"]}]},{"@type":"ImageObject","inLanguage":"pt-BR","@id":"https:\/\/www.manaus.am.gov.br\/immu\/noticia-transporte\/prefeitura-immu-novalinha-onibus-zonaleste\/#primaryimage","url":"https:\/\/www.manaus.am.gov.br\/immu\/wp-content\/uploads\/sites\/14\/2026\/09\/WhatsApp-Image-2026-09-03-at-08.35.52.jpeg","contentUrl":"https:\/\/www.manaus.am.gov.br\/immu\/wp-content\/uploads\/sites\/14\/2026\/09\/WhatsApp-Image-2026-09-03-at-08.35.52.jpeg","width":1600,"height":851},{"@type":"BreadcrumbList","@id":"https:\/\/www.manaus.am.gov.br\/immu\/noticia-transporte\/prefeitura-immu-novalinha-onibus-zonaleste\/#breadcrumb","itemListElement":[{"@type":"ListItem","position":1,"name":"Home","item":"https:\/\/www.manaus.am.gov.br\/immu\/"},{"@type":"ListItem","position":2,"name":"Prefeitura de Manaus cria linha de \u00f4nibus e amplia atendimento \u00e0 comunidade Jo\u00e3o Paulo na zona Leste"}]},{"@type":"WebSite","@id":"https:\/\/www.manaus.am.gov.br\/immu\/#website","url":"https:\/\/www.manaus.am.gov.br\/immu\/","name":"IMMU","description":"Prefeitura de Manaus","potentialAction":[{"@type":"SearchAction","target":{"@type":"EntryPoint","urlTemplate":"https:\/\/www.manaus.am.gov.br\/immu\/?s={search_term_string}"},"query-input":"required name=search_term_string"}],"inLanguage":"pt-BR"},{"@type":"Person","@id":"https:\/\/www.manaus.am.gov.br\/immu\/#\/schema\/person\/4e49f4e267757a06ca072ec61b2b9968","name":"Adriana Costa","image":{"@type":"ImageObject","inLanguage":"pt-BR","@id":"https:\/\/www.manaus.am.gov.br\/immu\/#\/schema\/person\/image\/","url":"https:\/\/secure.gravatar.com\/avatar\/576258617ef7194f718179e766d57bd4?s=96&d=mm&r=g","contentUrl":"https:\/\/secure.gravatar.com\/avatar\/576258617ef7194f718179e766d57bd4?s=96&d=mm&r=g","caption":"Adriana Costa"}}]}},"_links":{"self":[{"href":"https:\/\/www.manaus.am.gov.br\/immu\/wp-json\/wp\/v2\/posts\/7431"}],"collection":[{"href":"https:\/\/www.manaus.am.gov.br\/immu\/wp-json\/wp\/v2\/posts"}],"about":[{"href":"https:\/\/www.manaus.am.gov.br\/immu\/wp-json\/wp\/v2\/types\/post"}],"author":[{"embeddable":true,"href":"https:\/\/www.manaus.am.gov.br\/immu\/wp-json\/wp\/v2\/users\/23"}],"replies":[{"embeddable":true,"href":"https:\/\/www.manaus.am.gov.br\/immu\/wp-json\/wp\/v2\/comments?post=7431"}],"version-history":[{"count":2,"href":"https:\/\/www.manaus.am.gov.br\/immu\/wp-json\/wp\/v2\/posts\/7431\/revisions"}],"predecessor-version":[{"id":7434,"href":"https:\/\/www.manaus.am.gov.br\/immu\/wp-json\/wp\/v2\/posts\/7431\/revisions\/7434"}],"wp:featuredmedia":[{"embeddable":true,"href":"https:\/\/www.manaus.am.gov.br\/immu\/wp-json\/wp\/v2\/media\/7432"}],"wp:attachment":[{"href":"https:\/\/www.manaus.am.gov.br\/immu\/wp-json\/wp\/v2\/media?parent=7431"}],"wp:term":[{"taxonomy":"category","embeddable":true,"href":"https:\/\/www.manaus.am.gov.br\/immu\/wp-json\/wp\/v2\/categories?post=7431"},{"taxonomy":"post_tag","embeddable":true,"href":"https:\/\/www.manaus.am.gov.br\/immu\/wp-json\/wp\/v2\/tags?post=7431"}],"curies":[{"name":"wp","href":"https:\/\/api.w.org\/{rel}","templated":true}]}}