{"id":7404,"date":"2026-09-01T17:46:37","date_gmt":"2026-09-01T21:46:37","guid":{"rendered":"https:\/\/www.manaus.am.gov.br\/immu\/sem-categoria\/operacao-especial-de-transito-e-transporte\/"},"modified":"2026-09-02T12:53:46","modified_gmt":"2026-09-02T16:53:46","slug":"operacao-especial-de-transito-e-transporte","status":"publish","type":"post","link":"https:\/\/www.manaus.am.gov.br\/immu\/planmob\/operacao-especial-de-transito-e-transporte\/","title":{"rendered":"Prefeitura coordena opera\u00e7\u00e3o especial de tr\u00e2nsito e transporte para o \u2018#SouManaus Passo a Pa\u00e7o 2026\u2019 com refor\u00e7o de frotas e interdi\u00e7\u00f5es estrat\u00e9gicas\u00a0\u00a0"},"content":{"rendered":"\n<p>A <a href=\"https:\/\/www.manaus.am.gov.br\/\">Prefeitura de Manaus<\/a>, por meio do <a href=\"https:\/\/www.instagram.com\/immu_manaus\/\">Instituto Municipal de Mobilidade Urbana<\/a> (IMMU), vai refor\u00e7ar o transporte coletivo durante o \u201c#SouManaus Passo a Pa\u00e7o 2026\u201d, com 83 linhas de \u00f4nibus operando a partir da meia-noite, j\u00e1 no dia 4 de setembro, garantindo atendimento durante a madrugada e at\u00e9 o encerramento da programa\u00e7\u00e3o. Paralelamente, o IMMU coordenar\u00e1 uma ampla opera\u00e7\u00e3o de tr\u00e2nsito no centro hist\u00f3rico, com interdi\u00e7\u00f5es, desvios, controle de acessos e agentes posicionados em pontos estrat\u00e9gicos para garantir seguran\u00e7a e organiza\u00e7\u00e3o na circula\u00e7\u00e3o durante o evento.<\/p>\n\n\n\n<p>A estrat\u00e9gia do transporte foi planejada principalmente para atender o grande volume de passageiros na sa\u00edda dos shows, per\u00edodo em que aumenta a procura pelos \u00f4nibus. As linhas continuar\u00e3o circulando at\u00e9 o terminal da Matriz, que ser\u00e1 uma das principais refer\u00eancias de embarque e desembarque durante a opera\u00e7\u00e3o especial.<\/p>\n\n\n\n<p>O vice-presidente de Transportes do IMMU, Uarodi Guedes, destacou que a amplia\u00e7\u00e3o do atendimento durante a madrugada permitir\u00e1 que o p\u00fablico utilize o transporte coletivo como principal alternativa para chegar e sair do evento.<\/p>\n\n\n\n<p>\u201cAs linhas ter\u00e3o o hor\u00e1rio de opera\u00e7\u00e3o ampliado e haver\u00e1 \u00f4nibus de apoio exclusivamente para atender o evento. Para quem vai ao \u2018#SouManaus\u2019, o mais f\u00e1cil \u00e9 utilizar o transporte coletivo, porque o passageiro poder\u00e1 chegar mais pr\u00f3ximo dos palcos, com seguran\u00e7a e comodidade\u201d, destacou Guedes.<\/p>\n\n\n\n<p>Al\u00e9m da amplia\u00e7\u00e3o do hor\u00e1rio, 25 \u00f4nibus extras estar\u00e3o dispon\u00edveis a partir da meia-noite para refor\u00e7ar a opera\u00e7\u00e3o, conforme a demanda. Aproximadamente 60 servidores por dia estar\u00e3o envolvidos diretamente na opera\u00e7\u00e3o de transporte, acompanhando as linhas, organizando os pontos e orientando os passageiros. A a\u00e7\u00e3o tamb\u00e9m contar\u00e1 com apoio da Guarda Municipal, principalmente na regi\u00e3o do Terminal Central.<\/p>\n\n\n\n<figure class=\"wp-block-image size-large\"><img loading=\"lazy\" decoding=\"async\" width=\"1024\" height=\"836\" src=\"https:\/\/www.manaus.am.gov.br\/immu\/wp-content\/uploads\/sites\/14\/2026\/09\/WhatsApp-Image-2026-09-01-at-16.22.23-1024x836.jpeg\" alt=\"\" class=\"wp-image-7406\" srcset=\"https:\/\/www.manaus.am.gov.br\/immu\/wp-content\/uploads\/sites\/14\/2026\/09\/WhatsApp-Image-2026-09-01-at-16.22.23-1024x836.jpeg 1024w, https:\/\/www.manaus.am.gov.br\/immu\/wp-content\/uploads\/sites\/14\/2026\/09\/WhatsApp-Image-2026-09-01-at-16.22.23-300x245.jpeg 300w, https:\/\/www.manaus.am.gov.br\/immu\/wp-content\/uploads\/sites\/14\/2026\/09\/WhatsApp-Image-2026-09-01-at-16.22.23-768x627.jpeg 768w, https:\/\/www.manaus.am.gov.br\/immu\/wp-content\/uploads\/sites\/14\/2026\/09\/WhatsApp-Image-2026-09-01-at-16.22.23-1536x1255.jpeg 1536w, https:\/\/www.manaus.am.gov.br\/immu\/wp-content\/uploads\/sites\/14\/2026\/09\/WhatsApp-Image-2026-09-01-at-16.22.23.jpeg 1600w\" sizes=\"(max-width: 1024px) 100vw, 1024px\" \/><\/figure>\n\n\n\n<p><strong>Linhas ser\u00e3o organizadas por zonas<\/strong><\/p>\n\n\n\n<p>Para facilitar a identifica\u00e7\u00e3o dos \u00f4nibus na sa\u00edda do evento, o corredor operacional ser\u00e1 dividido em quatro pontos de embarque, identificados por cores e pelas regi\u00f5es atendidas.<\/p>\n\n\n\n<p>O Ponto 1, verde, atender\u00e1 linhas das zonas Sul, Centro-Sul e Centro-Oeste. O Ponto 2, azul, ser\u00e1 destinado principalmente \u00e0s linhas da zona Oeste. O Ponto 3, laranja, concentrar\u00e1 as linhas da zona Leste, enquanto o Ponto 4, vermelho, ser\u00e1 destinado \u00e0s linhas que atendem a zona Norte.<\/p>\n\n\n\n<p>A organiza\u00e7\u00e3o tem como objetivo facilitar o deslocamento dos passageiros, principalmente durante a madrugada, permitindo que cada usu\u00e1rio identifique com mais rapidez o ponto correspondente \u00e0 sua regi\u00e3o.<\/p>\n\n\n\n<div data-wp-interactive=\"\" class=\"wp-block-file\"><object data-wp-bind--hidden=\"!selectors.core.file.hasPdfPreview\" hidden class=\"wp-block-file__embed\" data=\"https:\/\/www.manaus.am.gov.br\/immu\/wp-content\/uploads\/sites\/14\/2026\/09\/SOU-MANAUS-2026-MAPA-GERAL-FINALIZADO.pdf\" type=\"application\/pdf\" style=\"width:100%;height:600px\" aria-label=\"Incorporado de SOU-MANAUS-2026-MAPA-GERAL-FINALIZADO.\"><\/object><a id=\"wp-block-file--media-8fddba1b-16ac-4fe0-aa3c-3913e54c1565\" href=\"https:\/\/www.manaus.am.gov.br\/immu\/wp-content\/uploads\/sites\/14\/2026\/09\/SOU-MANAUS-2026-MAPA-GERAL-FINALIZADO.pdf\">SOU-MANAUS-2026-MAPA-GERAL-FINALIZADO<\/a><a href=\"https:\/\/www.manaus.am.gov.br\/immu\/wp-content\/uploads\/sites\/14\/2026\/09\/SOU-MANAUS-2026-MAPA-GERAL-FINALIZADO.pdf\" class=\"wp-block-file__button wp-element-button\" download aria-describedby=\"wp-block-file--media-8fddba1b-16ac-4fe0-aa3c-3913e54c1565\">Baixar<\/a><\/div>\n\n\n\n<p><strong>Opera\u00e7\u00e3o de tr\u00e2nsito come\u00e7a antes do evento<\/strong><\/p>\n\n\n\n<p>Enquanto o transporte coletivo ter\u00e1 refor\u00e7o especial, a opera\u00e7\u00e3o de tr\u00e2nsito come\u00e7ar\u00e1 antes da programa\u00e7\u00e3o oficial. A partir das 6h do dia 2 de setembro, ser\u00e3o iniciadas interdi\u00e7\u00f5es no entorno do Pa\u00e7o Municipal para permitir a montagem das estruturas do evento.<\/p>\n\n\n\n<p>Entre os pontos previstos est\u00e3o os cruzamentos da rua Governador Vit\u00f3rio com Padre Ghisland; Padre Ghisland com Epaminondas; Epaminondas com Frei Jos\u00e9 dos Inocentes; Instala\u00e7\u00e3o com Frei Jos\u00e9 dos Inocentes; Epaminondas com Bernardo Ramos; e Instala\u00e7\u00e3o com Bernardo Ramos. Tamb\u00e9m haver\u00e1 orienta\u00e7\u00e3o de travessia em pontos pr\u00f3ximos \u00e0 avenida 7 de Setembro.<\/p>\n\n\n\n<p>Um dos principais desvios ocorrer\u00e1 na rua Governador Vit\u00f3rio. Os ve\u00edculos dever\u00e3o acessar a rua Padre Ghisland, seguir pela avenida Epaminondas e continuar at\u00e9 a avenida 7 de Setembro.<\/p>\n\n\n\n<p>Nos dias do evento, o per\u00edmetro operacional ser\u00e1 ampliado. Conforme a movimenta\u00e7\u00e3o do p\u00fablico, os ve\u00edculos que trafegarem pela rua Luiz Antony poder\u00e3o ser direcionados para a rua 10 de Julho, seguindo posteriormente em dire\u00e7\u00e3o \u00e0 avenida Get\u00falio Vargas.<\/p>\n\n\n\n<p>O diretor-presidente do IMMU, Elson Andrade, explicou que as interven\u00e7\u00f5es foram planejadas para organizar a circula\u00e7\u00e3o e garantir seguran\u00e7a vi\u00e1ria durante a montagem das estruturas e nos dias de programa\u00e7\u00e3o.<\/p>\n\n\n\n<p>\u201cA partir do dia 2 de setembro teremos interdi\u00e7\u00f5es no per\u00edmetro do \u2018#SouManaus\u2019, necess\u00e1rias para a montagem das estruturas e para garantir fluidez e seguran\u00e7a vi\u00e1ria. Nos dias do evento, esse per\u00edmetro ser\u00e1 ampliado e teremos aproximadamente 250 agentes de tr\u00e2nsito distribu\u00eddos na regi\u00e3o para orientar a popula\u00e7\u00e3o\u201d, destacou Elson Andrade.<\/p>\n\n\n\n<p>As avenidas Get\u00falio Vargas, 7 de Setembro e Eduardo Ribeiro estar\u00e3o entre as principais alternativas para quem precisar acessar a regi\u00e3o central durante os dias de evento.<\/p>\n\n\n\n<p><strong>Transporte por aplicativo, t\u00e1xis e vagas especiais<\/strong><\/p>\n\n\n\n<p>Al\u00e9m das interdi\u00e7\u00f5es e desvios, a opera\u00e7\u00e3o contar\u00e1 com \u00e1reas espec\u00edficas para ve\u00edculos por aplicativo, t\u00e1xis, Pessoas com Defici\u00eancia (PcDs), idosos e imprensa, distribu\u00eddas em pontos estrat\u00e9gicos pr\u00f3ximos ao per\u00edmetro do evento.<\/p>\n\n\n\n<p>A medida busca organizar o embarque e desembarque, evitar paradas irregulares e reduzir interfer\u00eancias na circula\u00e7\u00e3o das vias pr\u00f3ximas aos palcos.<\/p>\n\n\n\n<p>Durante os dias do evento, o Estacionamento Rotativo Zona Azul continuar\u00e1 funcionando normalmente. Caso haja necessidade operacional, os \u00f4nibus que trafegam pela avenida Epaminondas em dire\u00e7\u00e3o ao Terminal da Matriz tamb\u00e9m poder\u00e3o ser desviados pela rua Sim\u00e3o Bol\u00edvar.<\/p>\n\n\n\n<p>A orienta\u00e7\u00e3o da Prefeitura de Manaus \u00e9 para que a popula\u00e7\u00e3o planeje o deslocamento com anteced\u00eancia e priorize o transporte coletivo, principalmente durante a madrugada, quando haver\u00e1 refor\u00e7o especial da opera\u00e7\u00e3o. Os motoristas que precisarem circular pelo Centro devem respeitar a sinaliza\u00e7\u00e3o provis\u00f3ria e seguir as orienta\u00e7\u00f5es dos agentes de tr\u00e2nsito distribu\u00eddos pelo per\u00edmetro do evento.<\/p>\n\n\n\n<p>\u2014- \u2014&#8211; \u2014&#8211;<br><strong>Texto &#8211;<\/strong> Divulga\u00e7\u00e3o \/ IMMU<br><strong>Fotos &#8211;<\/strong> Valdo Le\u00e3o \/ Semcom<br><strong>Dispon\u00edveis em &#8211;<\/strong> <a href=\"https:\/\/flic.kr\/s\/aHBqjD3WTY\">https:\/\/flic.kr\/s\/aHBqjD3WTY<\/a><\/p>\n","protected":false},"excerpt":{"rendered":"","protected":false},"author":68,"featured_media":7407,"comment_status":"closed","ping_status":"closed","sticky":false,"template":"","format":"standard","meta":{"footnotes":""},"categories":[3074],"tags":[3075,6,2734,8],"acf":[],"yoast_head":"<!-- This site is optimized with the Yoast SEO plugin v23.0 - https:\/\/yoast.com\/wordpress\/plugins\/seo\/ -->\n<title>Prefeitura coordena opera\u00e7\u00e3o especial de tr\u00e2nsito e transporte<\/title>\n<meta name=\"description\" content=\"A Prefeitura de Manaus, por meio do Instituto Municipal de Mobilidade Urbana (IMMU), vai refor\u00e7ar o transporte coletivo durante o \u201c#SouManaus Passo a Pa\u00e7o 2026\u201d.\" \/>\n<meta name=\"robots\" content=\"noindex, follow\" \/>\n<meta property=\"og:locale\" content=\"pt_BR\" \/>\n<meta property=\"og:type\" content=\"article\" \/>\n<meta property=\"og:title\" content=\"Prefeitura coordena opera\u00e7\u00e3o especial de tr\u00e2nsito e transporte\" \/>\n<meta property=\"og:description\" content=\"A Prefeitura de Manaus, por meio do Instituto Municipal de Mobilidade Urbana (IMMU), vai refor\u00e7ar o transporte coletivo durante o \u201c#SouManaus Passo a Pa\u00e7o 2026\u201d.\" \/>\n<meta property=\"og:url\" content=\"https:\/\/www.manaus.am.gov.br\/immu\/planmob\/operacao-especial-de-transito-e-transporte\/\" \/>\n<meta property=\"og:site_name\" content=\"IMMU\" \/>\n<meta property=\"article:published_time\" content=\"2026-09-01T21:46:37+00:00\" \/>\n<meta property=\"article:modified_time\" content=\"2026-09-02T16:53:46+00:00\" \/>\n<meta property=\"og:image\" content=\"https:\/\/www.manaus.am.gov.br\/immu\/wp-content\/uploads\/sites\/14\/2026\/09\/55503228255_51bde091e8_c.jpg\" \/>\n\t<meta property=\"og:image:width\" content=\"799\" \/>\n\t<meta property=\"og:image:height\" content=\"533\" \/>\n\t<meta property=\"og:image:type\" content=\"image\/jpeg\" \/>\n<meta name=\"author\" content=\"bvalente\" \/>\n<meta name=\"twitter:card\" content=\"summary_large_image\" \/>\n<meta name=\"twitter:label1\" content=\"Written by\" \/>\n\t<meta name=\"twitter:data1\" content=\"bvalente\" \/>\n\t<meta name=\"twitter:label2\" content=\"Est. reading time\" \/>\n\t<meta name=\"twitter:data2\" content=\"5 minutos\" \/>\n<script type=\"application\/ld+json\" class=\"yoast-schema-graph\">{\"@context\":\"https:\/\/schema.org\",\"@graph\":[{\"@type\":\"WebPage\",\"@id\":\"https:\/\/www.manaus.am.gov.br\/immu\/planmob\/operacao-especial-de-transito-e-transporte\/\",\"url\":\"https:\/\/www.manaus.am.gov.br\/immu\/planmob\/operacao-especial-de-transito-e-transporte\/\",\"name\":\"Prefeitura coordena opera\u00e7\u00e3o especial de tr\u00e2nsito e transporte\",\"isPartOf\":{\"@id\":\"https:\/\/www.manaus.am.gov.br\/immu\/#website\"},\"primaryImageOfPage\":{\"@id\":\"https:\/\/www.manaus.am.gov.br\/immu\/planmob\/operacao-especial-de-transito-e-transporte\/#primaryimage\"},\"image\":{\"@id\":\"https:\/\/www.manaus.am.gov.br\/immu\/planmob\/operacao-especial-de-transito-e-transporte\/#primaryimage\"},\"thumbnailUrl\":\"https:\/\/www.manaus.am.gov.br\/immu\/wp-content\/uploads\/sites\/14\/2026\/09\/55503228255_51bde091e8_c.jpg\",\"datePublished\":\"2026-09-01T21:46:37+00:00\",\"dateModified\":\"2026-09-02T16:53:46+00:00\",\"author\":{\"@id\":\"https:\/\/www.manaus.am.gov.br\/immu\/#\/schema\/person\/466a0e03ae4b6062809046bd560ac955\"},\"description\":\"A Prefeitura de Manaus, por meio do Instituto Municipal de Mobilidade Urbana (IMMU), vai refor\u00e7ar o transporte coletivo durante o \u201c#SouManaus Passo a Pa\u00e7o 2026\u201d.\",\"breadcrumb\":{\"@id\":\"https:\/\/www.manaus.am.gov.br\/immu\/planmob\/operacao-especial-de-transito-e-transporte\/#breadcrumb\"},\"inLanguage\":\"pt-BR\",\"potentialAction\":[{\"@type\":\"ReadAction\",\"target\":[\"https:\/\/www.manaus.am.gov.br\/immu\/planmob\/operacao-especial-de-transito-e-transporte\/\"]}]},{\"@type\":\"ImageObject\",\"inLanguage\":\"pt-BR\",\"@id\":\"https:\/\/www.manaus.am.gov.br\/immu\/planmob\/operacao-especial-de-transito-e-transporte\/#primaryimage\",\"url\":\"https:\/\/www.manaus.am.gov.br\/immu\/wp-content\/uploads\/sites\/14\/2026\/09\/55503228255_51bde091e8_c.jpg\",\"contentUrl\":\"https:\/\/www.manaus.am.gov.br\/immu\/wp-content\/uploads\/sites\/14\/2026\/09\/55503228255_51bde091e8_c.jpg\",\"width\":799,\"height\":533,\"caption\":\"#paratodosverem - Diretor-presidente do IMMU, Elson Andrade e diretor de Opera\u00e7\u00f5es de Tr\u00e2nsito do IMMU, Stanley Ventilari vistoriando espa\u00e7o que recebr\u00e1 interven\u00e7\u00f5es\"},{\"@type\":\"BreadcrumbList\",\"@id\":\"https:\/\/www.manaus.am.gov.br\/immu\/planmob\/operacao-especial-de-transito-e-transporte\/#breadcrumb\",\"itemListElement\":[{\"@type\":\"ListItem\",\"position\":1,\"name\":\"Home\",\"item\":\"https:\/\/www.manaus.am.gov.br\/immu\/\"},{\"@type\":\"ListItem\",\"position\":2,\"name\":\"Prefeitura coordena opera\u00e7\u00e3o especial de tr\u00e2nsito e transporte para o \u2018#SouManaus Passo a Pa\u00e7o 2026\u2019 com refor\u00e7o de frotas e interdi\u00e7\u00f5es estrat\u00e9gicas\u00a0\u00a0\"}]},{\"@type\":\"WebSite\",\"@id\":\"https:\/\/www.manaus.am.gov.br\/immu\/#website\",\"url\":\"https:\/\/www.manaus.am.gov.br\/immu\/\",\"name\":\"IMMU\",\"description\":\"Prefeitura de Manaus\",\"potentialAction\":[{\"@type\":\"SearchAction\",\"target\":{\"@type\":\"EntryPoint\",\"urlTemplate\":\"https:\/\/www.manaus.am.gov.br\/immu\/?s={search_term_string}\"},\"query-input\":\"required name=search_term_string\"}],\"inLanguage\":\"pt-BR\"},{\"@type\":\"Person\",\"@id\":\"https:\/\/www.manaus.am.gov.br\/immu\/#\/schema\/person\/466a0e03ae4b6062809046bd560ac955\",\"name\":\"bvalente\",\"image\":{\"@type\":\"ImageObject\",\"inLanguage\":\"pt-BR\",\"@id\":\"https:\/\/www.manaus.am.gov.br\/immu\/#\/schema\/person\/image\/\",\"url\":\"https:\/\/secure.gravatar.com\/avatar\/3e69bc2b014bdad41adfec3a39de07d2?s=96&d=mm&r=g\",\"contentUrl\":\"https:\/\/secure.gravatar.com\/avatar\/3e69bc2b014bdad41adfec3a39de07d2?s=96&d=mm&r=g\",\"caption\":\"bvalente\"}}]}<\/script>\n<!-- \/ Yoast SEO plugin. -->","yoast_head_json":{"title":"Prefeitura coordena opera\u00e7\u00e3o especial de tr\u00e2nsito e transporte","description":"A Prefeitura de Manaus, por meio do Instituto Municipal de Mobilidade Urbana (IMMU), vai refor\u00e7ar o transporte coletivo durante o \u201c#SouManaus Passo a Pa\u00e7o 2026\u201d.","robots":{"index":"noindex","follow":"follow"},"og_locale":"pt_BR","og_type":"article","og_title":"Prefeitura coordena opera\u00e7\u00e3o especial de tr\u00e2nsito e transporte","og_description":"A Prefeitura de Manaus, por meio do Instituto Municipal de Mobilidade Urbana (IMMU), vai refor\u00e7ar o transporte coletivo durante o \u201c#SouManaus Passo a Pa\u00e7o 2026\u201d.","og_url":"https:\/\/www.manaus.am.gov.br\/immu\/planmob\/operacao-especial-de-transito-e-transporte\/","og_site_name":"IMMU","article_published_time":"2026-09-01T21:46:37+00:00","article_modified_time":"2026-09-02T16:53:46+00:00","og_image":[{"width":799,"height":533,"url":"https:\/\/www.manaus.am.gov.br\/immu\/wp-content\/uploads\/sites\/14\/2026\/09\/55503228255_51bde091e8_c.jpg","type":"image\/jpeg"}],"author":"bvalente","twitter_card":"summary_large_image","twitter_misc":{"Written by":"bvalente","Est. reading time":"5 minutos"},"schema":{"@context":"https:\/\/schema.org","@graph":[{"@type":"WebPage","@id":"https:\/\/www.manaus.am.gov.br\/immu\/planmob\/operacao-especial-de-transito-e-transporte\/","url":"https:\/\/www.manaus.am.gov.br\/immu\/planmob\/operacao-especial-de-transito-e-transporte\/","name":"Prefeitura coordena opera\u00e7\u00e3o especial de tr\u00e2nsito e transporte","isPartOf":{"@id":"https:\/\/www.manaus.am.gov.br\/immu\/#website"},"primaryImageOfPage":{"@id":"https:\/\/www.manaus.am.gov.br\/immu\/planmob\/operacao-especial-de-transito-e-transporte\/#primaryimage"},"image":{"@id":"https:\/\/www.manaus.am.gov.br\/immu\/planmob\/operacao-especial-de-transito-e-transporte\/#primaryimage"},"thumbnailUrl":"https:\/\/www.manaus.am.gov.br\/immu\/wp-content\/uploads\/sites\/14\/2026\/09\/55503228255_51bde091e8_c.jpg","datePublished":"2026-09-01T21:46:37+00:00","dateModified":"2026-09-02T16:53:46+00:00","author":{"@id":"https:\/\/www.manaus.am.gov.br\/immu\/#\/schema\/person\/466a0e03ae4b6062809046bd560ac955"},"description":"A Prefeitura de Manaus, por meio do Instituto Municipal de Mobilidade Urbana (IMMU), vai refor\u00e7ar o transporte coletivo durante o \u201c#SouManaus Passo a Pa\u00e7o 2026\u201d.","breadcrumb":{"@id":"https:\/\/www.manaus.am.gov.br\/immu\/planmob\/operacao-especial-de-transito-e-transporte\/#breadcrumb"},"inLanguage":"pt-BR","potentialAction":[{"@type":"ReadAction","target":["https:\/\/www.manaus.am.gov.br\/immu\/planmob\/operacao-especial-de-transito-e-transporte\/"]}]},{"@type":"ImageObject","inLanguage":"pt-BR","@id":"https:\/\/www.manaus.am.gov.br\/immu\/planmob\/operacao-especial-de-transito-e-transporte\/#primaryimage","url":"https:\/\/www.manaus.am.gov.br\/immu\/wp-content\/uploads\/sites\/14\/2026\/09\/55503228255_51bde091e8_c.jpg","contentUrl":"https:\/\/www.manaus.am.gov.br\/immu\/wp-content\/uploads\/sites\/14\/2026\/09\/55503228255_51bde091e8_c.jpg","width":799,"height":533,"caption":"#paratodosverem - Diretor-presidente do IMMU, Elson Andrade e diretor de Opera\u00e7\u00f5es de Tr\u00e2nsito do IMMU, Stanley Ventilari vistoriando espa\u00e7o que recebr\u00e1 interven\u00e7\u00f5es"},{"@type":"BreadcrumbList","@id":"https:\/\/www.manaus.am.gov.br\/immu\/planmob\/operacao-especial-de-transito-e-transporte\/#breadcrumb","itemListElement":[{"@type":"ListItem","position":1,"name":"Home","item":"https:\/\/www.manaus.am.gov.br\/immu\/"},{"@type":"ListItem","position":2,"name":"Prefeitura coordena opera\u00e7\u00e3o especial de tr\u00e2nsito e transporte para o \u2018#SouManaus Passo a Pa\u00e7o 2026\u2019 com refor\u00e7o de frotas e interdi\u00e7\u00f5es estrat\u00e9gicas\u00a0\u00a0"}]},{"@type":"WebSite","@id":"https:\/\/www.manaus.am.gov.br\/immu\/#website","url":"https:\/\/www.manaus.am.gov.br\/immu\/","name":"IMMU","description":"Prefeitura de Manaus","potentialAction":[{"@type":"SearchAction","target":{"@type":"EntryPoint","urlTemplate":"https:\/\/www.manaus.am.gov.br\/immu\/?s={search_term_string}"},"query-input":"required name=search_term_string"}],"inLanguage":"pt-BR"},{"@type":"Person","@id":"https:\/\/www.manaus.am.gov.br\/immu\/#\/schema\/person\/466a0e03ae4b6062809046bd560ac955","name":"bvalente","image":{"@type":"ImageObject","inLanguage":"pt-BR","@id":"https:\/\/www.manaus.am.gov.br\/immu\/#\/schema\/person\/image\/","url":"https:\/\/secure.gravatar.com\/avatar\/3e69bc2b014bdad41adfec3a39de07d2?s=96&d=mm&r=g","contentUrl":"https:\/\/secure.gravatar.com\/avatar\/3e69bc2b014bdad41adfec3a39de07d2?s=96&d=mm&r=g","caption":"bvalente"}}]}},"_links":{"self":[{"href":"https:\/\/www.manaus.am.gov.br\/immu\/wp-json\/wp\/v2\/posts\/7404"}],"collection":[{"href":"https:\/\/www.manaus.am.gov.br\/immu\/wp-json\/wp\/v2\/posts"}],"about":[{"href":"https:\/\/www.manaus.am.gov.br\/immu\/wp-json\/wp\/v2\/types\/post"}],"author":[{"embeddable":true,"href":"https:\/\/www.manaus.am.gov.br\/immu\/wp-json\/wp\/v2\/users\/68"}],"replies":[{"embeddable":true,"href":"https:\/\/www.manaus.am.gov.br\/immu\/wp-json\/wp\/v2\/comments?post=7404"}],"version-history":[{"count":3,"href":"https:\/\/www.manaus.am.gov.br\/immu\/wp-json\/wp\/v2\/posts\/7404\/revisions"}],"predecessor-version":[{"id":7414,"href":"https:\/\/www.manaus.am.gov.br\/immu\/wp-json\/wp\/v2\/posts\/7404\/revisions\/7414"}],"wp:featuredmedia":[{"embeddable":true,"href":"https:\/\/www.manaus.am.gov.br\/immu\/wp-json\/wp\/v2\/media\/7407"}],"wp:attachment":[{"href":"https:\/\/www.manaus.am.gov.br\/immu\/wp-json\/wp\/v2\/media?parent=7404"}],"wp:term":[{"taxonomy":"category","embeddable":true,"href":"https:\/\/www.manaus.am.gov.br\/immu\/wp-json\/wp\/v2\/categories?post=7404"},{"taxonomy":"post_tag","embeddable":true,"href":"https:\/\/www.manaus.am.gov.br\/immu\/wp-json\/wp\/v2\/tags?post=7404"}],"curies":[{"name":"wp","href":"https:\/\/api.w.org\/{rel}","templated":true}]}}