{"id":7399,"date":"2026-09-01T11:50:09","date_gmt":"2026-09-01T15:50:09","guid":{"rendered":"https:\/\/www.manaus.am.gov.br\/immu\/sem-categoria\/prefeitura-immu-acaoeducativa-2\/"},"modified":"2026-09-01T13:01:18","modified_gmt":"2026-09-01T17:01:18","slug":"prefeitura-immu-acao-educacao-transito-2","status":"publish","type":"post","link":"https:\/\/www.manaus.am.gov.br\/immu\/acao\/prefeitura-immu-acao-educacao-transito-2\/","title":{"rendered":"Prefeitura de Manaus intensifica educa\u00e7\u00e3o para o tr\u00e2nsito e refor\u00e7a responsabilidade dos motoristas por vias mais seguras"},"content":{"rendered":"\n<p>A <a href=\"https:\/\/www.manaus.am.gov.br\/\">Prefeitura de Manaus<\/a>, por meio do <a href=\"https:\/\/www.instagram.com\/immu_manaus\/\">Instituto Municipal de Mobilidade Urbana<\/a> (IMMU), realizou, nesta ter\u00e7a-feira, 1\u00ba\/9, mais uma a\u00e7\u00e3o de educa\u00e7\u00e3o no tr\u00e2nsito com o projeto \u201cCondutor Consciente\u201d, desta vez com colaboradores da \u00c2mbar Energia (Energisa), localizada na avenida Governador Jos\u00e9 Lindoso, no bairro Aleixo, zona Centro-Sul da capital. A atividade reuniu 86 participantes e teve como objetivo refor\u00e7ar a import\u00e2ncia da responsabilidade individual para a constru\u00e7\u00e3o de um tr\u00e2nsito mais seguro.<\/p>\n\n\n\n<p>A palestra foi coordenada pelo educador de tr\u00e2nsito do IMMU, Wenrisson Freitas, que apresentou orienta\u00e7\u00f5es voltadas ao comportamento dos motoristas nas vias, ao cumprimento da legisla\u00e7\u00e3o de tr\u00e2nsito e \u00e0 preven\u00e7\u00e3o de atitudes que possam colocar em risco condutores, passageiros, ciclistas e pedestres.<\/p>\n\n\n\n<p>Durante a atividade, os participantes tamb\u00e9m foram incentivados a atuar como multiplicadores das boas pr\u00e1ticas, compartilhando conhecimentos e experi\u00eancias com colegas, familiares e outros condutores. A proposta \u00e9 ampliar o alcance da educa\u00e7\u00e3o no tr\u00e2nsito e fortalecer uma cultura de respeito, prud\u00eancia e responsabilidade nas ruas e avenidas da cidade.<\/p>\n\n\n\n<p>Segundo Wenrisson Freitas, cada decis\u00e3o tomada ao volante tem impacto direto na seguran\u00e7a de todos que utilizam o sistema vi\u00e1rio. \u201cO motorista precisa compreender que cada atitude tomada no tr\u00e2nsito pode contribuir para a seguran\u00e7a de todos. Nosso trabalho \u00e9 refor\u00e7ar o cumprimento da legisla\u00e7\u00e3o, a condu\u00e7\u00e3o respons\u00e1vel e mostrar que cada participante tamb\u00e9m pode ser um multiplicador desse conhecimento\u201d, destacou Wenrisson.<\/p>\n\n\n\n<p>O \u201cCondutor Consciente\u201d faz parte das a\u00e7\u00f5es educativas desenvolvidas pelo IMMU junto a empresas e institui\u00e7\u00f5es de Manaus, aproximando a orienta\u00e7\u00e3o de tr\u00e2nsito de profissionais que utilizam diariamente as vias da capital e refor\u00e7ando que a seguran\u00e7a vi\u00e1ria depende da participa\u00e7\u00e3o de todos.<\/p>\n\n\n\n<p>&nbsp;&#8212; &#8212; &#8212;<\/p>\n\n\n\n<p><strong>Texto<\/strong>&nbsp;\u2013 Marcelo Lima \/ IMMU<\/p>\n\n\n\n<p><strong>Fotos<\/strong>&nbsp;\u2013 Divulga\u00e7\u00e3o \/ IMMU<\/p>\n","protected":false},"excerpt":{"rendered":"","protected":false},"author":23,"featured_media":7400,"comment_status":"closed","ping_status":"closed","sticky":false,"template":"","format":"standard","meta":{"footnotes":""},"categories":[10],"tags":[3073,2744,6,302,8,196],"acf":[],"yoast_head":"<!-- This site is optimized with the Yoast SEO plugin v23.0 - https:\/\/yoast.com\/wordpress\/plugins\/seo\/ -->\n<title>Prefeitura de Manaus intensifica educa\u00e7\u00e3o no tr\u00e2nsito<\/title>\n<meta name=\"description\" content=\"Prefeitura de Manaus intensifica educa\u00e7\u00e3o no tr\u00e2nsito e refor\u00e7a responsabilidade dos motoristas por vias mais seguras.\" \/>\n<meta name=\"robots\" content=\"noindex, follow\" \/>\n<meta property=\"og:locale\" content=\"pt_BR\" \/>\n<meta property=\"og:type\" content=\"article\" \/>\n<meta property=\"og:title\" content=\"Prefeitura de Manaus intensifica educa\u00e7\u00e3o no tr\u00e2nsito\" \/>\n<meta property=\"og:description\" content=\"Prefeitura de Manaus intensifica educa\u00e7\u00e3o no tr\u00e2nsito e refor\u00e7a responsabilidade dos motoristas por vias mais seguras.\" \/>\n<meta property=\"og:url\" content=\"https:\/\/www.manaus.am.gov.br\/immu\/acao\/prefeitura-immu-acao-educacao-transito-2\/\" \/>\n<meta property=\"og:site_name\" content=\"IMMU\" \/>\n<meta property=\"article:published_time\" content=\"2026-09-01T15:50:09+00:00\" \/>\n<meta property=\"article:modified_time\" content=\"2026-09-01T17:01:18+00:00\" \/>\n<meta property=\"og:image\" content=\"https:\/\/www.manaus.am.gov.br\/immu\/wp-content\/uploads\/sites\/14\/2026\/09\/WhatsApp-Image-2026-09-01-at-08.57.53.jpeg\" \/>\n\t<meta property=\"og:image:width\" content=\"1600\" \/>\n\t<meta property=\"og:image:height\" content=\"1200\" \/>\n\t<meta property=\"og:image:type\" content=\"image\/jpeg\" \/>\n<meta name=\"author\" content=\"Adriana Costa\" \/>\n<meta name=\"twitter:card\" content=\"summary_large_image\" \/>\n<meta name=\"twitter:label1\" content=\"Written by\" \/>\n\t<meta name=\"twitter:data1\" content=\"Adriana Costa\" \/>\n\t<meta name=\"twitter:label2\" content=\"Est. reading time\" \/>\n\t<meta name=\"twitter:data2\" content=\"2 minutos\" \/>\n<script type=\"application\/ld+json\" class=\"yoast-schema-graph\">{\"@context\":\"https:\/\/schema.org\",\"@graph\":[{\"@type\":\"WebPage\",\"@id\":\"https:\/\/www.manaus.am.gov.br\/immu\/acao\/prefeitura-immu-acao-educacao-transito-2\/\",\"url\":\"https:\/\/www.manaus.am.gov.br\/immu\/acao\/prefeitura-immu-acao-educacao-transito-2\/\",\"name\":\"Prefeitura de Manaus intensifica educa\u00e7\u00e3o no tr\u00e2nsito\",\"isPartOf\":{\"@id\":\"https:\/\/www.manaus.am.gov.br\/immu\/#website\"},\"primaryImageOfPage\":{\"@id\":\"https:\/\/www.manaus.am.gov.br\/immu\/acao\/prefeitura-immu-acao-educacao-transito-2\/#primaryimage\"},\"image\":{\"@id\":\"https:\/\/www.manaus.am.gov.br\/immu\/acao\/prefeitura-immu-acao-educacao-transito-2\/#primaryimage\"},\"thumbnailUrl\":\"https:\/\/www.manaus.am.gov.br\/immu\/wp-content\/uploads\/sites\/14\/2026\/09\/WhatsApp-Image-2026-09-01-at-08.57.53.jpeg\",\"datePublished\":\"2026-09-01T15:50:09+00:00\",\"dateModified\":\"2026-09-01T17:01:18+00:00\",\"author\":{\"@id\":\"https:\/\/www.manaus.am.gov.br\/immu\/#\/schema\/person\/4e49f4e267757a06ca072ec61b2b9968\"},\"description\":\"Prefeitura de Manaus intensifica educa\u00e7\u00e3o no tr\u00e2nsito e refor\u00e7a responsabilidade dos motoristas por vias mais seguras.\",\"breadcrumb\":{\"@id\":\"https:\/\/www.manaus.am.gov.br\/immu\/acao\/prefeitura-immu-acao-educacao-transito-2\/#breadcrumb\"},\"inLanguage\":\"pt-BR\",\"potentialAction\":[{\"@type\":\"ReadAction\",\"target\":[\"https:\/\/www.manaus.am.gov.br\/immu\/acao\/prefeitura-immu-acao-educacao-transito-2\/\"]}]},{\"@type\":\"ImageObject\",\"inLanguage\":\"pt-BR\",\"@id\":\"https:\/\/www.manaus.am.gov.br\/immu\/acao\/prefeitura-immu-acao-educacao-transito-2\/#primaryimage\",\"url\":\"https:\/\/www.manaus.am.gov.br\/immu\/wp-content\/uploads\/sites\/14\/2026\/09\/WhatsApp-Image-2026-09-01-at-08.57.53.jpeg\",\"contentUrl\":\"https:\/\/www.manaus.am.gov.br\/immu\/wp-content\/uploads\/sites\/14\/2026\/09\/WhatsApp-Image-2026-09-01-at-08.57.53.jpeg\",\"width\":1600,\"height\":1200,\"caption\":\"#paratodosverem - Palestra educativa do IMMU para motoristas da concession\u00e1ria de energia\"},{\"@type\":\"BreadcrumbList\",\"@id\":\"https:\/\/www.manaus.am.gov.br\/immu\/acao\/prefeitura-immu-acao-educacao-transito-2\/#breadcrumb\",\"itemListElement\":[{\"@type\":\"ListItem\",\"position\":1,\"name\":\"Home\",\"item\":\"https:\/\/www.manaus.am.gov.br\/immu\/\"},{\"@type\":\"ListItem\",\"position\":2,\"name\":\"Prefeitura de Manaus intensifica educa\u00e7\u00e3o para o tr\u00e2nsito e refor\u00e7a responsabilidade dos motoristas por vias mais seguras\"}]},{\"@type\":\"WebSite\",\"@id\":\"https:\/\/www.manaus.am.gov.br\/immu\/#website\",\"url\":\"https:\/\/www.manaus.am.gov.br\/immu\/\",\"name\":\"IMMU\",\"description\":\"Prefeitura de Manaus\",\"potentialAction\":[{\"@type\":\"SearchAction\",\"target\":{\"@type\":\"EntryPoint\",\"urlTemplate\":\"https:\/\/www.manaus.am.gov.br\/immu\/?s={search_term_string}\"},\"query-input\":\"required name=search_term_string\"}],\"inLanguage\":\"pt-BR\"},{\"@type\":\"Person\",\"@id\":\"https:\/\/www.manaus.am.gov.br\/immu\/#\/schema\/person\/4e49f4e267757a06ca072ec61b2b9968\",\"name\":\"Adriana Costa\",\"image\":{\"@type\":\"ImageObject\",\"inLanguage\":\"pt-BR\",\"@id\":\"https:\/\/www.manaus.am.gov.br\/immu\/#\/schema\/person\/image\/\",\"url\":\"https:\/\/secure.gravatar.com\/avatar\/576258617ef7194f718179e766d57bd4?s=96&d=mm&r=g\",\"contentUrl\":\"https:\/\/secure.gravatar.com\/avatar\/576258617ef7194f718179e766d57bd4?s=96&d=mm&r=g\",\"caption\":\"Adriana Costa\"}}]}<\/script>\n<!-- \/ Yoast SEO plugin. -->","yoast_head_json":{"title":"Prefeitura de Manaus intensifica educa\u00e7\u00e3o no tr\u00e2nsito","description":"Prefeitura de Manaus intensifica educa\u00e7\u00e3o no tr\u00e2nsito e refor\u00e7a responsabilidade dos motoristas por vias mais seguras.","robots":{"index":"noindex","follow":"follow"},"og_locale":"pt_BR","og_type":"article","og_title":"Prefeitura de Manaus intensifica educa\u00e7\u00e3o no tr\u00e2nsito","og_description":"Prefeitura de Manaus intensifica educa\u00e7\u00e3o no tr\u00e2nsito e refor\u00e7a responsabilidade dos motoristas por vias mais seguras.","og_url":"https:\/\/www.manaus.am.gov.br\/immu\/acao\/prefeitura-immu-acao-educacao-transito-2\/","og_site_name":"IMMU","article_published_time":"2026-09-01T15:50:09+00:00","article_modified_time":"2026-09-01T17:01:18+00:00","og_image":[{"width":1600,"height":1200,"url":"https:\/\/www.manaus.am.gov.br\/immu\/wp-content\/uploads\/sites\/14\/2026\/09\/WhatsApp-Image-2026-09-01-at-08.57.53.jpeg","type":"image\/jpeg"}],"author":"Adriana Costa","twitter_card":"summary_large_image","twitter_misc":{"Written by":"Adriana Costa","Est. reading time":"2 minutos"},"schema":{"@context":"https:\/\/schema.org","@graph":[{"@type":"WebPage","@id":"https:\/\/www.manaus.am.gov.br\/immu\/acao\/prefeitura-immu-acao-educacao-transito-2\/","url":"https:\/\/www.manaus.am.gov.br\/immu\/acao\/prefeitura-immu-acao-educacao-transito-2\/","name":"Prefeitura de Manaus intensifica educa\u00e7\u00e3o no tr\u00e2nsito","isPartOf":{"@id":"https:\/\/www.manaus.am.gov.br\/immu\/#website"},"primaryImageOfPage":{"@id":"https:\/\/www.manaus.am.gov.br\/immu\/acao\/prefeitura-immu-acao-educacao-transito-2\/#primaryimage"},"image":{"@id":"https:\/\/www.manaus.am.gov.br\/immu\/acao\/prefeitura-immu-acao-educacao-transito-2\/#primaryimage"},"thumbnailUrl":"https:\/\/www.manaus.am.gov.br\/immu\/wp-content\/uploads\/sites\/14\/2026\/09\/WhatsApp-Image-2026-09-01-at-08.57.53.jpeg","datePublished":"2026-09-01T15:50:09+00:00","dateModified":"2026-09-01T17:01:18+00:00","author":{"@id":"https:\/\/www.manaus.am.gov.br\/immu\/#\/schema\/person\/4e49f4e267757a06ca072ec61b2b9968"},"description":"Prefeitura de Manaus intensifica educa\u00e7\u00e3o no tr\u00e2nsito e refor\u00e7a responsabilidade dos motoristas por vias mais seguras.","breadcrumb":{"@id":"https:\/\/www.manaus.am.gov.br\/immu\/acao\/prefeitura-immu-acao-educacao-transito-2\/#breadcrumb"},"inLanguage":"pt-BR","potentialAction":[{"@type":"ReadAction","target":["https:\/\/www.manaus.am.gov.br\/immu\/acao\/prefeitura-immu-acao-educacao-transito-2\/"]}]},{"@type":"ImageObject","inLanguage":"pt-BR","@id":"https:\/\/www.manaus.am.gov.br\/immu\/acao\/prefeitura-immu-acao-educacao-transito-2\/#primaryimage","url":"https:\/\/www.manaus.am.gov.br\/immu\/wp-content\/uploads\/sites\/14\/2026\/09\/WhatsApp-Image-2026-09-01-at-08.57.53.jpeg","contentUrl":"https:\/\/www.manaus.am.gov.br\/immu\/wp-content\/uploads\/sites\/14\/2026\/09\/WhatsApp-Image-2026-09-01-at-08.57.53.jpeg","width":1600,"height":1200,"caption":"#paratodosverem - Palestra educativa do IMMU para motoristas da concession\u00e1ria de energia"},{"@type":"BreadcrumbList","@id":"https:\/\/www.manaus.am.gov.br\/immu\/acao\/prefeitura-immu-acao-educacao-transito-2\/#breadcrumb","itemListElement":[{"@type":"ListItem","position":1,"name":"Home","item":"https:\/\/www.manaus.am.gov.br\/immu\/"},{"@type":"ListItem","position":2,"name":"Prefeitura de Manaus intensifica educa\u00e7\u00e3o para o tr\u00e2nsito e refor\u00e7a responsabilidade dos motoristas por vias mais seguras"}]},{"@type":"WebSite","@id":"https:\/\/www.manaus.am.gov.br\/immu\/#website","url":"https:\/\/www.manaus.am.gov.br\/immu\/","name":"IMMU","description":"Prefeitura de Manaus","potentialAction":[{"@type":"SearchAction","target":{"@type":"EntryPoint","urlTemplate":"https:\/\/www.manaus.am.gov.br\/immu\/?s={search_term_string}"},"query-input":"required name=search_term_string"}],"inLanguage":"pt-BR"},{"@type":"Person","@id":"https:\/\/www.manaus.am.gov.br\/immu\/#\/schema\/person\/4e49f4e267757a06ca072ec61b2b9968","name":"Adriana Costa","image":{"@type":"ImageObject","inLanguage":"pt-BR","@id":"https:\/\/www.manaus.am.gov.br\/immu\/#\/schema\/person\/image\/","url":"https:\/\/secure.gravatar.com\/avatar\/576258617ef7194f718179e766d57bd4?s=96&d=mm&r=g","contentUrl":"https:\/\/secure.gravatar.com\/avatar\/576258617ef7194f718179e766d57bd4?s=96&d=mm&r=g","caption":"Adriana Costa"}}]}},"_links":{"self":[{"href":"https:\/\/www.manaus.am.gov.br\/immu\/wp-json\/wp\/v2\/posts\/7399"}],"collection":[{"href":"https:\/\/www.manaus.am.gov.br\/immu\/wp-json\/wp\/v2\/posts"}],"about":[{"href":"https:\/\/www.manaus.am.gov.br\/immu\/wp-json\/wp\/v2\/types\/post"}],"author":[{"embeddable":true,"href":"https:\/\/www.manaus.am.gov.br\/immu\/wp-json\/wp\/v2\/users\/23"}],"replies":[{"embeddable":true,"href":"https:\/\/www.manaus.am.gov.br\/immu\/wp-json\/wp\/v2\/comments?post=7399"}],"version-history":[{"count":1,"href":"https:\/\/www.manaus.am.gov.br\/immu\/wp-json\/wp\/v2\/posts\/7399\/revisions"}],"predecessor-version":[{"id":7403,"href":"https:\/\/www.manaus.am.gov.br\/immu\/wp-json\/wp\/v2\/posts\/7399\/revisions\/7403"}],"wp:featuredmedia":[{"embeddable":true,"href":"https:\/\/www.manaus.am.gov.br\/immu\/wp-json\/wp\/v2\/media\/7400"}],"wp:attachment":[{"href":"https:\/\/www.manaus.am.gov.br\/immu\/wp-json\/wp\/v2\/media?parent=7399"}],"wp:term":[{"taxonomy":"category","embeddable":true,"href":"https:\/\/www.manaus.am.gov.br\/immu\/wp-json\/wp\/v2\/categories?post=7399"},{"taxonomy":"post_tag","embeddable":true,"href":"https:\/\/www.manaus.am.gov.br\/immu\/wp-json\/wp\/v2\/tags?post=7399"}],"curies":[{"name":"wp","href":"https:\/\/api.w.org\/{rel}","templated":true}]}}