{"id":7397,"date":"2026-09-01T11:38:14","date_gmt":"2026-09-01T15:38:14","guid":{"rendered":"https:\/\/www.manaus.am.gov.br\/immu\/sem-categoria\/prefeitura-seminf-asfalto-dompedro\/"},"modified":"2026-09-01T12:57:55","modified_gmt":"2026-09-01T16:57:55","slug":"prefeitura-seminf-recuperacao-asfaltica-dom-pedro","status":"publish","type":"post","link":"https:\/\/www.manaus.am.gov.br\/immu\/obras\/prefeitura-seminf-recuperacao-asfaltica-dom-pedro\/","title":{"rendered":"Prefeitura de Manaus recupera ruas do Dom Pedro e refor\u00e7a infraestrutura vi\u00e1ria"},"content":{"rendered":"\n<p>A <a href=\"https:\/\/www.manaus.am.gov.br\/\">Prefeitura de Manaus<\/a>, por meio da <a href=\"https:\/\/www.instagram.com\/seminf.manaus\/\">Secretaria Municipal de Infraestrutura<\/a> (Seminf), avan\u00e7a, nesta ter\u00e7a-feira, 1\u00ba\/9, com os servi\u00e7os de recupera\u00e7\u00e3o asf\u00e1ltica nas ruas Frei Caneca e Ant\u00f4nio Lobo Sobrinho, no bairro Dom Pedro, zona Centro-Oeste da capital. Nesta primeira etapa da interven\u00e7\u00e3o, as equipes do distrito de obras aplicam aproximadamente 35 toneladas de massa asf\u00e1ltica para recuperar os trechos que apresentavam maior desgaste.<\/p>\n\n\n\n<p>Os trabalhos come\u00e7aram com a prepara\u00e7\u00e3o da base, a partir da limpeza dos trechos que receberam interven\u00e7\u00e3o e da aplica\u00e7\u00e3o de emuls\u00e3o asf\u00e1ltica, etapa que garante maior ader\u00eancia do novo revestimento. Na sequ\u00eancia, as equipes realizam a aplica\u00e7\u00e3o da massa asf\u00e1ltica e finalizam o servi\u00e7o com a compacta\u00e7\u00e3o do pavimento, utilizando o rolo compactador.<\/p>\n\n\n\n<p>O secret\u00e1rio municipal de Infraestrutura, Madson Rodrigues, destacou que a interven\u00e7\u00e3o atende as necessidades dos moradores e contribui diretamente para a melhoria da circula\u00e7\u00e3o na regi\u00e3o.<\/p>\n\n\n\n<p>\u201cConforme a determina\u00e7\u00e3o do prefeito Renato Junior, nossos trabalhos seguem avan\u00e7ando para atender as demandas da popula\u00e7\u00e3o e levar mais seguran\u00e7a e qualidade de vida aos moradores. Nosso compromisso, enquanto time de gente que trabalha, \u00e9 revitalizar, modernizar e transformar a infraestrutura dos bairros, com a\u00e7\u00f5es que fazem diferen\u00e7a no dia a dia das comunidades\u201d, afirmou Madson Rodrigues.<\/p>\n\n\n\n<p>A movimenta\u00e7\u00e3o das equipes foi acompanhada de perto pelos moradores, que destacaram os benef\u00edcios da recupera\u00e7\u00e3o das vias. O profissional de aquarismo Raimundo Vilhena, de 50 anos, comemorou a realiza\u00e7\u00e3o dos servi\u00e7os.<\/p>\n\n\n\n<p>\u201cFico muito alegre em ver a movimenta\u00e7\u00e3o das equipes da Prefeitura de Manaus atuando na minha rua. Esses servi\u00e7os de infraestrutura s\u00e3o muito importantes para a popula\u00e7\u00e3o. Agradecemos por esse trabalho e pela melhoria que est\u00e1 sendo feita aqui\u201d, disse o morador.<\/p>\n\n\n\n<p>Com a interven\u00e7\u00e3o, as ruas Frei Caneca e Ant\u00f4nio Lobo Sobrinho passam a contar com melhores condi\u00e7\u00f5es de pavimenta\u00e7\u00e3o e circula\u00e7\u00e3o. A Prefeitura de Manaus segue com equipes mobilizadas em diferentes pontos da capital, avan\u00e7ando na recupera\u00e7\u00e3o da malha vi\u00e1ria e levando melhorias para os bairros que necessitam de interven\u00e7\u00e3o.<\/p>\n\n\n\n<p>&#8212; &#8212; &#8212;<\/p>\n\n\n\n<p><strong>Texto<\/strong>&nbsp;&#8211; Maria Amed\/Seminf<\/p>\n\n\n\n<p><strong>Fotos<\/strong>&nbsp;&#8211; Luiz Felipe\/Seminf<\/p>\n","protected":false},"excerpt":{"rendered":"","protected":false},"author":23,"featured_media":7398,"comment_status":"closed","ping_status":"closed","sticky":false,"template":"","format":"standard","meta":{"footnotes":""},"categories":[508],"tags":[3070,2120,8,3071,3072,435],"acf":[],"yoast_head":"<!-- This site is optimized with the Yoast SEO plugin v23.0 - https:\/\/yoast.com\/wordpress\/plugins\/seo\/ -->\n<title>Recupera\u00e7\u00e3o asf\u00e1ltica nas ruas do bairro Dom Pedro<\/title>\n<meta name=\"description\" content=\"A Prefeitura de Manaus, por meio da (Seminf), avan\u00e7a, nesta ter\u00e7a-feira, 1\u00ba\/9, com os servi\u00e7os de recupera\u00e7\u00e3o asf\u00e1ltica no bairro Dom Pedro.\" \/>\n<meta name=\"robots\" content=\"noindex, follow\" \/>\n<meta property=\"og:locale\" content=\"pt_BR\" \/>\n<meta property=\"og:type\" content=\"article\" \/>\n<meta property=\"og:title\" content=\"Recupera\u00e7\u00e3o asf\u00e1ltica nas ruas do bairro Dom Pedro\" \/>\n<meta property=\"og:description\" content=\"A Prefeitura de Manaus, por meio da (Seminf), avan\u00e7a, nesta ter\u00e7a-feira, 1\u00ba\/9, com os servi\u00e7os de recupera\u00e7\u00e3o asf\u00e1ltica no bairro Dom Pedro.\" \/>\n<meta property=\"og:url\" content=\"https:\/\/www.manaus.am.gov.br\/immu\/obras\/prefeitura-seminf-recuperacao-asfaltica-dom-pedro\/\" \/>\n<meta property=\"og:site_name\" content=\"IMMU\" \/>\n<meta property=\"article:published_time\" content=\"2026-09-01T15:38:14+00:00\" \/>\n<meta property=\"article:modified_time\" content=\"2026-09-01T16:57:55+00:00\" \/>\n<meta property=\"og:image\" content=\"https:\/\/www.manaus.am.gov.br\/immu\/wp-content\/uploads\/sites\/14\/2026\/09\/IMG_1850-1024x768.jpg\" \/>\n\t<meta property=\"og:image:width\" content=\"1024\" \/>\n\t<meta property=\"og:image:height\" content=\"768\" \/>\n\t<meta property=\"og:image:type\" content=\"image\/jpeg\" \/>\n<meta name=\"author\" content=\"Adriana Costa\" \/>\n<meta name=\"twitter:card\" content=\"summary_large_image\" \/>\n<meta name=\"twitter:label1\" content=\"Written by\" \/>\n\t<meta name=\"twitter:data1\" content=\"Adriana Costa\" \/>\n\t<meta name=\"twitter:label2\" content=\"Est. reading time\" \/>\n\t<meta name=\"twitter:data2\" content=\"3 minutos\" \/>\n<script type=\"application\/ld+json\" class=\"yoast-schema-graph\">{\"@context\":\"https:\/\/schema.org\",\"@graph\":[{\"@type\":\"WebPage\",\"@id\":\"https:\/\/www.manaus.am.gov.br\/immu\/obras\/prefeitura-seminf-recuperacao-asfaltica-dom-pedro\/\",\"url\":\"https:\/\/www.manaus.am.gov.br\/immu\/obras\/prefeitura-seminf-recuperacao-asfaltica-dom-pedro\/\",\"name\":\"Recupera\u00e7\u00e3o asf\u00e1ltica nas ruas do bairro Dom Pedro\",\"isPartOf\":{\"@id\":\"https:\/\/www.manaus.am.gov.br\/immu\/#website\"},\"primaryImageOfPage\":{\"@id\":\"https:\/\/www.manaus.am.gov.br\/immu\/obras\/prefeitura-seminf-recuperacao-asfaltica-dom-pedro\/#primaryimage\"},\"image\":{\"@id\":\"https:\/\/www.manaus.am.gov.br\/immu\/obras\/prefeitura-seminf-recuperacao-asfaltica-dom-pedro\/#primaryimage\"},\"thumbnailUrl\":\"https:\/\/www.manaus.am.gov.br\/immu\/wp-content\/uploads\/sites\/14\/2026\/09\/IMG_1850.jpg\",\"datePublished\":\"2026-09-01T15:38:14+00:00\",\"dateModified\":\"2026-09-01T16:57:55+00:00\",\"author\":{\"@id\":\"https:\/\/www.manaus.am.gov.br\/immu\/#\/schema\/person\/4e49f4e267757a06ca072ec61b2b9968\"},\"description\":\"A Prefeitura de Manaus, por meio da (Seminf), avan\u00e7a, nesta ter\u00e7a-feira, 1\u00ba\/9, com os servi\u00e7os de recupera\u00e7\u00e3o asf\u00e1ltica no bairro Dom Pedro.\",\"breadcrumb\":{\"@id\":\"https:\/\/www.manaus.am.gov.br\/immu\/obras\/prefeitura-seminf-recuperacao-asfaltica-dom-pedro\/#breadcrumb\"},\"inLanguage\":\"pt-BR\",\"potentialAction\":[{\"@type\":\"ReadAction\",\"target\":[\"https:\/\/www.manaus.am.gov.br\/immu\/obras\/prefeitura-seminf-recuperacao-asfaltica-dom-pedro\/\"]}]},{\"@type\":\"ImageObject\",\"inLanguage\":\"pt-BR\",\"@id\":\"https:\/\/www.manaus.am.gov.br\/immu\/obras\/prefeitura-seminf-recuperacao-asfaltica-dom-pedro\/#primaryimage\",\"url\":\"https:\/\/www.manaus.am.gov.br\/immu\/wp-content\/uploads\/sites\/14\/2026\/09\/IMG_1850.jpg\",\"contentUrl\":\"https:\/\/www.manaus.am.gov.br\/immu\/wp-content\/uploads\/sites\/14\/2026\/09\/IMG_1850.jpg\",\"width\":5712,\"height\":4284,\"caption\":\"#paratodosverem - Homens da Seminf aplicam massa asf\u00e1ltica em via do Dom Pedro, na zona Centro-Oeste de Manaus\"},{\"@type\":\"BreadcrumbList\",\"@id\":\"https:\/\/www.manaus.am.gov.br\/immu\/obras\/prefeitura-seminf-recuperacao-asfaltica-dom-pedro\/#breadcrumb\",\"itemListElement\":[{\"@type\":\"ListItem\",\"position\":1,\"name\":\"Home\",\"item\":\"https:\/\/www.manaus.am.gov.br\/immu\/\"},{\"@type\":\"ListItem\",\"position\":2,\"name\":\"Prefeitura de Manaus recupera ruas do Dom Pedro e refor\u00e7a infraestrutura vi\u00e1ria\"}]},{\"@type\":\"WebSite\",\"@id\":\"https:\/\/www.manaus.am.gov.br\/immu\/#website\",\"url\":\"https:\/\/www.manaus.am.gov.br\/immu\/\",\"name\":\"IMMU\",\"description\":\"Prefeitura de Manaus\",\"potentialAction\":[{\"@type\":\"SearchAction\",\"target\":{\"@type\":\"EntryPoint\",\"urlTemplate\":\"https:\/\/www.manaus.am.gov.br\/immu\/?s={search_term_string}\"},\"query-input\":\"required name=search_term_string\"}],\"inLanguage\":\"pt-BR\"},{\"@type\":\"Person\",\"@id\":\"https:\/\/www.manaus.am.gov.br\/immu\/#\/schema\/person\/4e49f4e267757a06ca072ec61b2b9968\",\"name\":\"Adriana Costa\",\"image\":{\"@type\":\"ImageObject\",\"inLanguage\":\"pt-BR\",\"@id\":\"https:\/\/www.manaus.am.gov.br\/immu\/#\/schema\/person\/image\/\",\"url\":\"https:\/\/secure.gravatar.com\/avatar\/576258617ef7194f718179e766d57bd4?s=96&d=mm&r=g\",\"contentUrl\":\"https:\/\/secure.gravatar.com\/avatar\/576258617ef7194f718179e766d57bd4?s=96&d=mm&r=g\",\"caption\":\"Adriana Costa\"}}]}<\/script>\n<!-- \/ Yoast SEO plugin. -->","yoast_head_json":{"title":"Recupera\u00e7\u00e3o asf\u00e1ltica nas ruas do bairro Dom Pedro","description":"A Prefeitura de Manaus, por meio da (Seminf), avan\u00e7a, nesta ter\u00e7a-feira, 1\u00ba\/9, com os servi\u00e7os de recupera\u00e7\u00e3o asf\u00e1ltica no bairro Dom Pedro.","robots":{"index":"noindex","follow":"follow"},"og_locale":"pt_BR","og_type":"article","og_title":"Recupera\u00e7\u00e3o asf\u00e1ltica nas ruas do bairro Dom Pedro","og_description":"A Prefeitura de Manaus, por meio da (Seminf), avan\u00e7a, nesta ter\u00e7a-feira, 1\u00ba\/9, com os servi\u00e7os de recupera\u00e7\u00e3o asf\u00e1ltica no bairro Dom Pedro.","og_url":"https:\/\/www.manaus.am.gov.br\/immu\/obras\/prefeitura-seminf-recuperacao-asfaltica-dom-pedro\/","og_site_name":"IMMU","article_published_time":"2026-09-01T15:38:14+00:00","article_modified_time":"2026-09-01T16:57:55+00:00","og_image":[{"width":1024,"height":768,"url":"https:\/\/www.manaus.am.gov.br\/immu\/wp-content\/uploads\/sites\/14\/2026\/09\/IMG_1850-1024x768.jpg","type":"image\/jpeg"}],"author":"Adriana Costa","twitter_card":"summary_large_image","twitter_misc":{"Written by":"Adriana Costa","Est. reading time":"3 minutos"},"schema":{"@context":"https:\/\/schema.org","@graph":[{"@type":"WebPage","@id":"https:\/\/www.manaus.am.gov.br\/immu\/obras\/prefeitura-seminf-recuperacao-asfaltica-dom-pedro\/","url":"https:\/\/www.manaus.am.gov.br\/immu\/obras\/prefeitura-seminf-recuperacao-asfaltica-dom-pedro\/","name":"Recupera\u00e7\u00e3o asf\u00e1ltica nas ruas do bairro Dom Pedro","isPartOf":{"@id":"https:\/\/www.manaus.am.gov.br\/immu\/#website"},"primaryImageOfPage":{"@id":"https:\/\/www.manaus.am.gov.br\/immu\/obras\/prefeitura-seminf-recuperacao-asfaltica-dom-pedro\/#primaryimage"},"image":{"@id":"https:\/\/www.manaus.am.gov.br\/immu\/obras\/prefeitura-seminf-recuperacao-asfaltica-dom-pedro\/#primaryimage"},"thumbnailUrl":"https:\/\/www.manaus.am.gov.br\/immu\/wp-content\/uploads\/sites\/14\/2026\/09\/IMG_1850.jpg","datePublished":"2026-09-01T15:38:14+00:00","dateModified":"2026-09-01T16:57:55+00:00","author":{"@id":"https:\/\/www.manaus.am.gov.br\/immu\/#\/schema\/person\/4e49f4e267757a06ca072ec61b2b9968"},"description":"A Prefeitura de Manaus, por meio da (Seminf), avan\u00e7a, nesta ter\u00e7a-feira, 1\u00ba\/9, com os servi\u00e7os de recupera\u00e7\u00e3o asf\u00e1ltica no bairro Dom Pedro.","breadcrumb":{"@id":"https:\/\/www.manaus.am.gov.br\/immu\/obras\/prefeitura-seminf-recuperacao-asfaltica-dom-pedro\/#breadcrumb"},"inLanguage":"pt-BR","potentialAction":[{"@type":"ReadAction","target":["https:\/\/www.manaus.am.gov.br\/immu\/obras\/prefeitura-seminf-recuperacao-asfaltica-dom-pedro\/"]}]},{"@type":"ImageObject","inLanguage":"pt-BR","@id":"https:\/\/www.manaus.am.gov.br\/immu\/obras\/prefeitura-seminf-recuperacao-asfaltica-dom-pedro\/#primaryimage","url":"https:\/\/www.manaus.am.gov.br\/immu\/wp-content\/uploads\/sites\/14\/2026\/09\/IMG_1850.jpg","contentUrl":"https:\/\/www.manaus.am.gov.br\/immu\/wp-content\/uploads\/sites\/14\/2026\/09\/IMG_1850.jpg","width":5712,"height":4284,"caption":"#paratodosverem - Homens da Seminf aplicam massa asf\u00e1ltica em via do Dom Pedro, na zona Centro-Oeste de Manaus"},{"@type":"BreadcrumbList","@id":"https:\/\/www.manaus.am.gov.br\/immu\/obras\/prefeitura-seminf-recuperacao-asfaltica-dom-pedro\/#breadcrumb","itemListElement":[{"@type":"ListItem","position":1,"name":"Home","item":"https:\/\/www.manaus.am.gov.br\/immu\/"},{"@type":"ListItem","position":2,"name":"Prefeitura de Manaus recupera ruas do Dom Pedro e refor\u00e7a infraestrutura vi\u00e1ria"}]},{"@type":"WebSite","@id":"https:\/\/www.manaus.am.gov.br\/immu\/#website","url":"https:\/\/www.manaus.am.gov.br\/immu\/","name":"IMMU","description":"Prefeitura de Manaus","potentialAction":[{"@type":"SearchAction","target":{"@type":"EntryPoint","urlTemplate":"https:\/\/www.manaus.am.gov.br\/immu\/?s={search_term_string}"},"query-input":"required name=search_term_string"}],"inLanguage":"pt-BR"},{"@type":"Person","@id":"https:\/\/www.manaus.am.gov.br\/immu\/#\/schema\/person\/4e49f4e267757a06ca072ec61b2b9968","name":"Adriana Costa","image":{"@type":"ImageObject","inLanguage":"pt-BR","@id":"https:\/\/www.manaus.am.gov.br\/immu\/#\/schema\/person\/image\/","url":"https:\/\/secure.gravatar.com\/avatar\/576258617ef7194f718179e766d57bd4?s=96&d=mm&r=g","contentUrl":"https:\/\/secure.gravatar.com\/avatar\/576258617ef7194f718179e766d57bd4?s=96&d=mm&r=g","caption":"Adriana Costa"}}]}},"_links":{"self":[{"href":"https:\/\/www.manaus.am.gov.br\/immu\/wp-json\/wp\/v2\/posts\/7397"}],"collection":[{"href":"https:\/\/www.manaus.am.gov.br\/immu\/wp-json\/wp\/v2\/posts"}],"about":[{"href":"https:\/\/www.manaus.am.gov.br\/immu\/wp-json\/wp\/v2\/types\/post"}],"author":[{"embeddable":true,"href":"https:\/\/www.manaus.am.gov.br\/immu\/wp-json\/wp\/v2\/users\/23"}],"replies":[{"embeddable":true,"href":"https:\/\/www.manaus.am.gov.br\/immu\/wp-json\/wp\/v2\/comments?post=7397"}],"version-history":[{"count":1,"href":"https:\/\/www.manaus.am.gov.br\/immu\/wp-json\/wp\/v2\/posts\/7397\/revisions"}],"predecessor-version":[{"id":7402,"href":"https:\/\/www.manaus.am.gov.br\/immu\/wp-json\/wp\/v2\/posts\/7397\/revisions\/7402"}],"wp:featuredmedia":[{"embeddable":true,"href":"https:\/\/www.manaus.am.gov.br\/immu\/wp-json\/wp\/v2\/media\/7398"}],"wp:attachment":[{"href":"https:\/\/www.manaus.am.gov.br\/immu\/wp-json\/wp\/v2\/media?parent=7397"}],"wp:term":[{"taxonomy":"category","embeddable":true,"href":"https:\/\/www.manaus.am.gov.br\/immu\/wp-json\/wp\/v2\/categories?post=7397"},{"taxonomy":"post_tag","embeddable":true,"href":"https:\/\/www.manaus.am.gov.br\/immu\/wp-json\/wp\/v2\/tags?post=7397"}],"curies":[{"name":"wp","href":"https:\/\/api.w.org\/{rel}","templated":true}]}}