{"id":7377,"date":"2026-08-28T14:56:45","date_gmt":"2026-08-28T18:56:45","guid":{"rendered":"https:\/\/www.manaus.am.gov.br\/immu\/sem-categoria\/revitalizacao-viaria-servicos-publicos-japiim-petropolis\/"},"modified":"2026-08-28T14:56:45","modified_gmt":"2026-08-28T18:56:45","slug":"revitalizacao-viaria-servicos-publicos-japiim-petropolis","status":"publish","type":"post","link":"https:\/\/www.manaus.am.gov.br\/immu\/servicos\/revitalizacao-viaria-servicos-publicos-japiim-petropolis\/","title":{"rendered":"Prefeitura leva revitaliza\u00e7\u00e3o vi\u00e1ria e servi\u00e7os p\u00fablicos aos bairros Japiim e Petr\u00f3polis durante a a\u00e7\u00e3o \u2018Manaus que a Gente Cuida\u2019"},"content":{"rendered":"\n<p>A Prefeitura de Manaus, por meio do Instituto Municipal de Mobilidade Urbana (IMMU), est\u00e1 refor\u00e7ando as a\u00e7\u00f5es de melhoria da mobilidade e, ao mesmo tempo, levando servi\u00e7os diretamente \u00e0 popula\u00e7\u00e3o dos bairros Japiim e Petr\u00f3polis, na zona Sul da capital. As atividades fazem parte da a\u00e7\u00e3o \u201cManaus que a Gente Cuida\u201d, que iniciou nessa quinta-feira, 27\/8, e que segue at\u00e9 este s\u00e1bado, 29\/8.<\/p>\n\n\n\n<p>Durante a programa\u00e7\u00e3o, equipes do IMMU atuam na revitaliza\u00e7\u00e3o da sinaliza\u00e7\u00e3o vi\u00e1ria, com interven\u00e7\u00f5es voltadas ao ordenamento do tr\u00e2nsito, melhoria da visibilidade da sinaliza\u00e7\u00e3o e aumento da seguran\u00e7a de motoristas, motociclistas, ciclistas e pedestres que circulam diariamente pela regi\u00e3o.<\/p>\n\n\n\n<p>Al\u00e9m do trabalho realizado nas ruas, a a\u00e7\u00e3o tem como diferencial aproximar os servi\u00e7os de mobilidade da popula\u00e7\u00e3o, reduzindo a necessidade de deslocamento dos moradores para outros pontos da cidade.<\/p>\n\n\n\n<p>\u201cEsse trabalho refor\u00e7a a sinaliza\u00e7\u00e3o nos bairros, melhora o ordenamento das vias e, principalmente, oferece mais seguran\u00e7a para motoristas e pedestres\u201d, destacou Lucas Pimentel, diretor de Sinaliza\u00e7\u00e3o Vi\u00e1ria do IMMU.<\/p>\n\n\n\n<p>Nesta sexta-feira, 28\/8, o IMMU disponibilizou atendimento do PassaF\u00e1cil, facilitando o acesso dos moradores aos servi\u00e7os relacionados ao transporte coletivo. A iniciativa foi aprovada por quem encontrou o atendimento perto de casa.<\/p>\n\n\n\n<p>A aut\u00f4noma Jussara R\u00famula, de 29 anos, procurou informa\u00e7\u00f5es para conseguir o benef\u00edcio estudantil para as filhas. Ela contou que tentava resolver a situa\u00e7\u00e3o havia cerca de tr\u00eas anos e destacou a facilidade proporcionada pela presen\u00e7a da equipe no bairro.<\/p>\n\n\n\n<p>\u201cEu vinha passando, vi o atendimento e resolvi buscar informa\u00e7\u00e3o. J\u00e1 fazia uns tr\u00eas anos que tentava conseguir e n\u00e3o conseguia. Achei maravilhoso porque, muitas vezes, precisamos sair para outro bairro e ir mais longe. Para mim, que trabalho como aut\u00f4noma, foi show de bola\u201d, disse Jussara.&nbsp;<\/p>\n\n\n\n<p>A proximidade do servi\u00e7o tamb\u00e9m fez diferen\u00e7a para a dona de casa Wanda Miranda de Lima, de 77 anos. Moradora das proximidades, ela relatou que enfrentava dificuldades para se deslocar at\u00e9 um terminal e conseguiu realizar o atendimento durante a a\u00e7\u00e3o.<\/p>\n\n\n\n<p>\u201cEu estava com dificuldade de ir at\u00e9 o terminal e hoje encontrei o atendimento aqui perto. Fiquei muito feliz. O atendimento foi \u00f3timo e recomendo que os outros idosos tamb\u00e9m procurem o servi\u00e7o\u201d, comentou Wanda.<\/p>\n\n\n\n<p>Neste s\u00e1bado, 29\/8, a programa\u00e7\u00e3o do IMMU continua com a emiss\u00e3o de credenciais de estacionamento para pessoas idosas e Pessoas com Defici\u00eancia (PcDs). O documento garante aos benefici\u00e1rios o direito de utilizar as vagas especiais devidamente sinalizadas, conforme estabelece a legisla\u00e7\u00e3o.<\/p>\n\n\n\n<p>A participa\u00e7\u00e3o do IMMU no \u201cManaus que a Gente Cuida\u201d re\u00fane duas frentes de atua\u00e7\u00e3o em uma&nbsp;mesma regi\u00e3o:&nbsp;cuidar da infraestrutura e do ordenamento das vias e facilitar o acesso da popula\u00e7\u00e3o aos servi\u00e7os p\u00fablicos de mobilidade.<\/p>\n\n\n\n<p>Com as interven\u00e7\u00f5es no Japiim e Petr\u00f3polis, a Prefeitura de Manaus d\u00e1 continuidade ao trabalho de manuten\u00e7\u00e3o e melhoria do sistema vi\u00e1rio, levando as equipes para dentro dos bairros e aproximando os servi\u00e7os p\u00fablicos de quem mais precisa deles.<\/p>\n\n\n\n<figure class=\"wp-block-image size-large\"><img loading=\"lazy\" decoding=\"async\" width=\"1024\" height=\"768\" src=\"https:\/\/www.manaus.am.gov.br\/immu\/wp-content\/uploads\/sites\/14\/2026\/08\/WhatsApp-Image-2026-08-28-at-10.59.01-1-1024x768.jpeg\" alt=\"\" class=\"wp-image-7379\" srcset=\"https:\/\/www.manaus.am.gov.br\/immu\/wp-content\/uploads\/sites\/14\/2026\/08\/WhatsApp-Image-2026-08-28-at-10.59.01-1-1024x768.jpeg 1024w, https:\/\/www.manaus.am.gov.br\/immu\/wp-content\/uploads\/sites\/14\/2026\/08\/WhatsApp-Image-2026-08-28-at-10.59.01-1-300x225.jpeg 300w, https:\/\/www.manaus.am.gov.br\/immu\/wp-content\/uploads\/sites\/14\/2026\/08\/WhatsApp-Image-2026-08-28-at-10.59.01-1-768x576.jpeg 768w, https:\/\/www.manaus.am.gov.br\/immu\/wp-content\/uploads\/sites\/14\/2026\/08\/WhatsApp-Image-2026-08-28-at-10.59.01-1.jpeg 1280w\" sizes=\"(max-width: 1024px) 100vw, 1024px\" \/><figcaption class=\"wp-element-caption\">#paratodosverem &#8211; Revitaliza\u00e7\u00e3o de faixa de pedestre<\/figcaption><\/figure>\n\n\n\n<p>&#8212; &#8212; &#8212;<\/p>\n\n\n\n<p><strong>Texto&nbsp;<\/strong>\u2013 Marcelo Lima\/IMMU<\/p>\n\n\n\n<p><strong>Fotos <\/strong>\u2013 Kamile Brand\u00e3o\/IMMU<\/p>\n","protected":false},"excerpt":{"rendered":"","protected":false},"author":39,"featured_media":7378,"comment_status":"closed","ping_status":"closed","sticky":false,"template":"","format":"standard","meta":{"footnotes":""},"categories":[38],"tags":[3058,3059,6,8,968,3060],"acf":[],"yoast_head":"<!-- This site is optimized with the Yoast SEO plugin v23.0 - https:\/\/yoast.com\/wordpress\/plugins\/seo\/ -->\n<title>Revitaliza\u00e7\u00e3o vi\u00e1ria e servi\u00e7os p\u00fablicos ao Japiim e Petr\u00f3polis<\/title>\n<meta name=\"description\" content=\"Prefeitura leva revitaliza\u00e7\u00e3o vi\u00e1ria e servi\u00e7os p\u00fablicos aos bairros Japiim e Petr\u00f3polis durante a a\u00e7\u00e3o \u2018Manaus que a Gente Cuida\u2019.\" \/>\n<meta name=\"robots\" content=\"noindex, follow\" \/>\n<meta property=\"og:locale\" content=\"pt_BR\" \/>\n<meta property=\"og:type\" content=\"article\" \/>\n<meta property=\"og:title\" content=\"Revitaliza\u00e7\u00e3o vi\u00e1ria e servi\u00e7os p\u00fablicos ao Japiim e Petr\u00f3polis\" \/>\n<meta property=\"og:description\" content=\"Prefeitura leva revitaliza\u00e7\u00e3o vi\u00e1ria e servi\u00e7os p\u00fablicos aos bairros Japiim e Petr\u00f3polis durante a a\u00e7\u00e3o \u2018Manaus que a Gente Cuida\u2019.\" \/>\n<meta property=\"og:url\" content=\"https:\/\/www.manaus.am.gov.br\/immu\/servicos\/revitalizacao-viaria-servicos-publicos-japiim-petropolis\/\" \/>\n<meta property=\"og:site_name\" content=\"IMMU\" \/>\n<meta property=\"article:published_time\" content=\"2026-08-28T18:56:45+00:00\" \/>\n<meta property=\"og:image\" content=\"https:\/\/www.manaus.am.gov.br\/immu\/wp-content\/uploads\/sites\/14\/2026\/08\/WhatsApp-Image-2026-08-28-at-10.58.59-1.jpeg\" \/>\n\t<meta property=\"og:image:width\" content=\"1280\" \/>\n\t<meta property=\"og:image:height\" content=\"960\" \/>\n\t<meta property=\"og:image:type\" content=\"image\/jpeg\" \/>\n<meta name=\"author\" content=\"Bruna Greco\" \/>\n<meta name=\"twitter:card\" content=\"summary_large_image\" \/>\n<meta name=\"twitter:label1\" content=\"Written by\" \/>\n\t<meta name=\"twitter:data1\" content=\"Bruna Greco\" \/>\n\t<meta name=\"twitter:label2\" content=\"Est. reading time\" \/>\n\t<meta name=\"twitter:data2\" content=\"4 minutos\" \/>\n<script type=\"application\/ld+json\" class=\"yoast-schema-graph\">{\"@context\":\"https:\/\/schema.org\",\"@graph\":[{\"@type\":\"WebPage\",\"@id\":\"https:\/\/www.manaus.am.gov.br\/immu\/servicos\/revitalizacao-viaria-servicos-publicos-japiim-petropolis\/\",\"url\":\"https:\/\/www.manaus.am.gov.br\/immu\/servicos\/revitalizacao-viaria-servicos-publicos-japiim-petropolis\/\",\"name\":\"Revitaliza\u00e7\u00e3o vi\u00e1ria e servi\u00e7os p\u00fablicos ao Japiim e Petr\u00f3polis\",\"isPartOf\":{\"@id\":\"https:\/\/www.manaus.am.gov.br\/immu\/#website\"},\"primaryImageOfPage\":{\"@id\":\"https:\/\/www.manaus.am.gov.br\/immu\/servicos\/revitalizacao-viaria-servicos-publicos-japiim-petropolis\/#primaryimage\"},\"image\":{\"@id\":\"https:\/\/www.manaus.am.gov.br\/immu\/servicos\/revitalizacao-viaria-servicos-publicos-japiim-petropolis\/#primaryimage\"},\"thumbnailUrl\":\"https:\/\/www.manaus.am.gov.br\/immu\/wp-content\/uploads\/sites\/14\/2026\/08\/WhatsApp-Image-2026-08-28-at-10.58.59-1.jpeg\",\"datePublished\":\"2026-08-28T18:56:45+00:00\",\"dateModified\":\"2026-08-28T18:56:45+00:00\",\"author\":{\"@id\":\"https:\/\/www.manaus.am.gov.br\/immu\/#\/schema\/person\/05d223aea2bf115f9883a6ff3683d81b\"},\"description\":\"Prefeitura leva revitaliza\u00e7\u00e3o vi\u00e1ria e servi\u00e7os p\u00fablicos aos bairros Japiim e Petr\u00f3polis durante a a\u00e7\u00e3o \u2018Manaus que a Gente Cuida\u2019.\",\"breadcrumb\":{\"@id\":\"https:\/\/www.manaus.am.gov.br\/immu\/servicos\/revitalizacao-viaria-servicos-publicos-japiim-petropolis\/#breadcrumb\"},\"inLanguage\":\"pt-BR\",\"potentialAction\":[{\"@type\":\"ReadAction\",\"target\":[\"https:\/\/www.manaus.am.gov.br\/immu\/servicos\/revitalizacao-viaria-servicos-publicos-japiim-petropolis\/\"]}]},{\"@type\":\"ImageObject\",\"inLanguage\":\"pt-BR\",\"@id\":\"https:\/\/www.manaus.am.gov.br\/immu\/servicos\/revitalizacao-viaria-servicos-publicos-japiim-petropolis\/#primaryimage\",\"url\":\"https:\/\/www.manaus.am.gov.br\/immu\/wp-content\/uploads\/sites\/14\/2026\/08\/WhatsApp-Image-2026-08-28-at-10.58.59-1.jpeg\",\"contentUrl\":\"https:\/\/www.manaus.am.gov.br\/immu\/wp-content\/uploads\/sites\/14\/2026\/08\/WhatsApp-Image-2026-08-28-at-10.58.59-1.jpeg\",\"width\":1280,\"height\":960,\"caption\":\"#paratodosverem - Equipe do IMMU realizando atendimento em bairro da zona Sul durante a\u00e7\u00e3o do \\\"Manaus que a Gente Cuida\\\"\"},{\"@type\":\"BreadcrumbList\",\"@id\":\"https:\/\/www.manaus.am.gov.br\/immu\/servicos\/revitalizacao-viaria-servicos-publicos-japiim-petropolis\/#breadcrumb\",\"itemListElement\":[{\"@type\":\"ListItem\",\"position\":1,\"name\":\"Home\",\"item\":\"https:\/\/www.manaus.am.gov.br\/immu\/\"},{\"@type\":\"ListItem\",\"position\":2,\"name\":\"Prefeitura leva revitaliza\u00e7\u00e3o vi\u00e1ria e servi\u00e7os p\u00fablicos aos bairros Japiim e Petr\u00f3polis durante a a\u00e7\u00e3o \u2018Manaus que a Gente Cuida\u2019\"}]},{\"@type\":\"WebSite\",\"@id\":\"https:\/\/www.manaus.am.gov.br\/immu\/#website\",\"url\":\"https:\/\/www.manaus.am.gov.br\/immu\/\",\"name\":\"IMMU\",\"description\":\"Prefeitura de Manaus\",\"potentialAction\":[{\"@type\":\"SearchAction\",\"target\":{\"@type\":\"EntryPoint\",\"urlTemplate\":\"https:\/\/www.manaus.am.gov.br\/immu\/?s={search_term_string}\"},\"query-input\":\"required name=search_term_string\"}],\"inLanguage\":\"pt-BR\"},{\"@type\":\"Person\",\"@id\":\"https:\/\/www.manaus.am.gov.br\/immu\/#\/schema\/person\/05d223aea2bf115f9883a6ff3683d81b\",\"name\":\"Bruna Greco\",\"image\":{\"@type\":\"ImageObject\",\"inLanguage\":\"pt-BR\",\"@id\":\"https:\/\/www.manaus.am.gov.br\/immu\/#\/schema\/person\/image\/\",\"url\":\"https:\/\/secure.gravatar.com\/avatar\/9c877d1a6adc2a055330e5c09a8653ce?s=96&d=mm&r=g\",\"contentUrl\":\"https:\/\/secure.gravatar.com\/avatar\/9c877d1a6adc2a055330e5c09a8653ce?s=96&d=mm&r=g\",\"caption\":\"Bruna Greco\"}}]}<\/script>\n<!-- \/ Yoast SEO plugin. -->","yoast_head_json":{"title":"Revitaliza\u00e7\u00e3o vi\u00e1ria e servi\u00e7os p\u00fablicos ao Japiim e Petr\u00f3polis","description":"Prefeitura leva revitaliza\u00e7\u00e3o vi\u00e1ria e servi\u00e7os p\u00fablicos aos bairros Japiim e Petr\u00f3polis durante a a\u00e7\u00e3o \u2018Manaus que a Gente Cuida\u2019.","robots":{"index":"noindex","follow":"follow"},"og_locale":"pt_BR","og_type":"article","og_title":"Revitaliza\u00e7\u00e3o vi\u00e1ria e servi\u00e7os p\u00fablicos ao Japiim e Petr\u00f3polis","og_description":"Prefeitura leva revitaliza\u00e7\u00e3o vi\u00e1ria e servi\u00e7os p\u00fablicos aos bairros Japiim e Petr\u00f3polis durante a a\u00e7\u00e3o \u2018Manaus que a Gente Cuida\u2019.","og_url":"https:\/\/www.manaus.am.gov.br\/immu\/servicos\/revitalizacao-viaria-servicos-publicos-japiim-petropolis\/","og_site_name":"IMMU","article_published_time":"2026-08-28T18:56:45+00:00","og_image":[{"width":1280,"height":960,"url":"https:\/\/www.manaus.am.gov.br\/immu\/wp-content\/uploads\/sites\/14\/2026\/08\/WhatsApp-Image-2026-08-28-at-10.58.59-1.jpeg","type":"image\/jpeg"}],"author":"Bruna Greco","twitter_card":"summary_large_image","twitter_misc":{"Written by":"Bruna Greco","Est. reading time":"4 minutos"},"schema":{"@context":"https:\/\/schema.org","@graph":[{"@type":"WebPage","@id":"https:\/\/www.manaus.am.gov.br\/immu\/servicos\/revitalizacao-viaria-servicos-publicos-japiim-petropolis\/","url":"https:\/\/www.manaus.am.gov.br\/immu\/servicos\/revitalizacao-viaria-servicos-publicos-japiim-petropolis\/","name":"Revitaliza\u00e7\u00e3o vi\u00e1ria e servi\u00e7os p\u00fablicos ao Japiim e Petr\u00f3polis","isPartOf":{"@id":"https:\/\/www.manaus.am.gov.br\/immu\/#website"},"primaryImageOfPage":{"@id":"https:\/\/www.manaus.am.gov.br\/immu\/servicos\/revitalizacao-viaria-servicos-publicos-japiim-petropolis\/#primaryimage"},"image":{"@id":"https:\/\/www.manaus.am.gov.br\/immu\/servicos\/revitalizacao-viaria-servicos-publicos-japiim-petropolis\/#primaryimage"},"thumbnailUrl":"https:\/\/www.manaus.am.gov.br\/immu\/wp-content\/uploads\/sites\/14\/2026\/08\/WhatsApp-Image-2026-08-28-at-10.58.59-1.jpeg","datePublished":"2026-08-28T18:56:45+00:00","dateModified":"2026-08-28T18:56:45+00:00","author":{"@id":"https:\/\/www.manaus.am.gov.br\/immu\/#\/schema\/person\/05d223aea2bf115f9883a6ff3683d81b"},"description":"Prefeitura leva revitaliza\u00e7\u00e3o vi\u00e1ria e servi\u00e7os p\u00fablicos aos bairros Japiim e Petr\u00f3polis durante a a\u00e7\u00e3o \u2018Manaus que a Gente Cuida\u2019.","breadcrumb":{"@id":"https:\/\/www.manaus.am.gov.br\/immu\/servicos\/revitalizacao-viaria-servicos-publicos-japiim-petropolis\/#breadcrumb"},"inLanguage":"pt-BR","potentialAction":[{"@type":"ReadAction","target":["https:\/\/www.manaus.am.gov.br\/immu\/servicos\/revitalizacao-viaria-servicos-publicos-japiim-petropolis\/"]}]},{"@type":"ImageObject","inLanguage":"pt-BR","@id":"https:\/\/www.manaus.am.gov.br\/immu\/servicos\/revitalizacao-viaria-servicos-publicos-japiim-petropolis\/#primaryimage","url":"https:\/\/www.manaus.am.gov.br\/immu\/wp-content\/uploads\/sites\/14\/2026\/08\/WhatsApp-Image-2026-08-28-at-10.58.59-1.jpeg","contentUrl":"https:\/\/www.manaus.am.gov.br\/immu\/wp-content\/uploads\/sites\/14\/2026\/08\/WhatsApp-Image-2026-08-28-at-10.58.59-1.jpeg","width":1280,"height":960,"caption":"#paratodosverem - Equipe do IMMU realizando atendimento em bairro da zona Sul durante a\u00e7\u00e3o do \"Manaus que a Gente Cuida\""},{"@type":"BreadcrumbList","@id":"https:\/\/www.manaus.am.gov.br\/immu\/servicos\/revitalizacao-viaria-servicos-publicos-japiim-petropolis\/#breadcrumb","itemListElement":[{"@type":"ListItem","position":1,"name":"Home","item":"https:\/\/www.manaus.am.gov.br\/immu\/"},{"@type":"ListItem","position":2,"name":"Prefeitura leva revitaliza\u00e7\u00e3o vi\u00e1ria e servi\u00e7os p\u00fablicos aos bairros Japiim e Petr\u00f3polis durante a a\u00e7\u00e3o \u2018Manaus que a Gente Cuida\u2019"}]},{"@type":"WebSite","@id":"https:\/\/www.manaus.am.gov.br\/immu\/#website","url":"https:\/\/www.manaus.am.gov.br\/immu\/","name":"IMMU","description":"Prefeitura de Manaus","potentialAction":[{"@type":"SearchAction","target":{"@type":"EntryPoint","urlTemplate":"https:\/\/www.manaus.am.gov.br\/immu\/?s={search_term_string}"},"query-input":"required name=search_term_string"}],"inLanguage":"pt-BR"},{"@type":"Person","@id":"https:\/\/www.manaus.am.gov.br\/immu\/#\/schema\/person\/05d223aea2bf115f9883a6ff3683d81b","name":"Bruna Greco","image":{"@type":"ImageObject","inLanguage":"pt-BR","@id":"https:\/\/www.manaus.am.gov.br\/immu\/#\/schema\/person\/image\/","url":"https:\/\/secure.gravatar.com\/avatar\/9c877d1a6adc2a055330e5c09a8653ce?s=96&d=mm&r=g","contentUrl":"https:\/\/secure.gravatar.com\/avatar\/9c877d1a6adc2a055330e5c09a8653ce?s=96&d=mm&r=g","caption":"Bruna Greco"}}]}},"_links":{"self":[{"href":"https:\/\/www.manaus.am.gov.br\/immu\/wp-json\/wp\/v2\/posts\/7377"}],"collection":[{"href":"https:\/\/www.manaus.am.gov.br\/immu\/wp-json\/wp\/v2\/posts"}],"about":[{"href":"https:\/\/www.manaus.am.gov.br\/immu\/wp-json\/wp\/v2\/types\/post"}],"author":[{"embeddable":true,"href":"https:\/\/www.manaus.am.gov.br\/immu\/wp-json\/wp\/v2\/users\/39"}],"replies":[{"embeddable":true,"href":"https:\/\/www.manaus.am.gov.br\/immu\/wp-json\/wp\/v2\/comments?post=7377"}],"version-history":[{"count":1,"href":"https:\/\/www.manaus.am.gov.br\/immu\/wp-json\/wp\/v2\/posts\/7377\/revisions"}],"predecessor-version":[{"id":7380,"href":"https:\/\/www.manaus.am.gov.br\/immu\/wp-json\/wp\/v2\/posts\/7377\/revisions\/7380"}],"wp:featuredmedia":[{"embeddable":true,"href":"https:\/\/www.manaus.am.gov.br\/immu\/wp-json\/wp\/v2\/media\/7378"}],"wp:attachment":[{"href":"https:\/\/www.manaus.am.gov.br\/immu\/wp-json\/wp\/v2\/media?parent=7377"}],"wp:term":[{"taxonomy":"category","embeddable":true,"href":"https:\/\/www.manaus.am.gov.br\/immu\/wp-json\/wp\/v2\/categories?post=7377"},{"taxonomy":"post_tag","embeddable":true,"href":"https:\/\/www.manaus.am.gov.br\/immu\/wp-json\/wp\/v2\/tags?post=7377"}],"curies":[{"name":"wp","href":"https:\/\/api.w.org\/{rel}","templated":true}]}}