{"id":5607,"date":"2026-03-11T14:51:40","date_gmt":"2026-03-11T18:51:40","guid":{"rendered":"https:\/\/www.manaus.am.gov.br\/immu\/sem-categoria\/operacao-transporte-legal-azona-leste\/"},"modified":"2026-03-11T15:24:54","modified_gmt":"2026-03-11T19:24:54","slug":"operacao-transporte-legal-zona-leste-3","status":"publish","type":"post","link":"https:\/\/www.manaus.am.gov.br\/immu\/operacao\/operacao-transporte-legal-zona-leste-3\/","title":{"rendered":"Prefeitura de Manaus autua ve\u00edculos em mau estado de conserva\u00e7\u00e3o e motoristas irregulares durante fiscaliza\u00e7\u00e3o na zona Leste"},"content":{"rendered":"\n<p>A <a href=\"https:\/\/www.manaus.am.gov.br\/\">Prefeitura de Manaus<\/a>, por meio do <a href=\"https:\/\/www.instagram.com\/immu_manaus\/\">Instituto Municipal de Mobilidade Urbana<\/a> (IMMU), executou, na tarde de ter\u00e7a-feira, 10\/3, a opera\u00e7\u00e3o \u201cTransporte Legal\u201d, na avenida Cosme Ferreira, no bairro Jorge Teixeira, na zona Leste, pr\u00f3ximo ao Terminal de Integra\u00e7\u00e3o 5 (T5). O objetivo da a\u00e7\u00e3o foi inspecionar o servi\u00e7o de transporte complementar nas modalidades alternativo e executivo, bem como os ve\u00edculos que prestam servi\u00e7os de frete na cidade.<\/p>\n\n\n\n<p>Durante a opera\u00e7\u00e3o, as equipes de fiscaliza\u00e7\u00e3o flagraram infra\u00e7\u00f5es em cinco ve\u00edculos. Entre as irregularidades identificadas est\u00e3o a m\u00e1 conserva\u00e7\u00e3o dos ve\u00edculos, motoristas sem Carteira Nacional de Habilita\u00e7\u00e3o (CNH) e licenciamento vencido. Em um dos casos, o carro estava sem as janelas traseiras, o que compromete a seguran\u00e7a dos ocupantes.<\/p>\n\n\n\n<p>Segundo o chefe da Fiscaliza\u00e7\u00e3o de Transporte do IMMU, Val Freitas, essas medidas s\u00e3o essenciais para assegurar a seguran\u00e7a dos cidad\u00e3os que utilizam esses servi\u00e7os todos os dias.<\/p>\n\n\n\n<p>&#8220;Um ve\u00edculo em m\u00e1s condi\u00e7\u00f5es de conserva\u00e7\u00e3o representa um risco para todos no tr\u00e2nsito, n\u00e3o apenas para os passageiros. Quando se trata do transporte de pessoas, esse cuidado deve ser ainda mais rigoroso, pois estamos lidando diretamente com a seguran\u00e7a da popula\u00e7\u00e3o. Por isso, o IMMU realiza essas opera\u00e7\u00f5es para prevenir irregularidades e assegurar que apenas ve\u00edculos em boas condi\u00e7\u00f5es ofere\u00e7am esse tipo de servi\u00e7o\u201d, enfatizou Val.<\/p>\n\n\n\n<p>Os fiscais tamb\u00e9m instru\u00edram os motoristas sobre a import\u00e2ncia de manter a documenta\u00e7\u00e3o atualizada e os ve\u00edculos em boas condi\u00e7\u00f5es de circula\u00e7\u00e3o durante a opera\u00e7\u00e3o.<\/p>\n\n\n\n<p>O mec\u00e2nico Fernando Salgado, de 42 anos, que acompanhava a fiscaliza\u00e7\u00e3o no local, ressaltou a relev\u00e2ncia da medida para aqueles que dependem do transporte di\u00e1rio.<\/p>\n\n\n\n<p>&#8220;\u00c0s vezes, a gente entra no carro e s\u00f3 percebe depois que ele n\u00e3o est\u00e1 em boas condi\u00e7\u00f5es. Essa fiscaliza\u00e7\u00e3o proporciona mais seguran\u00e7a para aqueles que utilizam esse meio de transporte diariamente para ir ao trabalho\u201d, declarou.<\/p>\n\n\n\n<figure class=\"wp-block-image size-large\"><img loading=\"lazy\" decoding=\"async\" width=\"1024\" height=\"768\" src=\"https:\/\/www.manaus.am.gov.br\/immu\/wp-content\/uploads\/sites\/14\/2026\/03\/Operacao-2-1024x768.jpeg\" alt=\"\" class=\"wp-image-5609\" srcset=\"https:\/\/www.manaus.am.gov.br\/immu\/wp-content\/uploads\/sites\/14\/2026\/03\/Operacao-2-1024x768.jpeg 1024w, https:\/\/www.manaus.am.gov.br\/immu\/wp-content\/uploads\/sites\/14\/2026\/03\/Operacao-2-300x225.jpeg 300w, https:\/\/www.manaus.am.gov.br\/immu\/wp-content\/uploads\/sites\/14\/2026\/03\/Operacao-2-768x576.jpeg 768w, https:\/\/www.manaus.am.gov.br\/immu\/wp-content\/uploads\/sites\/14\/2026\/03\/Operacao-2.jpeg 1280w\" sizes=\"(max-width: 1024px) 100vw, 1024px\" \/><figcaption class=\"wp-element-caption\">#paratodosverem &#8211; Abordagem<\/figcaption><\/figure>\n\n\n\n<p>&#8212; &#8212; &#8212;<\/p>\n\n\n\n<p><strong>Texto \u2013&nbsp;<\/strong>Naira Nascimento\/IMMU<\/p>\n\n\n\n<p><strong>Fotos \u2013 <\/strong>Klissia Moreira\/IMMU<\/p>\n","protected":false},"excerpt":{"rendered":"","protected":false},"author":39,"featured_media":5608,"comment_status":"closed","ping_status":"closed","sticky":false,"template":"","format":"standard","meta":{"footnotes":""},"categories":[22],"tags":[2574,53,6,8,115],"acf":[],"yoast_head":"<!-- This site is optimized with the Yoast SEO plugin v23.0 - https:\/\/yoast.com\/wordpress\/plugins\/seo\/ -->\n<title>Prefeitura realiza opera\u00e7\u00e3o &#039;Transporte Legal&#039; na zona Leste<\/title>\n<meta name=\"description\" content=\"A Prefeitura de Manaus, por meio do (IMMU), executou ter\u00e7a-feira, 10\/3, a opera\u00e7\u00e3o \u201cTransporte Legal\u201d, no bairro Jorge Teixeira.\" \/>\n<meta name=\"robots\" content=\"noindex, follow\" \/>\n<meta property=\"og:locale\" content=\"pt_BR\" \/>\n<meta property=\"og:type\" content=\"article\" \/>\n<meta property=\"og:title\" content=\"Prefeitura realiza opera\u00e7\u00e3o &#039;Transporte Legal&#039; na zona Leste\" \/>\n<meta property=\"og:description\" content=\"A Prefeitura de Manaus, por meio do (IMMU), executou ter\u00e7a-feira, 10\/3, a opera\u00e7\u00e3o \u201cTransporte Legal\u201d, no bairro Jorge Teixeira.\" \/>\n<meta property=\"og:url\" content=\"https:\/\/www.manaus.am.gov.br\/immu\/operacao\/operacao-transporte-legal-zona-leste-3\/\" \/>\n<meta property=\"og:site_name\" content=\"IMMU\" \/>\n<meta property=\"article:published_time\" content=\"2026-03-11T18:51:40+00:00\" \/>\n<meta property=\"article:modified_time\" content=\"2026-03-11T19:24:54+00:00\" \/>\n<meta property=\"og:image\" content=\"https:\/\/www.manaus.am.gov.br\/immu\/wp-content\/uploads\/sites\/14\/2026\/03\/Operacao-1.jpeg\" \/>\n\t<meta property=\"og:image:width\" content=\"1280\" \/>\n\t<meta property=\"og:image:height\" content=\"960\" \/>\n\t<meta property=\"og:image:type\" content=\"image\/jpeg\" \/>\n<meta name=\"author\" content=\"Bruna Greco\" \/>\n<meta name=\"twitter:card\" content=\"summary_large_image\" \/>\n<meta name=\"twitter:label1\" content=\"Written by\" \/>\n\t<meta name=\"twitter:data1\" content=\"Bruna Greco\" \/>\n\t<meta name=\"twitter:label2\" content=\"Est. reading time\" \/>\n\t<meta name=\"twitter:data2\" content=\"3 minutos\" \/>\n<script type=\"application\/ld+json\" class=\"yoast-schema-graph\">{\"@context\":\"https:\/\/schema.org\",\"@graph\":[{\"@type\":\"WebPage\",\"@id\":\"https:\/\/www.manaus.am.gov.br\/immu\/operacao\/operacao-transporte-legal-zona-leste-3\/\",\"url\":\"https:\/\/www.manaus.am.gov.br\/immu\/operacao\/operacao-transporte-legal-zona-leste-3\/\",\"name\":\"Prefeitura realiza opera\u00e7\u00e3o 'Transporte Legal' na zona Leste\",\"isPartOf\":{\"@id\":\"https:\/\/www.manaus.am.gov.br\/immu\/#website\"},\"primaryImageOfPage\":{\"@id\":\"https:\/\/www.manaus.am.gov.br\/immu\/operacao\/operacao-transporte-legal-zona-leste-3\/#primaryimage\"},\"image\":{\"@id\":\"https:\/\/www.manaus.am.gov.br\/immu\/operacao\/operacao-transporte-legal-zona-leste-3\/#primaryimage\"},\"thumbnailUrl\":\"https:\/\/www.manaus.am.gov.br\/immu\/wp-content\/uploads\/sites\/14\/2026\/03\/Operacao-1.jpeg\",\"datePublished\":\"2026-03-11T18:51:40+00:00\",\"dateModified\":\"2026-03-11T19:24:54+00:00\",\"author\":{\"@id\":\"https:\/\/www.manaus.am.gov.br\/immu\/#\/schema\/person\/05d223aea2bf115f9883a6ff3683d81b\"},\"description\":\"A Prefeitura de Manaus, por meio do (IMMU), executou ter\u00e7a-feira, 10\/3, a opera\u00e7\u00e3o \u201cTransporte Legal\u201d, no bairro Jorge Teixeira.\",\"breadcrumb\":{\"@id\":\"https:\/\/www.manaus.am.gov.br\/immu\/operacao\/operacao-transporte-legal-zona-leste-3\/#breadcrumb\"},\"inLanguage\":\"pt-BR\",\"potentialAction\":[{\"@type\":\"ReadAction\",\"target\":[\"https:\/\/www.manaus.am.gov.br\/immu\/operacao\/operacao-transporte-legal-zona-leste-3\/\"]}]},{\"@type\":\"ImageObject\",\"inLanguage\":\"pt-BR\",\"@id\":\"https:\/\/www.manaus.am.gov.br\/immu\/operacao\/operacao-transporte-legal-zona-leste-3\/#primaryimage\",\"url\":\"https:\/\/www.manaus.am.gov.br\/immu\/wp-content\/uploads\/sites\/14\/2026\/03\/Operacao-1.jpeg\",\"contentUrl\":\"https:\/\/www.manaus.am.gov.br\/immu\/wp-content\/uploads\/sites\/14\/2026\/03\/Operacao-1.jpeg\",\"width\":1280,\"height\":960,\"caption\":\"#paratodosverem - Agente de tr\u00e2nsito do IMMU realizando fiscaliza\u00e7\u00e3o em transporte durante opera\u00e7\u00e3o \u201cTransporte Legal\u201d, na avenida Cosme Ferreira, no bairro Jorge Teixeira\"},{\"@type\":\"BreadcrumbList\",\"@id\":\"https:\/\/www.manaus.am.gov.br\/immu\/operacao\/operacao-transporte-legal-zona-leste-3\/#breadcrumb\",\"itemListElement\":[{\"@type\":\"ListItem\",\"position\":1,\"name\":\"Home\",\"item\":\"https:\/\/www.manaus.am.gov.br\/immu\/\"},{\"@type\":\"ListItem\",\"position\":2,\"name\":\"Prefeitura de Manaus autua ve\u00edculos em mau estado de conserva\u00e7\u00e3o e motoristas irregulares durante fiscaliza\u00e7\u00e3o na zona Leste\"}]},{\"@type\":\"WebSite\",\"@id\":\"https:\/\/www.manaus.am.gov.br\/immu\/#website\",\"url\":\"https:\/\/www.manaus.am.gov.br\/immu\/\",\"name\":\"IMMU\",\"description\":\"Prefeitura de Manaus\",\"potentialAction\":[{\"@type\":\"SearchAction\",\"target\":{\"@type\":\"EntryPoint\",\"urlTemplate\":\"https:\/\/www.manaus.am.gov.br\/immu\/?s={search_term_string}\"},\"query-input\":\"required name=search_term_string\"}],\"inLanguage\":\"pt-BR\"},{\"@type\":\"Person\",\"@id\":\"https:\/\/www.manaus.am.gov.br\/immu\/#\/schema\/person\/05d223aea2bf115f9883a6ff3683d81b\",\"name\":\"Bruna Greco\",\"image\":{\"@type\":\"ImageObject\",\"inLanguage\":\"pt-BR\",\"@id\":\"https:\/\/www.manaus.am.gov.br\/immu\/#\/schema\/person\/image\/\",\"url\":\"https:\/\/secure.gravatar.com\/avatar\/9c877d1a6adc2a055330e5c09a8653ce?s=96&d=mm&r=g\",\"contentUrl\":\"https:\/\/secure.gravatar.com\/avatar\/9c877d1a6adc2a055330e5c09a8653ce?s=96&d=mm&r=g\",\"caption\":\"Bruna Greco\"}}]}<\/script>\n<!-- \/ Yoast SEO plugin. -->","yoast_head_json":{"title":"Prefeitura realiza opera\u00e7\u00e3o 'Transporte Legal' na zona Leste","description":"A Prefeitura de Manaus, por meio do (IMMU), executou ter\u00e7a-feira, 10\/3, a opera\u00e7\u00e3o \u201cTransporte Legal\u201d, no bairro Jorge Teixeira.","robots":{"index":"noindex","follow":"follow"},"og_locale":"pt_BR","og_type":"article","og_title":"Prefeitura realiza opera\u00e7\u00e3o 'Transporte Legal' na zona Leste","og_description":"A Prefeitura de Manaus, por meio do (IMMU), executou ter\u00e7a-feira, 10\/3, a opera\u00e7\u00e3o \u201cTransporte Legal\u201d, no bairro Jorge Teixeira.","og_url":"https:\/\/www.manaus.am.gov.br\/immu\/operacao\/operacao-transporte-legal-zona-leste-3\/","og_site_name":"IMMU","article_published_time":"2026-03-11T18:51:40+00:00","article_modified_time":"2026-03-11T19:24:54+00:00","og_image":[{"width":1280,"height":960,"url":"https:\/\/www.manaus.am.gov.br\/immu\/wp-content\/uploads\/sites\/14\/2026\/03\/Operacao-1.jpeg","type":"image\/jpeg"}],"author":"Bruna Greco","twitter_card":"summary_large_image","twitter_misc":{"Written by":"Bruna Greco","Est. reading time":"3 minutos"},"schema":{"@context":"https:\/\/schema.org","@graph":[{"@type":"WebPage","@id":"https:\/\/www.manaus.am.gov.br\/immu\/operacao\/operacao-transporte-legal-zona-leste-3\/","url":"https:\/\/www.manaus.am.gov.br\/immu\/operacao\/operacao-transporte-legal-zona-leste-3\/","name":"Prefeitura realiza opera\u00e7\u00e3o 'Transporte Legal' na zona Leste","isPartOf":{"@id":"https:\/\/www.manaus.am.gov.br\/immu\/#website"},"primaryImageOfPage":{"@id":"https:\/\/www.manaus.am.gov.br\/immu\/operacao\/operacao-transporte-legal-zona-leste-3\/#primaryimage"},"image":{"@id":"https:\/\/www.manaus.am.gov.br\/immu\/operacao\/operacao-transporte-legal-zona-leste-3\/#primaryimage"},"thumbnailUrl":"https:\/\/www.manaus.am.gov.br\/immu\/wp-content\/uploads\/sites\/14\/2026\/03\/Operacao-1.jpeg","datePublished":"2026-03-11T18:51:40+00:00","dateModified":"2026-03-11T19:24:54+00:00","author":{"@id":"https:\/\/www.manaus.am.gov.br\/immu\/#\/schema\/person\/05d223aea2bf115f9883a6ff3683d81b"},"description":"A Prefeitura de Manaus, por meio do (IMMU), executou ter\u00e7a-feira, 10\/3, a opera\u00e7\u00e3o \u201cTransporte Legal\u201d, no bairro Jorge Teixeira.","breadcrumb":{"@id":"https:\/\/www.manaus.am.gov.br\/immu\/operacao\/operacao-transporte-legal-zona-leste-3\/#breadcrumb"},"inLanguage":"pt-BR","potentialAction":[{"@type":"ReadAction","target":["https:\/\/www.manaus.am.gov.br\/immu\/operacao\/operacao-transporte-legal-zona-leste-3\/"]}]},{"@type":"ImageObject","inLanguage":"pt-BR","@id":"https:\/\/www.manaus.am.gov.br\/immu\/operacao\/operacao-transporte-legal-zona-leste-3\/#primaryimage","url":"https:\/\/www.manaus.am.gov.br\/immu\/wp-content\/uploads\/sites\/14\/2026\/03\/Operacao-1.jpeg","contentUrl":"https:\/\/www.manaus.am.gov.br\/immu\/wp-content\/uploads\/sites\/14\/2026\/03\/Operacao-1.jpeg","width":1280,"height":960,"caption":"#paratodosverem - Agente de tr\u00e2nsito do IMMU realizando fiscaliza\u00e7\u00e3o em transporte durante opera\u00e7\u00e3o \u201cTransporte Legal\u201d, na avenida Cosme Ferreira, no bairro Jorge Teixeira"},{"@type":"BreadcrumbList","@id":"https:\/\/www.manaus.am.gov.br\/immu\/operacao\/operacao-transporte-legal-zona-leste-3\/#breadcrumb","itemListElement":[{"@type":"ListItem","position":1,"name":"Home","item":"https:\/\/www.manaus.am.gov.br\/immu\/"},{"@type":"ListItem","position":2,"name":"Prefeitura de Manaus autua ve\u00edculos em mau estado de conserva\u00e7\u00e3o e motoristas irregulares durante fiscaliza\u00e7\u00e3o na zona Leste"}]},{"@type":"WebSite","@id":"https:\/\/www.manaus.am.gov.br\/immu\/#website","url":"https:\/\/www.manaus.am.gov.br\/immu\/","name":"IMMU","description":"Prefeitura de Manaus","potentialAction":[{"@type":"SearchAction","target":{"@type":"EntryPoint","urlTemplate":"https:\/\/www.manaus.am.gov.br\/immu\/?s={search_term_string}"},"query-input":"required name=search_term_string"}],"inLanguage":"pt-BR"},{"@type":"Person","@id":"https:\/\/www.manaus.am.gov.br\/immu\/#\/schema\/person\/05d223aea2bf115f9883a6ff3683d81b","name":"Bruna Greco","image":{"@type":"ImageObject","inLanguage":"pt-BR","@id":"https:\/\/www.manaus.am.gov.br\/immu\/#\/schema\/person\/image\/","url":"https:\/\/secure.gravatar.com\/avatar\/9c877d1a6adc2a055330e5c09a8653ce?s=96&d=mm&r=g","contentUrl":"https:\/\/secure.gravatar.com\/avatar\/9c877d1a6adc2a055330e5c09a8653ce?s=96&d=mm&r=g","caption":"Bruna Greco"}}]}},"_links":{"self":[{"href":"https:\/\/www.manaus.am.gov.br\/immu\/wp-json\/wp\/v2\/posts\/5607"}],"collection":[{"href":"https:\/\/www.manaus.am.gov.br\/immu\/wp-json\/wp\/v2\/posts"}],"about":[{"href":"https:\/\/www.manaus.am.gov.br\/immu\/wp-json\/wp\/v2\/types\/post"}],"author":[{"embeddable":true,"href":"https:\/\/www.manaus.am.gov.br\/immu\/wp-json\/wp\/v2\/users\/39"}],"replies":[{"embeddable":true,"href":"https:\/\/www.manaus.am.gov.br\/immu\/wp-json\/wp\/v2\/comments?post=5607"}],"version-history":[{"count":5,"href":"https:\/\/www.manaus.am.gov.br\/immu\/wp-json\/wp\/v2\/posts\/5607\/revisions"}],"predecessor-version":[{"id":5614,"href":"https:\/\/www.manaus.am.gov.br\/immu\/wp-json\/wp\/v2\/posts\/5607\/revisions\/5614"}],"wp:featuredmedia":[{"embeddable":true,"href":"https:\/\/www.manaus.am.gov.br\/immu\/wp-json\/wp\/v2\/media\/5608"}],"wp:attachment":[{"href":"https:\/\/www.manaus.am.gov.br\/immu\/wp-json\/wp\/v2\/media?parent=5607"}],"wp:term":[{"taxonomy":"category","embeddable":true,"href":"https:\/\/www.manaus.am.gov.br\/immu\/wp-json\/wp\/v2\/categories?post=5607"},{"taxonomy":"post_tag","embeddable":true,"href":"https:\/\/www.manaus.am.gov.br\/immu\/wp-json\/wp\/v2\/tags?post=5607"}],"curies":[{"name":"wp","href":"https:\/\/api.w.org\/{rel}","templated":true}]}}