{"id":5592,"date":"2026-03-10T15:30:38","date_gmt":"2026-03-10T19:30:38","guid":{"rendered":"https:\/\/www.manaus.am.gov.br\/immu\/sem-categoria\/reforca-sinalizacao-acidentes\/"},"modified":"2026-03-10T15:38:53","modified_gmt":"2026-03-10T19:38:53","slug":"reforca-sinalizacao-acidentes","status":"publish","type":"post","link":"https:\/\/www.manaus.am.gov.br\/immu\/transito\/reforca-sinalizacao-acidentes\/","title":{"rendered":"Prefeitura de Manaus refor\u00e7a sinaliza\u00e7\u00e3o vi\u00e1ria em todas as zonas da cidade para ordenar o tr\u00e1fego e reduzir acidentes"},"content":{"rendered":"\n<p>A <a href=\"https:\/\/www.manaus.am.gov.br\/\">Prefeitura de Manaus<\/a>, por meio do <a href=\"https:\/\/www.instagram.com\/immu_manaus\/\">Instituto Municipal de Mobilidade Urbana<\/a> (IMMU), segue avan\u00e7ando com os servi\u00e7os de implanta\u00e7\u00e3o e revitaliza\u00e7\u00e3o da sinaliza\u00e7\u00e3o horizontal e vertical em diversas vias da capital. As interven\u00e7\u00f5es fazem parte de um planejamento permanente do munic\u00edpio para organizar o fluxo de ve\u00edculos, orientar condutores e pedestres e contribuir diretamente para a redu\u00e7\u00e3o de sinistros de tr\u00e2nsito, especialmente aqueles com v\u00edtimas fatais.<\/p>\n\n\n\n<p>Na zona Centro-Sul, as equipes atuaram na rua Jos\u00e9 de Arimat\u00e9ia, esquina com a rua C2, ao lado do Col\u00e9gio Lato Sensu, no bairro Adrian\u00f3polis, onde foram implantadas marcas de canaliza\u00e7\u00e3o, setas direcionais de tr\u00e1fego e a legenda \u201cPARE\u201d. Ainda na regi\u00e3o, na rua Benjamin Constant, no bairro Petr\u00f3polis, foi implantada linha simples amarela para divis\u00e3o de fluxo. No mesmo bairro, entre a Alameda Benjamin Constant e a rua Coronel Ferreira de Ara\u00fajo, foram executadas faixas de pedestres e linha simples amarela, refor\u00e7ando a organiza\u00e7\u00e3o do tr\u00e1fego e a seguran\u00e7a para travessia.<\/p>\n\n\n\n<p>De acordo com o diretor de engenharia do IMMU, Uarodi Guedes, a amplia\u00e7\u00e3o da sinaliza\u00e7\u00e3o faz parte das a\u00e7\u00f5es cont\u00ednuas da Prefeitura para tornar o tr\u00e2nsito mais seguro em Manaus.<\/p>\n\n\n\n<p>\u201cA sinaliza\u00e7\u00e3o vi\u00e1ria \u00e9 fundamental para orientar o condutor, disciplinar o tr\u00e1fego e garantir mais seguran\u00e7a para pedestres e motoristas. Essas interven\u00e7\u00f5es ajudam a reduzir conflitos nas vias e contribuem diretamente para diminuir o n\u00famero de acidentes graves e fatais na cidade\u201d, destacou Uarodi Guedes, diretor de engenharia do IMMU.<\/p>\n\n\n<div class=\"wp-block-image\">\n<figure class=\"aligncenter size-full\"><img decoding=\"async\" src=\"https:\/\/www.manaus.am.gov.br\/wp-content\/uploads\/2026\/03\/IMMU-Sinalizacao-1.jpg\" alt=\"\" class=\"wp-image-289156\" \/><figcaption class=\"wp-element-caption\">#paratodosverem &#8211; o refor\u00e7o na sinaliza\u00e7\u00e3o \u00e9 medida preventiva de acidentes<\/figcaption><\/figure><\/div>\n\n\n<p>Na zona Oeste, os servi\u00e7os foram realizados na avenida Brasil, no novo retorno em frente \u00e0 Escola Municipal Eliana L\u00facia Monteiro da Silva, no bairro Compensa, com a implanta\u00e7\u00e3o de faixa de pedestres. Tamb\u00e9m no bairro Alvorada, no cruzamento da rua Professora Cacilda Pedrosa com a avenida Desembargador Jo\u00e3o Machado, foram implantadas faixas de pedestres e placas de sinaliza\u00e7\u00e3o vertical. J\u00e1 na avenida Desembargador Jo\u00e3o Machado, ainda no Alvorada, foram instaladas placas de regulamenta\u00e7\u00e3o de velocidade da via em 40 km\/h e nova faixa de pedestres, refor\u00e7ando a seguran\u00e7a na \u00e1rea.<\/p>\n\n\n\n<p>Na zona Norte, os servi\u00e7os ocorreram na avenida Noel Nutels, no bairro Cidade Nova, com a implanta\u00e7\u00e3o de linha de bordo ao longo da via. Tamb\u00e9m foram instaladas placas de regulamenta\u00e7\u00e3o de velocidade de 60 km\/h em frente ao campo do N\u00facleo 22, al\u00e9m de placa de retorno proibido em frente ao residencial Ozias Monteiro II, contribuindo para a organiza\u00e7\u00e3o do fluxo na regi\u00e3o.<\/p>\n\n\n\n<p>J\u00e1 na zona Sul, no Distrito Industrial, foram implantadas novas sinaliza\u00e7\u00f5es verticais em diferentes pontos. Na rua Arsenura, foi instalada placa indicando proibido seguir em frente; na rua Mirra, foi implantada sinaliza\u00e7\u00e3o de tr\u00e2nsito proibindo convers\u00e3o \u00e0 direita; e na rua Caninama, foi instalada placa de regulamenta\u00e7\u00e3o \u201cPARE\u201d para aumentar a seguran\u00e7a no cruzamento. Ainda na zona Sul, no bairro Cachoeirinha, no cruzamento semaforizado da avenida Tef\u00e9 com a avenida Marqu\u00eas da Silveira, foram executadas marcas de canaliza\u00e7\u00e3o no cruzamento, organizando melhor os movimentos de convers\u00e3o dos ve\u00edculos.<\/p>\n\n\n\n<p>&#8212; &#8212; &#8212;<\/p>\n\n\n\n<p><strong>Texto<\/strong> \u2013 Marcelo Lima \/ IMMU<\/p>\n\n\n\n<p><strong>Fotos<\/strong> \u2013 Divulga\u00e7\u00e3o \/ IMMU<\/p>\n","protected":false},"excerpt":{"rendered":"","protected":false},"author":61,"featured_media":5593,"comment_status":"closed","ping_status":"closed","sticky":false,"template":"","format":"standard","meta":{"footnotes":""},"categories":[46],"tags":[6,8,2023,50],"acf":[],"yoast_head":"<!-- This site is optimized with the Yoast SEO plugin v23.0 - https:\/\/yoast.com\/wordpress\/plugins\/seo\/ -->\n<title>PMM refor\u00e7a sinaliza\u00e7\u00e3o vi\u00e1ria em todas as zonas da cidade<\/title>\n<meta name=\"description\" content=\"A Prefeitura de Manaus, por meio do Instituto Municipal de Mobilidade Urbana (IMMU), segue avan\u00e7ando com os servi\u00e7os de implanta\u00e7\u00e3o e revitaliza\u00e7\u00e3o da sinaliza\u00e7\u00e3o horizontal e vertical em diversas vias da capital.\" \/>\n<meta name=\"robots\" content=\"noindex, follow\" \/>\n<meta property=\"og:locale\" content=\"pt_BR\" \/>\n<meta property=\"og:type\" content=\"article\" \/>\n<meta property=\"og:title\" content=\"PMM refor\u00e7a sinaliza\u00e7\u00e3o vi\u00e1ria em todas as zonas da cidade\" \/>\n<meta property=\"og:description\" content=\"A Prefeitura de Manaus, por meio do Instituto Municipal de Mobilidade Urbana (IMMU), segue avan\u00e7ando com os servi\u00e7os de implanta\u00e7\u00e3o e revitaliza\u00e7\u00e3o da sinaliza\u00e7\u00e3o horizontal e vertical em diversas vias da capital.\" \/>\n<meta property=\"og:url\" content=\"https:\/\/www.manaus.am.gov.br\/immu\/transito\/reforca-sinalizacao-acidentes\/\" \/>\n<meta property=\"og:site_name\" content=\"IMMU\" \/>\n<meta property=\"article:published_time\" content=\"2026-03-10T19:30:38+00:00\" \/>\n<meta property=\"article:modified_time\" content=\"2026-03-10T19:38:53+00:00\" \/>\n<meta property=\"og:image\" content=\"https:\/\/www.manaus.am.gov.br\/immu\/wp-content\/uploads\/sites\/14\/2026\/03\/IMMU-Sinalizacao-2.jpeg\" \/>\n\t<meta property=\"og:image:width\" content=\"1600\" \/>\n\t<meta property=\"og:image:height\" content=\"1200\" \/>\n\t<meta property=\"og:image:type\" content=\"image\/jpeg\" \/>\n<meta name=\"author\" content=\"smonteiro\" \/>\n<meta name=\"twitter:card\" content=\"summary_large_image\" \/>\n<meta name=\"twitter:label1\" content=\"Written by\" \/>\n\t<meta name=\"twitter:data1\" content=\"smonteiro\" \/>\n\t<meta name=\"twitter:label2\" content=\"Est. reading time\" \/>\n\t<meta name=\"twitter:data2\" content=\"4 minutos\" \/>\n<script type=\"application\/ld+json\" class=\"yoast-schema-graph\">{\"@context\":\"https:\/\/schema.org\",\"@graph\":[{\"@type\":\"WebPage\",\"@id\":\"https:\/\/www.manaus.am.gov.br\/immu\/transito\/reforca-sinalizacao-acidentes\/\",\"url\":\"https:\/\/www.manaus.am.gov.br\/immu\/transito\/reforca-sinalizacao-acidentes\/\",\"name\":\"PMM refor\u00e7a sinaliza\u00e7\u00e3o vi\u00e1ria em todas as zonas da cidade\",\"isPartOf\":{\"@id\":\"https:\/\/www.manaus.am.gov.br\/immu\/#website\"},\"primaryImageOfPage\":{\"@id\":\"https:\/\/www.manaus.am.gov.br\/immu\/transito\/reforca-sinalizacao-acidentes\/#primaryimage\"},\"image\":{\"@id\":\"https:\/\/www.manaus.am.gov.br\/immu\/transito\/reforca-sinalizacao-acidentes\/#primaryimage\"},\"thumbnailUrl\":\"https:\/\/www.manaus.am.gov.br\/immu\/wp-content\/uploads\/sites\/14\/2026\/03\/IMMU-Sinalizacao-2.jpeg\",\"datePublished\":\"2026-03-10T19:30:38+00:00\",\"dateModified\":\"2026-03-10T19:38:53+00:00\",\"author\":{\"@id\":\"https:\/\/www.manaus.am.gov.br\/immu\/#\/schema\/person\/ab4dcf766a54dff74e8d267f5c591961\"},\"description\":\"A Prefeitura de Manaus, por meio do Instituto Municipal de Mobilidade Urbana (IMMU), segue avan\u00e7ando com os servi\u00e7os de implanta\u00e7\u00e3o e revitaliza\u00e7\u00e3o da sinaliza\u00e7\u00e3o horizontal e vertical em diversas vias da capital.\",\"breadcrumb\":{\"@id\":\"https:\/\/www.manaus.am.gov.br\/immu\/transito\/reforca-sinalizacao-acidentes\/#breadcrumb\"},\"inLanguage\":\"pt-BR\",\"potentialAction\":[{\"@type\":\"ReadAction\",\"target\":[\"https:\/\/www.manaus.am.gov.br\/immu\/transito\/reforca-sinalizacao-acidentes\/\"]}]},{\"@type\":\"ImageObject\",\"inLanguage\":\"pt-BR\",\"@id\":\"https:\/\/www.manaus.am.gov.br\/immu\/transito\/reforca-sinalizacao-acidentes\/#primaryimage\",\"url\":\"https:\/\/www.manaus.am.gov.br\/immu\/wp-content\/uploads\/sites\/14\/2026\/03\/IMMU-Sinalizacao-2.jpeg\",\"contentUrl\":\"https:\/\/www.manaus.am.gov.br\/immu\/wp-content\/uploads\/sites\/14\/2026\/03\/IMMU-Sinalizacao-2.jpeg\",\"width\":1600,\"height\":1200,\"caption\":\"#paratodosverem - Prefeitura refor\u00e7a a sinaliza\u00e7\u00e3o em toda a cidade\"},{\"@type\":\"BreadcrumbList\",\"@id\":\"https:\/\/www.manaus.am.gov.br\/immu\/transito\/reforca-sinalizacao-acidentes\/#breadcrumb\",\"itemListElement\":[{\"@type\":\"ListItem\",\"position\":1,\"name\":\"Home\",\"item\":\"https:\/\/www.manaus.am.gov.br\/immu\/\"},{\"@type\":\"ListItem\",\"position\":2,\"name\":\"Prefeitura de Manaus refor\u00e7a sinaliza\u00e7\u00e3o vi\u00e1ria em todas as zonas da cidade para ordenar o tr\u00e1fego e reduzir acidentes\"}]},{\"@type\":\"WebSite\",\"@id\":\"https:\/\/www.manaus.am.gov.br\/immu\/#website\",\"url\":\"https:\/\/www.manaus.am.gov.br\/immu\/\",\"name\":\"IMMU\",\"description\":\"Prefeitura de Manaus\",\"potentialAction\":[{\"@type\":\"SearchAction\",\"target\":{\"@type\":\"EntryPoint\",\"urlTemplate\":\"https:\/\/www.manaus.am.gov.br\/immu\/?s={search_term_string}\"},\"query-input\":\"required name=search_term_string\"}],\"inLanguage\":\"pt-BR\"},{\"@type\":\"Person\",\"@id\":\"https:\/\/www.manaus.am.gov.br\/immu\/#\/schema\/person\/ab4dcf766a54dff74e8d267f5c591961\",\"name\":\"smonteiro\",\"image\":{\"@type\":\"ImageObject\",\"inLanguage\":\"pt-BR\",\"@id\":\"https:\/\/www.manaus.am.gov.br\/immu\/#\/schema\/person\/image\/\",\"url\":\"https:\/\/secure.gravatar.com\/avatar\/21c8776ef61d9272c73322052e042d77?s=96&d=mm&r=g\",\"contentUrl\":\"https:\/\/secure.gravatar.com\/avatar\/21c8776ef61d9272c73322052e042d77?s=96&d=mm&r=g\",\"caption\":\"smonteiro\"}}]}<\/script>\n<!-- \/ Yoast SEO plugin. -->","yoast_head_json":{"title":"PMM refor\u00e7a sinaliza\u00e7\u00e3o vi\u00e1ria em todas as zonas da cidade","description":"A Prefeitura de Manaus, por meio do Instituto Municipal de Mobilidade Urbana (IMMU), segue avan\u00e7ando com os servi\u00e7os de implanta\u00e7\u00e3o e revitaliza\u00e7\u00e3o da sinaliza\u00e7\u00e3o horizontal e vertical em diversas vias da capital.","robots":{"index":"noindex","follow":"follow"},"og_locale":"pt_BR","og_type":"article","og_title":"PMM refor\u00e7a sinaliza\u00e7\u00e3o vi\u00e1ria em todas as zonas da cidade","og_description":"A Prefeitura de Manaus, por meio do Instituto Municipal de Mobilidade Urbana (IMMU), segue avan\u00e7ando com os servi\u00e7os de implanta\u00e7\u00e3o e revitaliza\u00e7\u00e3o da sinaliza\u00e7\u00e3o horizontal e vertical em diversas vias da capital.","og_url":"https:\/\/www.manaus.am.gov.br\/immu\/transito\/reforca-sinalizacao-acidentes\/","og_site_name":"IMMU","article_published_time":"2026-03-10T19:30:38+00:00","article_modified_time":"2026-03-10T19:38:53+00:00","og_image":[{"width":1600,"height":1200,"url":"https:\/\/www.manaus.am.gov.br\/immu\/wp-content\/uploads\/sites\/14\/2026\/03\/IMMU-Sinalizacao-2.jpeg","type":"image\/jpeg"}],"author":"smonteiro","twitter_card":"summary_large_image","twitter_misc":{"Written by":"smonteiro","Est. reading time":"4 minutos"},"schema":{"@context":"https:\/\/schema.org","@graph":[{"@type":"WebPage","@id":"https:\/\/www.manaus.am.gov.br\/immu\/transito\/reforca-sinalizacao-acidentes\/","url":"https:\/\/www.manaus.am.gov.br\/immu\/transito\/reforca-sinalizacao-acidentes\/","name":"PMM refor\u00e7a sinaliza\u00e7\u00e3o vi\u00e1ria em todas as zonas da cidade","isPartOf":{"@id":"https:\/\/www.manaus.am.gov.br\/immu\/#website"},"primaryImageOfPage":{"@id":"https:\/\/www.manaus.am.gov.br\/immu\/transito\/reforca-sinalizacao-acidentes\/#primaryimage"},"image":{"@id":"https:\/\/www.manaus.am.gov.br\/immu\/transito\/reforca-sinalizacao-acidentes\/#primaryimage"},"thumbnailUrl":"https:\/\/www.manaus.am.gov.br\/immu\/wp-content\/uploads\/sites\/14\/2026\/03\/IMMU-Sinalizacao-2.jpeg","datePublished":"2026-03-10T19:30:38+00:00","dateModified":"2026-03-10T19:38:53+00:00","author":{"@id":"https:\/\/www.manaus.am.gov.br\/immu\/#\/schema\/person\/ab4dcf766a54dff74e8d267f5c591961"},"description":"A Prefeitura de Manaus, por meio do Instituto Municipal de Mobilidade Urbana (IMMU), segue avan\u00e7ando com os servi\u00e7os de implanta\u00e7\u00e3o e revitaliza\u00e7\u00e3o da sinaliza\u00e7\u00e3o horizontal e vertical em diversas vias da capital.","breadcrumb":{"@id":"https:\/\/www.manaus.am.gov.br\/immu\/transito\/reforca-sinalizacao-acidentes\/#breadcrumb"},"inLanguage":"pt-BR","potentialAction":[{"@type":"ReadAction","target":["https:\/\/www.manaus.am.gov.br\/immu\/transito\/reforca-sinalizacao-acidentes\/"]}]},{"@type":"ImageObject","inLanguage":"pt-BR","@id":"https:\/\/www.manaus.am.gov.br\/immu\/transito\/reforca-sinalizacao-acidentes\/#primaryimage","url":"https:\/\/www.manaus.am.gov.br\/immu\/wp-content\/uploads\/sites\/14\/2026\/03\/IMMU-Sinalizacao-2.jpeg","contentUrl":"https:\/\/www.manaus.am.gov.br\/immu\/wp-content\/uploads\/sites\/14\/2026\/03\/IMMU-Sinalizacao-2.jpeg","width":1600,"height":1200,"caption":"#paratodosverem - Prefeitura refor\u00e7a a sinaliza\u00e7\u00e3o em toda a cidade"},{"@type":"BreadcrumbList","@id":"https:\/\/www.manaus.am.gov.br\/immu\/transito\/reforca-sinalizacao-acidentes\/#breadcrumb","itemListElement":[{"@type":"ListItem","position":1,"name":"Home","item":"https:\/\/www.manaus.am.gov.br\/immu\/"},{"@type":"ListItem","position":2,"name":"Prefeitura de Manaus refor\u00e7a sinaliza\u00e7\u00e3o vi\u00e1ria em todas as zonas da cidade para ordenar o tr\u00e1fego e reduzir acidentes"}]},{"@type":"WebSite","@id":"https:\/\/www.manaus.am.gov.br\/immu\/#website","url":"https:\/\/www.manaus.am.gov.br\/immu\/","name":"IMMU","description":"Prefeitura de Manaus","potentialAction":[{"@type":"SearchAction","target":{"@type":"EntryPoint","urlTemplate":"https:\/\/www.manaus.am.gov.br\/immu\/?s={search_term_string}"},"query-input":"required name=search_term_string"}],"inLanguage":"pt-BR"},{"@type":"Person","@id":"https:\/\/www.manaus.am.gov.br\/immu\/#\/schema\/person\/ab4dcf766a54dff74e8d267f5c591961","name":"smonteiro","image":{"@type":"ImageObject","inLanguage":"pt-BR","@id":"https:\/\/www.manaus.am.gov.br\/immu\/#\/schema\/person\/image\/","url":"https:\/\/secure.gravatar.com\/avatar\/21c8776ef61d9272c73322052e042d77?s=96&d=mm&r=g","contentUrl":"https:\/\/secure.gravatar.com\/avatar\/21c8776ef61d9272c73322052e042d77?s=96&d=mm&r=g","caption":"smonteiro"}}]}},"_links":{"self":[{"href":"https:\/\/www.manaus.am.gov.br\/immu\/wp-json\/wp\/v2\/posts\/5592"}],"collection":[{"href":"https:\/\/www.manaus.am.gov.br\/immu\/wp-json\/wp\/v2\/posts"}],"about":[{"href":"https:\/\/www.manaus.am.gov.br\/immu\/wp-json\/wp\/v2\/types\/post"}],"author":[{"embeddable":true,"href":"https:\/\/www.manaus.am.gov.br\/immu\/wp-json\/wp\/v2\/users\/61"}],"replies":[{"embeddable":true,"href":"https:\/\/www.manaus.am.gov.br\/immu\/wp-json\/wp\/v2\/comments?post=5592"}],"version-history":[{"count":1,"href":"https:\/\/www.manaus.am.gov.br\/immu\/wp-json\/wp\/v2\/posts\/5592\/revisions"}],"predecessor-version":[{"id":5594,"href":"https:\/\/www.manaus.am.gov.br\/immu\/wp-json\/wp\/v2\/posts\/5592\/revisions\/5594"}],"wp:featuredmedia":[{"embeddable":true,"href":"https:\/\/www.manaus.am.gov.br\/immu\/wp-json\/wp\/v2\/media\/5593"}],"wp:attachment":[{"href":"https:\/\/www.manaus.am.gov.br\/immu\/wp-json\/wp\/v2\/media?parent=5592"}],"wp:term":[{"taxonomy":"category","embeddable":true,"href":"https:\/\/www.manaus.am.gov.br\/immu\/wp-json\/wp\/v2\/categories?post=5592"},{"taxonomy":"post_tag","embeddable":true,"href":"https:\/\/www.manaus.am.gov.br\/immu\/wp-json\/wp\/v2\/tags?post=5592"}],"curies":[{"name":"wp","href":"https:\/\/api.w.org\/{rel}","templated":true}]}}