{"id":509,"date":"2023-05-22T14:08:12","date_gmt":"2023-05-22T18:08:12","guid":{"rendered":"https:\/\/www.manaus.am.gov.br\/immu\/sem-categoria\/cameras-inibem-assaltos-e-numero-de-casos-cai-306-no-transporte-coletivo-de-manaus\/"},"modified":"2023-05-22T14:08:13","modified_gmt":"2023-05-22T18:08:13","slug":"cameras-inibem-assaltos-e-numero-de-casos-cai-306-no-transporte-coletivo-de-manaus","status":"publish","type":"post","link":"https:\/\/www.manaus.am.gov.br\/immu\/seguranca\/cameras-inibem-assaltos-e-numero-de-casos-cai-306-no-transporte-coletivo-de-manaus\/","title":{"rendered":"<strong>C\u00e2meras inibem assaltos e n\u00famero de casos cai 30,6% no transporte coletivo de Manaus<\/strong>"},"content":{"rendered":"\n<p>A instala\u00e7\u00e3o de c\u00e2meras de monitoramento nos \u00f4nibus de Manaus tem contribu\u00eddo para a redu\u00e7\u00e3o no n\u00famero de assaltos nos coletivos. Nos quatro primeiros meses deste ano, foram registrados 30,6% menos casos, na compara\u00e7\u00e3o com igual per\u00edodo do ano passado, de acordo com o Sindicato das Empresas de Transporte de Passageiros do Amazonas (Sinetram).<\/p>\n\n\n\n<p>Atualmente, 66% da frota possui c\u00e2meras de monitoramento. E nos pr\u00f3ximos meses, todos os ve\u00edculos estar\u00e3o com monitoramento, investimento que faz parte da pol\u00edtica da Prefeitura de Manaus, de modernizar o sistema de transporte p\u00fablico, que inclui a revitaliza\u00e7\u00e3o dos terminais de integra\u00e7\u00e3o.<\/p>\n\n\n\n<p>Segundo dados do Sinetram, entre janeiro e abril de 2022, foram registrados 617 roubos no transporte p\u00fablico de Manaus e, no mesmo per\u00edodo deste ano de 2023, foram 428, ou seja, 30,6% menor.<\/p>\n\n\n\n<p>Em coletiva de imprensa na \u00faltima sexta-feira, 19\/5, o prefeito de Manaus, David Almeida, destacou a redu\u00e7\u00e3o.&nbsp;\u201cAgradecemos o apoio da Pol\u00edcia Militar e da Guarda Municipal que atua dentro dos Terminais de Integra\u00e7\u00e3o, mas o grande diferencial desta diminui\u00e7\u00e3o \u00e9 o acordo que firmamos com as empresas para instalar c\u00e2meras. Hoje, 66% dos \u00f4nibus possuem o equipamento e a nossa meta, a partir deste entendimento, \u00e9 que 100% da frota de \u00f4nibus de Manaus esteja monitorada com c\u00e2meras de seguran\u00e7a. A medida n\u00e3o acaba com a a\u00e7\u00e3o de bandidos, mas inibe\u201d, destacou o prefeito.<\/p>\n\n\n\n<p>O diretor-presidente do Instituto Municipal de Mobilidade Urbana (IMMU), Paulo Henrique Martins, tamb\u00e9m analisou a redu\u00e7\u00e3o de roubos nos coletivos. \u201cIsto \u00e9 natural que ocorra, porque todo bandido que entrar no \u00f4nibus para assaltar ter\u00e1 a imagem registrada\u201d, ressaltou.<\/p>\n\n\n\n<p>Segundo explica Paulo Henrique, as c\u00e2meras j\u00e1 t\u00eam o sistema de grava\u00e7\u00e3o e agora est\u00e1 sendo implementado o monitoramento em tempo real, que consegue identificar a pessoa. \u201cA determina\u00e7\u00e3o do prefeito \u00e9 que 100% dos \u00f4nibus tenham esse sistema\u201d, assegurou.<\/p>\n\n\n\n<p><strong>Avan\u00e7os<\/strong><\/p>\n\n\n\n<p>A melhoria no transporte p\u00fablico de Manaus \u00e9 testemunhada todo dia nas vias da cidade com investimento em equipamento e tamb\u00e9m na valoriza\u00e7\u00e3o dos trabalhadores.<\/p>\n\n\n\n<p>Parceria entre a Prefeitura de Manaus e o Sinetram est\u00e1 implementando inova\u00e7\u00f5es tecnol\u00f3gicas, para otimizar a opera\u00e7\u00e3o das linhas de \u00f4nibus e a gest\u00e3o dos terminais da cidade.<\/p>\n\n\n\n<p>Fiscais de linhas do Sinetram foram posicionados em terminais e pontos finais das esta\u00e7\u00f5es de bairros, munidos de tablets com um programa especialmente desenvolvido para acompanhar toda a movimenta\u00e7\u00e3o dos \u00f4nibus em tempo real. A medida visa monitorar os hor\u00e1rios de chegada e sa\u00edda dos \u00f4nibus, bem como a quantidade de passageiros que embarcam em cada linha e aqueles que esperam nos terminais.<\/p>\n\n\n\n<p>Outra implementa\u00e7\u00e3o de tecnologia avan\u00e7ada, para ajudar no monitoramento da frota de \u00f4nibus, foi a aquisi\u00e7\u00e3o de drone, que ter\u00e1 o recurso a ser utilizado especialmente em casos de grandes eventos e situa\u00e7\u00f5es de desvio de rota.<\/p>\n\n\n\n<p><strong>Revitaliza\u00e7\u00e3o da frota e terminais<\/strong><\/p>\n\n\n\n<p>Desde o in\u00edcio da gest\u00e3o, o prefeito David Almeida j\u00e1 entregou 250 novos \u00f4nibus. A estimativa \u00e9 de que at\u00e9 o final de 2023 sejam entregues \u00e0 popula\u00e7\u00e3o mais 150 novos \u00f4nibus, e 200 at\u00e9 2024.<\/p>\n\n\n\n<p>Os terminais de integra\u00e7\u00e3o est\u00e3o sendo reformados e recebendo moderniza\u00e7\u00e3o.<\/p>\n\n\n\n<p>A prefeitura entregou o Terminal 2 (T2), localizado no bairro da Cachoeirinha, totalmente reformulado. Foram realizadas reformas nos banheiros, pinturas, aplica\u00e7\u00e3o do piso t\u00e1til para refor\u00e7ar a seguran\u00e7a de pessoas com mobilidade reduzida e idosos, TVs de LED para informar o hor\u00e1rio dos \u00f4nibus e c\u00e2meras de leitura facial, que est\u00e3o refor\u00e7ando a seguran\u00e7a dos usu\u00e1rios e combatendo delitos nesses locais.<\/p>\n\n\n\n<p>O prefeito, em busca de promover a acessibilidade e aprimorar o transporte em Manaus, assinou as ordens de servi\u00e7o para a reforma do Terminal 3, localizado no bairro Cidade Nova, e a constru\u00e7\u00e3o do Terminal 7, situado na avenida Torquato Tapaj\u00f3s, ambos na zona Norte da cidade.<\/p>\n\n\n\n<p>Esses investimentos t\u00eam como objetivo principal, proporcionar aos usu\u00e1rios do transporte p\u00fablico urbano um servi\u00e7o de qualidade, seguran\u00e7a e agilidade, garantindo assim um acesso mais eficiente aos passageiros.<\/p>\n\n\n\n<p>&#8212; &#8212; &#8212;&nbsp;<\/p>\n\n\n\n<p><strong>Texto &#8211;&nbsp;<\/strong>Alisson Castro \/ IMMU<\/p>\n\n\n\n<p><strong>Fotos \u2013&nbsp;<\/strong>Divulga\u00e7\u00e3o \/ Semcom<\/p>\n","protected":false},"excerpt":{"rendered":"","protected":false},"author":24,"featured_media":510,"comment_status":"closed","ping_status":"closed","sticky":false,"template":"","format":"standard","meta":{"footnotes":""},"categories":[221],"tags":[222,223,108,123,94,8,220,224],"acf":[],"yoast_head":"<!-- This site is optimized with the Yoast SEO plugin v23.0 - https:\/\/yoast.com\/wordpress\/plugins\/seo\/ -->\n<title>C\u00e2meras inibem assaltos e n\u00famero de casos cai 30,6% no transporte coletivo de Manaus - IMMU<\/title>\n<meta name=\"description\" content=\"A instala\u00e7\u00e3o de c\u00e2meras de monitoramento nos \u00f4nibus de Manaus tem contribu\u00eddo para a redu\u00e7\u00e3o no n\u00famero de assaltos nos coletivos.\" \/>\n<meta name=\"robots\" content=\"noindex, follow\" \/>\n<meta property=\"og:locale\" content=\"pt_BR\" \/>\n<meta property=\"og:type\" content=\"article\" \/>\n<meta property=\"og:title\" content=\"C\u00e2meras inibem assaltos e n\u00famero de casos cai 30,6% no transporte coletivo de Manaus - IMMU\" \/>\n<meta property=\"og:description\" content=\"A instala\u00e7\u00e3o de c\u00e2meras de monitoramento nos \u00f4nibus de Manaus tem contribu\u00eddo para a redu\u00e7\u00e3o no n\u00famero de assaltos nos coletivos.\" \/>\n<meta property=\"og:url\" content=\"https:\/\/www.manaus.am.gov.br\/immu\/seguranca\/cameras-inibem-assaltos-e-numero-de-casos-cai-306-no-transporte-coletivo-de-manaus\/\" \/>\n<meta property=\"og:site_name\" content=\"IMMU\" \/>\n<meta property=\"article:published_time\" content=\"2023-05-22T18:08:12+00:00\" \/>\n<meta property=\"article:modified_time\" content=\"2023-05-22T18:08:13+00:00\" \/>\n<meta property=\"og:image\" content=\"https:\/\/www.manaus.am.gov.br\/immu\/wp-content\/uploads\/sites\/14\/2023\/05\/Cameras-inibem-assaltos-e-numero-de-casos-cai-306-no-transporte-coletivo-de-Manaus-2.jpeg\" \/>\n\t<meta property=\"og:image:width\" content=\"1600\" \/>\n\t<meta property=\"og:image:height\" content=\"1250\" \/>\n\t<meta property=\"og:image:type\" content=\"image\/jpeg\" \/>\n<meta name=\"author\" content=\"Cl\u00e1udia Barbosa\" \/>\n<meta name=\"twitter:card\" content=\"summary_large_image\" \/>\n<meta name=\"twitter:label1\" content=\"Written by\" \/>\n\t<meta name=\"twitter:data1\" content=\"Cl\u00e1udia Barbosa\" \/>\n\t<meta name=\"twitter:label2\" content=\"Est. reading time\" \/>\n\t<meta name=\"twitter:data2\" content=\"4 minutos\" \/>\n<script type=\"application\/ld+json\" class=\"yoast-schema-graph\">{\"@context\":\"https:\/\/schema.org\",\"@graph\":[{\"@type\":\"WebPage\",\"@id\":\"https:\/\/www.manaus.am.gov.br\/immu\/seguranca\/cameras-inibem-assaltos-e-numero-de-casos-cai-306-no-transporte-coletivo-de-manaus\/\",\"url\":\"https:\/\/www.manaus.am.gov.br\/immu\/seguranca\/cameras-inibem-assaltos-e-numero-de-casos-cai-306-no-transporte-coletivo-de-manaus\/\",\"name\":\"C\u00e2meras inibem assaltos e n\u00famero de casos cai 30,6% no transporte coletivo de Manaus - IMMU\",\"isPartOf\":{\"@id\":\"https:\/\/www.manaus.am.gov.br\/immu\/#website\"},\"primaryImageOfPage\":{\"@id\":\"https:\/\/www.manaus.am.gov.br\/immu\/seguranca\/cameras-inibem-assaltos-e-numero-de-casos-cai-306-no-transporte-coletivo-de-manaus\/#primaryimage\"},\"image\":{\"@id\":\"https:\/\/www.manaus.am.gov.br\/immu\/seguranca\/cameras-inibem-assaltos-e-numero-de-casos-cai-306-no-transporte-coletivo-de-manaus\/#primaryimage\"},\"thumbnailUrl\":\"https:\/\/www.manaus.am.gov.br\/immu\/wp-content\/uploads\/sites\/14\/2023\/05\/Cameras-inibem-assaltos-e-numero-de-casos-cai-306-no-transporte-coletivo-de-Manaus-2.jpeg\",\"datePublished\":\"2023-05-22T18:08:12+00:00\",\"dateModified\":\"2023-05-22T18:08:13+00:00\",\"author\":{\"@id\":\"https:\/\/www.manaus.am.gov.br\/immu\/#\/schema\/person\/d0a166b5031154c33c77794ddc9a827e\"},\"description\":\"A instala\u00e7\u00e3o de c\u00e2meras de monitoramento nos \u00f4nibus de Manaus tem contribu\u00eddo para a redu\u00e7\u00e3o no n\u00famero de assaltos nos coletivos.\",\"breadcrumb\":{\"@id\":\"https:\/\/www.manaus.am.gov.br\/immu\/seguranca\/cameras-inibem-assaltos-e-numero-de-casos-cai-306-no-transporte-coletivo-de-manaus\/#breadcrumb\"},\"inLanguage\":\"pt-BR\",\"potentialAction\":[{\"@type\":\"ReadAction\",\"target\":[\"https:\/\/www.manaus.am.gov.br\/immu\/seguranca\/cameras-inibem-assaltos-e-numero-de-casos-cai-306-no-transporte-coletivo-de-manaus\/\"]}]},{\"@type\":\"ImageObject\",\"inLanguage\":\"pt-BR\",\"@id\":\"https:\/\/www.manaus.am.gov.br\/immu\/seguranca\/cameras-inibem-assaltos-e-numero-de-casos-cai-306-no-transporte-coletivo-de-manaus\/#primaryimage\",\"url\":\"https:\/\/www.manaus.am.gov.br\/immu\/wp-content\/uploads\/sites\/14\/2023\/05\/Cameras-inibem-assaltos-e-numero-de-casos-cai-306-no-transporte-coletivo-de-Manaus-2.jpeg\",\"contentUrl\":\"https:\/\/www.manaus.am.gov.br\/immu\/wp-content\/uploads\/sites\/14\/2023\/05\/Cameras-inibem-assaltos-e-numero-de-casos-cai-306-no-transporte-coletivo-de-Manaus-2.jpeg\",\"width\":1600,\"height\":1250},{\"@type\":\"BreadcrumbList\",\"@id\":\"https:\/\/www.manaus.am.gov.br\/immu\/seguranca\/cameras-inibem-assaltos-e-numero-de-casos-cai-306-no-transporte-coletivo-de-manaus\/#breadcrumb\",\"itemListElement\":[{\"@type\":\"ListItem\",\"position\":1,\"name\":\"Home\",\"item\":\"https:\/\/www.manaus.am.gov.br\/immu\/\"},{\"@type\":\"ListItem\",\"position\":2,\"name\":\"C\u00e2meras inibem assaltos e n\u00famero de casos cai 30,6% no transporte coletivo de Manaus\"}]},{\"@type\":\"WebSite\",\"@id\":\"https:\/\/www.manaus.am.gov.br\/immu\/#website\",\"url\":\"https:\/\/www.manaus.am.gov.br\/immu\/\",\"name\":\"IMMU\",\"description\":\"Prefeitura de Manaus\",\"potentialAction\":[{\"@type\":\"SearchAction\",\"target\":{\"@type\":\"EntryPoint\",\"urlTemplate\":\"https:\/\/www.manaus.am.gov.br\/immu\/?s={search_term_string}\"},\"query-input\":\"required name=search_term_string\"}],\"inLanguage\":\"pt-BR\"},{\"@type\":\"Person\",\"@id\":\"https:\/\/www.manaus.am.gov.br\/immu\/#\/schema\/person\/d0a166b5031154c33c77794ddc9a827e\",\"name\":\"Cl\u00e1udia Barbosa\",\"image\":{\"@type\":\"ImageObject\",\"inLanguage\":\"pt-BR\",\"@id\":\"https:\/\/www.manaus.am.gov.br\/immu\/#\/schema\/person\/image\/\",\"url\":\"https:\/\/secure.gravatar.com\/avatar\/42958a1cf007f1a00534009218c72590?s=96&d=mm&r=g\",\"contentUrl\":\"https:\/\/secure.gravatar.com\/avatar\/42958a1cf007f1a00534009218c72590?s=96&d=mm&r=g\",\"caption\":\"Cl\u00e1udia Barbosa\"}}]}<\/script>\n<!-- \/ Yoast SEO plugin. -->","yoast_head_json":{"title":"C\u00e2meras inibem assaltos e n\u00famero de casos cai 30,6% no transporte coletivo de Manaus - IMMU","description":"A instala\u00e7\u00e3o de c\u00e2meras de monitoramento nos \u00f4nibus de Manaus tem contribu\u00eddo para a redu\u00e7\u00e3o no n\u00famero de assaltos nos coletivos.","robots":{"index":"noindex","follow":"follow"},"og_locale":"pt_BR","og_type":"article","og_title":"C\u00e2meras inibem assaltos e n\u00famero de casos cai 30,6% no transporte coletivo de Manaus - IMMU","og_description":"A instala\u00e7\u00e3o de c\u00e2meras de monitoramento nos \u00f4nibus de Manaus tem contribu\u00eddo para a redu\u00e7\u00e3o no n\u00famero de assaltos nos coletivos.","og_url":"https:\/\/www.manaus.am.gov.br\/immu\/seguranca\/cameras-inibem-assaltos-e-numero-de-casos-cai-306-no-transporte-coletivo-de-manaus\/","og_site_name":"IMMU","article_published_time":"2023-05-22T18:08:12+00:00","article_modified_time":"2023-05-22T18:08:13+00:00","og_image":[{"width":1600,"height":1250,"url":"https:\/\/www.manaus.am.gov.br\/immu\/wp-content\/uploads\/sites\/14\/2023\/05\/Cameras-inibem-assaltos-e-numero-de-casos-cai-306-no-transporte-coletivo-de-Manaus-2.jpeg","type":"image\/jpeg"}],"author":"Cl\u00e1udia Barbosa","twitter_card":"summary_large_image","twitter_misc":{"Written by":"Cl\u00e1udia Barbosa","Est. reading time":"4 minutos"},"schema":{"@context":"https:\/\/schema.org","@graph":[{"@type":"WebPage","@id":"https:\/\/www.manaus.am.gov.br\/immu\/seguranca\/cameras-inibem-assaltos-e-numero-de-casos-cai-306-no-transporte-coletivo-de-manaus\/","url":"https:\/\/www.manaus.am.gov.br\/immu\/seguranca\/cameras-inibem-assaltos-e-numero-de-casos-cai-306-no-transporte-coletivo-de-manaus\/","name":"C\u00e2meras inibem assaltos e n\u00famero de casos cai 30,6% no transporte coletivo de Manaus - IMMU","isPartOf":{"@id":"https:\/\/www.manaus.am.gov.br\/immu\/#website"},"primaryImageOfPage":{"@id":"https:\/\/www.manaus.am.gov.br\/immu\/seguranca\/cameras-inibem-assaltos-e-numero-de-casos-cai-306-no-transporte-coletivo-de-manaus\/#primaryimage"},"image":{"@id":"https:\/\/www.manaus.am.gov.br\/immu\/seguranca\/cameras-inibem-assaltos-e-numero-de-casos-cai-306-no-transporte-coletivo-de-manaus\/#primaryimage"},"thumbnailUrl":"https:\/\/www.manaus.am.gov.br\/immu\/wp-content\/uploads\/sites\/14\/2023\/05\/Cameras-inibem-assaltos-e-numero-de-casos-cai-306-no-transporte-coletivo-de-Manaus-2.jpeg","datePublished":"2023-05-22T18:08:12+00:00","dateModified":"2023-05-22T18:08:13+00:00","author":{"@id":"https:\/\/www.manaus.am.gov.br\/immu\/#\/schema\/person\/d0a166b5031154c33c77794ddc9a827e"},"description":"A instala\u00e7\u00e3o de c\u00e2meras de monitoramento nos \u00f4nibus de Manaus tem contribu\u00eddo para a redu\u00e7\u00e3o no n\u00famero de assaltos nos coletivos.","breadcrumb":{"@id":"https:\/\/www.manaus.am.gov.br\/immu\/seguranca\/cameras-inibem-assaltos-e-numero-de-casos-cai-306-no-transporte-coletivo-de-manaus\/#breadcrumb"},"inLanguage":"pt-BR","potentialAction":[{"@type":"ReadAction","target":["https:\/\/www.manaus.am.gov.br\/immu\/seguranca\/cameras-inibem-assaltos-e-numero-de-casos-cai-306-no-transporte-coletivo-de-manaus\/"]}]},{"@type":"ImageObject","inLanguage":"pt-BR","@id":"https:\/\/www.manaus.am.gov.br\/immu\/seguranca\/cameras-inibem-assaltos-e-numero-de-casos-cai-306-no-transporte-coletivo-de-manaus\/#primaryimage","url":"https:\/\/www.manaus.am.gov.br\/immu\/wp-content\/uploads\/sites\/14\/2023\/05\/Cameras-inibem-assaltos-e-numero-de-casos-cai-306-no-transporte-coletivo-de-Manaus-2.jpeg","contentUrl":"https:\/\/www.manaus.am.gov.br\/immu\/wp-content\/uploads\/sites\/14\/2023\/05\/Cameras-inibem-assaltos-e-numero-de-casos-cai-306-no-transporte-coletivo-de-Manaus-2.jpeg","width":1600,"height":1250},{"@type":"BreadcrumbList","@id":"https:\/\/www.manaus.am.gov.br\/immu\/seguranca\/cameras-inibem-assaltos-e-numero-de-casos-cai-306-no-transporte-coletivo-de-manaus\/#breadcrumb","itemListElement":[{"@type":"ListItem","position":1,"name":"Home","item":"https:\/\/www.manaus.am.gov.br\/immu\/"},{"@type":"ListItem","position":2,"name":"C\u00e2meras inibem assaltos e n\u00famero de casos cai 30,6% no transporte coletivo de Manaus"}]},{"@type":"WebSite","@id":"https:\/\/www.manaus.am.gov.br\/immu\/#website","url":"https:\/\/www.manaus.am.gov.br\/immu\/","name":"IMMU","description":"Prefeitura de Manaus","potentialAction":[{"@type":"SearchAction","target":{"@type":"EntryPoint","urlTemplate":"https:\/\/www.manaus.am.gov.br\/immu\/?s={search_term_string}"},"query-input":"required name=search_term_string"}],"inLanguage":"pt-BR"},{"@type":"Person","@id":"https:\/\/www.manaus.am.gov.br\/immu\/#\/schema\/person\/d0a166b5031154c33c77794ddc9a827e","name":"Cl\u00e1udia Barbosa","image":{"@type":"ImageObject","inLanguage":"pt-BR","@id":"https:\/\/www.manaus.am.gov.br\/immu\/#\/schema\/person\/image\/","url":"https:\/\/secure.gravatar.com\/avatar\/42958a1cf007f1a00534009218c72590?s=96&d=mm&r=g","contentUrl":"https:\/\/secure.gravatar.com\/avatar\/42958a1cf007f1a00534009218c72590?s=96&d=mm&r=g","caption":"Cl\u00e1udia Barbosa"}}]}},"_links":{"self":[{"href":"https:\/\/www.manaus.am.gov.br\/immu\/wp-json\/wp\/v2\/posts\/509"}],"collection":[{"href":"https:\/\/www.manaus.am.gov.br\/immu\/wp-json\/wp\/v2\/posts"}],"about":[{"href":"https:\/\/www.manaus.am.gov.br\/immu\/wp-json\/wp\/v2\/types\/post"}],"author":[{"embeddable":true,"href":"https:\/\/www.manaus.am.gov.br\/immu\/wp-json\/wp\/v2\/users\/24"}],"replies":[{"embeddable":true,"href":"https:\/\/www.manaus.am.gov.br\/immu\/wp-json\/wp\/v2\/comments?post=509"}],"version-history":[{"count":0,"href":"https:\/\/www.manaus.am.gov.br\/immu\/wp-json\/wp\/v2\/posts\/509\/revisions"}],"wp:featuredmedia":[{"embeddable":true,"href":"https:\/\/www.manaus.am.gov.br\/immu\/wp-json\/wp\/v2\/media\/510"}],"wp:attachment":[{"href":"https:\/\/www.manaus.am.gov.br\/immu\/wp-json\/wp\/v2\/media?parent=509"}],"wp:term":[{"taxonomy":"category","embeddable":true,"href":"https:\/\/www.manaus.am.gov.br\/immu\/wp-json\/wp\/v2\/categories?post=509"},{"taxonomy":"post_tag","embeddable":true,"href":"https:\/\/www.manaus.am.gov.br\/immu\/wp-json\/wp\/v2\/tags?post=509"}],"curies":[{"name":"wp","href":"https:\/\/api.w.org\/{rel}","templated":true}]}}