{"id":4593,"date":"2025-09-25T15:07:06","date_gmt":"2025-09-25T19:07:06","guid":{"rendered":"https:\/\/www.manaus.am.gov.br\/immu\/sem-categoria\/encerra-semana-nacional-de-transito\/"},"modified":"2025-09-25T15:07:08","modified_gmt":"2025-09-25T19:07:08","slug":"encerra-semana-nacional-de-transito","status":"publish","type":"post","link":"https:\/\/www.manaus.am.gov.br\/immu\/transito\/encerra-semana-nacional-de-transito\/","title":{"rendered":"Prefeitura de Manaus encerra \u2018Semana Nacional de Tr\u00e2nsito\u2019 com mais de sete mil pessoas atendidas"},"content":{"rendered":"\n<p>A <a href=\"https:\/\/www.instagram.com\/prefeiturademanaus\/\">Prefeitura de Manaus<\/a>, por meio do <a href=\"https:\/\/www.manaus.am.gov.br\/immu\/\">Instituto Municipal de Mobilidade Urbana (IMMU)<\/a>, encerrou, nesta quinta-feira, 25\/9, a programa\u00e7\u00e3o da \u201cSemana Nacional de Tr\u00e2nsito\u201d com um grande \u2018Pit Stop\u2019 educativo no Sesi-Clube do Trabalhador, na avenida Cosme Ferreira, bairro S\u00e3o Jos\u00e9, zona Leste da capital. Ao todo, mais de sete mil pessoas foram impactadas diretamente pelas a\u00e7\u00f5es realizadas entre os dias 18 e 25 de setembro.<\/p>\n\n\n\n<p>Com o tema \u201cComprometa-se com a Vida\u201d, a campanha deste ano teve como foco principal a conscientiza\u00e7\u00e3o de motociclistas sobre a import\u00e2ncia da pilotagem defensiva, do uso adequado de equipamentos de seguran\u00e7a e o respeito \u00e0s leis de tr\u00e2nsito como medidas essenciais para a preven\u00e7\u00e3o de sinistros.<\/p>\n\n\n\n<p>Durante toda a semana, a equipe de educa\u00e7\u00e3o para o tr\u00e2nsito do IMMU promoveu uma s\u00e9rie de atividades voltadas para motoristas, ciclistas, pedestres e a comunidade escolar, refor\u00e7ando a mensagem de que a seguran\u00e7a vi\u00e1ria \u00e9 responsabilidade de todos.<\/p>\n\n\n\n<p>\u201cA educa\u00e7\u00e3o \u00e9 a principal ferramenta para transformar a realidade no tr\u00e2nsito. Ao conscientizar desde os mais jovens at\u00e9 os condutores profissionais, estamos investindo na preserva\u00e7\u00e3o de vidas e na constru\u00e7\u00e3o de uma cidade mais segura para todos\u201d, destacou o diretor-presidente do IMMU, Arnaldo Flores.<\/p>\n\n\n\n<p>O mototaxista Raimundo Batista, de 48 anos, que participou do Pit Stop, parabenizou a a\u00e7\u00e3o e refor\u00e7ou a import\u00e2ncia da conscientiza\u00e7\u00e3o no tr\u00e2nsito.<\/p>\n\n\n\n<p>\u201cA gente est\u00e1 na rua todos os dias e v\u00ea de tudo. Essas campanhas s\u00e3o muito importantes, principalmente para lembrar que um segundo de distra\u00e7\u00e3o pode mudar tudo. Parab\u00e9ns ao IMMU pela iniciativa\u201d, comentou.<\/p>\n\n\n\n<p><strong>A\u00e7\u00f5es da Semana<\/strong><\/p>\n\n\n\n<p>A abertura oficial da \u201cSemana Nacional de Tr\u00e2nsito\u201d aconteceu no dia 18\/9, no Centro de Arqueologia de Manaus (CAM), com servi\u00e7os de emiss\u00e3o gratuita da 1\u00aa e 2\u00aa via do cart\u00e3o PassaF\u00e1cil nas modalidades Comum, Estudante e Social, facilitando o acesso dos usu\u00e1rios ao transporte p\u00fablico.<\/p>\n\n\n\n<p>Al\u00e9m disso, a Secretaria Municipal de Meio Ambiente, Sustentabilidade e Mudan\u00e7a do Clima (Semmasclima) participou com a distribui\u00e7\u00e3o de mudas, jogos educativos e conta\u00e7\u00e3o de hist\u00f3rias com tem\u00e1tica de tr\u00e2nsito, promovendo a integra\u00e7\u00e3o entre mobilidade e sustentabilidade.<\/p>\n\n\n\n<p>Durante a semana tamb\u00e9m foram realizadas blitze de conscientiza\u00e7\u00e3o em estabelecimentos comerciais, em parceria com a Secretaria Estadual dos Direitos da Pessoa com Defici\u00eancia, destacando o respeito \u00e0s pessoas com defici\u00eancia no tr\u00e2nsito.<\/p>\n\n\n\n<p>O projeto \u201cCondutor Consciente\u201d foi levado \u00e0 empresa Tumpex, que conta com cerca de 135 motoristas de ve\u00edculos de grande porte. Os colaboradores participaram de palestras e din\u00e2micas sobre dire\u00e7\u00e3o respons\u00e1vel e preven\u00e7\u00e3o de acidentes.<\/p>\n\n\n\n<p>Nos dias 21 e 22\/9, durante a tradicional Faixa Liberada na avenida Get\u00falio Vargas, zona Sul, o IMMU promoveu a\u00e7\u00f5es em alus\u00e3o ao \u201cDia Mundial Sem Carro\u201d, incentivando o uso de meios de transporte mais sustent\u00e1veis e a pr\u00e1tica da carona solid\u00e1ria.<\/p>\n\n\n\n<p>No dia 23\/9, foi a vez dos alunos da escola municipal Professor Erick Vicente de Souza, no bairro Jorge Teixeira, receberem atividades educativas com o agente de tr\u00e2nsito Arne Santos. De forma l\u00fadica, os estudantes aprenderam sobre travessia segura, comportamento no transporte p\u00fablico e respeito \u00e0s sinaliza\u00e7\u00f5es.<\/p>\n\n\n\n<p><strong>Resultados concretos<\/strong><\/p>\n\n\n\n<p>O IMMU tem atuado ativamente para reduzir os acidentes de tr\u00e2nsito na cidade. Entre as medidas adotadas est\u00e1 a intensifica\u00e7\u00e3o das a\u00e7\u00f5es de educa\u00e7\u00e3o para o tr\u00e2nsito. Entre os meses de janeiro e agosto de 2025, as a\u00e7\u00f5es de educa\u00e7\u00e3o para o tr\u00e2nsito realizadas em Manaus somaram 196 atividades e alcan\u00e7aram um p\u00fablico de 92.814 pessoas.<\/p>\n\n\n\n<p>Foram desenvolvidos 38 projetos, que atenderam 4.062 pessoas de forma direta. As campanhas educativas alcan\u00e7aram 85.338 pessoas. J\u00e1 no atendimento direto \u00e0 comunidade, foram registradas 129 a\u00e7\u00f5es, com 3.414 pessoas atendidas.<\/p>\n\n\n\n<p>A meta da gest\u00e3o municipal \u00e9 realizar 250 a\u00e7\u00f5es educativas at\u00e9 o fim de 2025, impactando diretamente 140 mil pessoas com atividades que promovam uma cultura de paz no tr\u00e2nsito.<\/p>\n\n\n\n<p>&#8212; &#8212; &#8212;<\/p>\n\n\n\n<p><strong>Texto e Fotos<\/strong> \u2013 Divulga\u00e7\u00e3o \/ IMMU<\/p>\n","protected":false},"excerpt":{"rendered":"","protected":false},"author":57,"featured_media":4594,"comment_status":"closed","ping_status":"closed","sticky":false,"template":"","format":"standard","meta":{"footnotes":""},"categories":[46],"tags":[6,8,803],"acf":[],"yoast_head":"<!-- This site is optimized with the Yoast SEO plugin v23.0 - https:\/\/yoast.com\/wordpress\/plugins\/seo\/ -->\n<title>Encerra \u2018Semana Nacional de Tr\u00e2nsito\u2019<\/title>\n<meta name=\"description\" content=\"A Prefeitura de Manaus, encerrou, nesta quinta-feira, 25\/9, a programa\u00e7\u00e3o da \u201cSemana Nacional de Tr\u00e2nsito\u201d com um grande \u2018Pit Stop\u2019 educativo\" \/>\n<meta name=\"robots\" content=\"noindex, follow\" \/>\n<meta property=\"og:locale\" content=\"pt_BR\" \/>\n<meta property=\"og:type\" content=\"article\" \/>\n<meta property=\"og:title\" content=\"Encerra \u2018Semana Nacional de Tr\u00e2nsito\u2019\" \/>\n<meta property=\"og:description\" content=\"A Prefeitura de Manaus, encerrou, nesta quinta-feira, 25\/9, a programa\u00e7\u00e3o da \u201cSemana Nacional de Tr\u00e2nsito\u201d com um grande \u2018Pit Stop\u2019 educativo\" \/>\n<meta property=\"og:url\" content=\"https:\/\/www.manaus.am.gov.br\/immu\/transito\/encerra-semana-nacional-de-transito\/\" \/>\n<meta property=\"og:site_name\" content=\"IMMU\" \/>\n<meta property=\"article:published_time\" content=\"2025-09-25T19:07:06+00:00\" \/>\n<meta property=\"article:modified_time\" content=\"2025-09-25T19:07:08+00:00\" \/>\n<meta property=\"og:image\" content=\"https:\/\/www.manaus.am.gov.br\/immu\/wp-content\/uploads\/sites\/14\/2025\/09\/Semana-Nacional-de-Transito-1.jpg\" \/>\n\t<meta property=\"og:image:width\" content=\"2560\" \/>\n\t<meta property=\"og:image:height\" content=\"1706\" \/>\n\t<meta property=\"og:image:type\" content=\"image\/jpeg\" \/>\n<meta name=\"author\" content=\"Thiago Fernando\" \/>\n<meta name=\"twitter:card\" content=\"summary_large_image\" \/>\n<meta name=\"twitter:label1\" content=\"Written by\" \/>\n\t<meta name=\"twitter:data1\" content=\"Thiago Fernando\" \/>\n\t<meta name=\"twitter:label2\" content=\"Est. reading time\" \/>\n\t<meta name=\"twitter:data2\" content=\"4 minutos\" \/>\n<script type=\"application\/ld+json\" class=\"yoast-schema-graph\">{\"@context\":\"https:\/\/schema.org\",\"@graph\":[{\"@type\":\"WebPage\",\"@id\":\"https:\/\/www.manaus.am.gov.br\/immu\/transito\/encerra-semana-nacional-de-transito\/\",\"url\":\"https:\/\/www.manaus.am.gov.br\/immu\/transito\/encerra-semana-nacional-de-transito\/\",\"name\":\"Encerra \u2018Semana Nacional de Tr\u00e2nsito\u2019\",\"isPartOf\":{\"@id\":\"https:\/\/www.manaus.am.gov.br\/immu\/#website\"},\"primaryImageOfPage\":{\"@id\":\"https:\/\/www.manaus.am.gov.br\/immu\/transito\/encerra-semana-nacional-de-transito\/#primaryimage\"},\"image\":{\"@id\":\"https:\/\/www.manaus.am.gov.br\/immu\/transito\/encerra-semana-nacional-de-transito\/#primaryimage\"},\"thumbnailUrl\":\"https:\/\/www.manaus.am.gov.br\/immu\/wp-content\/uploads\/sites\/14\/2025\/09\/Semana-Nacional-de-Transito-1.jpg\",\"datePublished\":\"2025-09-25T19:07:06+00:00\",\"dateModified\":\"2025-09-25T19:07:08+00:00\",\"author\":{\"@id\":\"https:\/\/www.manaus.am.gov.br\/immu\/#\/schema\/person\/a5ee5376db6e21af026374b369f30882\"},\"description\":\"A Prefeitura de Manaus, encerrou, nesta quinta-feira, 25\/9, a programa\u00e7\u00e3o da \u201cSemana Nacional de Tr\u00e2nsito\u201d com um grande \u2018Pit Stop\u2019 educativo\",\"breadcrumb\":{\"@id\":\"https:\/\/www.manaus.am.gov.br\/immu\/transito\/encerra-semana-nacional-de-transito\/#breadcrumb\"},\"inLanguage\":\"pt-BR\",\"potentialAction\":[{\"@type\":\"ReadAction\",\"target\":[\"https:\/\/www.manaus.am.gov.br\/immu\/transito\/encerra-semana-nacional-de-transito\/\"]}]},{\"@type\":\"ImageObject\",\"inLanguage\":\"pt-BR\",\"@id\":\"https:\/\/www.manaus.am.gov.br\/immu\/transito\/encerra-semana-nacional-de-transito\/#primaryimage\",\"url\":\"https:\/\/www.manaus.am.gov.br\/immu\/wp-content\/uploads\/sites\/14\/2025\/09\/Semana-Nacional-de-Transito-1.jpg\",\"contentUrl\":\"https:\/\/www.manaus.am.gov.br\/immu\/wp-content\/uploads\/sites\/14\/2025\/09\/Semana-Nacional-de-Transito-1.jpg\",\"width\":2560,\"height\":1706,\"caption\":\"#paratodosverem - Pessoas carregando uma faixa em via de Manaus\"},{\"@type\":\"BreadcrumbList\",\"@id\":\"https:\/\/www.manaus.am.gov.br\/immu\/transito\/encerra-semana-nacional-de-transito\/#breadcrumb\",\"itemListElement\":[{\"@type\":\"ListItem\",\"position\":1,\"name\":\"Home\",\"item\":\"https:\/\/www.manaus.am.gov.br\/immu\/\"},{\"@type\":\"ListItem\",\"position\":2,\"name\":\"Prefeitura de Manaus encerra \u2018Semana Nacional de Tr\u00e2nsito\u2019 com mais de sete mil pessoas atendidas\"}]},{\"@type\":\"WebSite\",\"@id\":\"https:\/\/www.manaus.am.gov.br\/immu\/#website\",\"url\":\"https:\/\/www.manaus.am.gov.br\/immu\/\",\"name\":\"IMMU\",\"description\":\"Prefeitura de Manaus\",\"potentialAction\":[{\"@type\":\"SearchAction\",\"target\":{\"@type\":\"EntryPoint\",\"urlTemplate\":\"https:\/\/www.manaus.am.gov.br\/immu\/?s={search_term_string}\"},\"query-input\":\"required name=search_term_string\"}],\"inLanguage\":\"pt-BR\"},{\"@type\":\"Person\",\"@id\":\"https:\/\/www.manaus.am.gov.br\/immu\/#\/schema\/person\/a5ee5376db6e21af026374b369f30882\",\"name\":\"Thiago Fernando\",\"image\":{\"@type\":\"ImageObject\",\"inLanguage\":\"pt-BR\",\"@id\":\"https:\/\/www.manaus.am.gov.br\/immu\/#\/schema\/person\/image\/\",\"url\":\"https:\/\/secure.gravatar.com\/avatar\/f5aab8722444041451501c077052ac07?s=96&d=mm&r=g\",\"contentUrl\":\"https:\/\/secure.gravatar.com\/avatar\/f5aab8722444041451501c077052ac07?s=96&d=mm&r=g\",\"caption\":\"Thiago Fernando\"}}]}<\/script>\n<!-- \/ Yoast SEO plugin. -->","yoast_head_json":{"title":"Encerra \u2018Semana Nacional de Tr\u00e2nsito\u2019","description":"A Prefeitura de Manaus, encerrou, nesta quinta-feira, 25\/9, a programa\u00e7\u00e3o da \u201cSemana Nacional de Tr\u00e2nsito\u201d com um grande \u2018Pit Stop\u2019 educativo","robots":{"index":"noindex","follow":"follow"},"og_locale":"pt_BR","og_type":"article","og_title":"Encerra \u2018Semana Nacional de Tr\u00e2nsito\u2019","og_description":"A Prefeitura de Manaus, encerrou, nesta quinta-feira, 25\/9, a programa\u00e7\u00e3o da \u201cSemana Nacional de Tr\u00e2nsito\u201d com um grande \u2018Pit Stop\u2019 educativo","og_url":"https:\/\/www.manaus.am.gov.br\/immu\/transito\/encerra-semana-nacional-de-transito\/","og_site_name":"IMMU","article_published_time":"2025-09-25T19:07:06+00:00","article_modified_time":"2025-09-25T19:07:08+00:00","og_image":[{"width":2560,"height":1706,"url":"https:\/\/www.manaus.am.gov.br\/immu\/wp-content\/uploads\/sites\/14\/2025\/09\/Semana-Nacional-de-Transito-1.jpg","type":"image\/jpeg"}],"author":"Thiago Fernando","twitter_card":"summary_large_image","twitter_misc":{"Written by":"Thiago Fernando","Est. reading time":"4 minutos"},"schema":{"@context":"https:\/\/schema.org","@graph":[{"@type":"WebPage","@id":"https:\/\/www.manaus.am.gov.br\/immu\/transito\/encerra-semana-nacional-de-transito\/","url":"https:\/\/www.manaus.am.gov.br\/immu\/transito\/encerra-semana-nacional-de-transito\/","name":"Encerra \u2018Semana Nacional de Tr\u00e2nsito\u2019","isPartOf":{"@id":"https:\/\/www.manaus.am.gov.br\/immu\/#website"},"primaryImageOfPage":{"@id":"https:\/\/www.manaus.am.gov.br\/immu\/transito\/encerra-semana-nacional-de-transito\/#primaryimage"},"image":{"@id":"https:\/\/www.manaus.am.gov.br\/immu\/transito\/encerra-semana-nacional-de-transito\/#primaryimage"},"thumbnailUrl":"https:\/\/www.manaus.am.gov.br\/immu\/wp-content\/uploads\/sites\/14\/2025\/09\/Semana-Nacional-de-Transito-1.jpg","datePublished":"2025-09-25T19:07:06+00:00","dateModified":"2025-09-25T19:07:08+00:00","author":{"@id":"https:\/\/www.manaus.am.gov.br\/immu\/#\/schema\/person\/a5ee5376db6e21af026374b369f30882"},"description":"A Prefeitura de Manaus, encerrou, nesta quinta-feira, 25\/9, a programa\u00e7\u00e3o da \u201cSemana Nacional de Tr\u00e2nsito\u201d com um grande \u2018Pit Stop\u2019 educativo","breadcrumb":{"@id":"https:\/\/www.manaus.am.gov.br\/immu\/transito\/encerra-semana-nacional-de-transito\/#breadcrumb"},"inLanguage":"pt-BR","potentialAction":[{"@type":"ReadAction","target":["https:\/\/www.manaus.am.gov.br\/immu\/transito\/encerra-semana-nacional-de-transito\/"]}]},{"@type":"ImageObject","inLanguage":"pt-BR","@id":"https:\/\/www.manaus.am.gov.br\/immu\/transito\/encerra-semana-nacional-de-transito\/#primaryimage","url":"https:\/\/www.manaus.am.gov.br\/immu\/wp-content\/uploads\/sites\/14\/2025\/09\/Semana-Nacional-de-Transito-1.jpg","contentUrl":"https:\/\/www.manaus.am.gov.br\/immu\/wp-content\/uploads\/sites\/14\/2025\/09\/Semana-Nacional-de-Transito-1.jpg","width":2560,"height":1706,"caption":"#paratodosverem - Pessoas carregando uma faixa em via de Manaus"},{"@type":"BreadcrumbList","@id":"https:\/\/www.manaus.am.gov.br\/immu\/transito\/encerra-semana-nacional-de-transito\/#breadcrumb","itemListElement":[{"@type":"ListItem","position":1,"name":"Home","item":"https:\/\/www.manaus.am.gov.br\/immu\/"},{"@type":"ListItem","position":2,"name":"Prefeitura de Manaus encerra \u2018Semana Nacional de Tr\u00e2nsito\u2019 com mais de sete mil pessoas atendidas"}]},{"@type":"WebSite","@id":"https:\/\/www.manaus.am.gov.br\/immu\/#website","url":"https:\/\/www.manaus.am.gov.br\/immu\/","name":"IMMU","description":"Prefeitura de Manaus","potentialAction":[{"@type":"SearchAction","target":{"@type":"EntryPoint","urlTemplate":"https:\/\/www.manaus.am.gov.br\/immu\/?s={search_term_string}"},"query-input":"required name=search_term_string"}],"inLanguage":"pt-BR"},{"@type":"Person","@id":"https:\/\/www.manaus.am.gov.br\/immu\/#\/schema\/person\/a5ee5376db6e21af026374b369f30882","name":"Thiago Fernando","image":{"@type":"ImageObject","inLanguage":"pt-BR","@id":"https:\/\/www.manaus.am.gov.br\/immu\/#\/schema\/person\/image\/","url":"https:\/\/secure.gravatar.com\/avatar\/f5aab8722444041451501c077052ac07?s=96&d=mm&r=g","contentUrl":"https:\/\/secure.gravatar.com\/avatar\/f5aab8722444041451501c077052ac07?s=96&d=mm&r=g","caption":"Thiago Fernando"}}]}},"_links":{"self":[{"href":"https:\/\/www.manaus.am.gov.br\/immu\/wp-json\/wp\/v2\/posts\/4593"}],"collection":[{"href":"https:\/\/www.manaus.am.gov.br\/immu\/wp-json\/wp\/v2\/posts"}],"about":[{"href":"https:\/\/www.manaus.am.gov.br\/immu\/wp-json\/wp\/v2\/types\/post"}],"author":[{"embeddable":true,"href":"https:\/\/www.manaus.am.gov.br\/immu\/wp-json\/wp\/v2\/users\/57"}],"replies":[{"embeddable":true,"href":"https:\/\/www.manaus.am.gov.br\/immu\/wp-json\/wp\/v2\/comments?post=4593"}],"version-history":[{"count":0,"href":"https:\/\/www.manaus.am.gov.br\/immu\/wp-json\/wp\/v2\/posts\/4593\/revisions"}],"wp:featuredmedia":[{"embeddable":true,"href":"https:\/\/www.manaus.am.gov.br\/immu\/wp-json\/wp\/v2\/media\/4594"}],"wp:attachment":[{"href":"https:\/\/www.manaus.am.gov.br\/immu\/wp-json\/wp\/v2\/media?parent=4593"}],"wp:term":[{"taxonomy":"category","embeddable":true,"href":"https:\/\/www.manaus.am.gov.br\/immu\/wp-json\/wp\/v2\/categories?post=4593"},{"taxonomy":"post_tag","embeddable":true,"href":"https:\/\/www.manaus.am.gov.br\/immu\/wp-json\/wp\/v2\/tags?post=4593"}],"curies":[{"name":"wp","href":"https:\/\/api.w.org\/{rel}","templated":true}]}}