{"id":4021,"date":"2025-07-08T14:27:43","date_gmt":"2025-07-08T18:27:43","guid":{"rendered":"https:\/\/www.manaus.am.gov.br\/immu\/sem-categoria\/sinalizacao-viaria-zonas-manaus\/"},"modified":"2025-07-08T14:29:04","modified_gmt":"2025-07-08T18:29:04","slug":"sinalizacao-viaria-zonas-manaus","status":"publish","type":"post","link":"https:\/\/www.manaus.am.gov.br\/immu\/mobilidade\/sinalizacao-viaria-zonas-manaus\/","title":{"rendered":"Prefeitura refor\u00e7a sinaliza\u00e7\u00e3o vi\u00e1ria em diversas zonas de Manaus para melhorar seguran\u00e7a e ordenamento do tr\u00e2nsito"},"content":{"rendered":"\n<p>Com foco na seguran\u00e7a vi\u00e1ria e no ordenamento da circula\u00e7\u00e3o de ve\u00edculos e pedestres, a Prefeitura de Manaus, por meio do Instituto Municipal de Mobilidade Urbana (IMMU), segue executando um cronograma de revitaliza\u00e7\u00e3o da sinaliza\u00e7\u00e3o horizontal e vertical em pontos estrat\u00e9gicos da cidade.<\/p>\n\n\n\n<p>O diretor de Engenharia do IMMU, Uarodi Guedes, destacou que a a\u00e7\u00e3o visa proporcionar maior seguran\u00e7a para pedestres e motoristas, al\u00e9m de organizar melhor a circula\u00e7\u00e3o nas vias. \u201cEsses locais recebem grande fluxo de ve\u00edculos e pedestres. A sinaliza\u00e7\u00e3o horizontal e vertical refor\u00e7ada contribui para a redu\u00e7\u00e3o de conflitos no tr\u00e2nsito e promove um ambiente mais seguro para todos\u201d, afirmou.<\/p>\n\n\n\n<p>As a\u00e7\u00f5es de sinaliza\u00e7\u00e3o foram realizadas em trechos movimentados da avenida Autaz Mirim, incluindo pontos no bairro Tancredo Neves e em frente \u00e0 plataforma de \u00f4nibus no bairro S\u00e3o Jos\u00e9 Oper\u00e1rio, todos localizados na zona Leste. Ainda na zona Leste, a rua Desembargador An\u00edzio Jobim, no bairro Col\u00f4nia Ant\u00f4nio Aleixo, recebeu pintura de linha dupla cont\u00ednua amarela no centro da via, que funciona como divisor de pista e tem a fun\u00e7\u00e3o de ordenar a m\u00e3o e a contram\u00e3o de dire\u00e7\u00e3o, proibindo ultrapassagens e promovendo uma circula\u00e7\u00e3o mais segura em ambos os sentidos.<\/p>\n\n\n\n<p>Na zona Norte, os trabalhos ocorreram na avenida Camapu\u00e3, em frente ao shopping Phelippe Daou, no bairro Cidade Nova.<\/p>\n\n\n\n<p>No bairro Reden\u00e7\u00e3o, zona Centro-Oeste, foram aplicadas as legendas \u201cPare\u201d nos cruzamentos da rua Acopiara com a rua Baj\u00e9, e na rua Estrela Rajada com a rua Baj\u00e9, al\u00e9m do trecho em frente ao centro comercial Reden\u00e7\u00e3o. Tamb\u00e9m foram instaladas setas de dire\u00e7\u00e3o em vias pr\u00f3ximas ao 17\u00ba Distrito Integrado de Pol\u00edcia (DIP), refor\u00e7ando o controle da circula\u00e7\u00e3o em \u00e1reas com grande fluxo de ve\u00edculos.<\/p>\n\n\n\n<p>Na rua Virg\u00edlio Ramos, pr\u00f3ximo \u00e0 escola estadual Marqu\u00eas de Santa Cruz, no bairro S\u00e3o Raimundo, zona Oeste, foi pintada a legenda \u201cEscola\u201d no asfalto, com o objetivo de alertar os condutores para redobrar a aten\u00e7\u00e3o em frente \u00e0 unidade de ensino.<\/p>\n\n\n\n<p>Na zona Sul, a avenida Rodrigo Ot\u00e1vio, no trecho entre a rua das \u00c1guias e a rua Equipes, no bairro S\u00e3o L\u00e1zaro, recebeu linhas de bordo no canteiro central, contribuindo para a delimita\u00e7\u00e3o das faixas de rolamento e melhorando o fluxo de ve\u00edculos; e a rua Delfim de Souza, em frente \u00e0 Unidade de Sa\u00fade da Fam\u00edlia (USF) Petr\u00f3polis, no bairro Petr\u00f3polis, recebeu faixa de pedestre.<\/p>\n\n\n\n<p>Al\u00e9m da sinaliza\u00e7\u00e3o horizontal, o IMMU tamb\u00e9m instalou placas verticais de \u201cProibido Estacionar\u201d na avenida Dona Ot\u00edlia, no bairro Tarum\u00e3, zona Oeste, organizando a ocupa\u00e7\u00e3o das vias e prevenindo obstru\u00e7\u00f5es. E outro ponto tamb\u00e9m foi contemplado com a sinaliza\u00e7\u00e3o, como a avenida Torquato Tapaj\u00f3s, ao lado do supermercado Barat\u00e3o da Carne e da Esta\u00e7\u00e3o de Transfer\u00eancia 3, no bairro Flores, zona Centro-Sul, onde foram pintadas faixas de pedestres e legendas \u201cPare\u201d.<\/p>\n\n\n\n<p>As interven\u00e7\u00f5es fazem parte do planejamento cont\u00ednuo do IMMU para fortalecer a seguran\u00e7a vi\u00e1ria em Manaus, com medidas que priorizam a vida, a fluidez e o respeito \u00e0s normas de circula\u00e7\u00e3o.<\/p>\n\n\n\n<figure class=\"wp-block-image size-large\"><img loading=\"lazy\" decoding=\"async\" width=\"1024\" height=\"768\" src=\"https:\/\/www.manaus.am.gov.br\/immu\/wp-content\/uploads\/sites\/14\/2025\/07\/Sinalizacao-9-1024x768.jpeg\" alt=\"\" class=\"wp-image-4024\" srcset=\"https:\/\/www.manaus.am.gov.br\/immu\/wp-content\/uploads\/sites\/14\/2025\/07\/Sinalizacao-9-1024x768.jpeg 1024w, https:\/\/www.manaus.am.gov.br\/immu\/wp-content\/uploads\/sites\/14\/2025\/07\/Sinalizacao-9-300x225.jpeg 300w, https:\/\/www.manaus.am.gov.br\/immu\/wp-content\/uploads\/sites\/14\/2025\/07\/Sinalizacao-9-768x576.jpeg 768w, https:\/\/www.manaus.am.gov.br\/immu\/wp-content\/uploads\/sites\/14\/2025\/07\/Sinalizacao-9-1536x1152.jpeg 1536w, https:\/\/www.manaus.am.gov.br\/immu\/wp-content\/uploads\/sites\/14\/2025\/07\/Sinalizacao-9.jpeg 1600w\" sizes=\"(max-width: 1024px) 100vw, 1024px\" \/><\/figure>\n\n\n\n<p>&#8212; &#8212; &#8212;<\/p>\n\n\n\n<p><strong>Texto<\/strong>\u00a0\u2013 Marcelo Lima\/IMMU<\/p>\n\n\n\n<p><strong>Fotos<\/strong> \u2013 Divulga\u00e7\u00e3o\/IMMU<\/p>\n\n\n\n<p> <\/p>\n","protected":false},"excerpt":{"rendered":"","protected":false},"author":39,"featured_media":4022,"comment_status":"closed","ping_status":"closed","sticky":false,"template":"","format":"standard","meta":{"footnotes":""},"categories":[31],"tags":[6,182,8,407,2060],"acf":[],"yoast_head":"<!-- This site is optimized with the Yoast SEO plugin v23.0 - https:\/\/yoast.com\/wordpress\/plugins\/seo\/ -->\n<title>Prefeitura refor\u00e7a sinaliza\u00e7\u00e3o vi\u00e1ria em diversas zonas de Manaus<\/title>\n<meta name=\"description\" content=\"Prefeitura refor\u00e7a sinaliza\u00e7\u00e3o vi\u00e1ria em diversas zonas de Manaus para melhorar seguran\u00e7a e ordenamento do tr\u00e2nsito.\" \/>\n<meta name=\"robots\" content=\"noindex, follow\" \/>\n<meta property=\"og:locale\" content=\"pt_BR\" \/>\n<meta property=\"og:type\" content=\"article\" \/>\n<meta property=\"og:title\" content=\"Prefeitura refor\u00e7a sinaliza\u00e7\u00e3o vi\u00e1ria em diversas zonas de Manaus\" \/>\n<meta property=\"og:description\" content=\"Prefeitura refor\u00e7a sinaliza\u00e7\u00e3o vi\u00e1ria em diversas zonas de Manaus para melhorar seguran\u00e7a e ordenamento do tr\u00e2nsito.\" \/>\n<meta property=\"og:url\" content=\"https:\/\/www.manaus.am.gov.br\/immu\/mobilidade\/sinalizacao-viaria-zonas-manaus\/\" \/>\n<meta property=\"og:site_name\" content=\"IMMU\" \/>\n<meta property=\"article:published_time\" content=\"2025-07-08T18:27:43+00:00\" \/>\n<meta property=\"article:modified_time\" content=\"2025-07-08T18:29:04+00:00\" \/>\n<meta property=\"og:image\" content=\"https:\/\/www.manaus.am.gov.br\/immu\/wp-content\/uploads\/sites\/14\/2025\/07\/Sinalizacao-5.jpeg\" \/>\n\t<meta property=\"og:image:width\" content=\"1600\" \/>\n\t<meta property=\"og:image:height\" content=\"1200\" \/>\n\t<meta property=\"og:image:type\" content=\"image\/jpeg\" \/>\n<meta name=\"author\" content=\"Bruna Greco\" \/>\n<meta name=\"twitter:card\" content=\"summary_large_image\" \/>\n<meta name=\"twitter:label1\" content=\"Written by\" \/>\n\t<meta name=\"twitter:data1\" content=\"Bruna Greco\" \/>\n\t<meta name=\"twitter:label2\" content=\"Est. reading time\" \/>\n\t<meta name=\"twitter:data2\" content=\"4 minutos\" \/>\n<script type=\"application\/ld+json\" class=\"yoast-schema-graph\">{\"@context\":\"https:\/\/schema.org\",\"@graph\":[{\"@type\":\"WebPage\",\"@id\":\"https:\/\/www.manaus.am.gov.br\/immu\/mobilidade\/sinalizacao-viaria-zonas-manaus\/\",\"url\":\"https:\/\/www.manaus.am.gov.br\/immu\/mobilidade\/sinalizacao-viaria-zonas-manaus\/\",\"name\":\"Prefeitura refor\u00e7a sinaliza\u00e7\u00e3o vi\u00e1ria em diversas zonas de Manaus\",\"isPartOf\":{\"@id\":\"https:\/\/www.manaus.am.gov.br\/immu\/#website\"},\"primaryImageOfPage\":{\"@id\":\"https:\/\/www.manaus.am.gov.br\/immu\/mobilidade\/sinalizacao-viaria-zonas-manaus\/#primaryimage\"},\"image\":{\"@id\":\"https:\/\/www.manaus.am.gov.br\/immu\/mobilidade\/sinalizacao-viaria-zonas-manaus\/#primaryimage\"},\"thumbnailUrl\":\"https:\/\/www.manaus.am.gov.br\/immu\/wp-content\/uploads\/sites\/14\/2025\/07\/Sinalizacao-5.jpeg\",\"datePublished\":\"2025-07-08T18:27:43+00:00\",\"dateModified\":\"2025-07-08T18:29:04+00:00\",\"author\":{\"@id\":\"https:\/\/www.manaus.am.gov.br\/immu\/#\/schema\/person\/05d223aea2bf115f9883a6ff3683d81b\"},\"description\":\"Prefeitura refor\u00e7a sinaliza\u00e7\u00e3o vi\u00e1ria em diversas zonas de Manaus para melhorar seguran\u00e7a e ordenamento do tr\u00e2nsito.\",\"breadcrumb\":{\"@id\":\"https:\/\/www.manaus.am.gov.br\/immu\/mobilidade\/sinalizacao-viaria-zonas-manaus\/#breadcrumb\"},\"inLanguage\":\"pt-BR\",\"potentialAction\":[{\"@type\":\"ReadAction\",\"target\":[\"https:\/\/www.manaus.am.gov.br\/immu\/mobilidade\/sinalizacao-viaria-zonas-manaus\/\"]}]},{\"@type\":\"ImageObject\",\"inLanguage\":\"pt-BR\",\"@id\":\"https:\/\/www.manaus.am.gov.br\/immu\/mobilidade\/sinalizacao-viaria-zonas-manaus\/#primaryimage\",\"url\":\"https:\/\/www.manaus.am.gov.br\/immu\/wp-content\/uploads\/sites\/14\/2025\/07\/Sinalizacao-5.jpeg\",\"contentUrl\":\"https:\/\/www.manaus.am.gov.br\/immu\/wp-content\/uploads\/sites\/14\/2025\/07\/Sinalizacao-5.jpeg\",\"width\":1600,\"height\":1200,\"caption\":\"#paratodosverem - Equipe do IMMU executando a pintura da sinaliza\u00e7\u00e3o da faixa de pedestre em via de Manaus\"},{\"@type\":\"BreadcrumbList\",\"@id\":\"https:\/\/www.manaus.am.gov.br\/immu\/mobilidade\/sinalizacao-viaria-zonas-manaus\/#breadcrumb\",\"itemListElement\":[{\"@type\":\"ListItem\",\"position\":1,\"name\":\"Home\",\"item\":\"https:\/\/www.manaus.am.gov.br\/immu\/\"},{\"@type\":\"ListItem\",\"position\":2,\"name\":\"Prefeitura refor\u00e7a sinaliza\u00e7\u00e3o vi\u00e1ria em diversas zonas de Manaus para melhorar seguran\u00e7a e ordenamento do tr\u00e2nsito\"}]},{\"@type\":\"WebSite\",\"@id\":\"https:\/\/www.manaus.am.gov.br\/immu\/#website\",\"url\":\"https:\/\/www.manaus.am.gov.br\/immu\/\",\"name\":\"IMMU\",\"description\":\"Prefeitura de Manaus\",\"potentialAction\":[{\"@type\":\"SearchAction\",\"target\":{\"@type\":\"EntryPoint\",\"urlTemplate\":\"https:\/\/www.manaus.am.gov.br\/immu\/?s={search_term_string}\"},\"query-input\":\"required name=search_term_string\"}],\"inLanguage\":\"pt-BR\"},{\"@type\":\"Person\",\"@id\":\"https:\/\/www.manaus.am.gov.br\/immu\/#\/schema\/person\/05d223aea2bf115f9883a6ff3683d81b\",\"name\":\"Bruna Greco\",\"image\":{\"@type\":\"ImageObject\",\"inLanguage\":\"pt-BR\",\"@id\":\"https:\/\/www.manaus.am.gov.br\/immu\/#\/schema\/person\/image\/\",\"url\":\"https:\/\/secure.gravatar.com\/avatar\/9c877d1a6adc2a055330e5c09a8653ce?s=96&d=mm&r=g\",\"contentUrl\":\"https:\/\/secure.gravatar.com\/avatar\/9c877d1a6adc2a055330e5c09a8653ce?s=96&d=mm&r=g\",\"caption\":\"Bruna Greco\"}}]}<\/script>\n<!-- \/ Yoast SEO plugin. -->","yoast_head_json":{"title":"Prefeitura refor\u00e7a sinaliza\u00e7\u00e3o vi\u00e1ria em diversas zonas de Manaus","description":"Prefeitura refor\u00e7a sinaliza\u00e7\u00e3o vi\u00e1ria em diversas zonas de Manaus para melhorar seguran\u00e7a e ordenamento do tr\u00e2nsito.","robots":{"index":"noindex","follow":"follow"},"og_locale":"pt_BR","og_type":"article","og_title":"Prefeitura refor\u00e7a sinaliza\u00e7\u00e3o vi\u00e1ria em diversas zonas de Manaus","og_description":"Prefeitura refor\u00e7a sinaliza\u00e7\u00e3o vi\u00e1ria em diversas zonas de Manaus para melhorar seguran\u00e7a e ordenamento do tr\u00e2nsito.","og_url":"https:\/\/www.manaus.am.gov.br\/immu\/mobilidade\/sinalizacao-viaria-zonas-manaus\/","og_site_name":"IMMU","article_published_time":"2025-07-08T18:27:43+00:00","article_modified_time":"2025-07-08T18:29:04+00:00","og_image":[{"width":1600,"height":1200,"url":"https:\/\/www.manaus.am.gov.br\/immu\/wp-content\/uploads\/sites\/14\/2025\/07\/Sinalizacao-5.jpeg","type":"image\/jpeg"}],"author":"Bruna Greco","twitter_card":"summary_large_image","twitter_misc":{"Written by":"Bruna Greco","Est. reading time":"4 minutos"},"schema":{"@context":"https:\/\/schema.org","@graph":[{"@type":"WebPage","@id":"https:\/\/www.manaus.am.gov.br\/immu\/mobilidade\/sinalizacao-viaria-zonas-manaus\/","url":"https:\/\/www.manaus.am.gov.br\/immu\/mobilidade\/sinalizacao-viaria-zonas-manaus\/","name":"Prefeitura refor\u00e7a sinaliza\u00e7\u00e3o vi\u00e1ria em diversas zonas de Manaus","isPartOf":{"@id":"https:\/\/www.manaus.am.gov.br\/immu\/#website"},"primaryImageOfPage":{"@id":"https:\/\/www.manaus.am.gov.br\/immu\/mobilidade\/sinalizacao-viaria-zonas-manaus\/#primaryimage"},"image":{"@id":"https:\/\/www.manaus.am.gov.br\/immu\/mobilidade\/sinalizacao-viaria-zonas-manaus\/#primaryimage"},"thumbnailUrl":"https:\/\/www.manaus.am.gov.br\/immu\/wp-content\/uploads\/sites\/14\/2025\/07\/Sinalizacao-5.jpeg","datePublished":"2025-07-08T18:27:43+00:00","dateModified":"2025-07-08T18:29:04+00:00","author":{"@id":"https:\/\/www.manaus.am.gov.br\/immu\/#\/schema\/person\/05d223aea2bf115f9883a6ff3683d81b"},"description":"Prefeitura refor\u00e7a sinaliza\u00e7\u00e3o vi\u00e1ria em diversas zonas de Manaus para melhorar seguran\u00e7a e ordenamento do tr\u00e2nsito.","breadcrumb":{"@id":"https:\/\/www.manaus.am.gov.br\/immu\/mobilidade\/sinalizacao-viaria-zonas-manaus\/#breadcrumb"},"inLanguage":"pt-BR","potentialAction":[{"@type":"ReadAction","target":["https:\/\/www.manaus.am.gov.br\/immu\/mobilidade\/sinalizacao-viaria-zonas-manaus\/"]}]},{"@type":"ImageObject","inLanguage":"pt-BR","@id":"https:\/\/www.manaus.am.gov.br\/immu\/mobilidade\/sinalizacao-viaria-zonas-manaus\/#primaryimage","url":"https:\/\/www.manaus.am.gov.br\/immu\/wp-content\/uploads\/sites\/14\/2025\/07\/Sinalizacao-5.jpeg","contentUrl":"https:\/\/www.manaus.am.gov.br\/immu\/wp-content\/uploads\/sites\/14\/2025\/07\/Sinalizacao-5.jpeg","width":1600,"height":1200,"caption":"#paratodosverem - Equipe do IMMU executando a pintura da sinaliza\u00e7\u00e3o da faixa de pedestre em via de Manaus"},{"@type":"BreadcrumbList","@id":"https:\/\/www.manaus.am.gov.br\/immu\/mobilidade\/sinalizacao-viaria-zonas-manaus\/#breadcrumb","itemListElement":[{"@type":"ListItem","position":1,"name":"Home","item":"https:\/\/www.manaus.am.gov.br\/immu\/"},{"@type":"ListItem","position":2,"name":"Prefeitura refor\u00e7a sinaliza\u00e7\u00e3o vi\u00e1ria em diversas zonas de Manaus para melhorar seguran\u00e7a e ordenamento do tr\u00e2nsito"}]},{"@type":"WebSite","@id":"https:\/\/www.manaus.am.gov.br\/immu\/#website","url":"https:\/\/www.manaus.am.gov.br\/immu\/","name":"IMMU","description":"Prefeitura de Manaus","potentialAction":[{"@type":"SearchAction","target":{"@type":"EntryPoint","urlTemplate":"https:\/\/www.manaus.am.gov.br\/immu\/?s={search_term_string}"},"query-input":"required name=search_term_string"}],"inLanguage":"pt-BR"},{"@type":"Person","@id":"https:\/\/www.manaus.am.gov.br\/immu\/#\/schema\/person\/05d223aea2bf115f9883a6ff3683d81b","name":"Bruna Greco","image":{"@type":"ImageObject","inLanguage":"pt-BR","@id":"https:\/\/www.manaus.am.gov.br\/immu\/#\/schema\/person\/image\/","url":"https:\/\/secure.gravatar.com\/avatar\/9c877d1a6adc2a055330e5c09a8653ce?s=96&d=mm&r=g","contentUrl":"https:\/\/secure.gravatar.com\/avatar\/9c877d1a6adc2a055330e5c09a8653ce?s=96&d=mm&r=g","caption":"Bruna Greco"}}]}},"_links":{"self":[{"href":"https:\/\/www.manaus.am.gov.br\/immu\/wp-json\/wp\/v2\/posts\/4021"}],"collection":[{"href":"https:\/\/www.manaus.am.gov.br\/immu\/wp-json\/wp\/v2\/posts"}],"about":[{"href":"https:\/\/www.manaus.am.gov.br\/immu\/wp-json\/wp\/v2\/types\/post"}],"author":[{"embeddable":true,"href":"https:\/\/www.manaus.am.gov.br\/immu\/wp-json\/wp\/v2\/users\/39"}],"replies":[{"embeddable":true,"href":"https:\/\/www.manaus.am.gov.br\/immu\/wp-json\/wp\/v2\/comments?post=4021"}],"version-history":[{"count":8,"href":"https:\/\/www.manaus.am.gov.br\/immu\/wp-json\/wp\/v2\/posts\/4021\/revisions"}],"predecessor-version":[{"id":4031,"href":"https:\/\/www.manaus.am.gov.br\/immu\/wp-json\/wp\/v2\/posts\/4021\/revisions\/4031"}],"wp:featuredmedia":[{"embeddable":true,"href":"https:\/\/www.manaus.am.gov.br\/immu\/wp-json\/wp\/v2\/media\/4022"}],"wp:attachment":[{"href":"https:\/\/www.manaus.am.gov.br\/immu\/wp-json\/wp\/v2\/media?parent=4021"}],"wp:term":[{"taxonomy":"category","embeddable":true,"href":"https:\/\/www.manaus.am.gov.br\/immu\/wp-json\/wp\/v2\/categories?post=4021"},{"taxonomy":"post_tag","embeddable":true,"href":"https:\/\/www.manaus.am.gov.br\/immu\/wp-json\/wp\/v2\/tags?post=4021"}],"curies":[{"name":"wp","href":"https:\/\/api.w.org\/{rel}","templated":true}]}}