{"id":4016,"date":"2025-07-04T14:23:09","date_gmt":"2025-07-04T18:23:09","guid":{"rendered":"https:\/\/www.manaus.am.gov.br\/immu\/sem-categoria\/nota-rede-de-gas-obra\/"},"modified":"2025-07-04T14:23:10","modified_gmt":"2025-07-04T18:23:10","slug":"nota-rede-de-gas-obra","status":"publish","type":"post","link":"https:\/\/www.manaus.am.gov.br\/immu\/transito\/nota-rede-de-gas-obra\/","title":{"rendered":"NOTA &#8211; Prefeitura de Manaus dar\u00e1 apoio a obra de rede de g\u00e1s com monitoramento de tr\u00e2nsito e transporte na zona Leste"},"content":{"rendered":"\n<p>A <a href=\"https:\/\/www.instagram.com\/prefeiturademanaus\/\">Prefeitura de Manaus<\/a>, por meio do <a href=\"https:\/\/www.manaus.am.gov.br\/immu\/\">Instituto Municipal de Mobilidade Urbana (IMMU)<\/a>, ir\u00e1 prestar apoio e realizar o monitoramento do tr\u00e2nsito e do transporte p\u00fablico durante a obra de implanta\u00e7\u00e3o de 9.250 metros de rede de g\u00e1s natural na zona Leste da cidade. A interven\u00e7\u00e3o ocorrer\u00e1 a partir do dia 7\/7, com interdi\u00e7\u00e3o parcial e integral (dia e noite) da avenida Autaz Mirim, no sentido S\u00e3o Jos\u00e9\/Cidade de Deus, entre a avenida Cosme Ferreira e a avenida Ita\u00faba, zona Leste, e tem previs\u00e3o de conclus\u00e3o para 15 de novembro.<\/p>\n\n\n\n<p>A obra \u00e9 da Companhia de G\u00e1s do Amazonas (Cig\u00e1s), executada por meio do Cons\u00f3rcio G\u00e1s Manaus (CGM) e pela Construtora ETAM. O servi\u00e7o utilizar\u00e1 m\u00e9todos destrutivos e n\u00e3o destrutivos, como o furo direcional, para interligar as redes dos bairros Aparecida e Mau\u00e1.<\/p>\n\n\n\n<p>O IMMU acompanhar\u00e1 todas as etapas e poder\u00e1 suspender as atividades caso haja necessidade de servi\u00e7os operacionais emergenciais. Ao t\u00e9rmino da interven\u00e7\u00e3o, a empresa ser\u00e1 respons\u00e1vel por recompor o pavimento e revitalizar a sinaliza\u00e7\u00e3o vi\u00e1ria. A popula\u00e7\u00e3o pode tirar d\u00favidas pelo Disk Tr\u00e2nsito: 0800 092 1188.<\/p>\n\n\n\n<p>&#8212; &#8212; &#8212;<\/p>\n\n\n\n<p><strong>Texto \u2013<\/strong> Divulga\u00e7\u00e3o \/ IMMU<\/p>\n","protected":false},"excerpt":{"rendered":"","protected":false},"author":57,"featured_media":3144,"comment_status":"closed","ping_status":"closed","sticky":false,"template":"","format":"standard","meta":{"footnotes":""},"categories":[46],"tags":[2058,6,8,2059],"acf":[],"yoast_head":"<!-- This site is optimized with the Yoast SEO plugin v23.0 - https:\/\/yoast.com\/wordpress\/plugins\/seo\/ -->\n<title>NOTA - PMM dar\u00e1 apoio a obra de rede de g\u00e1s<\/title>\n<meta name=\"description\" content=\"A PMM ir\u00e1 prestar apoio e realizar o monitoramento do tr\u00e2nsito e do transporte p\u00fablico durante a obra de implanta\u00e7\u00e3o de rede de g\u00e1s.\" \/>\n<meta name=\"robots\" content=\"noindex, follow\" \/>\n<meta property=\"og:locale\" content=\"pt_BR\" \/>\n<meta property=\"og:type\" content=\"article\" \/>\n<meta property=\"og:title\" content=\"NOTA - PMM dar\u00e1 apoio a obra de rede de g\u00e1s\" \/>\n<meta property=\"og:description\" content=\"A PMM ir\u00e1 prestar apoio e realizar o monitoramento do tr\u00e2nsito e do transporte p\u00fablico durante a obra de implanta\u00e7\u00e3o de rede de g\u00e1s.\" \/>\n<meta property=\"og:url\" content=\"https:\/\/www.manaus.am.gov.br\/immu\/transito\/nota-rede-de-gas-obra\/\" \/>\n<meta property=\"og:site_name\" content=\"IMMU\" \/>\n<meta property=\"article:published_time\" content=\"2025-07-04T18:23:09+00:00\" \/>\n<meta property=\"article:modified_time\" content=\"2025-07-04T18:23:10+00:00\" \/>\n<meta property=\"og:image\" content=\"https:\/\/www.manaus.am.gov.br\/immu\/wp-content\/uploads\/sites\/14\/2025\/02\/BANNER-NOTA-4.png\" \/>\n\t<meta property=\"og:image:width\" content=\"900\" \/>\n\t<meta property=\"og:image:height\" content=\"509\" \/>\n\t<meta property=\"og:image:type\" content=\"image\/png\" \/>\n<meta name=\"author\" content=\"Thiago Fernando\" \/>\n<meta name=\"twitter:card\" content=\"summary_large_image\" \/>\n<meta name=\"twitter:label1\" content=\"Written by\" \/>\n\t<meta name=\"twitter:data1\" content=\"Thiago Fernando\" \/>\n\t<meta name=\"twitter:label2\" content=\"Est. reading time\" \/>\n\t<meta name=\"twitter:data2\" content=\"2 minutos\" \/>\n<script type=\"application\/ld+json\" class=\"yoast-schema-graph\">{\"@context\":\"https:\/\/schema.org\",\"@graph\":[{\"@type\":\"WebPage\",\"@id\":\"https:\/\/www.manaus.am.gov.br\/immu\/transito\/nota-rede-de-gas-obra\/\",\"url\":\"https:\/\/www.manaus.am.gov.br\/immu\/transito\/nota-rede-de-gas-obra\/\",\"name\":\"NOTA - PMM dar\u00e1 apoio a obra de rede de g\u00e1s\",\"isPartOf\":{\"@id\":\"https:\/\/www.manaus.am.gov.br\/immu\/#website\"},\"primaryImageOfPage\":{\"@id\":\"https:\/\/www.manaus.am.gov.br\/immu\/transito\/nota-rede-de-gas-obra\/#primaryimage\"},\"image\":{\"@id\":\"https:\/\/www.manaus.am.gov.br\/immu\/transito\/nota-rede-de-gas-obra\/#primaryimage\"},\"thumbnailUrl\":\"https:\/\/www.manaus.am.gov.br\/immu\/wp-content\/uploads\/sites\/14\/2025\/02\/BANNER-NOTA-4.png\",\"datePublished\":\"2025-07-04T18:23:09+00:00\",\"dateModified\":\"2025-07-04T18:23:10+00:00\",\"author\":{\"@id\":\"https:\/\/www.manaus.am.gov.br\/immu\/#\/schema\/person\/a5ee5376db6e21af026374b369f30882\"},\"description\":\"A PMM ir\u00e1 prestar apoio e realizar o monitoramento do tr\u00e2nsito e do transporte p\u00fablico durante a obra de implanta\u00e7\u00e3o de rede de g\u00e1s.\",\"breadcrumb\":{\"@id\":\"https:\/\/www.manaus.am.gov.br\/immu\/transito\/nota-rede-de-gas-obra\/#breadcrumb\"},\"inLanguage\":\"pt-BR\",\"potentialAction\":[{\"@type\":\"ReadAction\",\"target\":[\"https:\/\/www.manaus.am.gov.br\/immu\/transito\/nota-rede-de-gas-obra\/\"]}]},{\"@type\":\"ImageObject\",\"inLanguage\":\"pt-BR\",\"@id\":\"https:\/\/www.manaus.am.gov.br\/immu\/transito\/nota-rede-de-gas-obra\/#primaryimage\",\"url\":\"https:\/\/www.manaus.am.gov.br\/immu\/wp-content\/uploads\/sites\/14\/2025\/02\/BANNER-NOTA-4.png\",\"contentUrl\":\"https:\/\/www.manaus.am.gov.br\/immu\/wp-content\/uploads\/sites\/14\/2025\/02\/BANNER-NOTA-4.png\",\"width\":900,\"height\":509,\"caption\":\"opera\u00e7\u00e3o \u201cSem Sabor\u201d\"},{\"@type\":\"BreadcrumbList\",\"@id\":\"https:\/\/www.manaus.am.gov.br\/immu\/transito\/nota-rede-de-gas-obra\/#breadcrumb\",\"itemListElement\":[{\"@type\":\"ListItem\",\"position\":1,\"name\":\"Home\",\"item\":\"https:\/\/www.manaus.am.gov.br\/immu\/\"},{\"@type\":\"ListItem\",\"position\":2,\"name\":\"NOTA &#8211; Prefeitura de Manaus dar\u00e1 apoio a obra de rede de g\u00e1s com monitoramento de tr\u00e2nsito e transporte na zona Leste\"}]},{\"@type\":\"WebSite\",\"@id\":\"https:\/\/www.manaus.am.gov.br\/immu\/#website\",\"url\":\"https:\/\/www.manaus.am.gov.br\/immu\/\",\"name\":\"IMMU\",\"description\":\"Prefeitura de Manaus\",\"potentialAction\":[{\"@type\":\"SearchAction\",\"target\":{\"@type\":\"EntryPoint\",\"urlTemplate\":\"https:\/\/www.manaus.am.gov.br\/immu\/?s={search_term_string}\"},\"query-input\":\"required name=search_term_string\"}],\"inLanguage\":\"pt-BR\"},{\"@type\":\"Person\",\"@id\":\"https:\/\/www.manaus.am.gov.br\/immu\/#\/schema\/person\/a5ee5376db6e21af026374b369f30882\",\"name\":\"Thiago Fernando\",\"image\":{\"@type\":\"ImageObject\",\"inLanguage\":\"pt-BR\",\"@id\":\"https:\/\/www.manaus.am.gov.br\/immu\/#\/schema\/person\/image\/\",\"url\":\"https:\/\/secure.gravatar.com\/avatar\/f5aab8722444041451501c077052ac07?s=96&d=mm&r=g\",\"contentUrl\":\"https:\/\/secure.gravatar.com\/avatar\/f5aab8722444041451501c077052ac07?s=96&d=mm&r=g\",\"caption\":\"Thiago Fernando\"}}]}<\/script>\n<!-- \/ Yoast SEO plugin. -->","yoast_head_json":{"title":"NOTA - PMM dar\u00e1 apoio a obra de rede de g\u00e1s","description":"A PMM ir\u00e1 prestar apoio e realizar o monitoramento do tr\u00e2nsito e do transporte p\u00fablico durante a obra de implanta\u00e7\u00e3o de rede de g\u00e1s.","robots":{"index":"noindex","follow":"follow"},"og_locale":"pt_BR","og_type":"article","og_title":"NOTA - PMM dar\u00e1 apoio a obra de rede de g\u00e1s","og_description":"A PMM ir\u00e1 prestar apoio e realizar o monitoramento do tr\u00e2nsito e do transporte p\u00fablico durante a obra de implanta\u00e7\u00e3o de rede de g\u00e1s.","og_url":"https:\/\/www.manaus.am.gov.br\/immu\/transito\/nota-rede-de-gas-obra\/","og_site_name":"IMMU","article_published_time":"2025-07-04T18:23:09+00:00","article_modified_time":"2025-07-04T18:23:10+00:00","og_image":[{"width":900,"height":509,"url":"https:\/\/www.manaus.am.gov.br\/immu\/wp-content\/uploads\/sites\/14\/2025\/02\/BANNER-NOTA-4.png","type":"image\/png"}],"author":"Thiago Fernando","twitter_card":"summary_large_image","twitter_misc":{"Written by":"Thiago Fernando","Est. reading time":"2 minutos"},"schema":{"@context":"https:\/\/schema.org","@graph":[{"@type":"WebPage","@id":"https:\/\/www.manaus.am.gov.br\/immu\/transito\/nota-rede-de-gas-obra\/","url":"https:\/\/www.manaus.am.gov.br\/immu\/transito\/nota-rede-de-gas-obra\/","name":"NOTA - PMM dar\u00e1 apoio a obra de rede de g\u00e1s","isPartOf":{"@id":"https:\/\/www.manaus.am.gov.br\/immu\/#website"},"primaryImageOfPage":{"@id":"https:\/\/www.manaus.am.gov.br\/immu\/transito\/nota-rede-de-gas-obra\/#primaryimage"},"image":{"@id":"https:\/\/www.manaus.am.gov.br\/immu\/transito\/nota-rede-de-gas-obra\/#primaryimage"},"thumbnailUrl":"https:\/\/www.manaus.am.gov.br\/immu\/wp-content\/uploads\/sites\/14\/2025\/02\/BANNER-NOTA-4.png","datePublished":"2025-07-04T18:23:09+00:00","dateModified":"2025-07-04T18:23:10+00:00","author":{"@id":"https:\/\/www.manaus.am.gov.br\/immu\/#\/schema\/person\/a5ee5376db6e21af026374b369f30882"},"description":"A PMM ir\u00e1 prestar apoio e realizar o monitoramento do tr\u00e2nsito e do transporte p\u00fablico durante a obra de implanta\u00e7\u00e3o de rede de g\u00e1s.","breadcrumb":{"@id":"https:\/\/www.manaus.am.gov.br\/immu\/transito\/nota-rede-de-gas-obra\/#breadcrumb"},"inLanguage":"pt-BR","potentialAction":[{"@type":"ReadAction","target":["https:\/\/www.manaus.am.gov.br\/immu\/transito\/nota-rede-de-gas-obra\/"]}]},{"@type":"ImageObject","inLanguage":"pt-BR","@id":"https:\/\/www.manaus.am.gov.br\/immu\/transito\/nota-rede-de-gas-obra\/#primaryimage","url":"https:\/\/www.manaus.am.gov.br\/immu\/wp-content\/uploads\/sites\/14\/2025\/02\/BANNER-NOTA-4.png","contentUrl":"https:\/\/www.manaus.am.gov.br\/immu\/wp-content\/uploads\/sites\/14\/2025\/02\/BANNER-NOTA-4.png","width":900,"height":509,"caption":"opera\u00e7\u00e3o \u201cSem Sabor\u201d"},{"@type":"BreadcrumbList","@id":"https:\/\/www.manaus.am.gov.br\/immu\/transito\/nota-rede-de-gas-obra\/#breadcrumb","itemListElement":[{"@type":"ListItem","position":1,"name":"Home","item":"https:\/\/www.manaus.am.gov.br\/immu\/"},{"@type":"ListItem","position":2,"name":"NOTA &#8211; Prefeitura de Manaus dar\u00e1 apoio a obra de rede de g\u00e1s com monitoramento de tr\u00e2nsito e transporte na zona Leste"}]},{"@type":"WebSite","@id":"https:\/\/www.manaus.am.gov.br\/immu\/#website","url":"https:\/\/www.manaus.am.gov.br\/immu\/","name":"IMMU","description":"Prefeitura de Manaus","potentialAction":[{"@type":"SearchAction","target":{"@type":"EntryPoint","urlTemplate":"https:\/\/www.manaus.am.gov.br\/immu\/?s={search_term_string}"},"query-input":"required name=search_term_string"}],"inLanguage":"pt-BR"},{"@type":"Person","@id":"https:\/\/www.manaus.am.gov.br\/immu\/#\/schema\/person\/a5ee5376db6e21af026374b369f30882","name":"Thiago Fernando","image":{"@type":"ImageObject","inLanguage":"pt-BR","@id":"https:\/\/www.manaus.am.gov.br\/immu\/#\/schema\/person\/image\/","url":"https:\/\/secure.gravatar.com\/avatar\/f5aab8722444041451501c077052ac07?s=96&d=mm&r=g","contentUrl":"https:\/\/secure.gravatar.com\/avatar\/f5aab8722444041451501c077052ac07?s=96&d=mm&r=g","caption":"Thiago Fernando"}}]}},"_links":{"self":[{"href":"https:\/\/www.manaus.am.gov.br\/immu\/wp-json\/wp\/v2\/posts\/4016"}],"collection":[{"href":"https:\/\/www.manaus.am.gov.br\/immu\/wp-json\/wp\/v2\/posts"}],"about":[{"href":"https:\/\/www.manaus.am.gov.br\/immu\/wp-json\/wp\/v2\/types\/post"}],"author":[{"embeddable":true,"href":"https:\/\/www.manaus.am.gov.br\/immu\/wp-json\/wp\/v2\/users\/57"}],"replies":[{"embeddable":true,"href":"https:\/\/www.manaus.am.gov.br\/immu\/wp-json\/wp\/v2\/comments?post=4016"}],"version-history":[{"count":0,"href":"https:\/\/www.manaus.am.gov.br\/immu\/wp-json\/wp\/v2\/posts\/4016\/revisions"}],"wp:featuredmedia":[{"embeddable":true,"href":"https:\/\/www.manaus.am.gov.br\/immu\/wp-json\/wp\/v2\/media\/3144"}],"wp:attachment":[{"href":"https:\/\/www.manaus.am.gov.br\/immu\/wp-json\/wp\/v2\/media?parent=4016"}],"wp:term":[{"taxonomy":"category","embeddable":true,"href":"https:\/\/www.manaus.am.gov.br\/immu\/wp-json\/wp\/v2\/categories?post=4016"},{"taxonomy":"post_tag","embeddable":true,"href":"https:\/\/www.manaus.am.gov.br\/immu\/wp-json\/wp\/v2\/tags?post=4016"}],"curies":[{"name":"wp","href":"https:\/\/api.w.org\/{rel}","templated":true}]}}