{"id":4011,"date":"2025-07-04T13:03:55","date_gmt":"2025-07-04T17:03:55","guid":{"rendered":"https:\/\/www.manaus.am.gov.br\/immu\/sem-categoria\/operacao-transporte-clandestino-zona-leste\/"},"modified":"2025-07-04T13:03:55","modified_gmt":"2025-07-04T17:03:55","slug":"operacao-transporte-clandestino-zona-leste","status":"publish","type":"post","link":"https:\/\/www.manaus.am.gov.br\/immu\/acao\/operacao-transporte-clandestino-zona-leste\/","title":{"rendered":"Prefeitura intensifica fiscaliza\u00e7\u00e3o e apreende sete vans em opera\u00e7\u00e3o contra\u00a0transporte\u00a0clandestino na zona Leste\u00a0"},"content":{"rendered":"\n<p>A Prefeitura de Manaus, por meio do Instituto Municipal de Mobilidade Urbana (IMMU), realizou, na manh\u00e3 desta sexta-feira, 4\/7, mais uma edi\u00e7\u00e3o da opera\u00e7\u00e3o \u201cTransporte Legal\u201d, desta vez na avenida Cosme Ferreira, no bairro Zumbi, zona Leste da capital. A a\u00e7\u00e3o resultou na apreens\u00e3o de sete vans que realizavam transporte clandestino de passageiros, todas por n\u00e3o possu\u00edrem autoriza\u00e7\u00e3o do \u00f3rg\u00e3o gestor para operar por fretamento.<\/p>\n\n\n\n<p>Durante a fiscaliza\u00e7\u00e3o, as equipes do IMMU tamb\u00e9m fiscalizaram a verifica\u00e7\u00e3o da situa\u00e7\u00e3o dos ve\u00edculos e condutores, com a consulta de informa\u00e7\u00f5es no sistema do instituto para checar se os motoristas estavam habilitados e com o licenciamento regularizado.<\/p>\n\n\n\n<p>Segundo o chefe de opera\u00e7\u00f5es de transporte do IMMU, Waldir Sousa, as a\u00e7\u00f5es est\u00e3o sendo intensificadas para coibir o transporte irregular na cidade. \u201cA opera\u00e7\u00e3o de hoje teve um saldo importante, com sete apreens\u00f5es de ve\u00edculos irregulares. A \u00fanica altera\u00e7\u00e3o foi que dois ve\u00edculos conseguiram fugir do local da fiscaliza\u00e7\u00e3o, mas j\u00e1 estamos rastreando as placas. Nosso objetivo \u00e9 garantir seguran\u00e7a aos usu\u00e1rios e respeito \u00e0 legisla\u00e7\u00e3o\u201d, destacou.<\/p>\n\n\n\n<p>A prefeitura refor\u00e7a que o transporte clandestino compromete a seguran\u00e7a dos passageiros e prejudica o sistema regular de transporte p\u00fablico. As opera\u00e7\u00f5es seguir\u00e3o ocorrendo de forma cont\u00ednua em todas as zonas da cidade.<\/p>\n\n\n\n<figure class=\"wp-block-image size-large\"><img loading=\"lazy\" decoding=\"async\" width=\"1024\" height=\"957\" src=\"https:\/\/www.manaus.am.gov.br\/immu\/wp-content\/uploads\/sites\/14\/2025\/07\/Operacao-2-1024x957.jpeg\" alt=\"\" class=\"wp-image-4012\" srcset=\"https:\/\/www.manaus.am.gov.br\/immu\/wp-content\/uploads\/sites\/14\/2025\/07\/Operacao-2-1024x957.jpeg 1024w, https:\/\/www.manaus.am.gov.br\/immu\/wp-content\/uploads\/sites\/14\/2025\/07\/Operacao-2-300x280.jpeg 300w, https:\/\/www.manaus.am.gov.br\/immu\/wp-content\/uploads\/sites\/14\/2025\/07\/Operacao-2-768x717.jpeg 768w, https:\/\/www.manaus.am.gov.br\/immu\/wp-content\/uploads\/sites\/14\/2025\/07\/Operacao-2.jpeg 1200w\" sizes=\"(max-width: 1024px) 100vw, 1024px\" \/><\/figure>\n\n\n\n<p>&#8212; &#8212; &#8212;<\/p>\n\n\n\n<p><strong>Texto e fotos \u2013<\/strong>\u00a0Divulga\u00e7\u00e3o\/IMMU<\/p>\n","protected":false},"excerpt":{"rendered":"","protected":false},"author":39,"featured_media":4013,"comment_status":"closed","ping_status":"closed","sticky":false,"template":"","format":"standard","meta":{"footnotes":""},"categories":[10],"tags":[2057,53,6,1867,8,115],"acf":[],"yoast_head":"<!-- This site is optimized with the Yoast SEO plugin v23.0 - https:\/\/yoast.com\/wordpress\/plugins\/seo\/ -->\n<title>Opera\u00e7\u00e3o contra transporte clandestino na zona Leste<\/title>\n<meta name=\"description\" content=\"Prefeitura intensifica fiscaliza\u00e7\u00e3o e apreende sete vans em opera\u00e7\u00e3o contra transporte clandestino na zona Leste.\" \/>\n<meta name=\"robots\" content=\"noindex, follow\" \/>\n<meta property=\"og:locale\" content=\"pt_BR\" \/>\n<meta property=\"og:type\" content=\"article\" \/>\n<meta property=\"og:title\" content=\"Opera\u00e7\u00e3o contra transporte clandestino na zona Leste\" \/>\n<meta property=\"og:description\" content=\"Prefeitura intensifica fiscaliza\u00e7\u00e3o e apreende sete vans em opera\u00e7\u00e3o contra transporte clandestino na zona Leste.\" \/>\n<meta property=\"og:url\" content=\"https:\/\/www.manaus.am.gov.br\/immu\/acao\/operacao-transporte-clandestino-zona-leste\/\" \/>\n<meta property=\"og:site_name\" content=\"IMMU\" \/>\n<meta property=\"article:published_time\" content=\"2025-07-04T17:03:55+00:00\" \/>\n<meta property=\"og:image\" content=\"https:\/\/www.manaus.am.gov.br\/immu\/wp-content\/uploads\/sites\/14\/2025\/07\/1000832845-e1751648428111.jpg\" \/>\n\t<meta property=\"og:image:width\" content=\"1200\" \/>\n\t<meta property=\"og:image:height\" content=\"864\" \/>\n\t<meta property=\"og:image:type\" content=\"image\/jpeg\" \/>\n<meta name=\"author\" content=\"Bruna Greco\" \/>\n<meta name=\"twitter:card\" content=\"summary_large_image\" \/>\n<meta name=\"twitter:label1\" content=\"Written by\" \/>\n\t<meta name=\"twitter:data1\" content=\"Bruna Greco\" \/>\n\t<meta name=\"twitter:label2\" content=\"Est. reading time\" \/>\n\t<meta name=\"twitter:data2\" content=\"2 minutos\" \/>\n<script type=\"application\/ld+json\" class=\"yoast-schema-graph\">{\"@context\":\"https:\/\/schema.org\",\"@graph\":[{\"@type\":\"WebPage\",\"@id\":\"https:\/\/www.manaus.am.gov.br\/immu\/acao\/operacao-transporte-clandestino-zona-leste\/\",\"url\":\"https:\/\/www.manaus.am.gov.br\/immu\/acao\/operacao-transporte-clandestino-zona-leste\/\",\"name\":\"Opera\u00e7\u00e3o contra transporte clandestino na zona Leste\",\"isPartOf\":{\"@id\":\"https:\/\/www.manaus.am.gov.br\/immu\/#website\"},\"primaryImageOfPage\":{\"@id\":\"https:\/\/www.manaus.am.gov.br\/immu\/acao\/operacao-transporte-clandestino-zona-leste\/#primaryimage\"},\"image\":{\"@id\":\"https:\/\/www.manaus.am.gov.br\/immu\/acao\/operacao-transporte-clandestino-zona-leste\/#primaryimage\"},\"thumbnailUrl\":\"https:\/\/www.manaus.am.gov.br\/immu\/wp-content\/uploads\/sites\/14\/2025\/07\/1000832845-e1751648428111.jpg\",\"datePublished\":\"2025-07-04T17:03:55+00:00\",\"dateModified\":\"2025-07-04T17:03:55+00:00\",\"author\":{\"@id\":\"https:\/\/www.manaus.am.gov.br\/immu\/#\/schema\/person\/05d223aea2bf115f9883a6ff3683d81b\"},\"description\":\"Prefeitura intensifica fiscaliza\u00e7\u00e3o e apreende sete vans em opera\u00e7\u00e3o contra transporte clandestino na zona Leste.\",\"breadcrumb\":{\"@id\":\"https:\/\/www.manaus.am.gov.br\/immu\/acao\/operacao-transporte-clandestino-zona-leste\/#breadcrumb\"},\"inLanguage\":\"pt-BR\",\"potentialAction\":[{\"@type\":\"ReadAction\",\"target\":[\"https:\/\/www.manaus.am.gov.br\/immu\/acao\/operacao-transporte-clandestino-zona-leste\/\"]}]},{\"@type\":\"ImageObject\",\"inLanguage\":\"pt-BR\",\"@id\":\"https:\/\/www.manaus.am.gov.br\/immu\/acao\/operacao-transporte-clandestino-zona-leste\/#primaryimage\",\"url\":\"https:\/\/www.manaus.am.gov.br\/immu\/wp-content\/uploads\/sites\/14\/2025\/07\/1000832845-e1751648428111.jpg\",\"contentUrl\":\"https:\/\/www.manaus.am.gov.br\/immu\/wp-content\/uploads\/sites\/14\/2025\/07\/1000832845-e1751648428111.jpg\",\"width\":1200,\"height\":864,\"caption\":\"#paratodosverem - Agentes de tr\u00e2nsito do IMMU fiscalizando vans durante a opera\u00e7\u00e3o \\\"Transporte Legal\\\"\"},{\"@type\":\"BreadcrumbList\",\"@id\":\"https:\/\/www.manaus.am.gov.br\/immu\/acao\/operacao-transporte-clandestino-zona-leste\/#breadcrumb\",\"itemListElement\":[{\"@type\":\"ListItem\",\"position\":1,\"name\":\"Home\",\"item\":\"https:\/\/www.manaus.am.gov.br\/immu\/\"},{\"@type\":\"ListItem\",\"position\":2,\"name\":\"Prefeitura intensifica fiscaliza\u00e7\u00e3o e apreende sete vans em opera\u00e7\u00e3o contra\u00a0transporte\u00a0clandestino na zona Leste\u00a0\"}]},{\"@type\":\"WebSite\",\"@id\":\"https:\/\/www.manaus.am.gov.br\/immu\/#website\",\"url\":\"https:\/\/www.manaus.am.gov.br\/immu\/\",\"name\":\"IMMU\",\"description\":\"Prefeitura de Manaus\",\"potentialAction\":[{\"@type\":\"SearchAction\",\"target\":{\"@type\":\"EntryPoint\",\"urlTemplate\":\"https:\/\/www.manaus.am.gov.br\/immu\/?s={search_term_string}\"},\"query-input\":\"required name=search_term_string\"}],\"inLanguage\":\"pt-BR\"},{\"@type\":\"Person\",\"@id\":\"https:\/\/www.manaus.am.gov.br\/immu\/#\/schema\/person\/05d223aea2bf115f9883a6ff3683d81b\",\"name\":\"Bruna Greco\",\"image\":{\"@type\":\"ImageObject\",\"inLanguage\":\"pt-BR\",\"@id\":\"https:\/\/www.manaus.am.gov.br\/immu\/#\/schema\/person\/image\/\",\"url\":\"https:\/\/secure.gravatar.com\/avatar\/9c877d1a6adc2a055330e5c09a8653ce?s=96&d=mm&r=g\",\"contentUrl\":\"https:\/\/secure.gravatar.com\/avatar\/9c877d1a6adc2a055330e5c09a8653ce?s=96&d=mm&r=g\",\"caption\":\"Bruna Greco\"}}]}<\/script>\n<!-- \/ Yoast SEO plugin. -->","yoast_head_json":{"title":"Opera\u00e7\u00e3o contra transporte clandestino na zona Leste","description":"Prefeitura intensifica fiscaliza\u00e7\u00e3o e apreende sete vans em opera\u00e7\u00e3o contra transporte clandestino na zona Leste.","robots":{"index":"noindex","follow":"follow"},"og_locale":"pt_BR","og_type":"article","og_title":"Opera\u00e7\u00e3o contra transporte clandestino na zona Leste","og_description":"Prefeitura intensifica fiscaliza\u00e7\u00e3o e apreende sete vans em opera\u00e7\u00e3o contra transporte clandestino na zona Leste.","og_url":"https:\/\/www.manaus.am.gov.br\/immu\/acao\/operacao-transporte-clandestino-zona-leste\/","og_site_name":"IMMU","article_published_time":"2025-07-04T17:03:55+00:00","og_image":[{"width":1200,"height":864,"url":"https:\/\/www.manaus.am.gov.br\/immu\/wp-content\/uploads\/sites\/14\/2025\/07\/1000832845-e1751648428111.jpg","type":"image\/jpeg"}],"author":"Bruna Greco","twitter_card":"summary_large_image","twitter_misc":{"Written by":"Bruna Greco","Est. reading time":"2 minutos"},"schema":{"@context":"https:\/\/schema.org","@graph":[{"@type":"WebPage","@id":"https:\/\/www.manaus.am.gov.br\/immu\/acao\/operacao-transporte-clandestino-zona-leste\/","url":"https:\/\/www.manaus.am.gov.br\/immu\/acao\/operacao-transporte-clandestino-zona-leste\/","name":"Opera\u00e7\u00e3o contra transporte clandestino na zona Leste","isPartOf":{"@id":"https:\/\/www.manaus.am.gov.br\/immu\/#website"},"primaryImageOfPage":{"@id":"https:\/\/www.manaus.am.gov.br\/immu\/acao\/operacao-transporte-clandestino-zona-leste\/#primaryimage"},"image":{"@id":"https:\/\/www.manaus.am.gov.br\/immu\/acao\/operacao-transporte-clandestino-zona-leste\/#primaryimage"},"thumbnailUrl":"https:\/\/www.manaus.am.gov.br\/immu\/wp-content\/uploads\/sites\/14\/2025\/07\/1000832845-e1751648428111.jpg","datePublished":"2025-07-04T17:03:55+00:00","dateModified":"2025-07-04T17:03:55+00:00","author":{"@id":"https:\/\/www.manaus.am.gov.br\/immu\/#\/schema\/person\/05d223aea2bf115f9883a6ff3683d81b"},"description":"Prefeitura intensifica fiscaliza\u00e7\u00e3o e apreende sete vans em opera\u00e7\u00e3o contra transporte clandestino na zona Leste.","breadcrumb":{"@id":"https:\/\/www.manaus.am.gov.br\/immu\/acao\/operacao-transporte-clandestino-zona-leste\/#breadcrumb"},"inLanguage":"pt-BR","potentialAction":[{"@type":"ReadAction","target":["https:\/\/www.manaus.am.gov.br\/immu\/acao\/operacao-transporte-clandestino-zona-leste\/"]}]},{"@type":"ImageObject","inLanguage":"pt-BR","@id":"https:\/\/www.manaus.am.gov.br\/immu\/acao\/operacao-transporte-clandestino-zona-leste\/#primaryimage","url":"https:\/\/www.manaus.am.gov.br\/immu\/wp-content\/uploads\/sites\/14\/2025\/07\/1000832845-e1751648428111.jpg","contentUrl":"https:\/\/www.manaus.am.gov.br\/immu\/wp-content\/uploads\/sites\/14\/2025\/07\/1000832845-e1751648428111.jpg","width":1200,"height":864,"caption":"#paratodosverem - Agentes de tr\u00e2nsito do IMMU fiscalizando vans durante a opera\u00e7\u00e3o \"Transporte Legal\""},{"@type":"BreadcrumbList","@id":"https:\/\/www.manaus.am.gov.br\/immu\/acao\/operacao-transporte-clandestino-zona-leste\/#breadcrumb","itemListElement":[{"@type":"ListItem","position":1,"name":"Home","item":"https:\/\/www.manaus.am.gov.br\/immu\/"},{"@type":"ListItem","position":2,"name":"Prefeitura intensifica fiscaliza\u00e7\u00e3o e apreende sete vans em opera\u00e7\u00e3o contra\u00a0transporte\u00a0clandestino na zona Leste\u00a0"}]},{"@type":"WebSite","@id":"https:\/\/www.manaus.am.gov.br\/immu\/#website","url":"https:\/\/www.manaus.am.gov.br\/immu\/","name":"IMMU","description":"Prefeitura de Manaus","potentialAction":[{"@type":"SearchAction","target":{"@type":"EntryPoint","urlTemplate":"https:\/\/www.manaus.am.gov.br\/immu\/?s={search_term_string}"},"query-input":"required name=search_term_string"}],"inLanguage":"pt-BR"},{"@type":"Person","@id":"https:\/\/www.manaus.am.gov.br\/immu\/#\/schema\/person\/05d223aea2bf115f9883a6ff3683d81b","name":"Bruna Greco","image":{"@type":"ImageObject","inLanguage":"pt-BR","@id":"https:\/\/www.manaus.am.gov.br\/immu\/#\/schema\/person\/image\/","url":"https:\/\/secure.gravatar.com\/avatar\/9c877d1a6adc2a055330e5c09a8653ce?s=96&d=mm&r=g","contentUrl":"https:\/\/secure.gravatar.com\/avatar\/9c877d1a6adc2a055330e5c09a8653ce?s=96&d=mm&r=g","caption":"Bruna Greco"}}]}},"_links":{"self":[{"href":"https:\/\/www.manaus.am.gov.br\/immu\/wp-json\/wp\/v2\/posts\/4011"}],"collection":[{"href":"https:\/\/www.manaus.am.gov.br\/immu\/wp-json\/wp\/v2\/posts"}],"about":[{"href":"https:\/\/www.manaus.am.gov.br\/immu\/wp-json\/wp\/v2\/types\/post"}],"author":[{"embeddable":true,"href":"https:\/\/www.manaus.am.gov.br\/immu\/wp-json\/wp\/v2\/users\/39"}],"replies":[{"embeddable":true,"href":"https:\/\/www.manaus.am.gov.br\/immu\/wp-json\/wp\/v2\/comments?post=4011"}],"version-history":[{"count":1,"href":"https:\/\/www.manaus.am.gov.br\/immu\/wp-json\/wp\/v2\/posts\/4011\/revisions"}],"predecessor-version":[{"id":4014,"href":"https:\/\/www.manaus.am.gov.br\/immu\/wp-json\/wp\/v2\/posts\/4011\/revisions\/4014"}],"wp:featuredmedia":[{"embeddable":true,"href":"https:\/\/www.manaus.am.gov.br\/immu\/wp-json\/wp\/v2\/media\/4013"}],"wp:attachment":[{"href":"https:\/\/www.manaus.am.gov.br\/immu\/wp-json\/wp\/v2\/media?parent=4011"}],"wp:term":[{"taxonomy":"category","embeddable":true,"href":"https:\/\/www.manaus.am.gov.br\/immu\/wp-json\/wp\/v2\/categories?post=4011"},{"taxonomy":"post_tag","embeddable":true,"href":"https:\/\/www.manaus.am.gov.br\/immu\/wp-json\/wp\/v2\/tags?post=4011"}],"curies":[{"name":"wp","href":"https:\/\/api.w.org\/{rel}","templated":true}]}}