{"id":4001,"date":"2025-07-03T13:04:58","date_gmt":"2025-07-03T17:04:58","guid":{"rendered":"https:\/\/www.manaus.am.gov.br\/immu\/sem-categoria\/mudancas-em-linhas-de-onibus\/"},"modified":"2025-07-03T13:04:59","modified_gmt":"2025-07-03T17:04:59","slug":"mudancas-em-linhas-de-onibus","status":"publish","type":"post","link":"https:\/\/www.manaus.am.gov.br\/immu\/noticia-transporte\/mudancas-em-linhas-de-onibus\/","title":{"rendered":"Prefeitura de Manaus promove mudan\u00e7as em linhas de \u00f4nibus para atender passageiros"},"content":{"rendered":"\n<p>Na pr\u00f3xima ter\u00e7a-feira, 8\/7, itiner\u00e1rios de linhas de \u00f4nibus ser\u00e3o alterados pela <a href=\"https:\/\/www.instagram.com\/prefeiturademanaus\/\">Prefeitura de Manaus<\/a>, por meio do I<a href=\"https:\/\/www.manaus.am.gov.br\/immu\/\">nstituto Municipal de Mobilidade Urbana (IMMU)<\/a>, para otimizar o sistema de transporte p\u00fablico da cidade. As mudan\u00e7as ser\u00e3o em duas linhas que atendem as zonas Oeste da cidade.<\/p>\n\n\n\n<p>A linha 216 (L\u00edrio do Vale\/T1\/Pra\u00e7a da Saudade) ter\u00e1 seu itiner\u00e1rio alterado para atendimento \u00e0 rua Jequi\u00e9, no bairro Planalto. A mudan\u00e7a tem como objetivo melhorar o deslocamento dos moradores da regi\u00e3o e ampliar o acesso ao transporte p\u00fablico. Com a mudan\u00e7a, a linha 216 cumprir\u00e1 o itiner\u00e1rio no sentido Ida e Volta: normal at\u00e9 a avenida Laguna, depois segue pela travessa D, rua Adelaide Carraro, travessa B, rua Dom Cla\u00fadio Collin, rua Jequi\u00e9, rua 21, avenida Vera Cruz e rua 20, depois segue itiner\u00e1rio normal.<\/p>\n\n\n\n<p>Outra mudan\u00e7a ser\u00e1 na linha 128 (Sto. Agostinho\/Alvorada\/T2), no sentido Terminal 2\/Bairro. A linha deixar\u00e1 de realizar o retorno pr\u00f3ximo \u00e0 rua Natal, ou seja, ap\u00f3s a avenida Brasil, a linha seguir\u00e1 direto pela rua Belo Horizonte. Essa medida proporcionar\u00e1 mais fluidez e agilidade \u00e0 opera\u00e7\u00e3o.<\/p>\n\n\n\n<p><strong>Pagamento<\/strong><\/p>\n\n\n\n<p>A partir de ter\u00e7a-feira, 8\/7, os usu\u00e1rios da linha 009 (Marina Tau\u00e1\/Marina Rio Belo) e da linha 017 (Comunidade Ubere\/Jorge Teixeira) passar\u00e3o a realizar o pagamento na catraca, podendo utilizar dinheiro ou cart\u00e3o Passa F\u00e1cil. Com o referido cart\u00e3o ser\u00e1 poss\u00edvel realizar integra\u00e7\u00e3o temporal com as linhas que trafegam na avenida do Turismo &#8211; 006, 059, 126, 130, 343, 354, 012, 641, 642, 643 -, e com as linhas que atendem o terminal de bairro localizado na rua Nova Esperan\u00e7a &#8211; 062, 097, 677 e 680, respectivamente.<\/p>\n\n\n\n<p>&#8212; &#8212; &#8212;<\/p>\n\n\n\n<p><strong>Texto &#8211;<\/strong> \u00c1lisson Castro \/ IMMU<\/p>\n\n\n\n<p><strong>Fotos \u2013<\/strong> Divulga\u00e7\u00e3o \/ IMMU<\/p>\n","protected":false},"excerpt":{"rendered":"","protected":false},"author":57,"featured_media":4002,"comment_status":"closed","ping_status":"closed","sticky":false,"template":"","format":"standard","meta":{"footnotes":""},"categories":[1761],"tags":[6,124,8],"acf":[],"yoast_head":"<!-- This site is optimized with the Yoast SEO plugin v23.0 - https:\/\/yoast.com\/wordpress\/plugins\/seo\/ -->\n<title>PMM promove mudan\u00e7as em linhas de \u00f4nibus<\/title>\n<meta name=\"description\" content=\"Na pr\u00f3xima ter\u00e7a-feira, 8\/7, itiner\u00e1rios de linhas de \u00f4nibus da zona Oeste ser\u00e3o alterados para otimizar o sistema de transporte p\u00fablico.\" \/>\n<meta name=\"robots\" content=\"noindex, follow\" \/>\n<meta property=\"og:locale\" content=\"pt_BR\" \/>\n<meta property=\"og:type\" content=\"article\" \/>\n<meta property=\"og:title\" content=\"PMM promove mudan\u00e7as em linhas de \u00f4nibus\" \/>\n<meta property=\"og:description\" content=\"Na pr\u00f3xima ter\u00e7a-feira, 8\/7, itiner\u00e1rios de linhas de \u00f4nibus da zona Oeste ser\u00e3o alterados para otimizar o sistema de transporte p\u00fablico.\" \/>\n<meta property=\"og:url\" content=\"https:\/\/www.manaus.am.gov.br\/immu\/noticia-transporte\/mudancas-em-linhas-de-onibus\/\" \/>\n<meta property=\"og:site_name\" content=\"IMMU\" \/>\n<meta property=\"article:published_time\" content=\"2025-07-03T17:04:58+00:00\" \/>\n<meta property=\"article:modified_time\" content=\"2025-07-03T17:04:59+00:00\" \/>\n<meta property=\"og:image\" content=\"https:\/\/www.manaus.am.gov.br\/immu\/wp-content\/uploads\/sites\/14\/2025\/07\/linhas-de-onibus-2.png\" \/>\n\t<meta property=\"og:image:width\" content=\"981\" \/>\n\t<meta property=\"og:image:height\" content=\"644\" \/>\n\t<meta property=\"og:image:type\" content=\"image\/png\" \/>\n<meta name=\"author\" content=\"Thiago Fernando\" \/>\n<meta name=\"twitter:card\" content=\"summary_large_image\" \/>\n<meta name=\"twitter:label1\" content=\"Written by\" \/>\n\t<meta name=\"twitter:data1\" content=\"Thiago Fernando\" \/>\n\t<meta name=\"twitter:label2\" content=\"Est. reading time\" \/>\n\t<meta name=\"twitter:data2\" content=\"2 minutos\" \/>\n<script type=\"application\/ld+json\" class=\"yoast-schema-graph\">{\"@context\":\"https:\/\/schema.org\",\"@graph\":[{\"@type\":\"WebPage\",\"@id\":\"https:\/\/www.manaus.am.gov.br\/immu\/noticia-transporte\/mudancas-em-linhas-de-onibus\/\",\"url\":\"https:\/\/www.manaus.am.gov.br\/immu\/noticia-transporte\/mudancas-em-linhas-de-onibus\/\",\"name\":\"PMM promove mudan\u00e7as em linhas de \u00f4nibus\",\"isPartOf\":{\"@id\":\"https:\/\/www.manaus.am.gov.br\/immu\/#website\"},\"primaryImageOfPage\":{\"@id\":\"https:\/\/www.manaus.am.gov.br\/immu\/noticia-transporte\/mudancas-em-linhas-de-onibus\/#primaryimage\"},\"image\":{\"@id\":\"https:\/\/www.manaus.am.gov.br\/immu\/noticia-transporte\/mudancas-em-linhas-de-onibus\/#primaryimage\"},\"thumbnailUrl\":\"https:\/\/www.manaus.am.gov.br\/immu\/wp-content\/uploads\/sites\/14\/2025\/07\/linhas-de-onibus-2.png\",\"datePublished\":\"2025-07-03T17:04:58+00:00\",\"dateModified\":\"2025-07-03T17:04:59+00:00\",\"author\":{\"@id\":\"https:\/\/www.manaus.am.gov.br\/immu\/#\/schema\/person\/a5ee5376db6e21af026374b369f30882\"},\"description\":\"Na pr\u00f3xima ter\u00e7a-feira, 8\/7, itiner\u00e1rios de linhas de \u00f4nibus da zona Oeste ser\u00e3o alterados para otimizar o sistema de transporte p\u00fablico.\",\"breadcrumb\":{\"@id\":\"https:\/\/www.manaus.am.gov.br\/immu\/noticia-transporte\/mudancas-em-linhas-de-onibus\/#breadcrumb\"},\"inLanguage\":\"pt-BR\",\"potentialAction\":[{\"@type\":\"ReadAction\",\"target\":[\"https:\/\/www.manaus.am.gov.br\/immu\/noticia-transporte\/mudancas-em-linhas-de-onibus\/\"]}]},{\"@type\":\"ImageObject\",\"inLanguage\":\"pt-BR\",\"@id\":\"https:\/\/www.manaus.am.gov.br\/immu\/noticia-transporte\/mudancas-em-linhas-de-onibus\/#primaryimage\",\"url\":\"https:\/\/www.manaus.am.gov.br\/immu\/wp-content\/uploads\/sites\/14\/2025\/07\/linhas-de-onibus-2.png\",\"contentUrl\":\"https:\/\/www.manaus.am.gov.br\/immu\/wp-content\/uploads\/sites\/14\/2025\/07\/linhas-de-onibus-2.png\",\"width\":981,\"height\":644,\"caption\":\"linhas de \u00f4nibus\"},{\"@type\":\"BreadcrumbList\",\"@id\":\"https:\/\/www.manaus.am.gov.br\/immu\/noticia-transporte\/mudancas-em-linhas-de-onibus\/#breadcrumb\",\"itemListElement\":[{\"@type\":\"ListItem\",\"position\":1,\"name\":\"Home\",\"item\":\"https:\/\/www.manaus.am.gov.br\/immu\/\"},{\"@type\":\"ListItem\",\"position\":2,\"name\":\"Prefeitura de Manaus promove mudan\u00e7as em linhas de \u00f4nibus para atender passageiros\"}]},{\"@type\":\"WebSite\",\"@id\":\"https:\/\/www.manaus.am.gov.br\/immu\/#website\",\"url\":\"https:\/\/www.manaus.am.gov.br\/immu\/\",\"name\":\"IMMU\",\"description\":\"Prefeitura de Manaus\",\"potentialAction\":[{\"@type\":\"SearchAction\",\"target\":{\"@type\":\"EntryPoint\",\"urlTemplate\":\"https:\/\/www.manaus.am.gov.br\/immu\/?s={search_term_string}\"},\"query-input\":\"required name=search_term_string\"}],\"inLanguage\":\"pt-BR\"},{\"@type\":\"Person\",\"@id\":\"https:\/\/www.manaus.am.gov.br\/immu\/#\/schema\/person\/a5ee5376db6e21af026374b369f30882\",\"name\":\"Thiago Fernando\",\"image\":{\"@type\":\"ImageObject\",\"inLanguage\":\"pt-BR\",\"@id\":\"https:\/\/www.manaus.am.gov.br\/immu\/#\/schema\/person\/image\/\",\"url\":\"https:\/\/secure.gravatar.com\/avatar\/f5aab8722444041451501c077052ac07?s=96&d=mm&r=g\",\"contentUrl\":\"https:\/\/secure.gravatar.com\/avatar\/f5aab8722444041451501c077052ac07?s=96&d=mm&r=g\",\"caption\":\"Thiago Fernando\"}}]}<\/script>\n<!-- \/ Yoast SEO plugin. -->","yoast_head_json":{"title":"PMM promove mudan\u00e7as em linhas de \u00f4nibus","description":"Na pr\u00f3xima ter\u00e7a-feira, 8\/7, itiner\u00e1rios de linhas de \u00f4nibus da zona Oeste ser\u00e3o alterados para otimizar o sistema de transporte p\u00fablico.","robots":{"index":"noindex","follow":"follow"},"og_locale":"pt_BR","og_type":"article","og_title":"PMM promove mudan\u00e7as em linhas de \u00f4nibus","og_description":"Na pr\u00f3xima ter\u00e7a-feira, 8\/7, itiner\u00e1rios de linhas de \u00f4nibus da zona Oeste ser\u00e3o alterados para otimizar o sistema de transporte p\u00fablico.","og_url":"https:\/\/www.manaus.am.gov.br\/immu\/noticia-transporte\/mudancas-em-linhas-de-onibus\/","og_site_name":"IMMU","article_published_time":"2025-07-03T17:04:58+00:00","article_modified_time":"2025-07-03T17:04:59+00:00","og_image":[{"width":981,"height":644,"url":"https:\/\/www.manaus.am.gov.br\/immu\/wp-content\/uploads\/sites\/14\/2025\/07\/linhas-de-onibus-2.png","type":"image\/png"}],"author":"Thiago Fernando","twitter_card":"summary_large_image","twitter_misc":{"Written by":"Thiago Fernando","Est. reading time":"2 minutos"},"schema":{"@context":"https:\/\/schema.org","@graph":[{"@type":"WebPage","@id":"https:\/\/www.manaus.am.gov.br\/immu\/noticia-transporte\/mudancas-em-linhas-de-onibus\/","url":"https:\/\/www.manaus.am.gov.br\/immu\/noticia-transporte\/mudancas-em-linhas-de-onibus\/","name":"PMM promove mudan\u00e7as em linhas de \u00f4nibus","isPartOf":{"@id":"https:\/\/www.manaus.am.gov.br\/immu\/#website"},"primaryImageOfPage":{"@id":"https:\/\/www.manaus.am.gov.br\/immu\/noticia-transporte\/mudancas-em-linhas-de-onibus\/#primaryimage"},"image":{"@id":"https:\/\/www.manaus.am.gov.br\/immu\/noticia-transporte\/mudancas-em-linhas-de-onibus\/#primaryimage"},"thumbnailUrl":"https:\/\/www.manaus.am.gov.br\/immu\/wp-content\/uploads\/sites\/14\/2025\/07\/linhas-de-onibus-2.png","datePublished":"2025-07-03T17:04:58+00:00","dateModified":"2025-07-03T17:04:59+00:00","author":{"@id":"https:\/\/www.manaus.am.gov.br\/immu\/#\/schema\/person\/a5ee5376db6e21af026374b369f30882"},"description":"Na pr\u00f3xima ter\u00e7a-feira, 8\/7, itiner\u00e1rios de linhas de \u00f4nibus da zona Oeste ser\u00e3o alterados para otimizar o sistema de transporte p\u00fablico.","breadcrumb":{"@id":"https:\/\/www.manaus.am.gov.br\/immu\/noticia-transporte\/mudancas-em-linhas-de-onibus\/#breadcrumb"},"inLanguage":"pt-BR","potentialAction":[{"@type":"ReadAction","target":["https:\/\/www.manaus.am.gov.br\/immu\/noticia-transporte\/mudancas-em-linhas-de-onibus\/"]}]},{"@type":"ImageObject","inLanguage":"pt-BR","@id":"https:\/\/www.manaus.am.gov.br\/immu\/noticia-transporte\/mudancas-em-linhas-de-onibus\/#primaryimage","url":"https:\/\/www.manaus.am.gov.br\/immu\/wp-content\/uploads\/sites\/14\/2025\/07\/linhas-de-onibus-2.png","contentUrl":"https:\/\/www.manaus.am.gov.br\/immu\/wp-content\/uploads\/sites\/14\/2025\/07\/linhas-de-onibus-2.png","width":981,"height":644,"caption":"linhas de \u00f4nibus"},{"@type":"BreadcrumbList","@id":"https:\/\/www.manaus.am.gov.br\/immu\/noticia-transporte\/mudancas-em-linhas-de-onibus\/#breadcrumb","itemListElement":[{"@type":"ListItem","position":1,"name":"Home","item":"https:\/\/www.manaus.am.gov.br\/immu\/"},{"@type":"ListItem","position":2,"name":"Prefeitura de Manaus promove mudan\u00e7as em linhas de \u00f4nibus para atender passageiros"}]},{"@type":"WebSite","@id":"https:\/\/www.manaus.am.gov.br\/immu\/#website","url":"https:\/\/www.manaus.am.gov.br\/immu\/","name":"IMMU","description":"Prefeitura de Manaus","potentialAction":[{"@type":"SearchAction","target":{"@type":"EntryPoint","urlTemplate":"https:\/\/www.manaus.am.gov.br\/immu\/?s={search_term_string}"},"query-input":"required name=search_term_string"}],"inLanguage":"pt-BR"},{"@type":"Person","@id":"https:\/\/www.manaus.am.gov.br\/immu\/#\/schema\/person\/a5ee5376db6e21af026374b369f30882","name":"Thiago Fernando","image":{"@type":"ImageObject","inLanguage":"pt-BR","@id":"https:\/\/www.manaus.am.gov.br\/immu\/#\/schema\/person\/image\/","url":"https:\/\/secure.gravatar.com\/avatar\/f5aab8722444041451501c077052ac07?s=96&d=mm&r=g","contentUrl":"https:\/\/secure.gravatar.com\/avatar\/f5aab8722444041451501c077052ac07?s=96&d=mm&r=g","caption":"Thiago Fernando"}}]}},"_links":{"self":[{"href":"https:\/\/www.manaus.am.gov.br\/immu\/wp-json\/wp\/v2\/posts\/4001"}],"collection":[{"href":"https:\/\/www.manaus.am.gov.br\/immu\/wp-json\/wp\/v2\/posts"}],"about":[{"href":"https:\/\/www.manaus.am.gov.br\/immu\/wp-json\/wp\/v2\/types\/post"}],"author":[{"embeddable":true,"href":"https:\/\/www.manaus.am.gov.br\/immu\/wp-json\/wp\/v2\/users\/57"}],"replies":[{"embeddable":true,"href":"https:\/\/www.manaus.am.gov.br\/immu\/wp-json\/wp\/v2\/comments?post=4001"}],"version-history":[{"count":0,"href":"https:\/\/www.manaus.am.gov.br\/immu\/wp-json\/wp\/v2\/posts\/4001\/revisions"}],"wp:featuredmedia":[{"embeddable":true,"href":"https:\/\/www.manaus.am.gov.br\/immu\/wp-json\/wp\/v2\/media\/4002"}],"wp:attachment":[{"href":"https:\/\/www.manaus.am.gov.br\/immu\/wp-json\/wp\/v2\/media?parent=4001"}],"wp:term":[{"taxonomy":"category","embeddable":true,"href":"https:\/\/www.manaus.am.gov.br\/immu\/wp-json\/wp\/v2\/categories?post=4001"},{"taxonomy":"post_tag","embeddable":true,"href":"https:\/\/www.manaus.am.gov.br\/immu\/wp-json\/wp\/v2\/tags?post=4001"}],"curies":[{"name":"wp","href":"https:\/\/api.w.org\/{rel}","templated":true}]}}