{"id":4000,"date":"2025-07-03T12:34:07","date_gmt":"2025-07-03T16:34:07","guid":{"rendered":"https:\/\/www.manaus.am.gov.br\/immu\/sem-categoria\/suspensao-da-paralisacao-do-transporte-coletivo\/"},"modified":"2025-07-03T12:34:09","modified_gmt":"2025-07-03T16:34:09","slug":"suspensao-da-paralisacao-do-transporte-coletivo","status":"publish","type":"post","link":"https:\/\/www.manaus.am.gov.br\/immu\/noticia-transporte\/suspensao-da-paralisacao-do-transporte-coletivo\/","title":{"rendered":"NOTA &#8211; Suspens\u00e3o da paralisa\u00e7\u00e3o do transporte coletivo"},"content":{"rendered":"\n<p>A <a href=\"https:\/\/www.instagram.com\/prefeiturademanaus\/\">Prefeitura de Manaus<\/a>, por meio do <a href=\"https:\/\/www.manaus.am.gov.br\/immu\/\">Instituto Municipal de Mobilidade Urbana (IMMU)<\/a>, informa que a paralisa\u00e7\u00e3o do transporte coletivo anunciada pelo Sindicato dos Rodovi\u00e1rios para esta sexta-feira, 4\/7, foi suspensa.<\/p>\n\n\n\n<p>Desde o in\u00edcio da semana, o IMMU acompanhou de perto as tratativas entre o Sindicato das Empresas de Transporte de Passageiros do Estado do Amazonas (Sinetram) e o Sindicato dos Trabalhadores em Transportes Coletivos Urbanos e Rodovi\u00e1rios de Manaus e Regi\u00e3o Metropolitana, atuando de forma mediadora para evitar preju\u00edzos \u00e0 popula\u00e7\u00e3o usu\u00e1ria do transporte coletivo.<\/p>\n\n\n\n<p>Com a atua\u00e7\u00e3o da Prefeitura de Manaus foi poss\u00edvel restabelecer o di\u00e1logo e assegurar o funcionamento integral do transporte coletivo nesta sexta-feira. A gest\u00e3o municipal reafirma seu compromisso com a mobilidade urbana e continuar\u00e1 promovendo o di\u00e1logo entre as partes, priorizando sempre os interesses da popula\u00e7\u00e3o.<\/p>\n\n\n\n<p>&#8212; &#8212; &#8212;<\/p>\n\n\n\n<p>IMMU &#8211; Instituto Municipal de Mobilidade Urbana&nbsp;<\/p>\n\n\n\n<p>Assessora Respons\u00e1vel: Naira Nascimento &#8211; (92) 98483-2676<\/p>\n\n\n\n<p>E-mail:&nbsp;immu.imprensa@gmail.com<\/p>\n","protected":false},"excerpt":{"rendered":"","protected":false},"author":57,"featured_media":3202,"comment_status":"closed","ping_status":"closed","sticky":false,"template":"","format":"standard","meta":{"footnotes":""},"categories":[1761],"tags":[1922,6,8,100],"acf":[],"yoast_head":"<!-- This site is optimized with the Yoast SEO plugin v23.0 - https:\/\/yoast.com\/wordpress\/plugins\/seo\/ -->\n<title>NOTA - Suspens\u00e3o da paralisa\u00e7\u00e3o do transporte coletivo<\/title>\n<meta name=\"description\" content=\"APMM informa que a paralisa\u00e7\u00e3o do transporte coletivo anunciada pelo Sindicato dos Rodovi\u00e1rios para esta sexta-feira, 4\/7, foi suspensa.\" \/>\n<meta name=\"robots\" content=\"noindex, follow\" \/>\n<meta property=\"og:locale\" content=\"pt_BR\" \/>\n<meta property=\"og:type\" content=\"article\" \/>\n<meta property=\"og:title\" content=\"NOTA - Suspens\u00e3o da paralisa\u00e7\u00e3o do transporte coletivo\" \/>\n<meta property=\"og:description\" content=\"APMM informa que a paralisa\u00e7\u00e3o do transporte coletivo anunciada pelo Sindicato dos Rodovi\u00e1rios para esta sexta-feira, 4\/7, foi suspensa.\" \/>\n<meta property=\"og:url\" content=\"https:\/\/www.manaus.am.gov.br\/immu\/noticia-transporte\/suspensao-da-paralisacao-do-transporte-coletivo\/\" \/>\n<meta property=\"og:site_name\" content=\"IMMU\" \/>\n<meta property=\"article:published_time\" content=\"2025-07-03T16:34:07+00:00\" \/>\n<meta property=\"article:modified_time\" content=\"2025-07-03T16:34:09+00:00\" \/>\n<meta property=\"og:image\" content=\"https:\/\/www.manaus.am.gov.br\/immu\/wp-content\/uploads\/sites\/14\/2025\/03\/BANNER-NOTA.png\" \/>\n\t<meta property=\"og:image:width\" content=\"900\" \/>\n\t<meta property=\"og:image:height\" content=\"509\" \/>\n\t<meta property=\"og:image:type\" content=\"image\/png\" \/>\n<meta name=\"author\" content=\"Thiago Fernando\" \/>\n<meta name=\"twitter:card\" content=\"summary_large_image\" \/>\n<meta name=\"twitter:label1\" content=\"Written by\" \/>\n\t<meta name=\"twitter:data1\" content=\"Thiago Fernando\" \/>\n\t<meta name=\"twitter:label2\" content=\"Est. reading time\" \/>\n\t<meta name=\"twitter:data2\" content=\"2 minutos\" \/>\n<script type=\"application\/ld+json\" class=\"yoast-schema-graph\">{\"@context\":\"https:\/\/schema.org\",\"@graph\":[{\"@type\":\"WebPage\",\"@id\":\"https:\/\/www.manaus.am.gov.br\/immu\/noticia-transporte\/suspensao-da-paralisacao-do-transporte-coletivo\/\",\"url\":\"https:\/\/www.manaus.am.gov.br\/immu\/noticia-transporte\/suspensao-da-paralisacao-do-transporte-coletivo\/\",\"name\":\"NOTA - Suspens\u00e3o da paralisa\u00e7\u00e3o do transporte coletivo\",\"isPartOf\":{\"@id\":\"https:\/\/www.manaus.am.gov.br\/immu\/#website\"},\"primaryImageOfPage\":{\"@id\":\"https:\/\/www.manaus.am.gov.br\/immu\/noticia-transporte\/suspensao-da-paralisacao-do-transporte-coletivo\/#primaryimage\"},\"image\":{\"@id\":\"https:\/\/www.manaus.am.gov.br\/immu\/noticia-transporte\/suspensao-da-paralisacao-do-transporte-coletivo\/#primaryimage\"},\"thumbnailUrl\":\"https:\/\/www.manaus.am.gov.br\/immu\/wp-content\/uploads\/sites\/14\/2025\/03\/BANNER-NOTA.png\",\"datePublished\":\"2025-07-03T16:34:07+00:00\",\"dateModified\":\"2025-07-03T16:34:09+00:00\",\"author\":{\"@id\":\"https:\/\/www.manaus.am.gov.br\/immu\/#\/schema\/person\/a5ee5376db6e21af026374b369f30882\"},\"description\":\"APMM informa que a paralisa\u00e7\u00e3o do transporte coletivo anunciada pelo Sindicato dos Rodovi\u00e1rios para esta sexta-feira, 4\/7, foi suspensa.\",\"breadcrumb\":{\"@id\":\"https:\/\/www.manaus.am.gov.br\/immu\/noticia-transporte\/suspensao-da-paralisacao-do-transporte-coletivo\/#breadcrumb\"},\"inLanguage\":\"pt-BR\",\"potentialAction\":[{\"@type\":\"ReadAction\",\"target\":[\"https:\/\/www.manaus.am.gov.br\/immu\/noticia-transporte\/suspensao-da-paralisacao-do-transporte-coletivo\/\"]}]},{\"@type\":\"ImageObject\",\"inLanguage\":\"pt-BR\",\"@id\":\"https:\/\/www.manaus.am.gov.br\/immu\/noticia-transporte\/suspensao-da-paralisacao-do-transporte-coletivo\/#primaryimage\",\"url\":\"https:\/\/www.manaus.am.gov.br\/immu\/wp-content\/uploads\/sites\/14\/2025\/03\/BANNER-NOTA.png\",\"contentUrl\":\"https:\/\/www.manaus.am.gov.br\/immu\/wp-content\/uploads\/sites\/14\/2025\/03\/BANNER-NOTA.png\",\"width\":900,\"height\":509,\"caption\":\"Portal do Segurado\"},{\"@type\":\"BreadcrumbList\",\"@id\":\"https:\/\/www.manaus.am.gov.br\/immu\/noticia-transporte\/suspensao-da-paralisacao-do-transporte-coletivo\/#breadcrumb\",\"itemListElement\":[{\"@type\":\"ListItem\",\"position\":1,\"name\":\"Home\",\"item\":\"https:\/\/www.manaus.am.gov.br\/immu\/\"},{\"@type\":\"ListItem\",\"position\":2,\"name\":\"NOTA &#8211; Suspens\u00e3o da paralisa\u00e7\u00e3o do transporte coletivo\"}]},{\"@type\":\"WebSite\",\"@id\":\"https:\/\/www.manaus.am.gov.br\/immu\/#website\",\"url\":\"https:\/\/www.manaus.am.gov.br\/immu\/\",\"name\":\"IMMU\",\"description\":\"Prefeitura de Manaus\",\"potentialAction\":[{\"@type\":\"SearchAction\",\"target\":{\"@type\":\"EntryPoint\",\"urlTemplate\":\"https:\/\/www.manaus.am.gov.br\/immu\/?s={search_term_string}\"},\"query-input\":\"required name=search_term_string\"}],\"inLanguage\":\"pt-BR\"},{\"@type\":\"Person\",\"@id\":\"https:\/\/www.manaus.am.gov.br\/immu\/#\/schema\/person\/a5ee5376db6e21af026374b369f30882\",\"name\":\"Thiago Fernando\",\"image\":{\"@type\":\"ImageObject\",\"inLanguage\":\"pt-BR\",\"@id\":\"https:\/\/www.manaus.am.gov.br\/immu\/#\/schema\/person\/image\/\",\"url\":\"https:\/\/secure.gravatar.com\/avatar\/f5aab8722444041451501c077052ac07?s=96&d=mm&r=g\",\"contentUrl\":\"https:\/\/secure.gravatar.com\/avatar\/f5aab8722444041451501c077052ac07?s=96&d=mm&r=g\",\"caption\":\"Thiago Fernando\"}}]}<\/script>\n<!-- \/ Yoast SEO plugin. -->","yoast_head_json":{"title":"NOTA - Suspens\u00e3o da paralisa\u00e7\u00e3o do transporte coletivo","description":"APMM informa que a paralisa\u00e7\u00e3o do transporte coletivo anunciada pelo Sindicato dos Rodovi\u00e1rios para esta sexta-feira, 4\/7, foi suspensa.","robots":{"index":"noindex","follow":"follow"},"og_locale":"pt_BR","og_type":"article","og_title":"NOTA - Suspens\u00e3o da paralisa\u00e7\u00e3o do transporte coletivo","og_description":"APMM informa que a paralisa\u00e7\u00e3o do transporte coletivo anunciada pelo Sindicato dos Rodovi\u00e1rios para esta sexta-feira, 4\/7, foi suspensa.","og_url":"https:\/\/www.manaus.am.gov.br\/immu\/noticia-transporte\/suspensao-da-paralisacao-do-transporte-coletivo\/","og_site_name":"IMMU","article_published_time":"2025-07-03T16:34:07+00:00","article_modified_time":"2025-07-03T16:34:09+00:00","og_image":[{"width":900,"height":509,"url":"https:\/\/www.manaus.am.gov.br\/immu\/wp-content\/uploads\/sites\/14\/2025\/03\/BANNER-NOTA.png","type":"image\/png"}],"author":"Thiago Fernando","twitter_card":"summary_large_image","twitter_misc":{"Written by":"Thiago Fernando","Est. reading time":"2 minutos"},"schema":{"@context":"https:\/\/schema.org","@graph":[{"@type":"WebPage","@id":"https:\/\/www.manaus.am.gov.br\/immu\/noticia-transporte\/suspensao-da-paralisacao-do-transporte-coletivo\/","url":"https:\/\/www.manaus.am.gov.br\/immu\/noticia-transporte\/suspensao-da-paralisacao-do-transporte-coletivo\/","name":"NOTA - Suspens\u00e3o da paralisa\u00e7\u00e3o do transporte coletivo","isPartOf":{"@id":"https:\/\/www.manaus.am.gov.br\/immu\/#website"},"primaryImageOfPage":{"@id":"https:\/\/www.manaus.am.gov.br\/immu\/noticia-transporte\/suspensao-da-paralisacao-do-transporte-coletivo\/#primaryimage"},"image":{"@id":"https:\/\/www.manaus.am.gov.br\/immu\/noticia-transporte\/suspensao-da-paralisacao-do-transporte-coletivo\/#primaryimage"},"thumbnailUrl":"https:\/\/www.manaus.am.gov.br\/immu\/wp-content\/uploads\/sites\/14\/2025\/03\/BANNER-NOTA.png","datePublished":"2025-07-03T16:34:07+00:00","dateModified":"2025-07-03T16:34:09+00:00","author":{"@id":"https:\/\/www.manaus.am.gov.br\/immu\/#\/schema\/person\/a5ee5376db6e21af026374b369f30882"},"description":"APMM informa que a paralisa\u00e7\u00e3o do transporte coletivo anunciada pelo Sindicato dos Rodovi\u00e1rios para esta sexta-feira, 4\/7, foi suspensa.","breadcrumb":{"@id":"https:\/\/www.manaus.am.gov.br\/immu\/noticia-transporte\/suspensao-da-paralisacao-do-transporte-coletivo\/#breadcrumb"},"inLanguage":"pt-BR","potentialAction":[{"@type":"ReadAction","target":["https:\/\/www.manaus.am.gov.br\/immu\/noticia-transporte\/suspensao-da-paralisacao-do-transporte-coletivo\/"]}]},{"@type":"ImageObject","inLanguage":"pt-BR","@id":"https:\/\/www.manaus.am.gov.br\/immu\/noticia-transporte\/suspensao-da-paralisacao-do-transporte-coletivo\/#primaryimage","url":"https:\/\/www.manaus.am.gov.br\/immu\/wp-content\/uploads\/sites\/14\/2025\/03\/BANNER-NOTA.png","contentUrl":"https:\/\/www.manaus.am.gov.br\/immu\/wp-content\/uploads\/sites\/14\/2025\/03\/BANNER-NOTA.png","width":900,"height":509,"caption":"Portal do Segurado"},{"@type":"BreadcrumbList","@id":"https:\/\/www.manaus.am.gov.br\/immu\/noticia-transporte\/suspensao-da-paralisacao-do-transporte-coletivo\/#breadcrumb","itemListElement":[{"@type":"ListItem","position":1,"name":"Home","item":"https:\/\/www.manaus.am.gov.br\/immu\/"},{"@type":"ListItem","position":2,"name":"NOTA &#8211; Suspens\u00e3o da paralisa\u00e7\u00e3o do transporte coletivo"}]},{"@type":"WebSite","@id":"https:\/\/www.manaus.am.gov.br\/immu\/#website","url":"https:\/\/www.manaus.am.gov.br\/immu\/","name":"IMMU","description":"Prefeitura de Manaus","potentialAction":[{"@type":"SearchAction","target":{"@type":"EntryPoint","urlTemplate":"https:\/\/www.manaus.am.gov.br\/immu\/?s={search_term_string}"},"query-input":"required name=search_term_string"}],"inLanguage":"pt-BR"},{"@type":"Person","@id":"https:\/\/www.manaus.am.gov.br\/immu\/#\/schema\/person\/a5ee5376db6e21af026374b369f30882","name":"Thiago Fernando","image":{"@type":"ImageObject","inLanguage":"pt-BR","@id":"https:\/\/www.manaus.am.gov.br\/immu\/#\/schema\/person\/image\/","url":"https:\/\/secure.gravatar.com\/avatar\/f5aab8722444041451501c077052ac07?s=96&d=mm&r=g","contentUrl":"https:\/\/secure.gravatar.com\/avatar\/f5aab8722444041451501c077052ac07?s=96&d=mm&r=g","caption":"Thiago Fernando"}}]}},"_links":{"self":[{"href":"https:\/\/www.manaus.am.gov.br\/immu\/wp-json\/wp\/v2\/posts\/4000"}],"collection":[{"href":"https:\/\/www.manaus.am.gov.br\/immu\/wp-json\/wp\/v2\/posts"}],"about":[{"href":"https:\/\/www.manaus.am.gov.br\/immu\/wp-json\/wp\/v2\/types\/post"}],"author":[{"embeddable":true,"href":"https:\/\/www.manaus.am.gov.br\/immu\/wp-json\/wp\/v2\/users\/57"}],"replies":[{"embeddable":true,"href":"https:\/\/www.manaus.am.gov.br\/immu\/wp-json\/wp\/v2\/comments?post=4000"}],"version-history":[{"count":0,"href":"https:\/\/www.manaus.am.gov.br\/immu\/wp-json\/wp\/v2\/posts\/4000\/revisions"}],"wp:featuredmedia":[{"embeddable":true,"href":"https:\/\/www.manaus.am.gov.br\/immu\/wp-json\/wp\/v2\/media\/3202"}],"wp:attachment":[{"href":"https:\/\/www.manaus.am.gov.br\/immu\/wp-json\/wp\/v2\/media?parent=4000"}],"wp:term":[{"taxonomy":"category","embeddable":true,"href":"https:\/\/www.manaus.am.gov.br\/immu\/wp-json\/wp\/v2\/categories?post=4000"},{"taxonomy":"post_tag","embeddable":true,"href":"https:\/\/www.manaus.am.gov.br\/immu\/wp-json\/wp\/v2\/tags?post=4000"}],"curies":[{"name":"wp","href":"https:\/\/api.w.org\/{rel}","templated":true}]}}