{"id":3990,"date":"2025-07-01T14:32:50","date_gmt":"2025-07-01T18:32:50","guid":{"rendered":"https:\/\/www.manaus.am.gov.br\/immu\/sem-categoria\/prefeitura-immu-transportecomplementar-2\/"},"modified":"2025-07-01T16:33:52","modified_gmt":"2025-07-01T20:33:52","slug":"prefeitura-immu-transporte-complementar-2","status":"publish","type":"post","link":"https:\/\/www.manaus.am.gov.br\/immu\/noticia-transporte\/prefeitura-immu-transporte-complementar-2\/","title":{"rendered":"Prefeitura inicia fase de assinatura de contratos do sistema de transporte complementar"},"content":{"rendered":"\n<p>O funcionamento do novo sistema de modal de transporte na capital amazonense est\u00e1 cada vez mais pr\u00f3ximo. Nesta ter\u00e7a-feira, 1\u00ba\/7, a Prefeitura de Manaus, por meio do Instituto Municipal de Mobilidade Urbana (IMMU), deu in\u00edcio \u00e0 fase de assinatura e de entrega dos contratos do sistema complementar. Trata-se de mais uma etapa da renova\u00e7\u00e3o do transporte para oferecer mais conforto e seguran\u00e7a \u00e0 popula\u00e7\u00e3o.<\/p>\n\n\n\n<p>A vice-presidente do IMMU, Viviane Cabral, explicou o processo de contrata\u00e7\u00e3o. \u201cEsta \u00e9 uma importante etapa do in\u00edcio deste novo modal de transporte. O objetivo \u00e9 melhorar o servi\u00e7o, especialmente, para as zonas Norte e Leste da cidade, mas tamb\u00e9m para outras \u00e1reas de Manaus. Nosso foco \u00e9 trabalhar cada vez mais para oferecer um ambiente mais harm\u00f4nico a todos no transporte p\u00fablico\u201d, frisou.<\/p>\n\n\n\n<p>O motorista Jos\u00e9 Silva de Souza, 55 anos, destacou que o contrato ir\u00e1 trazer melhorias, tanto aos usu\u00e1rios quanto aos trabalhadores do sistema. \u201c\u00c9 muito importante, porque h\u00e1 muito tempo n\u00f3s est\u00e1vamos aguardando pela licita\u00e7\u00e3o e, hoje, ela foi conclu\u00edda. Para n\u00f3s, \u00e9 uma satisfa\u00e7\u00e3o estar assinando um contrato de dez anos com o poder p\u00fablico\u201d, destacou.<\/p>\n\n\n\n<p>A proposta do novo sistema \u00e9 substituir o servi\u00e7o alternativo e executivo e integrar o transporte complementar ao sistema p\u00fablico urbano com viagens programadas, frota estabelecida, e o passageiro poder\u00e1, inclusive, acessar os ve\u00edculos, utilizando o vale-transporte, o cart\u00e3o do estudante e ainda os cart\u00f5es gratuidade para Pessoa com Defici\u00eancia (PcD). O novo servi\u00e7o complementar oferecer\u00e1 transporte mais barato do que o pre\u00e7o do transporte executivo.<\/p>\n\n\n\n<p>Outro benef\u00edcio que o transporte complementar vai oferecer \u00e9 a utiliza\u00e7\u00e3o de linhas diretas e tamb\u00e9m de linhas que atender\u00e3o os terminais e as esta\u00e7\u00f5es. Assim, com uma \u00fanica passagem, o usu\u00e1rio poder\u00e1 fazer o deslocamento da maneira que achar melhor, por toda a cidade.&nbsp;<\/p>\n\n\n\n<p>Atualmente, o sistema de transporte urbano da capital amazonense atua com tr\u00eas tipos de modais oferecendo o servi\u00e7o de condu\u00e7\u00e3o de passageiros, com\u00a0o sistema convencional, que \u00e9 o utilizado pela grande maioria e circula\u00a0por toda a cidade,\u00a0chamado de coletivo;\u00a0o\u00a0transporte de micro-\u00f4nibus\u00a0alternativos,\u00a0que realiza\u00a0o transporte dos passageiros entre as zonas Norte e Leste; e os executivos, que rodam em todas as \u00e1reas da cidade.<\/p>\n\n\n\n<p>&#8212; &#8212; &#8212; <\/p>\n\n\n\n<p><strong>Texto <\/strong>&#8211; \u00c1lisson Castro\/IMMU<\/p>\n\n\n\n<p><strong>Fotos <\/strong>&#8211; Karol Silva\/IMMU<\/p>\n","protected":false},"excerpt":{"rendered":"","protected":false},"author":23,"featured_media":3991,"comment_status":"closed","ping_status":"closed","sticky":false,"template":"","format":"standard","meta":{"footnotes":""},"categories":[1761],"tags":[2054,6,8,742],"acf":[],"yoast_head":"<!-- This site is optimized with the Yoast SEO plugin v23.0 - https:\/\/yoast.com\/wordpress\/plugins\/seo\/ -->\n<title>Prefeitura inicia fase de assinatura de contratos do sistema de transporte complementar<\/title>\n<meta name=\"description\" content=\"O funcionamento do novo sistema de modal de transporte na capital amazonense est\u00e1 cada vez mais pr\u00f3ximo. Nesta ter\u00e7a-feira, 1\u00ba\/7, a Prefeitura de Manaus, por meio do Instituto Municipal de Mobilidade Urbana (IMMU), deu in\u00edcio \u00e0 fase de assinatura e de entrega dos contratos do sistema complementar.\" \/>\n<meta name=\"robots\" content=\"noindex, follow\" \/>\n<meta property=\"og:locale\" content=\"pt_BR\" \/>\n<meta property=\"og:type\" content=\"article\" \/>\n<meta property=\"og:title\" content=\"Prefeitura inicia fase de assinatura de contratos do sistema de transporte complementar\" \/>\n<meta property=\"og:description\" content=\"O funcionamento do novo sistema de modal de transporte na capital amazonense est\u00e1 cada vez mais pr\u00f3ximo. Nesta ter\u00e7a-feira, 1\u00ba\/7, a Prefeitura de Manaus, por meio do Instituto Municipal de Mobilidade Urbana (IMMU), deu in\u00edcio \u00e0 fase de assinatura e de entrega dos contratos do sistema complementar.\" \/>\n<meta property=\"og:url\" content=\"https:\/\/www.manaus.am.gov.br\/immu\/noticia-transporte\/prefeitura-immu-transportecomplementar-2\/\" \/>\n<meta property=\"og:site_name\" content=\"IMMU\" \/>\n<meta property=\"article:published_time\" content=\"2025-07-01T18:32:50+00:00\" \/>\n<meta property=\"article:modified_time\" content=\"2025-07-01T20:33:52+00:00\" \/>\n<meta property=\"og:image\" content=\"https:\/\/www.manaus.am.gov.br\/immu\/wp-content\/uploads\/sites\/14\/2025\/07\/IMG-20250701-WA0221.jpg\" \/>\n\t<meta property=\"og:image:width\" content=\"4160\" \/>\n\t<meta property=\"og:image:height\" content=\"2774\" \/>\n\t<meta property=\"og:image:type\" content=\"image\/jpeg\" \/>\n<meta name=\"author\" content=\"Adriana Costa\" \/>\n<meta name=\"twitter:card\" content=\"summary_large_image\" \/>\n<meta name=\"twitter:label1\" content=\"Written by\" \/>\n\t<meta name=\"twitter:data1\" content=\"Adriana Costa\" \/>\n\t<meta name=\"twitter:label2\" content=\"Est. reading time\" \/>\n\t<meta name=\"twitter:data2\" content=\"3 minutos\" \/>\n<script type=\"application\/ld+json\" class=\"yoast-schema-graph\">{\"@context\":\"https:\/\/schema.org\",\"@graph\":[{\"@type\":\"WebPage\",\"@id\":\"https:\/\/www.manaus.am.gov.br\/immu\/noticia-transporte\/prefeitura-immu-transportecomplementar-2\/\",\"url\":\"https:\/\/www.manaus.am.gov.br\/immu\/noticia-transporte\/prefeitura-immu-transportecomplementar-2\/\",\"name\":\"Prefeitura inicia fase de assinatura de contratos do sistema de transporte complementar\",\"isPartOf\":{\"@id\":\"https:\/\/www.manaus.am.gov.br\/immu\/#website\"},\"primaryImageOfPage\":{\"@id\":\"https:\/\/www.manaus.am.gov.br\/immu\/noticia-transporte\/prefeitura-immu-transportecomplementar-2\/#primaryimage\"},\"image\":{\"@id\":\"https:\/\/www.manaus.am.gov.br\/immu\/noticia-transporte\/prefeitura-immu-transportecomplementar-2\/#primaryimage\"},\"thumbnailUrl\":\"https:\/\/www.manaus.am.gov.br\/immu\/wp-content\/uploads\/sites\/14\/2025\/07\/IMG-20250701-WA0221.jpg\",\"datePublished\":\"2025-07-01T18:32:50+00:00\",\"dateModified\":\"2025-07-01T20:33:52+00:00\",\"author\":{\"@id\":\"https:\/\/www.manaus.am.gov.br\/immu\/#\/schema\/person\/4e49f4e267757a06ca072ec61b2b9968\"},\"description\":\"O funcionamento do novo sistema de modal de transporte na capital amazonense est\u00e1 cada vez mais pr\u00f3ximo. Nesta ter\u00e7a-feira, 1\u00ba\/7, a Prefeitura de Manaus, por meio do Instituto Municipal de Mobilidade Urbana (IMMU), deu in\u00edcio \u00e0 fase de assinatura e de entrega dos contratos do sistema complementar.\",\"breadcrumb\":{\"@id\":\"https:\/\/www.manaus.am.gov.br\/immu\/noticia-transporte\/prefeitura-immu-transportecomplementar-2\/#breadcrumb\"},\"inLanguage\":\"pt-BR\",\"potentialAction\":[{\"@type\":\"ReadAction\",\"target\":[\"https:\/\/www.manaus.am.gov.br\/immu\/noticia-transporte\/prefeitura-immu-transportecomplementar-2\/\"]}]},{\"@type\":\"ImageObject\",\"inLanguage\":\"pt-BR\",\"@id\":\"https:\/\/www.manaus.am.gov.br\/immu\/noticia-transporte\/prefeitura-immu-transportecomplementar-2\/#primaryimage\",\"url\":\"https:\/\/www.manaus.am.gov.br\/immu\/wp-content\/uploads\/sites\/14\/2025\/07\/IMG-20250701-WA0221.jpg\",\"contentUrl\":\"https:\/\/www.manaus.am.gov.br\/immu\/wp-content\/uploads\/sites\/14\/2025\/07\/IMG-20250701-WA0221.jpg\",\"width\":4160,\"height\":2774},{\"@type\":\"BreadcrumbList\",\"@id\":\"https:\/\/www.manaus.am.gov.br\/immu\/noticia-transporte\/prefeitura-immu-transportecomplementar-2\/#breadcrumb\",\"itemListElement\":[{\"@type\":\"ListItem\",\"position\":1,\"name\":\"Home\",\"item\":\"https:\/\/www.manaus.am.gov.br\/immu\/\"},{\"@type\":\"ListItem\",\"position\":2,\"name\":\"Prefeitura inicia fase de assinatura de contratos do sistema de transporte complementar\"}]},{\"@type\":\"WebSite\",\"@id\":\"https:\/\/www.manaus.am.gov.br\/immu\/#website\",\"url\":\"https:\/\/www.manaus.am.gov.br\/immu\/\",\"name\":\"IMMU\",\"description\":\"Prefeitura de Manaus\",\"potentialAction\":[{\"@type\":\"SearchAction\",\"target\":{\"@type\":\"EntryPoint\",\"urlTemplate\":\"https:\/\/www.manaus.am.gov.br\/immu\/?s={search_term_string}\"},\"query-input\":\"required name=search_term_string\"}],\"inLanguage\":\"pt-BR\"},{\"@type\":\"Person\",\"@id\":\"https:\/\/www.manaus.am.gov.br\/immu\/#\/schema\/person\/4e49f4e267757a06ca072ec61b2b9968\",\"name\":\"Adriana Costa\",\"image\":{\"@type\":\"ImageObject\",\"inLanguage\":\"pt-BR\",\"@id\":\"https:\/\/www.manaus.am.gov.br\/immu\/#\/schema\/person\/image\/\",\"url\":\"https:\/\/secure.gravatar.com\/avatar\/576258617ef7194f718179e766d57bd4?s=96&d=mm&r=g\",\"contentUrl\":\"https:\/\/secure.gravatar.com\/avatar\/576258617ef7194f718179e766d57bd4?s=96&d=mm&r=g\",\"caption\":\"Adriana Costa\"}}]}<\/script>\n<!-- \/ Yoast SEO plugin. -->","yoast_head_json":{"title":"Prefeitura inicia fase de assinatura de contratos do sistema de transporte complementar","description":"O funcionamento do novo sistema de modal de transporte na capital amazonense est\u00e1 cada vez mais pr\u00f3ximo. Nesta ter\u00e7a-feira, 1\u00ba\/7, a Prefeitura de Manaus, por meio do Instituto Municipal de Mobilidade Urbana (IMMU), deu in\u00edcio \u00e0 fase de assinatura e de entrega dos contratos do sistema complementar.","robots":{"index":"noindex","follow":"follow"},"og_locale":"pt_BR","og_type":"article","og_title":"Prefeitura inicia fase de assinatura de contratos do sistema de transporte complementar","og_description":"O funcionamento do novo sistema de modal de transporte na capital amazonense est\u00e1 cada vez mais pr\u00f3ximo. Nesta ter\u00e7a-feira, 1\u00ba\/7, a Prefeitura de Manaus, por meio do Instituto Municipal de Mobilidade Urbana (IMMU), deu in\u00edcio \u00e0 fase de assinatura e de entrega dos contratos do sistema complementar.","og_url":"https:\/\/www.manaus.am.gov.br\/immu\/noticia-transporte\/prefeitura-immu-transportecomplementar-2\/","og_site_name":"IMMU","article_published_time":"2025-07-01T18:32:50+00:00","article_modified_time":"2025-07-01T20:33:52+00:00","og_image":[{"width":4160,"height":2774,"url":"https:\/\/www.manaus.am.gov.br\/immu\/wp-content\/uploads\/sites\/14\/2025\/07\/IMG-20250701-WA0221.jpg","type":"image\/jpeg"}],"author":"Adriana Costa","twitter_card":"summary_large_image","twitter_misc":{"Written by":"Adriana Costa","Est. reading time":"3 minutos"},"schema":{"@context":"https:\/\/schema.org","@graph":[{"@type":"WebPage","@id":"https:\/\/www.manaus.am.gov.br\/immu\/noticia-transporte\/prefeitura-immu-transportecomplementar-2\/","url":"https:\/\/www.manaus.am.gov.br\/immu\/noticia-transporte\/prefeitura-immu-transportecomplementar-2\/","name":"Prefeitura inicia fase de assinatura de contratos do sistema de transporte complementar","isPartOf":{"@id":"https:\/\/www.manaus.am.gov.br\/immu\/#website"},"primaryImageOfPage":{"@id":"https:\/\/www.manaus.am.gov.br\/immu\/noticia-transporte\/prefeitura-immu-transportecomplementar-2\/#primaryimage"},"image":{"@id":"https:\/\/www.manaus.am.gov.br\/immu\/noticia-transporte\/prefeitura-immu-transportecomplementar-2\/#primaryimage"},"thumbnailUrl":"https:\/\/www.manaus.am.gov.br\/immu\/wp-content\/uploads\/sites\/14\/2025\/07\/IMG-20250701-WA0221.jpg","datePublished":"2025-07-01T18:32:50+00:00","dateModified":"2025-07-01T20:33:52+00:00","author":{"@id":"https:\/\/www.manaus.am.gov.br\/immu\/#\/schema\/person\/4e49f4e267757a06ca072ec61b2b9968"},"description":"O funcionamento do novo sistema de modal de transporte na capital amazonense est\u00e1 cada vez mais pr\u00f3ximo. Nesta ter\u00e7a-feira, 1\u00ba\/7, a Prefeitura de Manaus, por meio do Instituto Municipal de Mobilidade Urbana (IMMU), deu in\u00edcio \u00e0 fase de assinatura e de entrega dos contratos do sistema complementar.","breadcrumb":{"@id":"https:\/\/www.manaus.am.gov.br\/immu\/noticia-transporte\/prefeitura-immu-transportecomplementar-2\/#breadcrumb"},"inLanguage":"pt-BR","potentialAction":[{"@type":"ReadAction","target":["https:\/\/www.manaus.am.gov.br\/immu\/noticia-transporte\/prefeitura-immu-transportecomplementar-2\/"]}]},{"@type":"ImageObject","inLanguage":"pt-BR","@id":"https:\/\/www.manaus.am.gov.br\/immu\/noticia-transporte\/prefeitura-immu-transportecomplementar-2\/#primaryimage","url":"https:\/\/www.manaus.am.gov.br\/immu\/wp-content\/uploads\/sites\/14\/2025\/07\/IMG-20250701-WA0221.jpg","contentUrl":"https:\/\/www.manaus.am.gov.br\/immu\/wp-content\/uploads\/sites\/14\/2025\/07\/IMG-20250701-WA0221.jpg","width":4160,"height":2774},{"@type":"BreadcrumbList","@id":"https:\/\/www.manaus.am.gov.br\/immu\/noticia-transporte\/prefeitura-immu-transportecomplementar-2\/#breadcrumb","itemListElement":[{"@type":"ListItem","position":1,"name":"Home","item":"https:\/\/www.manaus.am.gov.br\/immu\/"},{"@type":"ListItem","position":2,"name":"Prefeitura inicia fase de assinatura de contratos do sistema de transporte complementar"}]},{"@type":"WebSite","@id":"https:\/\/www.manaus.am.gov.br\/immu\/#website","url":"https:\/\/www.manaus.am.gov.br\/immu\/","name":"IMMU","description":"Prefeitura de Manaus","potentialAction":[{"@type":"SearchAction","target":{"@type":"EntryPoint","urlTemplate":"https:\/\/www.manaus.am.gov.br\/immu\/?s={search_term_string}"},"query-input":"required name=search_term_string"}],"inLanguage":"pt-BR"},{"@type":"Person","@id":"https:\/\/www.manaus.am.gov.br\/immu\/#\/schema\/person\/4e49f4e267757a06ca072ec61b2b9968","name":"Adriana Costa","image":{"@type":"ImageObject","inLanguage":"pt-BR","@id":"https:\/\/www.manaus.am.gov.br\/immu\/#\/schema\/person\/image\/","url":"https:\/\/secure.gravatar.com\/avatar\/576258617ef7194f718179e766d57bd4?s=96&d=mm&r=g","contentUrl":"https:\/\/secure.gravatar.com\/avatar\/576258617ef7194f718179e766d57bd4?s=96&d=mm&r=g","caption":"Adriana Costa"}}]}},"_links":{"self":[{"href":"https:\/\/www.manaus.am.gov.br\/immu\/wp-json\/wp\/v2\/posts\/3990"}],"collection":[{"href":"https:\/\/www.manaus.am.gov.br\/immu\/wp-json\/wp\/v2\/posts"}],"about":[{"href":"https:\/\/www.manaus.am.gov.br\/immu\/wp-json\/wp\/v2\/types\/post"}],"author":[{"embeddable":true,"href":"https:\/\/www.manaus.am.gov.br\/immu\/wp-json\/wp\/v2\/users\/23"}],"replies":[{"embeddable":true,"href":"https:\/\/www.manaus.am.gov.br\/immu\/wp-json\/wp\/v2\/comments?post=3990"}],"version-history":[{"count":1,"href":"https:\/\/www.manaus.am.gov.br\/immu\/wp-json\/wp\/v2\/posts\/3990\/revisions"}],"predecessor-version":[{"id":3992,"href":"https:\/\/www.manaus.am.gov.br\/immu\/wp-json\/wp\/v2\/posts\/3990\/revisions\/3992"}],"wp:featuredmedia":[{"embeddable":true,"href":"https:\/\/www.manaus.am.gov.br\/immu\/wp-json\/wp\/v2\/media\/3991"}],"wp:attachment":[{"href":"https:\/\/www.manaus.am.gov.br\/immu\/wp-json\/wp\/v2\/media?parent=3990"}],"wp:term":[{"taxonomy":"category","embeddable":true,"href":"https:\/\/www.manaus.am.gov.br\/immu\/wp-json\/wp\/v2\/categories?post=3990"},{"taxonomy":"post_tag","embeddable":true,"href":"https:\/\/www.manaus.am.gov.br\/immu\/wp-json\/wp\/v2\/tags?post=3990"}],"curies":[{"name":"wp","href":"https:\/\/api.w.org\/{rel}","templated":true}]}}