{"id":3988,"date":"2025-07-01T09:53:51","date_gmt":"2025-07-01T13:53:51","guid":{"rendered":"https:\/\/www.manaus.am.gov.br\/immu\/sem-categoria\/prefeitura-immu-transportelegal-avturismo\/"},"modified":"2025-07-01T09:53:52","modified_gmt":"2025-07-01T13:53:52","slug":"prefeitura-immu-transportelegal-avturismo","status":"publish","type":"post","link":"https:\/\/www.manaus.am.gov.br\/immu\/fiscalizacao\/prefeitura-immu-transportelegal-avturismo\/","title":{"rendered":"Prefeitura de Manaus realiza opera\u00e7\u00e3o \u2018Transporte Legal\u2019 e apreende ve\u00edculos clandestinos na avenida do Turismo"},"content":{"rendered":"\n<p>A Prefeitura de Manaus, por meio do Instituto Municipal de Mobilidade Urbana (IMMU), realizou, na segunda-feira, 30\/6, a opera\u00e7\u00e3o &#8220;Transporte Legal&#8221;, com o objetivo de coibir o transporte clandestino na capital. A a\u00e7\u00e3o ocorreu na avenida do Turismo, zona Oeste da cidade, e contou com a atua\u00e7\u00e3o da equipe de fiscaliza\u00e7\u00e3o de transportes do \u00f3rg\u00e3o.<\/p>\n\n\n\n<p>Durante a opera\u00e7\u00e3o, dez ve\u00edculos foram abordados, dos quais cinco foram apreendidos por realizarem fretamento n\u00e3o autorizado pelo \u00f3rg\u00e3o gestor do transporte. Al\u00e9m disso, um ve\u00edculo foi autuado por irregularidades.<\/p>\n\n\n\n<p>De acordo com o chefe de Fiscaliza\u00e7\u00e3o de Transportes do IMMU, Waldir Sousa, as opera\u00e7\u00f5es t\u00eam sido intensificadas para garantir mais seguran\u00e7a e legalidade aos usu\u00e1rios do transporte urbano.<\/p>\n\n\n\n<p>&#8220;Estamos atuando de forma rigorosa para combater o transporte irregular, que coloca em risco a seguran\u00e7a dos passageiros e prejudica o sistema legalizado. A fiscaliza\u00e7\u00e3o vai continuar, em diversas \u00e1reas da cidade, para assegurar que s\u00f3 circulem ve\u00edculos devidamente autorizados\u201d, destacou Waldir.<\/p>\n\n\n\n<p>Usu\u00e1rio do transporte alternativo regular, o vigilante Carlos Henrique dos Santos, de 41 anos, elogiou a a\u00e7\u00e3o e destacou a import\u00e2ncia da fiscaliza\u00e7\u00e3o.<\/p>\n\n\n\n<p>&#8220;\u00c9 muito bom ver esse tipo de a\u00e7\u00e3o acontecendo, porque a gente sabe que esses carros clandestinos muitas vezes n\u00e3o t\u00eam nenhuma seguran\u00e7a. J\u00e1 vi casos de gente sendo deixada no meio do caminho. Precisa de fiscaliza\u00e7\u00e3o mesmo\u201d, afirmou.<\/p>\n\n\n\n<p>A opera\u00e7\u00e3o &#8220;Transporte Legal&#8221; faz parte do planejamento cont\u00ednuo do IMMU para organizar o sistema de mobilidade urbana da cidade e combater pr\u00e1ticas irregulares que afetam a seguran\u00e7a e a qualidade do transporte p\u00fablico.<\/p>\n\n\n\n<p>&#8212; &#8212; &#8212;<\/p>\n\n\n\n<p><strong>Texto<\/strong> <strong>e fotos\u00a0<\/strong>\u2013 Divulga\u00e7\u00e3o\/IMMU<\/p>\n","protected":false},"excerpt":{"rendered":"","protected":false},"author":23,"featured_media":3989,"comment_status":"closed","ping_status":"closed","sticky":false,"template":"","format":"standard","meta":{"footnotes":""},"categories":[323],"tags":[1591,53,6,8,1876],"acf":[],"yoast_head":"<!-- This site is optimized with the Yoast SEO plugin v23.0 - https:\/\/yoast.com\/wordpress\/plugins\/seo\/ -->\n<title>Prefeitura de Manaus realiza opera\u00e7\u00e3o \u2018Transporte Legal\u2019 e apreende ve\u00edculos clandestinos na avenida do Turismo<\/title>\n<meta name=\"description\" content=\"A Prefeitura de Manaus, por meio do Instituto Municipal de Mobilidade Urbana (IMMU), realizou, na segunda-feira, 30\/6, a opera\u00e7\u00e3o &quot;Transporte Legal&quot;, com o objetivo de coibir o transporte clandestino na capital. A a\u00e7\u00e3o ocorreu na avenida do Turismo, zona Oeste da cidade, e contou com a atua\u00e7\u00e3o da equipe de fiscaliza\u00e7\u00e3o de transportes do \u00f3rg\u00e3o.\" \/>\n<meta name=\"robots\" content=\"noindex, follow\" \/>\n<meta property=\"og:locale\" content=\"pt_BR\" \/>\n<meta property=\"og:type\" content=\"article\" \/>\n<meta property=\"og:title\" content=\"Prefeitura de Manaus realiza opera\u00e7\u00e3o \u2018Transporte Legal\u2019 e apreende ve\u00edculos clandestinos na avenida do Turismo\" \/>\n<meta property=\"og:description\" content=\"A Prefeitura de Manaus, por meio do Instituto Municipal de Mobilidade Urbana (IMMU), realizou, na segunda-feira, 30\/6, a opera\u00e7\u00e3o &quot;Transporte Legal&quot;, com o objetivo de coibir o transporte clandestino na capital. A a\u00e7\u00e3o ocorreu na avenida do Turismo, zona Oeste da cidade, e contou com a atua\u00e7\u00e3o da equipe de fiscaliza\u00e7\u00e3o de transportes do \u00f3rg\u00e3o.\" \/>\n<meta property=\"og:url\" content=\"https:\/\/www.manaus.am.gov.br\/immu\/fiscalizacao\/prefeitura-immu-transportelegal-avturismo\/\" \/>\n<meta property=\"og:site_name\" content=\"IMMU\" \/>\n<meta property=\"article:published_time\" content=\"2025-07-01T13:53:51+00:00\" \/>\n<meta property=\"article:modified_time\" content=\"2025-07-01T13:53:52+00:00\" \/>\n<meta property=\"og:image\" content=\"https:\/\/www.manaus.am.gov.br\/immu\/wp-content\/uploads\/sites\/14\/2025\/07\/WhatsApp-Image-2025-07-01-at-09.43.54-1.jpeg\" \/>\n\t<meta property=\"og:image:width\" content=\"899\" \/>\n\t<meta property=\"og:image:height\" content=\"1011\" \/>\n\t<meta property=\"og:image:type\" content=\"image\/jpeg\" \/>\n<meta name=\"author\" content=\"Adriana Costa\" \/>\n<meta name=\"twitter:card\" content=\"summary_large_image\" \/>\n<meta name=\"twitter:label1\" content=\"Written by\" \/>\n\t<meta name=\"twitter:data1\" content=\"Adriana Costa\" \/>\n\t<meta name=\"twitter:label2\" content=\"Est. reading time\" \/>\n\t<meta name=\"twitter:data2\" content=\"2 minutos\" \/>\n<script type=\"application\/ld+json\" class=\"yoast-schema-graph\">{\"@context\":\"https:\/\/schema.org\",\"@graph\":[{\"@type\":\"WebPage\",\"@id\":\"https:\/\/www.manaus.am.gov.br\/immu\/fiscalizacao\/prefeitura-immu-transportelegal-avturismo\/\",\"url\":\"https:\/\/www.manaus.am.gov.br\/immu\/fiscalizacao\/prefeitura-immu-transportelegal-avturismo\/\",\"name\":\"Prefeitura de Manaus realiza opera\u00e7\u00e3o \u2018Transporte Legal\u2019 e apreende ve\u00edculos clandestinos na avenida do Turismo\",\"isPartOf\":{\"@id\":\"https:\/\/www.manaus.am.gov.br\/immu\/#website\"},\"primaryImageOfPage\":{\"@id\":\"https:\/\/www.manaus.am.gov.br\/immu\/fiscalizacao\/prefeitura-immu-transportelegal-avturismo\/#primaryimage\"},\"image\":{\"@id\":\"https:\/\/www.manaus.am.gov.br\/immu\/fiscalizacao\/prefeitura-immu-transportelegal-avturismo\/#primaryimage\"},\"thumbnailUrl\":\"https:\/\/www.manaus.am.gov.br\/immu\/wp-content\/uploads\/sites\/14\/2025\/07\/WhatsApp-Image-2025-07-01-at-09.43.54-1.jpeg\",\"datePublished\":\"2025-07-01T13:53:51+00:00\",\"dateModified\":\"2025-07-01T13:53:52+00:00\",\"author\":{\"@id\":\"https:\/\/www.manaus.am.gov.br\/immu\/#\/schema\/person\/4e49f4e267757a06ca072ec61b2b9968\"},\"description\":\"A Prefeitura de Manaus, por meio do Instituto Municipal de Mobilidade Urbana (IMMU), realizou, na segunda-feira, 30\/6, a opera\u00e7\u00e3o \\\"Transporte Legal\\\", com o objetivo de coibir o transporte clandestino na capital. A a\u00e7\u00e3o ocorreu na avenida do Turismo, zona Oeste da cidade, e contou com a atua\u00e7\u00e3o da equipe de fiscaliza\u00e7\u00e3o de transportes do \u00f3rg\u00e3o.\",\"breadcrumb\":{\"@id\":\"https:\/\/www.manaus.am.gov.br\/immu\/fiscalizacao\/prefeitura-immu-transportelegal-avturismo\/#breadcrumb\"},\"inLanguage\":\"pt-BR\",\"potentialAction\":[{\"@type\":\"ReadAction\",\"target\":[\"https:\/\/www.manaus.am.gov.br\/immu\/fiscalizacao\/prefeitura-immu-transportelegal-avturismo\/\"]}]},{\"@type\":\"ImageObject\",\"inLanguage\":\"pt-BR\",\"@id\":\"https:\/\/www.manaus.am.gov.br\/immu\/fiscalizacao\/prefeitura-immu-transportelegal-avturismo\/#primaryimage\",\"url\":\"https:\/\/www.manaus.am.gov.br\/immu\/wp-content\/uploads\/sites\/14\/2025\/07\/WhatsApp-Image-2025-07-01-at-09.43.54-1.jpeg\",\"contentUrl\":\"https:\/\/www.manaus.am.gov.br\/immu\/wp-content\/uploads\/sites\/14\/2025\/07\/WhatsApp-Image-2025-07-01-at-09.43.54-1.jpeg\",\"width\":899,\"height\":1011},{\"@type\":\"BreadcrumbList\",\"@id\":\"https:\/\/www.manaus.am.gov.br\/immu\/fiscalizacao\/prefeitura-immu-transportelegal-avturismo\/#breadcrumb\",\"itemListElement\":[{\"@type\":\"ListItem\",\"position\":1,\"name\":\"Home\",\"item\":\"https:\/\/www.manaus.am.gov.br\/immu\/\"},{\"@type\":\"ListItem\",\"position\":2,\"name\":\"Prefeitura de Manaus realiza opera\u00e7\u00e3o \u2018Transporte Legal\u2019 e apreende ve\u00edculos clandestinos na avenida do Turismo\"}]},{\"@type\":\"WebSite\",\"@id\":\"https:\/\/www.manaus.am.gov.br\/immu\/#website\",\"url\":\"https:\/\/www.manaus.am.gov.br\/immu\/\",\"name\":\"IMMU\",\"description\":\"Prefeitura de Manaus\",\"potentialAction\":[{\"@type\":\"SearchAction\",\"target\":{\"@type\":\"EntryPoint\",\"urlTemplate\":\"https:\/\/www.manaus.am.gov.br\/immu\/?s={search_term_string}\"},\"query-input\":\"required name=search_term_string\"}],\"inLanguage\":\"pt-BR\"},{\"@type\":\"Person\",\"@id\":\"https:\/\/www.manaus.am.gov.br\/immu\/#\/schema\/person\/4e49f4e267757a06ca072ec61b2b9968\",\"name\":\"Adriana Costa\",\"image\":{\"@type\":\"ImageObject\",\"inLanguage\":\"pt-BR\",\"@id\":\"https:\/\/www.manaus.am.gov.br\/immu\/#\/schema\/person\/image\/\",\"url\":\"https:\/\/secure.gravatar.com\/avatar\/576258617ef7194f718179e766d57bd4?s=96&d=mm&r=g\",\"contentUrl\":\"https:\/\/secure.gravatar.com\/avatar\/576258617ef7194f718179e766d57bd4?s=96&d=mm&r=g\",\"caption\":\"Adriana Costa\"}}]}<\/script>\n<!-- \/ Yoast SEO plugin. -->","yoast_head_json":{"title":"Prefeitura de Manaus realiza opera\u00e7\u00e3o \u2018Transporte Legal\u2019 e apreende ve\u00edculos clandestinos na avenida do Turismo","description":"A Prefeitura de Manaus, por meio do Instituto Municipal de Mobilidade Urbana (IMMU), realizou, na segunda-feira, 30\/6, a opera\u00e7\u00e3o \"Transporte Legal\", com o objetivo de coibir o transporte clandestino na capital. A a\u00e7\u00e3o ocorreu na avenida do Turismo, zona Oeste da cidade, e contou com a atua\u00e7\u00e3o da equipe de fiscaliza\u00e7\u00e3o de transportes do \u00f3rg\u00e3o.","robots":{"index":"noindex","follow":"follow"},"og_locale":"pt_BR","og_type":"article","og_title":"Prefeitura de Manaus realiza opera\u00e7\u00e3o \u2018Transporte Legal\u2019 e apreende ve\u00edculos clandestinos na avenida do Turismo","og_description":"A Prefeitura de Manaus, por meio do Instituto Municipal de Mobilidade Urbana (IMMU), realizou, na segunda-feira, 30\/6, a opera\u00e7\u00e3o \"Transporte Legal\", com o objetivo de coibir o transporte clandestino na capital. A a\u00e7\u00e3o ocorreu na avenida do Turismo, zona Oeste da cidade, e contou com a atua\u00e7\u00e3o da equipe de fiscaliza\u00e7\u00e3o de transportes do \u00f3rg\u00e3o.","og_url":"https:\/\/www.manaus.am.gov.br\/immu\/fiscalizacao\/prefeitura-immu-transportelegal-avturismo\/","og_site_name":"IMMU","article_published_time":"2025-07-01T13:53:51+00:00","article_modified_time":"2025-07-01T13:53:52+00:00","og_image":[{"width":899,"height":1011,"url":"https:\/\/www.manaus.am.gov.br\/immu\/wp-content\/uploads\/sites\/14\/2025\/07\/WhatsApp-Image-2025-07-01-at-09.43.54-1.jpeg","type":"image\/jpeg"}],"author":"Adriana Costa","twitter_card":"summary_large_image","twitter_misc":{"Written by":"Adriana Costa","Est. reading time":"2 minutos"},"schema":{"@context":"https:\/\/schema.org","@graph":[{"@type":"WebPage","@id":"https:\/\/www.manaus.am.gov.br\/immu\/fiscalizacao\/prefeitura-immu-transportelegal-avturismo\/","url":"https:\/\/www.manaus.am.gov.br\/immu\/fiscalizacao\/prefeitura-immu-transportelegal-avturismo\/","name":"Prefeitura de Manaus realiza opera\u00e7\u00e3o \u2018Transporte Legal\u2019 e apreende ve\u00edculos clandestinos na avenida do Turismo","isPartOf":{"@id":"https:\/\/www.manaus.am.gov.br\/immu\/#website"},"primaryImageOfPage":{"@id":"https:\/\/www.manaus.am.gov.br\/immu\/fiscalizacao\/prefeitura-immu-transportelegal-avturismo\/#primaryimage"},"image":{"@id":"https:\/\/www.manaus.am.gov.br\/immu\/fiscalizacao\/prefeitura-immu-transportelegal-avturismo\/#primaryimage"},"thumbnailUrl":"https:\/\/www.manaus.am.gov.br\/immu\/wp-content\/uploads\/sites\/14\/2025\/07\/WhatsApp-Image-2025-07-01-at-09.43.54-1.jpeg","datePublished":"2025-07-01T13:53:51+00:00","dateModified":"2025-07-01T13:53:52+00:00","author":{"@id":"https:\/\/www.manaus.am.gov.br\/immu\/#\/schema\/person\/4e49f4e267757a06ca072ec61b2b9968"},"description":"A Prefeitura de Manaus, por meio do Instituto Municipal de Mobilidade Urbana (IMMU), realizou, na segunda-feira, 30\/6, a opera\u00e7\u00e3o \"Transporte Legal\", com o objetivo de coibir o transporte clandestino na capital. A a\u00e7\u00e3o ocorreu na avenida do Turismo, zona Oeste da cidade, e contou com a atua\u00e7\u00e3o da equipe de fiscaliza\u00e7\u00e3o de transportes do \u00f3rg\u00e3o.","breadcrumb":{"@id":"https:\/\/www.manaus.am.gov.br\/immu\/fiscalizacao\/prefeitura-immu-transportelegal-avturismo\/#breadcrumb"},"inLanguage":"pt-BR","potentialAction":[{"@type":"ReadAction","target":["https:\/\/www.manaus.am.gov.br\/immu\/fiscalizacao\/prefeitura-immu-transportelegal-avturismo\/"]}]},{"@type":"ImageObject","inLanguage":"pt-BR","@id":"https:\/\/www.manaus.am.gov.br\/immu\/fiscalizacao\/prefeitura-immu-transportelegal-avturismo\/#primaryimage","url":"https:\/\/www.manaus.am.gov.br\/immu\/wp-content\/uploads\/sites\/14\/2025\/07\/WhatsApp-Image-2025-07-01-at-09.43.54-1.jpeg","contentUrl":"https:\/\/www.manaus.am.gov.br\/immu\/wp-content\/uploads\/sites\/14\/2025\/07\/WhatsApp-Image-2025-07-01-at-09.43.54-1.jpeg","width":899,"height":1011},{"@type":"BreadcrumbList","@id":"https:\/\/www.manaus.am.gov.br\/immu\/fiscalizacao\/prefeitura-immu-transportelegal-avturismo\/#breadcrumb","itemListElement":[{"@type":"ListItem","position":1,"name":"Home","item":"https:\/\/www.manaus.am.gov.br\/immu\/"},{"@type":"ListItem","position":2,"name":"Prefeitura de Manaus realiza opera\u00e7\u00e3o \u2018Transporte Legal\u2019 e apreende ve\u00edculos clandestinos na avenida do Turismo"}]},{"@type":"WebSite","@id":"https:\/\/www.manaus.am.gov.br\/immu\/#website","url":"https:\/\/www.manaus.am.gov.br\/immu\/","name":"IMMU","description":"Prefeitura de Manaus","potentialAction":[{"@type":"SearchAction","target":{"@type":"EntryPoint","urlTemplate":"https:\/\/www.manaus.am.gov.br\/immu\/?s={search_term_string}"},"query-input":"required name=search_term_string"}],"inLanguage":"pt-BR"},{"@type":"Person","@id":"https:\/\/www.manaus.am.gov.br\/immu\/#\/schema\/person\/4e49f4e267757a06ca072ec61b2b9968","name":"Adriana Costa","image":{"@type":"ImageObject","inLanguage":"pt-BR","@id":"https:\/\/www.manaus.am.gov.br\/immu\/#\/schema\/person\/image\/","url":"https:\/\/secure.gravatar.com\/avatar\/576258617ef7194f718179e766d57bd4?s=96&d=mm&r=g","contentUrl":"https:\/\/secure.gravatar.com\/avatar\/576258617ef7194f718179e766d57bd4?s=96&d=mm&r=g","caption":"Adriana Costa"}}]}},"_links":{"self":[{"href":"https:\/\/www.manaus.am.gov.br\/immu\/wp-json\/wp\/v2\/posts\/3988"}],"collection":[{"href":"https:\/\/www.manaus.am.gov.br\/immu\/wp-json\/wp\/v2\/posts"}],"about":[{"href":"https:\/\/www.manaus.am.gov.br\/immu\/wp-json\/wp\/v2\/types\/post"}],"author":[{"embeddable":true,"href":"https:\/\/www.manaus.am.gov.br\/immu\/wp-json\/wp\/v2\/users\/23"}],"replies":[{"embeddable":true,"href":"https:\/\/www.manaus.am.gov.br\/immu\/wp-json\/wp\/v2\/comments?post=3988"}],"version-history":[{"count":0,"href":"https:\/\/www.manaus.am.gov.br\/immu\/wp-json\/wp\/v2\/posts\/3988\/revisions"}],"wp:featuredmedia":[{"embeddable":true,"href":"https:\/\/www.manaus.am.gov.br\/immu\/wp-json\/wp\/v2\/media\/3989"}],"wp:attachment":[{"href":"https:\/\/www.manaus.am.gov.br\/immu\/wp-json\/wp\/v2\/media?parent=3988"}],"wp:term":[{"taxonomy":"category","embeddable":true,"href":"https:\/\/www.manaus.am.gov.br\/immu\/wp-json\/wp\/v2\/categories?post=3988"},{"taxonomy":"post_tag","embeddable":true,"href":"https:\/\/www.manaus.am.gov.br\/immu\/wp-json\/wp\/v2\/tags?post=3988"}],"curies":[{"name":"wp","href":"https:\/\/api.w.org\/{rel}","templated":true}]}}