{"id":3986,"date":"2025-06-30T16:40:06","date_gmt":"2025-06-30T20:40:06","guid":{"rendered":"https:\/\/www.manaus.am.gov.br\/immu\/sem-categoria\/radares-de-fiscalizacao-operacao\/"},"modified":"2025-06-30T16:40:07","modified_gmt":"2025-06-30T20:40:07","slug":"radares-de-fiscalizacao-operacao","status":"publish","type":"post","link":"https:\/\/www.manaus.am.gov.br\/immu\/fiscalizacao\/radares-de-fiscalizacao-operacao\/","title":{"rendered":"Novos radares de fiscaliza\u00e7\u00e3o de tr\u00e2nsito entram em opera\u00e7\u00e3o nesta ter\u00e7a-feira, 1\u00ba\/7"},"content":{"rendered":"\n<p>Evitar mortes no tr\u00e2nsito e reduzir acidentes s\u00e3o alguns dos objetivos da <a href=\"https:\/\/www.instagram.com\/prefeiturademanaus\/\">Prefeitura de Manaus<\/a> ao iniciar nesta ter\u00e7a-feira, 1\u00ba\/7, a opera\u00e7\u00e3o de mais vinte radares de fiscaliza\u00e7\u00e3o eletr\u00f4nicas em diversos pontos da cidade. Os condutores devem ficar atentos \u00e0s sinaliza\u00e7\u00f5es pr\u00f3ximo aos equipamentos, obedecer aos limites de velocidade e respeitar os sem\u00e1foros.<\/p>\n\n\n\n<p>Os equipamentos \u2013 instalados pelo <a href=\"https:\/\/www.manaus.am.gov.br\/immu\/\">Instituto Municipal de Mobilidade Urbana (IMMU)<\/a> &#8211; tem como principal fun\u00e7\u00e3o resguardar vidas no tr\u00e2nsito da capital, tanto de condutores de ve\u00edculos quanto de pedestres. Apenas em 2025, Manaus j\u00e1 registrou 118 mortes no tr\u00e2nsito da cidade, o n\u00famero \u00e9 preocupante e refor\u00e7a necessidade de medidas para evitar ocorr\u00eancias de sinistros.<\/p>\n\n\n\n<p>Os vinte novos radares de fiscaliza\u00e7\u00e3o compreendem cinco voltados a fiscaliza\u00e7\u00e3o de avan\u00e7o de sinal e 15 equipamentos de controle de velocidade. Quanto ao avan\u00e7o de sinal, os equipamentos funcionar\u00e3o entre 6h e 22h em todos os dias da semana. Mesmo quando os equipamentos n\u00e3o estiverem operando, os condutores devem obedecer aos sem\u00e1foros. Os controladores de velocidade s\u00e3o divididos em dois grupos: medidores e redutores de velocidade. Os medidores de velocidade est\u00e3o onde a via j\u00e1 \u00e9 regulamentada em 60 quil\u00f4metros por hora.<\/p>\n\n\n\n<p>Os redutores de velocidade ou lombadas eletr\u00f4nicas est\u00e3o instalados em dois pontos onde a velocidade m\u00e1xima \u00e9 de 40 quil\u00f4metros por hora: na Ephig\u00eanio Salles, pr\u00f3ximo ao Le Baron (no sentido Coroado para o Amazonas Shopping) e na avenida Rodrigo Ot\u00e1vio nas imedia\u00e7\u00f5es da Base A\u00e9rea. Levantamento dos \u00faltimos 10 anos aponta que, nesses locais, concentram os maiores n\u00fameros de tombamento e \u00edndice de sinistro envolvendo ve\u00edculos pesados. Na Ephig\u00eanio Salles h\u00e1 uma curva acentuada logo ap\u00f3s o ponto da fiscaliza\u00e7\u00e3o e, na Rodrigo Ot\u00e1vio, h\u00e1 uma ladeira muito acentuada, que gera riscos de acidentes de tr\u00e2nsito.<\/p>\n\n\n\n<p>O diretor de engenharia do IMMU, Uarodi Guedes, explicou o motivo da instala\u00e7\u00e3o destes equipamentos. \u201cA velocidade \u00e9 um dos maiores fatores de risco de agravo dos acidentes de tr\u00e2nsito. As cidades n\u00e3o foram planejadas para que o ve\u00edculo ande a uma velocidade maior que 60 quil\u00f4metros por hora. Toda essa gest\u00e3o e controle de velocidade faz parte de um plano nacional de redu\u00e7\u00e3o de mortes no tr\u00e2nsito que vem sendo capitaneado pela Secretaria Nacional de Tr\u00e2nsito (Senatran) em que todas as cidades s\u00e3o signat\u00e1rias. Em Manaus n\u00f3s estamos avan\u00e7ando com a fiscaliza\u00e7\u00e3o eletr\u00f4nica e nesta ter\u00e7a entra em opera\u00e7\u00e3o mais 20 equipamentos de fiscaliza\u00e7\u00e3o eletr\u00f4nica, sendo 5 de avan\u00e7o de sinal e parada sobre a faixa e 15 de controle de velocidade\u201d, explicou.<\/p>\n\n\n\n<p>Quanto \u00e0 sinaliza\u00e7\u00e3o dos locais onde est\u00e3o os radares, Guedes destacou que o IMMU tem atendido toda a legisla\u00e7\u00e3o de tr\u00e2nsito e at\u00e9 colocado sinaliza\u00e7\u00e3o onde n\u00e3o havia obriga\u00e7\u00e3o.<\/p>\n\n\n\n<p>\u201cOs medidores de velocidade eles ter\u00e3o duas placas grandes em bra\u00e7os projetados sobre a via indicando a velocidade \u00e0 frente e uma placa de velocidade na coluna da fiscaliza\u00e7\u00e3o eletr\u00f4nica. Ou seja, haver\u00e1 pelo menos tr\u00eas conjuntos de placas antes da fiscaliza\u00e7\u00e3o eletr\u00f4nica. Quanto ao avan\u00e7o de sinal e parada sobre a faixa, n\u00e3o \u00e9 obrigat\u00f3ria nenhuma sinaliza\u00e7\u00e3o, j\u00e1 que avan\u00e7ar o sinal vermelho para sobre a faixa constitui infra\u00e7\u00e3o de tr\u00e2nsito, mas n\u00f3s da prefeitura e do IMMU decidimos instalar identifica\u00e7\u00e3o no bra\u00e7o do sem\u00e1foro ou num bra\u00e7o anterior sem\u00e1foro indicando que ali existe uma fiscaliza\u00e7\u00e3o eletr\u00f4nica. Haver\u00e1 ainda legenda no pavimento indicando o limite de 40 km por hora. Desta forma, al\u00e9m de cumprir o que est\u00e1 determinado na legisla\u00e7\u00e3o, no C\u00f3digo de Tr\u00e2nsito Brasileiro (CTB) e nas resolu\u00e7\u00f5es, ainda estamos refor\u00e7ando a sinaliza\u00e7\u00e3o com alguns itens que n\u00e3o s\u00e3o obrigat\u00f3rios\u201d, frisou o diretor de engenharia.<\/p>\n\n\n\n<p><strong>Confira os locais de instala\u00e7\u00e3o dos radares:<\/strong><\/p>\n\n\n\n<p><strong>Radares de velocidade \u2013 controlador fixo<\/strong><\/p>\n\n\n\n<p>01 &#8211; Avenida Santos Dumont\/Seripa 7 \u2013 Tarum\u00e3, sentido Oeste<\/p>\n\n\n\n<p>02 &#8211; Avenida Santos Dumont\/Seripa 8 \u2013 Tarum\u00e3, sentido Leste<\/p>\n\n\n\n<p>03 &#8211; Avenida Professor Nilton Lins, n\u00ba 900, Jardim Via Veneto \u2013 Flores, sentido Leste<\/p>\n\n\n\n<p>04 &#8211; Avenida Professor Nilton Lins, n\u00ba 851 \u2013 Flores, sentido Oeste<\/p>\n\n\n\n<p>05 &#8211; Avenida Torquato Tapaj\u00f3s, n\u00ba 5.555 \u2013 Innova \u2013 Tarum\u00e3, sentido Sul<\/p>\n\n\n\n<p>06 \u2013 Avenida Coronel Teixeira \u2013 em frente \u00e0 12\u00aa Regi\u00e3o Militar \u2013 Ponta Negra, sentido Sul<\/p>\n\n\n\n<p>07 &#8211; Avenida Coronel Teixeira\/Supermercado Yroyak \u2013 Ponta Negra, sentido complexo tur\u00edstico<\/p>\n\n\n\n<p>08 &#8211; Avenida das Torres\/Tenente Roxana Bonessi \u2013 Nova Cidade, sentido Sul<\/p>\n\n\n\n<p>09 &#8211; Avenida das Torres, n\u00ba 352 \u2013 Nova Galileia \u2013 Nova Cidade, sentido Norte<\/p>\n\n\n\n<p>10 &#8211; Avenida Autaz Mirim \u2013 oposto ao Atacad\u00e3o da Grande Circular \u2013 Coroado, sentido Sul<\/p>\n\n\n\n<p>11 &#8211; Avenida Autaz Mirim\/Creche Maria Aparecida Silva Dantas \u2013 Zumbi dos Palmares, sentido Norte<\/p>\n\n\n\n<p>12 &#8211; Avenida Torquato Tapaj\u00f3s \u2013 frente ao Nova Era \u2013 Da Paz, sentido Sul<\/p>\n\n\n\n<p>13 &#8211; Avenida Torquato Tapaj\u00f3s \u2013 frente \u00e0 F\u00e1brica TPV \u2013 Flores, sentido Sul<\/p>\n\n\n\n<p><strong>Lombadas eletr\u00f4nicas \u2013 redutores de velocidade<\/strong><\/p>\n\n\n\n<p>14 &#8211; Avenida Ephig\u00eanio Salles, n\u00ba 1.835 \u2013 condom\u00ednio Bosque Imperial \u2013 Aleixo, sentido Oeste<\/p>\n\n\n\n<p>15 &#8211; Avenida Rodrigo Ot\u00e1vio\/Rua das \u00c1guias \u2013 Vila Buriti, sentido Leste<\/p>\n\n\n\n<p><strong>Radares de avan\u00e7o de sinal vermelho<\/strong><\/p>\n\n\n\n<p>16 &#8211; Avenida Codaj\u00e1s\/Avenida Marqu\u00eas da Silveira \u2013 Petr\u00f3polis, sentido Oeste<\/p>\n\n\n\n<p>17 &#8211; Avenida Codaj\u00e1s\/Avenida Marqu\u00eas da Silveira \u2013 S\u00e3o Francisco, sentido Leste<\/p>\n\n\n\n<p>18 &#8211; Avenida Para\u00edba\/Avenida Andr\u00e9 Ara\u00fajo \u2013 Adrian\u00f3polis, sentido Norte<\/p>\n\n\n\n<p>19 &#8211; Avenida Andr\u00e9 Ara\u00fajo (al\u00e7a)\/Avenida Jornalista Umberto Calderaro Filho \u2013 Adrian\u00f3polis, sentido Leste<\/p>\n\n\n\n<p>20 &#8211; Avenida Jornalista Umberto Calderaro Filho\/Rua Belo Horizonte \u2013 Adrian\u00f3polis, sentido Norte<\/p>\n\n\n\n<p>&#8212; &#8212; &#8212; Texto e Fotos \u2013 Divulga\u00e7\u00e3o \/ IMMU<\/p>\n","protected":false},"excerpt":{"rendered":"","protected":false},"author":57,"featured_media":3987,"comment_status":"closed","ping_status":"closed","sticky":false,"template":"","format":"standard","meta":{"footnotes":""},"categories":[323],"tags":[6,8,2053],"acf":[],"yoast_head":"<!-- This site is optimized with the Yoast SEO plugin v23.0 - https:\/\/yoast.com\/wordpress\/plugins\/seo\/ -->\n<title>Novos radares de fiscaliza\u00e7\u00e3o de tr\u00e2nsito entram em opera\u00e7\u00e3o<\/title>\n<meta name=\"description\" content=\"A Prefeitura inicia, nesta ter\u00e7a-feira, 1\u00ba\/7, a opera\u00e7\u00e3o de mais vinte radares de fiscaliza\u00e7\u00e3o eletr\u00f4nicas em diversos pontos da cidade.\" \/>\n<meta name=\"robots\" content=\"noindex, follow\" \/>\n<meta property=\"og:locale\" content=\"pt_BR\" \/>\n<meta property=\"og:type\" content=\"article\" \/>\n<meta property=\"og:title\" content=\"Novos radares de fiscaliza\u00e7\u00e3o de tr\u00e2nsito entram em opera\u00e7\u00e3o\" \/>\n<meta property=\"og:description\" content=\"A Prefeitura inicia, nesta ter\u00e7a-feira, 1\u00ba\/7, a opera\u00e7\u00e3o de mais vinte radares de fiscaliza\u00e7\u00e3o eletr\u00f4nicas em diversos pontos da cidade.\" \/>\n<meta property=\"og:url\" content=\"https:\/\/www.manaus.am.gov.br\/immu\/fiscalizacao\/radares-de-fiscalizacao-operacao\/\" \/>\n<meta property=\"og:site_name\" content=\"IMMU\" \/>\n<meta property=\"article:published_time\" content=\"2025-06-30T20:40:06+00:00\" \/>\n<meta property=\"article:modified_time\" content=\"2025-06-30T20:40:07+00:00\" \/>\n<meta property=\"og:image\" content=\"https:\/\/www.manaus.am.gov.br\/immu\/wp-content\/uploads\/sites\/14\/2025\/06\/radares-de-fiscalizacao-1.jpg\" \/>\n\t<meta property=\"og:image:width\" content=\"1600\" \/>\n\t<meta property=\"og:image:height\" content=\"1066\" \/>\n\t<meta property=\"og:image:type\" content=\"image\/jpeg\" \/>\n<meta name=\"author\" content=\"Thiago Fernando\" \/>\n<meta name=\"twitter:card\" content=\"summary_large_image\" \/>\n<meta name=\"twitter:label1\" content=\"Written by\" \/>\n\t<meta name=\"twitter:data1\" content=\"Thiago Fernando\" \/>\n\t<meta name=\"twitter:label2\" content=\"Est. reading time\" \/>\n\t<meta name=\"twitter:data2\" content=\"5 minutos\" \/>\n<script type=\"application\/ld+json\" class=\"yoast-schema-graph\">{\"@context\":\"https:\/\/schema.org\",\"@graph\":[{\"@type\":\"WebPage\",\"@id\":\"https:\/\/www.manaus.am.gov.br\/immu\/fiscalizacao\/radares-de-fiscalizacao-operacao\/\",\"url\":\"https:\/\/www.manaus.am.gov.br\/immu\/fiscalizacao\/radares-de-fiscalizacao-operacao\/\",\"name\":\"Novos radares de fiscaliza\u00e7\u00e3o de tr\u00e2nsito entram em opera\u00e7\u00e3o\",\"isPartOf\":{\"@id\":\"https:\/\/www.manaus.am.gov.br\/immu\/#website\"},\"primaryImageOfPage\":{\"@id\":\"https:\/\/www.manaus.am.gov.br\/immu\/fiscalizacao\/radares-de-fiscalizacao-operacao\/#primaryimage\"},\"image\":{\"@id\":\"https:\/\/www.manaus.am.gov.br\/immu\/fiscalizacao\/radares-de-fiscalizacao-operacao\/#primaryimage\"},\"thumbnailUrl\":\"https:\/\/www.manaus.am.gov.br\/immu\/wp-content\/uploads\/sites\/14\/2025\/06\/radares-de-fiscalizacao-1.jpg\",\"datePublished\":\"2025-06-30T20:40:06+00:00\",\"dateModified\":\"2025-06-30T20:40:07+00:00\",\"author\":{\"@id\":\"https:\/\/www.manaus.am.gov.br\/immu\/#\/schema\/person\/a5ee5376db6e21af026374b369f30882\"},\"description\":\"A Prefeitura inicia, nesta ter\u00e7a-feira, 1\u00ba\/7, a opera\u00e7\u00e3o de mais vinte radares de fiscaliza\u00e7\u00e3o eletr\u00f4nicas em diversos pontos da cidade.\",\"breadcrumb\":{\"@id\":\"https:\/\/www.manaus.am.gov.br\/immu\/fiscalizacao\/radares-de-fiscalizacao-operacao\/#breadcrumb\"},\"inLanguage\":\"pt-BR\",\"potentialAction\":[{\"@type\":\"ReadAction\",\"target\":[\"https:\/\/www.manaus.am.gov.br\/immu\/fiscalizacao\/radares-de-fiscalizacao-operacao\/\"]}]},{\"@type\":\"ImageObject\",\"inLanguage\":\"pt-BR\",\"@id\":\"https:\/\/www.manaus.am.gov.br\/immu\/fiscalizacao\/radares-de-fiscalizacao-operacao\/#primaryimage\",\"url\":\"https:\/\/www.manaus.am.gov.br\/immu\/wp-content\/uploads\/sites\/14\/2025\/06\/radares-de-fiscalizacao-1.jpg\",\"contentUrl\":\"https:\/\/www.manaus.am.gov.br\/immu\/wp-content\/uploads\/sites\/14\/2025\/06\/radares-de-fiscalizacao-1.jpg\",\"width\":1600,\"height\":1066,\"caption\":\"radares de fiscaliza\u00e7\u00e3o\"},{\"@type\":\"BreadcrumbList\",\"@id\":\"https:\/\/www.manaus.am.gov.br\/immu\/fiscalizacao\/radares-de-fiscalizacao-operacao\/#breadcrumb\",\"itemListElement\":[{\"@type\":\"ListItem\",\"position\":1,\"name\":\"Home\",\"item\":\"https:\/\/www.manaus.am.gov.br\/immu\/\"},{\"@type\":\"ListItem\",\"position\":2,\"name\":\"Novos radares de fiscaliza\u00e7\u00e3o de tr\u00e2nsito entram em opera\u00e7\u00e3o nesta ter\u00e7a-feira, 1\u00ba\/7\"}]},{\"@type\":\"WebSite\",\"@id\":\"https:\/\/www.manaus.am.gov.br\/immu\/#website\",\"url\":\"https:\/\/www.manaus.am.gov.br\/immu\/\",\"name\":\"IMMU\",\"description\":\"Prefeitura de Manaus\",\"potentialAction\":[{\"@type\":\"SearchAction\",\"target\":{\"@type\":\"EntryPoint\",\"urlTemplate\":\"https:\/\/www.manaus.am.gov.br\/immu\/?s={search_term_string}\"},\"query-input\":\"required name=search_term_string\"}],\"inLanguage\":\"pt-BR\"},{\"@type\":\"Person\",\"@id\":\"https:\/\/www.manaus.am.gov.br\/immu\/#\/schema\/person\/a5ee5376db6e21af026374b369f30882\",\"name\":\"Thiago Fernando\",\"image\":{\"@type\":\"ImageObject\",\"inLanguage\":\"pt-BR\",\"@id\":\"https:\/\/www.manaus.am.gov.br\/immu\/#\/schema\/person\/image\/\",\"url\":\"https:\/\/secure.gravatar.com\/avatar\/f5aab8722444041451501c077052ac07?s=96&d=mm&r=g\",\"contentUrl\":\"https:\/\/secure.gravatar.com\/avatar\/f5aab8722444041451501c077052ac07?s=96&d=mm&r=g\",\"caption\":\"Thiago Fernando\"}}]}<\/script>\n<!-- \/ Yoast SEO plugin. -->","yoast_head_json":{"title":"Novos radares de fiscaliza\u00e7\u00e3o de tr\u00e2nsito entram em opera\u00e7\u00e3o","description":"A Prefeitura inicia, nesta ter\u00e7a-feira, 1\u00ba\/7, a opera\u00e7\u00e3o de mais vinte radares de fiscaliza\u00e7\u00e3o eletr\u00f4nicas em diversos pontos da cidade.","robots":{"index":"noindex","follow":"follow"},"og_locale":"pt_BR","og_type":"article","og_title":"Novos radares de fiscaliza\u00e7\u00e3o de tr\u00e2nsito entram em opera\u00e7\u00e3o","og_description":"A Prefeitura inicia, nesta ter\u00e7a-feira, 1\u00ba\/7, a opera\u00e7\u00e3o de mais vinte radares de fiscaliza\u00e7\u00e3o eletr\u00f4nicas em diversos pontos da cidade.","og_url":"https:\/\/www.manaus.am.gov.br\/immu\/fiscalizacao\/radares-de-fiscalizacao-operacao\/","og_site_name":"IMMU","article_published_time":"2025-06-30T20:40:06+00:00","article_modified_time":"2025-06-30T20:40:07+00:00","og_image":[{"width":1600,"height":1066,"url":"https:\/\/www.manaus.am.gov.br\/immu\/wp-content\/uploads\/sites\/14\/2025\/06\/radares-de-fiscalizacao-1.jpg","type":"image\/jpeg"}],"author":"Thiago Fernando","twitter_card":"summary_large_image","twitter_misc":{"Written by":"Thiago Fernando","Est. reading time":"5 minutos"},"schema":{"@context":"https:\/\/schema.org","@graph":[{"@type":"WebPage","@id":"https:\/\/www.manaus.am.gov.br\/immu\/fiscalizacao\/radares-de-fiscalizacao-operacao\/","url":"https:\/\/www.manaus.am.gov.br\/immu\/fiscalizacao\/radares-de-fiscalizacao-operacao\/","name":"Novos radares de fiscaliza\u00e7\u00e3o de tr\u00e2nsito entram em opera\u00e7\u00e3o","isPartOf":{"@id":"https:\/\/www.manaus.am.gov.br\/immu\/#website"},"primaryImageOfPage":{"@id":"https:\/\/www.manaus.am.gov.br\/immu\/fiscalizacao\/radares-de-fiscalizacao-operacao\/#primaryimage"},"image":{"@id":"https:\/\/www.manaus.am.gov.br\/immu\/fiscalizacao\/radares-de-fiscalizacao-operacao\/#primaryimage"},"thumbnailUrl":"https:\/\/www.manaus.am.gov.br\/immu\/wp-content\/uploads\/sites\/14\/2025\/06\/radares-de-fiscalizacao-1.jpg","datePublished":"2025-06-30T20:40:06+00:00","dateModified":"2025-06-30T20:40:07+00:00","author":{"@id":"https:\/\/www.manaus.am.gov.br\/immu\/#\/schema\/person\/a5ee5376db6e21af026374b369f30882"},"description":"A Prefeitura inicia, nesta ter\u00e7a-feira, 1\u00ba\/7, a opera\u00e7\u00e3o de mais vinte radares de fiscaliza\u00e7\u00e3o eletr\u00f4nicas em diversos pontos da cidade.","breadcrumb":{"@id":"https:\/\/www.manaus.am.gov.br\/immu\/fiscalizacao\/radares-de-fiscalizacao-operacao\/#breadcrumb"},"inLanguage":"pt-BR","potentialAction":[{"@type":"ReadAction","target":["https:\/\/www.manaus.am.gov.br\/immu\/fiscalizacao\/radares-de-fiscalizacao-operacao\/"]}]},{"@type":"ImageObject","inLanguage":"pt-BR","@id":"https:\/\/www.manaus.am.gov.br\/immu\/fiscalizacao\/radares-de-fiscalizacao-operacao\/#primaryimage","url":"https:\/\/www.manaus.am.gov.br\/immu\/wp-content\/uploads\/sites\/14\/2025\/06\/radares-de-fiscalizacao-1.jpg","contentUrl":"https:\/\/www.manaus.am.gov.br\/immu\/wp-content\/uploads\/sites\/14\/2025\/06\/radares-de-fiscalizacao-1.jpg","width":1600,"height":1066,"caption":"radares de fiscaliza\u00e7\u00e3o"},{"@type":"BreadcrumbList","@id":"https:\/\/www.manaus.am.gov.br\/immu\/fiscalizacao\/radares-de-fiscalizacao-operacao\/#breadcrumb","itemListElement":[{"@type":"ListItem","position":1,"name":"Home","item":"https:\/\/www.manaus.am.gov.br\/immu\/"},{"@type":"ListItem","position":2,"name":"Novos radares de fiscaliza\u00e7\u00e3o de tr\u00e2nsito entram em opera\u00e7\u00e3o nesta ter\u00e7a-feira, 1\u00ba\/7"}]},{"@type":"WebSite","@id":"https:\/\/www.manaus.am.gov.br\/immu\/#website","url":"https:\/\/www.manaus.am.gov.br\/immu\/","name":"IMMU","description":"Prefeitura de Manaus","potentialAction":[{"@type":"SearchAction","target":{"@type":"EntryPoint","urlTemplate":"https:\/\/www.manaus.am.gov.br\/immu\/?s={search_term_string}"},"query-input":"required name=search_term_string"}],"inLanguage":"pt-BR"},{"@type":"Person","@id":"https:\/\/www.manaus.am.gov.br\/immu\/#\/schema\/person\/a5ee5376db6e21af026374b369f30882","name":"Thiago Fernando","image":{"@type":"ImageObject","inLanguage":"pt-BR","@id":"https:\/\/www.manaus.am.gov.br\/immu\/#\/schema\/person\/image\/","url":"https:\/\/secure.gravatar.com\/avatar\/f5aab8722444041451501c077052ac07?s=96&d=mm&r=g","contentUrl":"https:\/\/secure.gravatar.com\/avatar\/f5aab8722444041451501c077052ac07?s=96&d=mm&r=g","caption":"Thiago Fernando"}}]}},"_links":{"self":[{"href":"https:\/\/www.manaus.am.gov.br\/immu\/wp-json\/wp\/v2\/posts\/3986"}],"collection":[{"href":"https:\/\/www.manaus.am.gov.br\/immu\/wp-json\/wp\/v2\/posts"}],"about":[{"href":"https:\/\/www.manaus.am.gov.br\/immu\/wp-json\/wp\/v2\/types\/post"}],"author":[{"embeddable":true,"href":"https:\/\/www.manaus.am.gov.br\/immu\/wp-json\/wp\/v2\/users\/57"}],"replies":[{"embeddable":true,"href":"https:\/\/www.manaus.am.gov.br\/immu\/wp-json\/wp\/v2\/comments?post=3986"}],"version-history":[{"count":0,"href":"https:\/\/www.manaus.am.gov.br\/immu\/wp-json\/wp\/v2\/posts\/3986\/revisions"}],"wp:featuredmedia":[{"embeddable":true,"href":"https:\/\/www.manaus.am.gov.br\/immu\/wp-json\/wp\/v2\/media\/3987"}],"wp:attachment":[{"href":"https:\/\/www.manaus.am.gov.br\/immu\/wp-json\/wp\/v2\/media?parent=3986"}],"wp:term":[{"taxonomy":"category","embeddable":true,"href":"https:\/\/www.manaus.am.gov.br\/immu\/wp-json\/wp\/v2\/categories?post=3986"},{"taxonomy":"post_tag","embeddable":true,"href":"https:\/\/www.manaus.am.gov.br\/immu\/wp-json\/wp\/v2\/tags?post=3986"}],"curies":[{"name":"wp","href":"https:\/\/api.w.org\/{rel}","templated":true}]}}