{"id":3978,"date":"2025-06-27T15:43:35","date_gmt":"2025-06-27T19:43:35","guid":{"rendered":"https:\/\/www.manaus.am.gov.br\/immu\/sem-categoria\/ajuste-semaforos-bairro-oswaldo-frota\/"},"modified":"2025-06-27T15:43:35","modified_gmt":"2025-06-27T19:43:35","slug":"ajuste-semaforos-bairro-oswaldo-frota","status":"publish","type":"post","link":"https:\/\/www.manaus.am.gov.br\/immu\/transito\/ajuste-semaforos-bairro-oswaldo-frota\/","title":{"rendered":"Prefeitura ajusta sem\u00e1foros com tempo de direita livre e melhora fluidez no tr\u00e2nsito no bairro Oswaldo Frota\u00a0"},"content":{"rendered":"\n<p>A Prefeitura de Manaus, por meio do Instituto Municipal de Mobilidade Urbana (IMMU), concluiu a instala\u00e7\u00e3o de novos sem\u00e1foros com tempo de&nbsp;direita livre semaforizada&nbsp;no cruzamento entre as ruas F\u00eanix e Rouxinol, no bairro Oswaldo Frota, zona Norte da capital. A medida faz parte do conjunto de a\u00e7\u00f5es para melhorar a fluidez do tr\u00e1fego em \u00e1reas com hist\u00f3rico de congestionamentos.<\/p>\n\n\n\n<p>O cruzamento em quest\u00e3o era considerado um dos grandes&nbsp;gargalos vi\u00e1rios da regi\u00e3o,&nbsp;com registros frequentes de reten\u00e7\u00f5es, especialmente nos hor\u00e1rios de pico. Com a implanta\u00e7\u00e3o da nova sinaliza\u00e7\u00e3o semaf\u00f3rica, motoristas agora contam com faixas de convers\u00e3o \u00e0 direita reguladas por tempo exclusivo, o que permite maior escoamento dos ve\u00edculos e reduz o tempo de espera nas interse\u00e7\u00f5es.<\/p>\n\n\n\n<p>O projeto contemplou tr\u00eas principais sentidos de convers\u00e3o \u00e0 direita com controle semaf\u00f3rico. Na rua F\u00eanix, por exemplo, foi liberada a&nbsp;convers\u00e3o \u00e0 direita para a rua Rouxinol&nbsp;de forma simult\u00e2nea \u00e0 libera\u00e7\u00e3o do tr\u00e1fego na pr\u00f3pria Rouxinol. Da mesma forma, na&nbsp;rua Rouxinol, os condutores podem realizar a&nbsp;convers\u00e3o \u00e0 direita para a rua F\u00eanix,&nbsp;enquanto o fluxo \u00e9 liberado para a&nbsp;avenida F\u00eanix, no sentido avenida das Torres.<\/p>\n\n\n\n<p>Al\u00e9m da instala\u00e7\u00e3o dos novos sem\u00e1foros, o IMMU realizou ajustes t\u00e9cnicos no tempo dos sinais, bem como melhorias na sinaliza\u00e7\u00e3o horizontal e vertical, garantindo maior seguran\u00e7a e orienta\u00e7\u00e3o aos condutores.<\/p>\n\n\n\n<p>Com essa interven\u00e7\u00e3o, a expectativa \u00e9 que a mobilidade no entorno do bairro Oswaldo Frota seja gradualmente otimizada, beneficiando milhares de motoristas que utilizam o corredor diariamente. A a\u00e7\u00e3o integra o compromisso da Prefeitura de Manaus em investir em solu\u00e7\u00f5es inteligentes para o tr\u00e2nsito da capital.<\/p>\n\n\n\n<figure class=\"wp-block-image size-large\"><img loading=\"lazy\" decoding=\"async\" width=\"1024\" height=\"682\" src=\"https:\/\/www.manaus.am.gov.br\/immu\/wp-content\/uploads\/sites\/14\/2025\/06\/Sinalizacao-5-1024x682.jpeg\" alt=\"\" class=\"wp-image-3979\" srcset=\"https:\/\/www.manaus.am.gov.br\/immu\/wp-content\/uploads\/sites\/14\/2025\/06\/Sinalizacao-5-1024x682.jpeg 1024w, https:\/\/www.manaus.am.gov.br\/immu\/wp-content\/uploads\/sites\/14\/2025\/06\/Sinalizacao-5-300x200.jpeg 300w, https:\/\/www.manaus.am.gov.br\/immu\/wp-content\/uploads\/sites\/14\/2025\/06\/Sinalizacao-5-768x512.jpeg 768w, https:\/\/www.manaus.am.gov.br\/immu\/wp-content\/uploads\/sites\/14\/2025\/06\/Sinalizacao-5-1536x1023.jpeg 1536w, https:\/\/www.manaus.am.gov.br\/immu\/wp-content\/uploads\/sites\/14\/2025\/06\/Sinalizacao-5.jpeg 1600w\" sizes=\"(max-width: 1024px) 100vw, 1024px\" \/><\/figure>\n\n\n\n<p>&#8212; &#8212; &#8212;<\/p>\n\n\n\n<p><strong>Texto \u2013&nbsp;<\/strong>Naira Nascimento\/IMMU<\/p>\n\n\n\n<p><strong>Fotos \u2013 <\/strong>Kamile Brand\u00e3o\/IMMU<\/p>\n","protected":false},"excerpt":{"rendered":"","protected":false},"author":39,"featured_media":3980,"comment_status":"closed","ping_status":"closed","sticky":false,"template":"","format":"standard","meta":{"footnotes":""},"categories":[46],"tags":[2051,6,8,629,2052],"acf":[],"yoast_head":"<!-- This site is optimized with the Yoast SEO plugin v23.0 - https:\/\/yoast.com\/wordpress\/plugins\/seo\/ -->\n<title>Ajuste semaf\u00f3rico com tempo de direita livre no Oswaldo Frota\u00a0<\/title>\n<meta name=\"description\" content=\"Prefeitura ajusta sem\u00e1foros com tempo de direita livre e melhora fluidez no tr\u00e2nsito no bairro Oswaldo Frota.\" \/>\n<meta name=\"robots\" content=\"noindex, follow\" \/>\n<meta property=\"og:locale\" content=\"pt_BR\" \/>\n<meta property=\"og:type\" content=\"article\" \/>\n<meta property=\"og:title\" content=\"Ajuste semaf\u00f3rico com tempo de direita livre no Oswaldo Frota\u00a0\" \/>\n<meta property=\"og:description\" content=\"Prefeitura ajusta sem\u00e1foros com tempo de direita livre e melhora fluidez no tr\u00e2nsito no bairro Oswaldo Frota.\" \/>\n<meta property=\"og:url\" content=\"https:\/\/www.manaus.am.gov.br\/immu\/transito\/ajuste-semaforos-bairro-oswaldo-frota\/\" \/>\n<meta property=\"og:site_name\" content=\"IMMU\" \/>\n<meta property=\"article:published_time\" content=\"2025-06-27T19:43:35+00:00\" \/>\n<meta property=\"og:image\" content=\"https:\/\/www.manaus.am.gov.br\/immu\/wp-content\/uploads\/sites\/14\/2025\/06\/Sinalizacao-4.jpeg\" \/>\n\t<meta property=\"og:image:width\" content=\"1600\" \/>\n\t<meta property=\"og:image:height\" content=\"1066\" \/>\n\t<meta property=\"og:image:type\" content=\"image\/jpeg\" \/>\n<meta name=\"author\" content=\"Bruna Greco\" \/>\n<meta name=\"twitter:card\" content=\"summary_large_image\" \/>\n<meta name=\"twitter:label1\" content=\"Written by\" \/>\n\t<meta name=\"twitter:data1\" content=\"Bruna Greco\" \/>\n\t<meta name=\"twitter:label2\" content=\"Est. reading time\" \/>\n\t<meta name=\"twitter:data2\" content=\"2 minutos\" \/>\n<script type=\"application\/ld+json\" class=\"yoast-schema-graph\">{\"@context\":\"https:\/\/schema.org\",\"@graph\":[{\"@type\":\"WebPage\",\"@id\":\"https:\/\/www.manaus.am.gov.br\/immu\/transito\/ajuste-semaforos-bairro-oswaldo-frota\/\",\"url\":\"https:\/\/www.manaus.am.gov.br\/immu\/transito\/ajuste-semaforos-bairro-oswaldo-frota\/\",\"name\":\"Ajuste semaf\u00f3rico com tempo de direita livre no Oswaldo Frota\u00a0\",\"isPartOf\":{\"@id\":\"https:\/\/www.manaus.am.gov.br\/immu\/#website\"},\"primaryImageOfPage\":{\"@id\":\"https:\/\/www.manaus.am.gov.br\/immu\/transito\/ajuste-semaforos-bairro-oswaldo-frota\/#primaryimage\"},\"image\":{\"@id\":\"https:\/\/www.manaus.am.gov.br\/immu\/transito\/ajuste-semaforos-bairro-oswaldo-frota\/#primaryimage\"},\"thumbnailUrl\":\"https:\/\/www.manaus.am.gov.br\/immu\/wp-content\/uploads\/sites\/14\/2025\/06\/Sinalizacao-4.jpeg\",\"datePublished\":\"2025-06-27T19:43:35+00:00\",\"dateModified\":\"2025-06-27T19:43:35+00:00\",\"author\":{\"@id\":\"https:\/\/www.manaus.am.gov.br\/immu\/#\/schema\/person\/05d223aea2bf115f9883a6ff3683d81b\"},\"description\":\"Prefeitura ajusta sem\u00e1foros com tempo de direita livre e melhora fluidez no tr\u00e2nsito no bairro Oswaldo Frota.\",\"breadcrumb\":{\"@id\":\"https:\/\/www.manaus.am.gov.br\/immu\/transito\/ajuste-semaforos-bairro-oswaldo-frota\/#breadcrumb\"},\"inLanguage\":\"pt-BR\",\"potentialAction\":[{\"@type\":\"ReadAction\",\"target\":[\"https:\/\/www.manaus.am.gov.br\/immu\/transito\/ajuste-semaforos-bairro-oswaldo-frota\/\"]}]},{\"@type\":\"ImageObject\",\"inLanguage\":\"pt-BR\",\"@id\":\"https:\/\/www.manaus.am.gov.br\/immu\/transito\/ajuste-semaforos-bairro-oswaldo-frota\/#primaryimage\",\"url\":\"https:\/\/www.manaus.am.gov.br\/immu\/wp-content\/uploads\/sites\/14\/2025\/06\/Sinalizacao-4.jpeg\",\"contentUrl\":\"https:\/\/www.manaus.am.gov.br\/immu\/wp-content\/uploads\/sites\/14\/2025\/06\/Sinalizacao-4.jpeg\",\"width\":1600,\"height\":1066,\"caption\":\"#paratodosverem - Sem\u00e1foros ajustados pelo IMMU em via do bairro Oswaldo Frota\"},{\"@type\":\"BreadcrumbList\",\"@id\":\"https:\/\/www.manaus.am.gov.br\/immu\/transito\/ajuste-semaforos-bairro-oswaldo-frota\/#breadcrumb\",\"itemListElement\":[{\"@type\":\"ListItem\",\"position\":1,\"name\":\"Home\",\"item\":\"https:\/\/www.manaus.am.gov.br\/immu\/\"},{\"@type\":\"ListItem\",\"position\":2,\"name\":\"Prefeitura ajusta sem\u00e1foros com tempo de direita livre e melhora fluidez no tr\u00e2nsito no bairro Oswaldo Frota\u00a0\"}]},{\"@type\":\"WebSite\",\"@id\":\"https:\/\/www.manaus.am.gov.br\/immu\/#website\",\"url\":\"https:\/\/www.manaus.am.gov.br\/immu\/\",\"name\":\"IMMU\",\"description\":\"Prefeitura de Manaus\",\"potentialAction\":[{\"@type\":\"SearchAction\",\"target\":{\"@type\":\"EntryPoint\",\"urlTemplate\":\"https:\/\/www.manaus.am.gov.br\/immu\/?s={search_term_string}\"},\"query-input\":\"required name=search_term_string\"}],\"inLanguage\":\"pt-BR\"},{\"@type\":\"Person\",\"@id\":\"https:\/\/www.manaus.am.gov.br\/immu\/#\/schema\/person\/05d223aea2bf115f9883a6ff3683d81b\",\"name\":\"Bruna Greco\",\"image\":{\"@type\":\"ImageObject\",\"inLanguage\":\"pt-BR\",\"@id\":\"https:\/\/www.manaus.am.gov.br\/immu\/#\/schema\/person\/image\/\",\"url\":\"https:\/\/secure.gravatar.com\/avatar\/9c877d1a6adc2a055330e5c09a8653ce?s=96&d=mm&r=g\",\"contentUrl\":\"https:\/\/secure.gravatar.com\/avatar\/9c877d1a6adc2a055330e5c09a8653ce?s=96&d=mm&r=g\",\"caption\":\"Bruna Greco\"}}]}<\/script>\n<!-- \/ Yoast SEO plugin. -->","yoast_head_json":{"title":"Ajuste semaf\u00f3rico com tempo de direita livre no Oswaldo Frota\u00a0","description":"Prefeitura ajusta sem\u00e1foros com tempo de direita livre e melhora fluidez no tr\u00e2nsito no bairro Oswaldo Frota.","robots":{"index":"noindex","follow":"follow"},"og_locale":"pt_BR","og_type":"article","og_title":"Ajuste semaf\u00f3rico com tempo de direita livre no Oswaldo Frota\u00a0","og_description":"Prefeitura ajusta sem\u00e1foros com tempo de direita livre e melhora fluidez no tr\u00e2nsito no bairro Oswaldo Frota.","og_url":"https:\/\/www.manaus.am.gov.br\/immu\/transito\/ajuste-semaforos-bairro-oswaldo-frota\/","og_site_name":"IMMU","article_published_time":"2025-06-27T19:43:35+00:00","og_image":[{"width":1600,"height":1066,"url":"https:\/\/www.manaus.am.gov.br\/immu\/wp-content\/uploads\/sites\/14\/2025\/06\/Sinalizacao-4.jpeg","type":"image\/jpeg"}],"author":"Bruna Greco","twitter_card":"summary_large_image","twitter_misc":{"Written by":"Bruna Greco","Est. reading time":"2 minutos"},"schema":{"@context":"https:\/\/schema.org","@graph":[{"@type":"WebPage","@id":"https:\/\/www.manaus.am.gov.br\/immu\/transito\/ajuste-semaforos-bairro-oswaldo-frota\/","url":"https:\/\/www.manaus.am.gov.br\/immu\/transito\/ajuste-semaforos-bairro-oswaldo-frota\/","name":"Ajuste semaf\u00f3rico com tempo de direita livre no Oswaldo Frota\u00a0","isPartOf":{"@id":"https:\/\/www.manaus.am.gov.br\/immu\/#website"},"primaryImageOfPage":{"@id":"https:\/\/www.manaus.am.gov.br\/immu\/transito\/ajuste-semaforos-bairro-oswaldo-frota\/#primaryimage"},"image":{"@id":"https:\/\/www.manaus.am.gov.br\/immu\/transito\/ajuste-semaforos-bairro-oswaldo-frota\/#primaryimage"},"thumbnailUrl":"https:\/\/www.manaus.am.gov.br\/immu\/wp-content\/uploads\/sites\/14\/2025\/06\/Sinalizacao-4.jpeg","datePublished":"2025-06-27T19:43:35+00:00","dateModified":"2025-06-27T19:43:35+00:00","author":{"@id":"https:\/\/www.manaus.am.gov.br\/immu\/#\/schema\/person\/05d223aea2bf115f9883a6ff3683d81b"},"description":"Prefeitura ajusta sem\u00e1foros com tempo de direita livre e melhora fluidez no tr\u00e2nsito no bairro Oswaldo Frota.","breadcrumb":{"@id":"https:\/\/www.manaus.am.gov.br\/immu\/transito\/ajuste-semaforos-bairro-oswaldo-frota\/#breadcrumb"},"inLanguage":"pt-BR","potentialAction":[{"@type":"ReadAction","target":["https:\/\/www.manaus.am.gov.br\/immu\/transito\/ajuste-semaforos-bairro-oswaldo-frota\/"]}]},{"@type":"ImageObject","inLanguage":"pt-BR","@id":"https:\/\/www.manaus.am.gov.br\/immu\/transito\/ajuste-semaforos-bairro-oswaldo-frota\/#primaryimage","url":"https:\/\/www.manaus.am.gov.br\/immu\/wp-content\/uploads\/sites\/14\/2025\/06\/Sinalizacao-4.jpeg","contentUrl":"https:\/\/www.manaus.am.gov.br\/immu\/wp-content\/uploads\/sites\/14\/2025\/06\/Sinalizacao-4.jpeg","width":1600,"height":1066,"caption":"#paratodosverem - Sem\u00e1foros ajustados pelo IMMU em via do bairro Oswaldo Frota"},{"@type":"BreadcrumbList","@id":"https:\/\/www.manaus.am.gov.br\/immu\/transito\/ajuste-semaforos-bairro-oswaldo-frota\/#breadcrumb","itemListElement":[{"@type":"ListItem","position":1,"name":"Home","item":"https:\/\/www.manaus.am.gov.br\/immu\/"},{"@type":"ListItem","position":2,"name":"Prefeitura ajusta sem\u00e1foros com tempo de direita livre e melhora fluidez no tr\u00e2nsito no bairro Oswaldo Frota\u00a0"}]},{"@type":"WebSite","@id":"https:\/\/www.manaus.am.gov.br\/immu\/#website","url":"https:\/\/www.manaus.am.gov.br\/immu\/","name":"IMMU","description":"Prefeitura de Manaus","potentialAction":[{"@type":"SearchAction","target":{"@type":"EntryPoint","urlTemplate":"https:\/\/www.manaus.am.gov.br\/immu\/?s={search_term_string}"},"query-input":"required name=search_term_string"}],"inLanguage":"pt-BR"},{"@type":"Person","@id":"https:\/\/www.manaus.am.gov.br\/immu\/#\/schema\/person\/05d223aea2bf115f9883a6ff3683d81b","name":"Bruna Greco","image":{"@type":"ImageObject","inLanguage":"pt-BR","@id":"https:\/\/www.manaus.am.gov.br\/immu\/#\/schema\/person\/image\/","url":"https:\/\/secure.gravatar.com\/avatar\/9c877d1a6adc2a055330e5c09a8653ce?s=96&d=mm&r=g","contentUrl":"https:\/\/secure.gravatar.com\/avatar\/9c877d1a6adc2a055330e5c09a8653ce?s=96&d=mm&r=g","caption":"Bruna Greco"}}]}},"_links":{"self":[{"href":"https:\/\/www.manaus.am.gov.br\/immu\/wp-json\/wp\/v2\/posts\/3978"}],"collection":[{"href":"https:\/\/www.manaus.am.gov.br\/immu\/wp-json\/wp\/v2\/posts"}],"about":[{"href":"https:\/\/www.manaus.am.gov.br\/immu\/wp-json\/wp\/v2\/types\/post"}],"author":[{"embeddable":true,"href":"https:\/\/www.manaus.am.gov.br\/immu\/wp-json\/wp\/v2\/users\/39"}],"replies":[{"embeddable":true,"href":"https:\/\/www.manaus.am.gov.br\/immu\/wp-json\/wp\/v2\/comments?post=3978"}],"version-history":[{"count":1,"href":"https:\/\/www.manaus.am.gov.br\/immu\/wp-json\/wp\/v2\/posts\/3978\/revisions"}],"predecessor-version":[{"id":3981,"href":"https:\/\/www.manaus.am.gov.br\/immu\/wp-json\/wp\/v2\/posts\/3978\/revisions\/3981"}],"wp:featuredmedia":[{"embeddable":true,"href":"https:\/\/www.manaus.am.gov.br\/immu\/wp-json\/wp\/v2\/media\/3980"}],"wp:attachment":[{"href":"https:\/\/www.manaus.am.gov.br\/immu\/wp-json\/wp\/v2\/media?parent=3978"}],"wp:term":[{"taxonomy":"category","embeddable":true,"href":"https:\/\/www.manaus.am.gov.br\/immu\/wp-json\/wp\/v2\/categories?post=3978"},{"taxonomy":"post_tag","embeddable":true,"href":"https:\/\/www.manaus.am.gov.br\/immu\/wp-json\/wp\/v2\/tags?post=3978"}],"curies":[{"name":"wp","href":"https:\/\/api.w.org\/{rel}","templated":true}]}}