{"id":3967,"date":"2025-06-26T13:56:01","date_gmt":"2025-06-26T17:56:01","guid":{"rendered":"https:\/\/www.manaus.am.gov.br\/immu\/sem-categoria\/acao-educativa-radares\/"},"modified":"2025-06-26T13:56:03","modified_gmt":"2025-06-26T17:56:03","slug":"acao-educativa-radares","status":"publish","type":"post","link":"https:\/\/www.manaus.am.gov.br\/immu\/transito\/acao-educativa-radares\/","title":{"rendered":"Prefeitura de Manaus realiza a\u00e7\u00e3o educativa na av. Torquato Tapaj\u00f3s sobre excesso de velocidade e in\u00edcio de opera\u00e7\u00e3o de radares de fiscaliza\u00e7\u00e3o"},"content":{"rendered":"\n<p>A <a href=\"https:\/\/www.instagram.com\/prefeiturademanaus\/\">Prefeitura de Manaus<\/a>, por meio do <a href=\"https:\/\/www.manaus.am.gov.br\/immu\/\">Instituto Municipal de Mobilidade Urbana (IMMU)<\/a>, realizou, nesta quinta-feira, 26\/6, mais uma a\u00e7\u00e3o educativa para\u00a0orientar motoristas quanto aos riscos de alta velocidade e alertar sobre a implanta\u00e7\u00e3o de radares, para evitar acidentes na avenida Torquato Tapaj\u00f3s, bairro Flores.<\/p>\n\n\n\n<p>O diretor de Engenharia, Uarodi Guedes, salientou a import\u00e2ncia da a\u00e7\u00e3o. \u201cA partir do dia 1\u00ba de julho, entram em funcionamento 20 novos pontos de fiscaliza\u00e7\u00e3o eletr\u00f4nica. S\u00e3o 15 pontos de controle de velocidade e 5 pontos de avan\u00e7o de sinal. A prefeitura, por meio do IMMU,&nbsp;est\u00e1 fazendo, ao longo de todo este m\u00eas, campanhas educativas como essa na Torquato Tapaj\u00f3s para informar aos condutores que eles precisam obedecer o limite de velocidade. N\u00e3o \u00e9 preciso &#8211; dentro da cidade \u2013 andar a mais de 60 quil\u00f4metros por hora, as vias n\u00e3o s\u00e3o projetadas para uma velocidade superior. Fazendo isso, respeitando as regras de tr\u00e2nsito, voc\u00ea ajuda a popula\u00e7\u00e3o, ajuda a comunidade a salvar as vidas de tr\u00e2nsito da cidade\u201d, destacou o diretor.<\/p>\n\n\n\n<p>A iniciativa faz parte de um conjunto de a\u00e7\u00f5es integradas do IMMU para melhorar a mobilidade urbana e a seguran\u00e7a no tr\u00e2nsito em Manaus.<\/p>\n\n\n\n<p>A partir de 1\u00ba\/7, tem in\u00edcio a opera\u00e7\u00e3o dos novos radares de fiscaliza\u00e7\u00e3o eletr\u00f4nica instalados em diversos pontos da cidade. O monitoramento visa coibir o excesso de velocidade nas vias e diminuir o n\u00famero de sinistros de tr\u00e2nsito, principalmente, os com v\u00edtimas fatais.<\/p>\n\n\n\n<p><strong>Locais de instala\u00e7\u00e3o dos radares<\/strong><\/p>\n\n\n\n<p>Radares de velocidade \u2013 controlador fixo (mesmo modelo j\u00e1 instalado na avenida do Turismo)<\/p>\n\n\n\n<p>01 &#8211; Avenida Santos Dumont\/Seripa 7 \u2013 Tarum\u00e3<\/p>\n\n\n\n<p>02 &#8211; Avenida Santos Dumont\/Seripa 8 \u2013 Tarum\u00e3<\/p>\n\n\n\n<p>03 &#8211; Avenida Professor Nilton Lins, n\u00ba 900, Jardim Via Veneto \u2013 Flores<\/p>\n\n\n\n<p>04 &#8211; Avenida Professor Nilton Lins, n\u00ba 851 \u2013 Flores<\/p>\n\n\n\n<p>05 &#8211; Avenida Torquato Tapaj\u00f3s, n\u00ba 5.555 \u2013 Innova \u2013 Tarum\u00e3<\/p>\n\n\n\n<p>06 \u2013 Avenida Coronel Teixeira \u2013 em frente \u00e0 12\u00aa Regi\u00e3o Militar \u2013 Ponta Negra<\/p>\n\n\n\n<p>07 &#8211; Avenida Coronel Teixeira\/Supermercado Yroyak \u2013 Ponta Negra<\/p>\n\n\n\n<p>08 &#8211; Avenida das Torres\/Tenente Roxana Bonessi \u2013 Nova Cidade<\/p>\n\n\n\n<p>09 &#8211; Avenida das Torres, n\u00ba 352 \u2013 Nova Galileia \u2013 Nova Cidade<\/p>\n\n\n\n<p>10 &#8211; Avenida Autaz Mirim \u2013 oposto ao Atacad\u00e3o da Grande Circular \u2013 Coroado<\/p>\n\n\n\n<p>11 &#8211; Avenida Autaz Mirim\/Creche Maria Aparecida Silva Dantas \u2013 Zumbi dos Palmares<\/p>\n\n\n\n<p>12 &#8211; Avenida Torquato Tapaj\u00f3s \u2013 frente ao Nova Era \u2013 Da Paz<\/p>\n\n\n\n<p>13 &#8211; Avenida Torquato Tapaj\u00f3s \u2013 frente \u00e0 F\u00e1brica TPV \u2013 Flores<\/p>\n\n\n\n<p><strong>Lombadas eletr\u00f4nicas \u2013 redutores de velocidade<\/strong><\/p>\n\n\n\n<p>14 &#8211; Avenida Ephig\u00eanio Salles, n\u00ba 1.835 \u2013 condom\u00ednio Bosque Imperial \u2013 Aleixo<\/p>\n\n\n\n<p>15 &#8211; Avenida Rodrigo Ot\u00e1vio\/Rua das \u00c1guias \u2013 Vila Buriti<\/p>\n\n\n\n<p><strong>Radares de avan\u00e7o de sinal vermelho<\/strong><\/p>\n\n\n\n<p>16 &#8211; Avenida Codaj\u00e1s\/Avenida Marqu\u00eas da Silveira \u2013 Petr\u00f3polis,<\/p>\n\n\n\n<p>17 &#8211; Avenida Codaj\u00e1s\/Avenida Marqu\u00eas da Silveira \u2013 S\u00e3o Francisco,<\/p>\n\n\n\n<p>18 &#8211; Avenida Para\u00edba\/Avenida Andr\u00e9 Ara\u00fajo \u2013 Adrian\u00f3polis<\/p>\n\n\n\n<p>19 &#8211; Avenida Andr\u00e9 Ara\u00fajo (al\u00e7a)\/Avenida Jornalista Umberto Calderaro Filho \u2013 Adrian\u00f3polis<\/p>\n\n\n\n<p>20 &#8211; Avenida Jornalista Umberto Calderaro Filho\/Rua Belo Horizonte \u2013 Adrian\u00f3polis<\/p>\n\n\n\n<p>&#8212; &#8212; &#8212;<\/p>\n\n\n\n<p><strong>Texto &#8211;<\/strong> \u00c1lisson Castro \/ IMMU<\/p>\n\n\n\n<p><strong>Fotos &#8211;<\/strong> Cl\u00f3vis Miranda \/ Semcom<\/p>\n","protected":false},"excerpt":{"rendered":"","protected":false},"author":57,"featured_media":3968,"comment_status":"closed","ping_status":"closed","sticky":false,"template":"","format":"standard","meta":{"footnotes":""},"categories":[46],"tags":[387,6,8,50],"acf":[],"yoast_head":"<!-- This site is optimized with the Yoast SEO plugin v23.0 - https:\/\/yoast.com\/wordpress\/plugins\/seo\/ -->\n<title>Prefeitura realiza a\u00e7\u00e3o educativa na av. Torquato Tapaj\u00f3s<\/title>\n<meta name=\"description\" content=\"A Prefeitura realizou, nesta quinta-feira, 26\/6, mais uma a\u00e7\u00e3o educativa para\u00a0orientar motoristas quanto aos riscos de alta velocidade.\" \/>\n<meta name=\"robots\" content=\"noindex, follow\" \/>\n<meta property=\"og:locale\" content=\"pt_BR\" \/>\n<meta property=\"og:type\" content=\"article\" \/>\n<meta property=\"og:title\" content=\"Prefeitura realiza a\u00e7\u00e3o educativa na av. Torquato Tapaj\u00f3s\" \/>\n<meta property=\"og:description\" content=\"A Prefeitura realizou, nesta quinta-feira, 26\/6, mais uma a\u00e7\u00e3o educativa para\u00a0orientar motoristas quanto aos riscos de alta velocidade.\" \/>\n<meta property=\"og:url\" content=\"https:\/\/www.manaus.am.gov.br\/immu\/transito\/acao-educativa-radares\/\" \/>\n<meta property=\"og:site_name\" content=\"IMMU\" \/>\n<meta property=\"article:published_time\" content=\"2025-06-26T17:56:01+00:00\" \/>\n<meta property=\"article:modified_time\" content=\"2025-06-26T17:56:03+00:00\" \/>\n<meta property=\"og:image\" content=\"https:\/\/www.manaus.am.gov.br\/immu\/wp-content\/uploads\/sites\/14\/2025\/06\/acao-educativa_IMMU-3.jpg\" \/>\n\t<meta property=\"og:image:width\" content=\"799\" \/>\n\t<meta property=\"og:image:height\" content=\"533\" \/>\n\t<meta property=\"og:image:type\" content=\"image\/jpeg\" \/>\n<meta name=\"author\" content=\"Thiago Fernando\" \/>\n<meta name=\"twitter:card\" content=\"summary_large_image\" \/>\n<meta name=\"twitter:label1\" content=\"Written by\" \/>\n\t<meta name=\"twitter:data1\" content=\"Thiago Fernando\" \/>\n\t<meta name=\"twitter:label2\" content=\"Est. reading time\" \/>\n\t<meta name=\"twitter:data2\" content=\"3 minutos\" \/>\n<script type=\"application\/ld+json\" class=\"yoast-schema-graph\">{\"@context\":\"https:\/\/schema.org\",\"@graph\":[{\"@type\":\"WebPage\",\"@id\":\"https:\/\/www.manaus.am.gov.br\/immu\/transito\/acao-educativa-radares\/\",\"url\":\"https:\/\/www.manaus.am.gov.br\/immu\/transito\/acao-educativa-radares\/\",\"name\":\"Prefeitura realiza a\u00e7\u00e3o educativa na av. Torquato Tapaj\u00f3s\",\"isPartOf\":{\"@id\":\"https:\/\/www.manaus.am.gov.br\/immu\/#website\"},\"primaryImageOfPage\":{\"@id\":\"https:\/\/www.manaus.am.gov.br\/immu\/transito\/acao-educativa-radares\/#primaryimage\"},\"image\":{\"@id\":\"https:\/\/www.manaus.am.gov.br\/immu\/transito\/acao-educativa-radares\/#primaryimage\"},\"thumbnailUrl\":\"https:\/\/www.manaus.am.gov.br\/immu\/wp-content\/uploads\/sites\/14\/2025\/06\/acao-educativa_IMMU-3.jpg\",\"datePublished\":\"2025-06-26T17:56:01+00:00\",\"dateModified\":\"2025-06-26T17:56:03+00:00\",\"author\":{\"@id\":\"https:\/\/www.manaus.am.gov.br\/immu\/#\/schema\/person\/a5ee5376db6e21af026374b369f30882\"},\"description\":\"A Prefeitura realizou, nesta quinta-feira, 26\/6, mais uma a\u00e7\u00e3o educativa para\u00a0orientar motoristas quanto aos riscos de alta velocidade.\",\"breadcrumb\":{\"@id\":\"https:\/\/www.manaus.am.gov.br\/immu\/transito\/acao-educativa-radares\/#breadcrumb\"},\"inLanguage\":\"pt-BR\",\"potentialAction\":[{\"@type\":\"ReadAction\",\"target\":[\"https:\/\/www.manaus.am.gov.br\/immu\/transito\/acao-educativa-radares\/\"]}]},{\"@type\":\"ImageObject\",\"inLanguage\":\"pt-BR\",\"@id\":\"https:\/\/www.manaus.am.gov.br\/immu\/transito\/acao-educativa-radares\/#primaryimage\",\"url\":\"https:\/\/www.manaus.am.gov.br\/immu\/wp-content\/uploads\/sites\/14\/2025\/06\/acao-educativa_IMMU-3.jpg\",\"contentUrl\":\"https:\/\/www.manaus.am.gov.br\/immu\/wp-content\/uploads\/sites\/14\/2025\/06\/acao-educativa_IMMU-3.jpg\",\"width\":799,\"height\":533,\"caption\":\"a\u00e7\u00e3o educativa\"},{\"@type\":\"BreadcrumbList\",\"@id\":\"https:\/\/www.manaus.am.gov.br\/immu\/transito\/acao-educativa-radares\/#breadcrumb\",\"itemListElement\":[{\"@type\":\"ListItem\",\"position\":1,\"name\":\"Home\",\"item\":\"https:\/\/www.manaus.am.gov.br\/immu\/\"},{\"@type\":\"ListItem\",\"position\":2,\"name\":\"Prefeitura de Manaus realiza a\u00e7\u00e3o educativa na av. Torquato Tapaj\u00f3s sobre excesso de velocidade e in\u00edcio de opera\u00e7\u00e3o de radares de fiscaliza\u00e7\u00e3o\"}]},{\"@type\":\"WebSite\",\"@id\":\"https:\/\/www.manaus.am.gov.br\/immu\/#website\",\"url\":\"https:\/\/www.manaus.am.gov.br\/immu\/\",\"name\":\"IMMU\",\"description\":\"Prefeitura de Manaus\",\"potentialAction\":[{\"@type\":\"SearchAction\",\"target\":{\"@type\":\"EntryPoint\",\"urlTemplate\":\"https:\/\/www.manaus.am.gov.br\/immu\/?s={search_term_string}\"},\"query-input\":\"required name=search_term_string\"}],\"inLanguage\":\"pt-BR\"},{\"@type\":\"Person\",\"@id\":\"https:\/\/www.manaus.am.gov.br\/immu\/#\/schema\/person\/a5ee5376db6e21af026374b369f30882\",\"name\":\"Thiago Fernando\",\"image\":{\"@type\":\"ImageObject\",\"inLanguage\":\"pt-BR\",\"@id\":\"https:\/\/www.manaus.am.gov.br\/immu\/#\/schema\/person\/image\/\",\"url\":\"https:\/\/secure.gravatar.com\/avatar\/f5aab8722444041451501c077052ac07?s=96&d=mm&r=g\",\"contentUrl\":\"https:\/\/secure.gravatar.com\/avatar\/f5aab8722444041451501c077052ac07?s=96&d=mm&r=g\",\"caption\":\"Thiago Fernando\"}}]}<\/script>\n<!-- \/ Yoast SEO plugin. -->","yoast_head_json":{"title":"Prefeitura realiza a\u00e7\u00e3o educativa na av. Torquato Tapaj\u00f3s","description":"A Prefeitura realizou, nesta quinta-feira, 26\/6, mais uma a\u00e7\u00e3o educativa para\u00a0orientar motoristas quanto aos riscos de alta velocidade.","robots":{"index":"noindex","follow":"follow"},"og_locale":"pt_BR","og_type":"article","og_title":"Prefeitura realiza a\u00e7\u00e3o educativa na av. Torquato Tapaj\u00f3s","og_description":"A Prefeitura realizou, nesta quinta-feira, 26\/6, mais uma a\u00e7\u00e3o educativa para\u00a0orientar motoristas quanto aos riscos de alta velocidade.","og_url":"https:\/\/www.manaus.am.gov.br\/immu\/transito\/acao-educativa-radares\/","og_site_name":"IMMU","article_published_time":"2025-06-26T17:56:01+00:00","article_modified_time":"2025-06-26T17:56:03+00:00","og_image":[{"width":799,"height":533,"url":"https:\/\/www.manaus.am.gov.br\/immu\/wp-content\/uploads\/sites\/14\/2025\/06\/acao-educativa_IMMU-3.jpg","type":"image\/jpeg"}],"author":"Thiago Fernando","twitter_card":"summary_large_image","twitter_misc":{"Written by":"Thiago Fernando","Est. reading time":"3 minutos"},"schema":{"@context":"https:\/\/schema.org","@graph":[{"@type":"WebPage","@id":"https:\/\/www.manaus.am.gov.br\/immu\/transito\/acao-educativa-radares\/","url":"https:\/\/www.manaus.am.gov.br\/immu\/transito\/acao-educativa-radares\/","name":"Prefeitura realiza a\u00e7\u00e3o educativa na av. Torquato Tapaj\u00f3s","isPartOf":{"@id":"https:\/\/www.manaus.am.gov.br\/immu\/#website"},"primaryImageOfPage":{"@id":"https:\/\/www.manaus.am.gov.br\/immu\/transito\/acao-educativa-radares\/#primaryimage"},"image":{"@id":"https:\/\/www.manaus.am.gov.br\/immu\/transito\/acao-educativa-radares\/#primaryimage"},"thumbnailUrl":"https:\/\/www.manaus.am.gov.br\/immu\/wp-content\/uploads\/sites\/14\/2025\/06\/acao-educativa_IMMU-3.jpg","datePublished":"2025-06-26T17:56:01+00:00","dateModified":"2025-06-26T17:56:03+00:00","author":{"@id":"https:\/\/www.manaus.am.gov.br\/immu\/#\/schema\/person\/a5ee5376db6e21af026374b369f30882"},"description":"A Prefeitura realizou, nesta quinta-feira, 26\/6, mais uma a\u00e7\u00e3o educativa para\u00a0orientar motoristas quanto aos riscos de alta velocidade.","breadcrumb":{"@id":"https:\/\/www.manaus.am.gov.br\/immu\/transito\/acao-educativa-radares\/#breadcrumb"},"inLanguage":"pt-BR","potentialAction":[{"@type":"ReadAction","target":["https:\/\/www.manaus.am.gov.br\/immu\/transito\/acao-educativa-radares\/"]}]},{"@type":"ImageObject","inLanguage":"pt-BR","@id":"https:\/\/www.manaus.am.gov.br\/immu\/transito\/acao-educativa-radares\/#primaryimage","url":"https:\/\/www.manaus.am.gov.br\/immu\/wp-content\/uploads\/sites\/14\/2025\/06\/acao-educativa_IMMU-3.jpg","contentUrl":"https:\/\/www.manaus.am.gov.br\/immu\/wp-content\/uploads\/sites\/14\/2025\/06\/acao-educativa_IMMU-3.jpg","width":799,"height":533,"caption":"a\u00e7\u00e3o educativa"},{"@type":"BreadcrumbList","@id":"https:\/\/www.manaus.am.gov.br\/immu\/transito\/acao-educativa-radares\/#breadcrumb","itemListElement":[{"@type":"ListItem","position":1,"name":"Home","item":"https:\/\/www.manaus.am.gov.br\/immu\/"},{"@type":"ListItem","position":2,"name":"Prefeitura de Manaus realiza a\u00e7\u00e3o educativa na av. Torquato Tapaj\u00f3s sobre excesso de velocidade e in\u00edcio de opera\u00e7\u00e3o de radares de fiscaliza\u00e7\u00e3o"}]},{"@type":"WebSite","@id":"https:\/\/www.manaus.am.gov.br\/immu\/#website","url":"https:\/\/www.manaus.am.gov.br\/immu\/","name":"IMMU","description":"Prefeitura de Manaus","potentialAction":[{"@type":"SearchAction","target":{"@type":"EntryPoint","urlTemplate":"https:\/\/www.manaus.am.gov.br\/immu\/?s={search_term_string}"},"query-input":"required name=search_term_string"}],"inLanguage":"pt-BR"},{"@type":"Person","@id":"https:\/\/www.manaus.am.gov.br\/immu\/#\/schema\/person\/a5ee5376db6e21af026374b369f30882","name":"Thiago Fernando","image":{"@type":"ImageObject","inLanguage":"pt-BR","@id":"https:\/\/www.manaus.am.gov.br\/immu\/#\/schema\/person\/image\/","url":"https:\/\/secure.gravatar.com\/avatar\/f5aab8722444041451501c077052ac07?s=96&d=mm&r=g","contentUrl":"https:\/\/secure.gravatar.com\/avatar\/f5aab8722444041451501c077052ac07?s=96&d=mm&r=g","caption":"Thiago Fernando"}}]}},"_links":{"self":[{"href":"https:\/\/www.manaus.am.gov.br\/immu\/wp-json\/wp\/v2\/posts\/3967"}],"collection":[{"href":"https:\/\/www.manaus.am.gov.br\/immu\/wp-json\/wp\/v2\/posts"}],"about":[{"href":"https:\/\/www.manaus.am.gov.br\/immu\/wp-json\/wp\/v2\/types\/post"}],"author":[{"embeddable":true,"href":"https:\/\/www.manaus.am.gov.br\/immu\/wp-json\/wp\/v2\/users\/57"}],"replies":[{"embeddable":true,"href":"https:\/\/www.manaus.am.gov.br\/immu\/wp-json\/wp\/v2\/comments?post=3967"}],"version-history":[{"count":0,"href":"https:\/\/www.manaus.am.gov.br\/immu\/wp-json\/wp\/v2\/posts\/3967\/revisions"}],"wp:featuredmedia":[{"embeddable":true,"href":"https:\/\/www.manaus.am.gov.br\/immu\/wp-json\/wp\/v2\/media\/3968"}],"wp:attachment":[{"href":"https:\/\/www.manaus.am.gov.br\/immu\/wp-json\/wp\/v2\/media?parent=3967"}],"wp:term":[{"taxonomy":"category","embeddable":true,"href":"https:\/\/www.manaus.am.gov.br\/immu\/wp-json\/wp\/v2\/categories?post=3967"},{"taxonomy":"post_tag","embeddable":true,"href":"https:\/\/www.manaus.am.gov.br\/immu\/wp-json\/wp\/v2\/tags?post=3967"}],"curies":[{"name":"wp","href":"https:\/\/api.w.org\/{rel}","templated":true}]}}