{"id":3961,"date":"2025-06-25T13:13:58","date_gmt":"2025-06-25T17:13:58","guid":{"rendered":"https:\/\/www.manaus.am.gov.br\/immu\/sem-categoria\/prefeitura-immu-transportecomplementar\/"},"modified":"2025-06-25T13:13:59","modified_gmt":"2025-06-25T17:13:59","slug":"prefeitura-immu-transportecomplementar","status":"publish","type":"post","link":"https:\/\/www.manaus.am.gov.br\/immu\/mobilidade\/prefeitura-immu-transportecomplementar\/","title":{"rendered":"Prefeitura apresenta proposta de funcionamento do novo transporte complementar"},"content":{"rendered":"\n<p>Em mais uma etapa de implanta\u00e7\u00e3o do modal complementar, a Prefeitura de Manaus, por meio do Instituto Municipal de Mobilidade Urbana (IMMU), promoveu, na ter\u00e7a-feira, 24\/6, uma reuni\u00e3o com representantes do novo sistema de transporte para mostrar o plano de opera\u00e7\u00e3o das linhas que ir\u00e3o atender a popula\u00e7\u00e3o em todas as zonas da cidade, especialmente as Norte e&nbsp;Leste da capital.<\/p>\n\n\n\n<p>Ap\u00f3s a apresenta\u00e7\u00e3o da proposta, os participantes aproveitaram o momento para apresentar ideias e pondera\u00e7\u00f5es sobre o novo sistema.<\/p>\n\n\n\n<p>\u201cTrata-se de uma reuni\u00e3o operacional com os permission\u00e1rios que ganharam as autoriza\u00e7\u00f5es para operar o sistema complementar o transporte p\u00fablico. \u00c9 ainda uma reuni\u00e3o de alinhamento para mostrar a eles como se encontra a licita\u00e7\u00e3o, caracter\u00edsticas do contrato, cl\u00e1usulas que v\u00e3o vigorar, as obriga\u00e7\u00f5es e os direitos na opera\u00e7\u00e3o desse servi\u00e7o de extrema import\u00e2ncia para a popula\u00e7\u00e3o de Manaus\u201d, destacou o diretor-presidente do IMMU, Arnaldo Flores.<\/p>\n\n\n\n<p>Ainda segundo o diretor-presidente, o novo modal representa mais uma alternativa de transporte \u00e0 popula\u00e7\u00e3o de Manaus. \u201cO sistema ir\u00e1 atender a zona Leste de Manaus e outras partes da cidade e ir\u00e1 se integrar ao sistema de transporte p\u00fablico coletivo\u201d, completou.<\/p>\n\n\n\n<p>A proposta do novo sistema \u00e9 substituir o servi\u00e7o alternativo e executivo, al\u00e9m de integrar o transporte Complementar ao sistema p\u00fablico urbano com viagens programadas, frota estabelecida, e o passageiro poder\u00e1, inclusive, acessar os ve\u00edculos utilizando o vale-transporte, o cart\u00e3o do estudante e ainda os cart\u00f5es gratuidade para Pessoa com Defici\u00eancia (PcD).<\/p>\n\n\n\n<p>Outro benef\u00edcio que o transporte Complementar vai oferecer \u00e9 a utiliza\u00e7\u00e3o de linhas diretas e tamb\u00e9m linhas que atender\u00e3o os terminais e as esta\u00e7\u00f5es. Assim, com uma \u00fanica passagem, o usu\u00e1rio poder\u00e1 fazer o deslocamento da maneira que achar melhor, por toda a cidade.<\/p>\n\n\n\n<p>Todas essas mudan\u00e7as previstas no sistema de transporte est\u00e3o inclu\u00eddas no plano de governo do prefeito David Almeida para oferecer melhorias e investimento no transporte coletivo.<\/p>\n\n\n\n<p>&#8212; &#8212; &#8211;<\/p>\n\n\n\n<p><strong>Texto<\/strong> &#8211; \u00c1lisson Castro\/IMMU<\/p>\n\n\n\n<p><strong>Fotos<\/strong> &#8211; Karol Silva\/IMMU<\/p>\n","protected":false},"excerpt":{"rendered":"","protected":false},"author":23,"featured_media":3962,"comment_status":"closed","ping_status":"closed","sticky":false,"template":"","format":"standard","meta":{"footnotes":""},"categories":[31],"tags":[6,8,2049,137,742],"acf":[],"yoast_head":"<!-- This site is optimized with the Yoast SEO plugin v23.0 - https:\/\/yoast.com\/wordpress\/plugins\/seo\/ -->\n<title>Prefeitura apresenta proposta de funcionamento do novo transporte complementar<\/title>\n<meta name=\"description\" content=\"Em mais uma etapa de implanta\u00e7\u00e3o do modal complementar, a Prefeitura de Manaus, por meio do Instituto Municipal de Mobilidade Urbana (IMMU), promoveu, na ter\u00e7a-feira, 24\/6, uma reuni\u00e3o com representantes do novo sistema de transporte para mostrar o plano de opera\u00e7\u00e3o das linhas que ir\u00e3o atender a popula\u00e7\u00e3o em todas as zonas da cidade, especialmente as Norte e Leste da capital.\" \/>\n<meta name=\"robots\" content=\"noindex, follow\" \/>\n<meta property=\"og:locale\" content=\"pt_BR\" \/>\n<meta property=\"og:type\" content=\"article\" \/>\n<meta property=\"og:title\" content=\"Prefeitura apresenta proposta de funcionamento do novo transporte complementar\" \/>\n<meta property=\"og:description\" content=\"Em mais uma etapa de implanta\u00e7\u00e3o do modal complementar, a Prefeitura de Manaus, por meio do Instituto Municipal de Mobilidade Urbana (IMMU), promoveu, na ter\u00e7a-feira, 24\/6, uma reuni\u00e3o com representantes do novo sistema de transporte para mostrar o plano de opera\u00e7\u00e3o das linhas que ir\u00e3o atender a popula\u00e7\u00e3o em todas as zonas da cidade, especialmente as Norte e Leste da capital.\" \/>\n<meta property=\"og:url\" content=\"https:\/\/www.manaus.am.gov.br\/immu\/mobilidade\/prefeitura-immu-transportecomplementar\/\" \/>\n<meta property=\"og:site_name\" content=\"IMMU\" \/>\n<meta property=\"article:published_time\" content=\"2025-06-25T17:13:58+00:00\" \/>\n<meta property=\"article:modified_time\" content=\"2025-06-25T17:13:59+00:00\" \/>\n<meta property=\"og:image\" content=\"https:\/\/www.manaus.am.gov.br\/immu\/wp-content\/uploads\/sites\/14\/2025\/06\/1002045638.jpg\" \/>\n\t<meta property=\"og:image:width\" content=\"4160\" \/>\n\t<meta property=\"og:image:height\" content=\"2774\" \/>\n\t<meta property=\"og:image:type\" content=\"image\/jpeg\" \/>\n<meta name=\"author\" content=\"Adriana Costa\" \/>\n<meta name=\"twitter:card\" content=\"summary_large_image\" \/>\n<meta name=\"twitter:label1\" content=\"Written by\" \/>\n\t<meta name=\"twitter:data1\" content=\"Adriana Costa\" \/>\n\t<meta name=\"twitter:label2\" content=\"Est. reading time\" \/>\n\t<meta name=\"twitter:data2\" content=\"2 minutos\" \/>\n<script type=\"application\/ld+json\" class=\"yoast-schema-graph\">{\"@context\":\"https:\/\/schema.org\",\"@graph\":[{\"@type\":\"WebPage\",\"@id\":\"https:\/\/www.manaus.am.gov.br\/immu\/mobilidade\/prefeitura-immu-transportecomplementar\/\",\"url\":\"https:\/\/www.manaus.am.gov.br\/immu\/mobilidade\/prefeitura-immu-transportecomplementar\/\",\"name\":\"Prefeitura apresenta proposta de funcionamento do novo transporte complementar\",\"isPartOf\":{\"@id\":\"https:\/\/www.manaus.am.gov.br\/immu\/#website\"},\"primaryImageOfPage\":{\"@id\":\"https:\/\/www.manaus.am.gov.br\/immu\/mobilidade\/prefeitura-immu-transportecomplementar\/#primaryimage\"},\"image\":{\"@id\":\"https:\/\/www.manaus.am.gov.br\/immu\/mobilidade\/prefeitura-immu-transportecomplementar\/#primaryimage\"},\"thumbnailUrl\":\"https:\/\/www.manaus.am.gov.br\/immu\/wp-content\/uploads\/sites\/14\/2025\/06\/1002045638.jpg\",\"datePublished\":\"2025-06-25T17:13:58+00:00\",\"dateModified\":\"2025-06-25T17:13:59+00:00\",\"author\":{\"@id\":\"https:\/\/www.manaus.am.gov.br\/immu\/#\/schema\/person\/4e49f4e267757a06ca072ec61b2b9968\"},\"description\":\"Em mais uma etapa de implanta\u00e7\u00e3o do modal complementar, a Prefeitura de Manaus, por meio do Instituto Municipal de Mobilidade Urbana (IMMU), promoveu, na ter\u00e7a-feira, 24\/6, uma reuni\u00e3o com representantes do novo sistema de transporte para mostrar o plano de opera\u00e7\u00e3o das linhas que ir\u00e3o atender a popula\u00e7\u00e3o em todas as zonas da cidade, especialmente as Norte e Leste da capital.\",\"breadcrumb\":{\"@id\":\"https:\/\/www.manaus.am.gov.br\/immu\/mobilidade\/prefeitura-immu-transportecomplementar\/#breadcrumb\"},\"inLanguage\":\"pt-BR\",\"potentialAction\":[{\"@type\":\"ReadAction\",\"target\":[\"https:\/\/www.manaus.am.gov.br\/immu\/mobilidade\/prefeitura-immu-transportecomplementar\/\"]}]},{\"@type\":\"ImageObject\",\"inLanguage\":\"pt-BR\",\"@id\":\"https:\/\/www.manaus.am.gov.br\/immu\/mobilidade\/prefeitura-immu-transportecomplementar\/#primaryimage\",\"url\":\"https:\/\/www.manaus.am.gov.br\/immu\/wp-content\/uploads\/sites\/14\/2025\/06\/1002045638.jpg\",\"contentUrl\":\"https:\/\/www.manaus.am.gov.br\/immu\/wp-content\/uploads\/sites\/14\/2025\/06\/1002045638.jpg\",\"width\":4160,\"height\":2774},{\"@type\":\"BreadcrumbList\",\"@id\":\"https:\/\/www.manaus.am.gov.br\/immu\/mobilidade\/prefeitura-immu-transportecomplementar\/#breadcrumb\",\"itemListElement\":[{\"@type\":\"ListItem\",\"position\":1,\"name\":\"Home\",\"item\":\"https:\/\/www.manaus.am.gov.br\/immu\/\"},{\"@type\":\"ListItem\",\"position\":2,\"name\":\"Prefeitura apresenta proposta de funcionamento do novo transporte complementar\"}]},{\"@type\":\"WebSite\",\"@id\":\"https:\/\/www.manaus.am.gov.br\/immu\/#website\",\"url\":\"https:\/\/www.manaus.am.gov.br\/immu\/\",\"name\":\"IMMU\",\"description\":\"Prefeitura de Manaus\",\"potentialAction\":[{\"@type\":\"SearchAction\",\"target\":{\"@type\":\"EntryPoint\",\"urlTemplate\":\"https:\/\/www.manaus.am.gov.br\/immu\/?s={search_term_string}\"},\"query-input\":\"required name=search_term_string\"}],\"inLanguage\":\"pt-BR\"},{\"@type\":\"Person\",\"@id\":\"https:\/\/www.manaus.am.gov.br\/immu\/#\/schema\/person\/4e49f4e267757a06ca072ec61b2b9968\",\"name\":\"Adriana Costa\",\"image\":{\"@type\":\"ImageObject\",\"inLanguage\":\"pt-BR\",\"@id\":\"https:\/\/www.manaus.am.gov.br\/immu\/#\/schema\/person\/image\/\",\"url\":\"https:\/\/secure.gravatar.com\/avatar\/576258617ef7194f718179e766d57bd4?s=96&d=mm&r=g\",\"contentUrl\":\"https:\/\/secure.gravatar.com\/avatar\/576258617ef7194f718179e766d57bd4?s=96&d=mm&r=g\",\"caption\":\"Adriana Costa\"}}]}<\/script>\n<!-- \/ Yoast SEO plugin. -->","yoast_head_json":{"title":"Prefeitura apresenta proposta de funcionamento do novo transporte complementar","description":"Em mais uma etapa de implanta\u00e7\u00e3o do modal complementar, a Prefeitura de Manaus, por meio do Instituto Municipal de Mobilidade Urbana (IMMU), promoveu, na ter\u00e7a-feira, 24\/6, uma reuni\u00e3o com representantes do novo sistema de transporte para mostrar o plano de opera\u00e7\u00e3o das linhas que ir\u00e3o atender a popula\u00e7\u00e3o em todas as zonas da cidade, especialmente as Norte e Leste da capital.","robots":{"index":"noindex","follow":"follow"},"og_locale":"pt_BR","og_type":"article","og_title":"Prefeitura apresenta proposta de funcionamento do novo transporte complementar","og_description":"Em mais uma etapa de implanta\u00e7\u00e3o do modal complementar, a Prefeitura de Manaus, por meio do Instituto Municipal de Mobilidade Urbana (IMMU), promoveu, na ter\u00e7a-feira, 24\/6, uma reuni\u00e3o com representantes do novo sistema de transporte para mostrar o plano de opera\u00e7\u00e3o das linhas que ir\u00e3o atender a popula\u00e7\u00e3o em todas as zonas da cidade, especialmente as Norte e Leste da capital.","og_url":"https:\/\/www.manaus.am.gov.br\/immu\/mobilidade\/prefeitura-immu-transportecomplementar\/","og_site_name":"IMMU","article_published_time":"2025-06-25T17:13:58+00:00","article_modified_time":"2025-06-25T17:13:59+00:00","og_image":[{"width":4160,"height":2774,"url":"https:\/\/www.manaus.am.gov.br\/immu\/wp-content\/uploads\/sites\/14\/2025\/06\/1002045638.jpg","type":"image\/jpeg"}],"author":"Adriana Costa","twitter_card":"summary_large_image","twitter_misc":{"Written by":"Adriana Costa","Est. reading time":"2 minutos"},"schema":{"@context":"https:\/\/schema.org","@graph":[{"@type":"WebPage","@id":"https:\/\/www.manaus.am.gov.br\/immu\/mobilidade\/prefeitura-immu-transportecomplementar\/","url":"https:\/\/www.manaus.am.gov.br\/immu\/mobilidade\/prefeitura-immu-transportecomplementar\/","name":"Prefeitura apresenta proposta de funcionamento do novo transporte complementar","isPartOf":{"@id":"https:\/\/www.manaus.am.gov.br\/immu\/#website"},"primaryImageOfPage":{"@id":"https:\/\/www.manaus.am.gov.br\/immu\/mobilidade\/prefeitura-immu-transportecomplementar\/#primaryimage"},"image":{"@id":"https:\/\/www.manaus.am.gov.br\/immu\/mobilidade\/prefeitura-immu-transportecomplementar\/#primaryimage"},"thumbnailUrl":"https:\/\/www.manaus.am.gov.br\/immu\/wp-content\/uploads\/sites\/14\/2025\/06\/1002045638.jpg","datePublished":"2025-06-25T17:13:58+00:00","dateModified":"2025-06-25T17:13:59+00:00","author":{"@id":"https:\/\/www.manaus.am.gov.br\/immu\/#\/schema\/person\/4e49f4e267757a06ca072ec61b2b9968"},"description":"Em mais uma etapa de implanta\u00e7\u00e3o do modal complementar, a Prefeitura de Manaus, por meio do Instituto Municipal de Mobilidade Urbana (IMMU), promoveu, na ter\u00e7a-feira, 24\/6, uma reuni\u00e3o com representantes do novo sistema de transporte para mostrar o plano de opera\u00e7\u00e3o das linhas que ir\u00e3o atender a popula\u00e7\u00e3o em todas as zonas da cidade, especialmente as Norte e Leste da capital.","breadcrumb":{"@id":"https:\/\/www.manaus.am.gov.br\/immu\/mobilidade\/prefeitura-immu-transportecomplementar\/#breadcrumb"},"inLanguage":"pt-BR","potentialAction":[{"@type":"ReadAction","target":["https:\/\/www.manaus.am.gov.br\/immu\/mobilidade\/prefeitura-immu-transportecomplementar\/"]}]},{"@type":"ImageObject","inLanguage":"pt-BR","@id":"https:\/\/www.manaus.am.gov.br\/immu\/mobilidade\/prefeitura-immu-transportecomplementar\/#primaryimage","url":"https:\/\/www.manaus.am.gov.br\/immu\/wp-content\/uploads\/sites\/14\/2025\/06\/1002045638.jpg","contentUrl":"https:\/\/www.manaus.am.gov.br\/immu\/wp-content\/uploads\/sites\/14\/2025\/06\/1002045638.jpg","width":4160,"height":2774},{"@type":"BreadcrumbList","@id":"https:\/\/www.manaus.am.gov.br\/immu\/mobilidade\/prefeitura-immu-transportecomplementar\/#breadcrumb","itemListElement":[{"@type":"ListItem","position":1,"name":"Home","item":"https:\/\/www.manaus.am.gov.br\/immu\/"},{"@type":"ListItem","position":2,"name":"Prefeitura apresenta proposta de funcionamento do novo transporte complementar"}]},{"@type":"WebSite","@id":"https:\/\/www.manaus.am.gov.br\/immu\/#website","url":"https:\/\/www.manaus.am.gov.br\/immu\/","name":"IMMU","description":"Prefeitura de Manaus","potentialAction":[{"@type":"SearchAction","target":{"@type":"EntryPoint","urlTemplate":"https:\/\/www.manaus.am.gov.br\/immu\/?s={search_term_string}"},"query-input":"required name=search_term_string"}],"inLanguage":"pt-BR"},{"@type":"Person","@id":"https:\/\/www.manaus.am.gov.br\/immu\/#\/schema\/person\/4e49f4e267757a06ca072ec61b2b9968","name":"Adriana Costa","image":{"@type":"ImageObject","inLanguage":"pt-BR","@id":"https:\/\/www.manaus.am.gov.br\/immu\/#\/schema\/person\/image\/","url":"https:\/\/secure.gravatar.com\/avatar\/576258617ef7194f718179e766d57bd4?s=96&d=mm&r=g","contentUrl":"https:\/\/secure.gravatar.com\/avatar\/576258617ef7194f718179e766d57bd4?s=96&d=mm&r=g","caption":"Adriana Costa"}}]}},"_links":{"self":[{"href":"https:\/\/www.manaus.am.gov.br\/immu\/wp-json\/wp\/v2\/posts\/3961"}],"collection":[{"href":"https:\/\/www.manaus.am.gov.br\/immu\/wp-json\/wp\/v2\/posts"}],"about":[{"href":"https:\/\/www.manaus.am.gov.br\/immu\/wp-json\/wp\/v2\/types\/post"}],"author":[{"embeddable":true,"href":"https:\/\/www.manaus.am.gov.br\/immu\/wp-json\/wp\/v2\/users\/23"}],"replies":[{"embeddable":true,"href":"https:\/\/www.manaus.am.gov.br\/immu\/wp-json\/wp\/v2\/comments?post=3961"}],"version-history":[{"count":0,"href":"https:\/\/www.manaus.am.gov.br\/immu\/wp-json\/wp\/v2\/posts\/3961\/revisions"}],"wp:featuredmedia":[{"embeddable":true,"href":"https:\/\/www.manaus.am.gov.br\/immu\/wp-json\/wp\/v2\/media\/3962"}],"wp:attachment":[{"href":"https:\/\/www.manaus.am.gov.br\/immu\/wp-json\/wp\/v2\/media?parent=3961"}],"wp:term":[{"taxonomy":"category","embeddable":true,"href":"https:\/\/www.manaus.am.gov.br\/immu\/wp-json\/wp\/v2\/categories?post=3961"},{"taxonomy":"post_tag","embeddable":true,"href":"https:\/\/www.manaus.am.gov.br\/immu\/wp-json\/wp\/v2\/tags?post=3961"}],"curies":[{"name":"wp","href":"https:\/\/api.w.org\/{rel}","templated":true}]}}