{"id":3959,"date":"2025-06-25T11:35:44","date_gmt":"2025-06-25T15:35:44","guid":{"rendered":"https:\/\/www.manaus.am.gov.br\/immu\/sem-categoria\/prefeitura-fiscalizacao-ephigeniosalles\/"},"modified":"2025-06-25T11:35:46","modified_gmt":"2025-06-25T15:35:46","slug":"prefeitura-fiscalizacao-ephigeniosalles","status":"publish","type":"post","link":"https:\/\/www.manaus.am.gov.br\/immu\/fiscalizacao\/prefeitura-fiscalizacao-ephigeniosalles\/","title":{"rendered":"Prefeitura monitora avenida Ephig\u00eanio Salles e autua caminh\u00f5es por uso irregular da faixa da esquerda"},"content":{"rendered":"\n<p>A Prefeitura de Manaus, por meio do Instituto Municipal de Mobilidade Urbana (IMMU), realizou, nesta quarta-feira, 25\/6, mais uma opera\u00e7\u00e3o de fiscaliza\u00e7\u00e3o voltada ao tr\u00e2nsito de ve\u00edculos pesados na avenida Ephig\u00eanio Salles, zona Centro-Sul da capital. A a\u00e7\u00e3o resultou em 29 autua\u00e7\u00f5es, sendo 13 direcionadas a caminh\u00f5es flagrados transitando pela faixa da esquerda, uso proibido e devidamente regulamentado para esse tipo de ve\u00edculo.<\/p>\n\n\n\n<p>Al\u00e9m dos caminh\u00f5es, outras 16 autua\u00e7\u00f5es foram aplicadas por infra\u00e7\u00f5es diversas. O objetivo principal da a\u00e7\u00e3o \u00e9 garantir maior seguran\u00e7a vi\u00e1ria e ordenar a circula\u00e7\u00e3o no trecho, que registra tr\u00e1fego intenso de motocicletas e ve\u00edculos de passeio.<\/p>\n\n\n\n<p>\u201cO tr\u00e1fego de ve\u00edculos pesados na faixa da esquerda coloca em risco condutores de menor porte e fere a sinaliza\u00e7\u00e3o implantada no local. Nosso trabalho \u00e9 cont\u00ednuo e segue orienta\u00e7\u00e3o da Prefeitura de Manaus, para disciplinar o tr\u00e2nsito e preservar vidas\u201d, afirmou o diretor de Opera\u00e7\u00f5es de Tr\u00e2nsito do IMMU, Stanley Ventilari.<\/p>\n\n\n\n<p>A fiscaliza\u00e7\u00e3o continuar\u00e1, de forma peri\u00f3dica, em diferentes corredores vi\u00e1rios da cidade, priorizando pontos cr\u00edticos com hist\u00f3rico de conflitos entre modais.<\/p>\n\n\n\n<p>&#8212; &#8212; &#8212;<\/p>\n\n\n\n<p><strong>Texto\u00a0<\/strong>&#8211; Marcelo Lima \/ IMMU\u00a0<\/p>\n\n\n\n<p><strong>Fotos<\/strong>\u00a0&#8211; Divulga\u00e7\u00e3o \/ IMMU\u00a0<\/p>\n","protected":false},"excerpt":{"rendered":"","protected":false},"author":23,"featured_media":3960,"comment_status":"closed","ping_status":"closed","sticky":false,"template":"","format":"standard","meta":{"footnotes":""},"categories":[323],"tags":[195,1364,2048,6,8],"acf":[],"yoast_head":"<!-- This site is optimized with the Yoast SEO plugin v23.0 - https:\/\/yoast.com\/wordpress\/plugins\/seo\/ -->\n<title>Prefeitura monitora avenida Ephig\u00eanio Salles e autua caminh\u00f5es por uso irregular da faixa da esquerda<\/title>\n<meta name=\"description\" content=\"A Prefeitura de Manaus, por meio do Instituto Municipal de Mobilidade Urbana (IMMU), realizou, nesta quarta-feira, 25\/6, mais uma opera\u00e7\u00e3o de fiscaliza\u00e7\u00e3o voltada ao tr\u00e2nsito de ve\u00edculos pesados na avenida Ephig\u00eanio Salles, zona Centro-Sul da capital.\" \/>\n<meta name=\"robots\" content=\"noindex, follow\" \/>\n<meta property=\"og:locale\" content=\"pt_BR\" \/>\n<meta property=\"og:type\" content=\"article\" \/>\n<meta property=\"og:title\" content=\"Prefeitura monitora avenida Ephig\u00eanio Salles e autua caminh\u00f5es por uso irregular da faixa da esquerda\" \/>\n<meta property=\"og:description\" content=\"A Prefeitura de Manaus, por meio do Instituto Municipal de Mobilidade Urbana (IMMU), realizou, nesta quarta-feira, 25\/6, mais uma opera\u00e7\u00e3o de fiscaliza\u00e7\u00e3o voltada ao tr\u00e2nsito de ve\u00edculos pesados na avenida Ephig\u00eanio Salles, zona Centro-Sul da capital.\" \/>\n<meta property=\"og:url\" content=\"https:\/\/www.manaus.am.gov.br\/immu\/fiscalizacao\/prefeitura-fiscalizacao-ephigeniosalles\/\" \/>\n<meta property=\"og:site_name\" content=\"IMMU\" \/>\n<meta property=\"article:published_time\" content=\"2025-06-25T15:35:44+00:00\" \/>\n<meta property=\"article:modified_time\" content=\"2025-06-25T15:35:46+00:00\" \/>\n<meta property=\"og:image\" content=\"https:\/\/www.manaus.am.gov.br\/immu\/wp-content\/uploads\/sites\/14\/2025\/06\/1000795591.jpg\" \/>\n\t<meta property=\"og:image:width\" content=\"1600\" \/>\n\t<meta property=\"og:image:height\" content=\"900\" \/>\n\t<meta property=\"og:image:type\" content=\"image\/jpeg\" \/>\n<meta name=\"author\" content=\"Adriana Costa\" \/>\n<meta name=\"twitter:card\" content=\"summary_large_image\" \/>\n<meta name=\"twitter:label1\" content=\"Written by\" \/>\n\t<meta name=\"twitter:data1\" content=\"Adriana Costa\" \/>\n\t<meta name=\"twitter:label2\" content=\"Est. reading time\" \/>\n\t<meta name=\"twitter:data2\" content=\"2 minutos\" \/>\n<script type=\"application\/ld+json\" class=\"yoast-schema-graph\">{\"@context\":\"https:\/\/schema.org\",\"@graph\":[{\"@type\":\"WebPage\",\"@id\":\"https:\/\/www.manaus.am.gov.br\/immu\/fiscalizacao\/prefeitura-fiscalizacao-ephigeniosalles\/\",\"url\":\"https:\/\/www.manaus.am.gov.br\/immu\/fiscalizacao\/prefeitura-fiscalizacao-ephigeniosalles\/\",\"name\":\"Prefeitura monitora avenida Ephig\u00eanio Salles e autua caminh\u00f5es por uso irregular da faixa da esquerda\",\"isPartOf\":{\"@id\":\"https:\/\/www.manaus.am.gov.br\/immu\/#website\"},\"primaryImageOfPage\":{\"@id\":\"https:\/\/www.manaus.am.gov.br\/immu\/fiscalizacao\/prefeitura-fiscalizacao-ephigeniosalles\/#primaryimage\"},\"image\":{\"@id\":\"https:\/\/www.manaus.am.gov.br\/immu\/fiscalizacao\/prefeitura-fiscalizacao-ephigeniosalles\/#primaryimage\"},\"thumbnailUrl\":\"https:\/\/www.manaus.am.gov.br\/immu\/wp-content\/uploads\/sites\/14\/2025\/06\/1000795591.jpg\",\"datePublished\":\"2025-06-25T15:35:44+00:00\",\"dateModified\":\"2025-06-25T15:35:46+00:00\",\"author\":{\"@id\":\"https:\/\/www.manaus.am.gov.br\/immu\/#\/schema\/person\/4e49f4e267757a06ca072ec61b2b9968\"},\"description\":\"A Prefeitura de Manaus, por meio do Instituto Municipal de Mobilidade Urbana (IMMU), realizou, nesta quarta-feira, 25\/6, mais uma opera\u00e7\u00e3o de fiscaliza\u00e7\u00e3o voltada ao tr\u00e2nsito de ve\u00edculos pesados na avenida Ephig\u00eanio Salles, zona Centro-Sul da capital.\",\"breadcrumb\":{\"@id\":\"https:\/\/www.manaus.am.gov.br\/immu\/fiscalizacao\/prefeitura-fiscalizacao-ephigeniosalles\/#breadcrumb\"},\"inLanguage\":\"pt-BR\",\"potentialAction\":[{\"@type\":\"ReadAction\",\"target\":[\"https:\/\/www.manaus.am.gov.br\/immu\/fiscalizacao\/prefeitura-fiscalizacao-ephigeniosalles\/\"]}]},{\"@type\":\"ImageObject\",\"inLanguage\":\"pt-BR\",\"@id\":\"https:\/\/www.manaus.am.gov.br\/immu\/fiscalizacao\/prefeitura-fiscalizacao-ephigeniosalles\/#primaryimage\",\"url\":\"https:\/\/www.manaus.am.gov.br\/immu\/wp-content\/uploads\/sites\/14\/2025\/06\/1000795591.jpg\",\"contentUrl\":\"https:\/\/www.manaus.am.gov.br\/immu\/wp-content\/uploads\/sites\/14\/2025\/06\/1000795591.jpg\",\"width\":1600,\"height\":900},{\"@type\":\"BreadcrumbList\",\"@id\":\"https:\/\/www.manaus.am.gov.br\/immu\/fiscalizacao\/prefeitura-fiscalizacao-ephigeniosalles\/#breadcrumb\",\"itemListElement\":[{\"@type\":\"ListItem\",\"position\":1,\"name\":\"Home\",\"item\":\"https:\/\/www.manaus.am.gov.br\/immu\/\"},{\"@type\":\"ListItem\",\"position\":2,\"name\":\"Prefeitura monitora avenida Ephig\u00eanio Salles e autua caminh\u00f5es por uso irregular da faixa da esquerda\"}]},{\"@type\":\"WebSite\",\"@id\":\"https:\/\/www.manaus.am.gov.br\/immu\/#website\",\"url\":\"https:\/\/www.manaus.am.gov.br\/immu\/\",\"name\":\"IMMU\",\"description\":\"Prefeitura de Manaus\",\"potentialAction\":[{\"@type\":\"SearchAction\",\"target\":{\"@type\":\"EntryPoint\",\"urlTemplate\":\"https:\/\/www.manaus.am.gov.br\/immu\/?s={search_term_string}\"},\"query-input\":\"required name=search_term_string\"}],\"inLanguage\":\"pt-BR\"},{\"@type\":\"Person\",\"@id\":\"https:\/\/www.manaus.am.gov.br\/immu\/#\/schema\/person\/4e49f4e267757a06ca072ec61b2b9968\",\"name\":\"Adriana Costa\",\"image\":{\"@type\":\"ImageObject\",\"inLanguage\":\"pt-BR\",\"@id\":\"https:\/\/www.manaus.am.gov.br\/immu\/#\/schema\/person\/image\/\",\"url\":\"https:\/\/secure.gravatar.com\/avatar\/576258617ef7194f718179e766d57bd4?s=96&d=mm&r=g\",\"contentUrl\":\"https:\/\/secure.gravatar.com\/avatar\/576258617ef7194f718179e766d57bd4?s=96&d=mm&r=g\",\"caption\":\"Adriana Costa\"}}]}<\/script>\n<!-- \/ Yoast SEO plugin. -->","yoast_head_json":{"title":"Prefeitura monitora avenida Ephig\u00eanio Salles e autua caminh\u00f5es por uso irregular da faixa da esquerda","description":"A Prefeitura de Manaus, por meio do Instituto Municipal de Mobilidade Urbana (IMMU), realizou, nesta quarta-feira, 25\/6, mais uma opera\u00e7\u00e3o de fiscaliza\u00e7\u00e3o voltada ao tr\u00e2nsito de ve\u00edculos pesados na avenida Ephig\u00eanio Salles, zona Centro-Sul da capital.","robots":{"index":"noindex","follow":"follow"},"og_locale":"pt_BR","og_type":"article","og_title":"Prefeitura monitora avenida Ephig\u00eanio Salles e autua caminh\u00f5es por uso irregular da faixa da esquerda","og_description":"A Prefeitura de Manaus, por meio do Instituto Municipal de Mobilidade Urbana (IMMU), realizou, nesta quarta-feira, 25\/6, mais uma opera\u00e7\u00e3o de fiscaliza\u00e7\u00e3o voltada ao tr\u00e2nsito de ve\u00edculos pesados na avenida Ephig\u00eanio Salles, zona Centro-Sul da capital.","og_url":"https:\/\/www.manaus.am.gov.br\/immu\/fiscalizacao\/prefeitura-fiscalizacao-ephigeniosalles\/","og_site_name":"IMMU","article_published_time":"2025-06-25T15:35:44+00:00","article_modified_time":"2025-06-25T15:35:46+00:00","og_image":[{"width":1600,"height":900,"url":"https:\/\/www.manaus.am.gov.br\/immu\/wp-content\/uploads\/sites\/14\/2025\/06\/1000795591.jpg","type":"image\/jpeg"}],"author":"Adriana Costa","twitter_card":"summary_large_image","twitter_misc":{"Written by":"Adriana Costa","Est. reading time":"2 minutos"},"schema":{"@context":"https:\/\/schema.org","@graph":[{"@type":"WebPage","@id":"https:\/\/www.manaus.am.gov.br\/immu\/fiscalizacao\/prefeitura-fiscalizacao-ephigeniosalles\/","url":"https:\/\/www.manaus.am.gov.br\/immu\/fiscalizacao\/prefeitura-fiscalizacao-ephigeniosalles\/","name":"Prefeitura monitora avenida Ephig\u00eanio Salles e autua caminh\u00f5es por uso irregular da faixa da esquerda","isPartOf":{"@id":"https:\/\/www.manaus.am.gov.br\/immu\/#website"},"primaryImageOfPage":{"@id":"https:\/\/www.manaus.am.gov.br\/immu\/fiscalizacao\/prefeitura-fiscalizacao-ephigeniosalles\/#primaryimage"},"image":{"@id":"https:\/\/www.manaus.am.gov.br\/immu\/fiscalizacao\/prefeitura-fiscalizacao-ephigeniosalles\/#primaryimage"},"thumbnailUrl":"https:\/\/www.manaus.am.gov.br\/immu\/wp-content\/uploads\/sites\/14\/2025\/06\/1000795591.jpg","datePublished":"2025-06-25T15:35:44+00:00","dateModified":"2025-06-25T15:35:46+00:00","author":{"@id":"https:\/\/www.manaus.am.gov.br\/immu\/#\/schema\/person\/4e49f4e267757a06ca072ec61b2b9968"},"description":"A Prefeitura de Manaus, por meio do Instituto Municipal de Mobilidade Urbana (IMMU), realizou, nesta quarta-feira, 25\/6, mais uma opera\u00e7\u00e3o de fiscaliza\u00e7\u00e3o voltada ao tr\u00e2nsito de ve\u00edculos pesados na avenida Ephig\u00eanio Salles, zona Centro-Sul da capital.","breadcrumb":{"@id":"https:\/\/www.manaus.am.gov.br\/immu\/fiscalizacao\/prefeitura-fiscalizacao-ephigeniosalles\/#breadcrumb"},"inLanguage":"pt-BR","potentialAction":[{"@type":"ReadAction","target":["https:\/\/www.manaus.am.gov.br\/immu\/fiscalizacao\/prefeitura-fiscalizacao-ephigeniosalles\/"]}]},{"@type":"ImageObject","inLanguage":"pt-BR","@id":"https:\/\/www.manaus.am.gov.br\/immu\/fiscalizacao\/prefeitura-fiscalizacao-ephigeniosalles\/#primaryimage","url":"https:\/\/www.manaus.am.gov.br\/immu\/wp-content\/uploads\/sites\/14\/2025\/06\/1000795591.jpg","contentUrl":"https:\/\/www.manaus.am.gov.br\/immu\/wp-content\/uploads\/sites\/14\/2025\/06\/1000795591.jpg","width":1600,"height":900},{"@type":"BreadcrumbList","@id":"https:\/\/www.manaus.am.gov.br\/immu\/fiscalizacao\/prefeitura-fiscalizacao-ephigeniosalles\/#breadcrumb","itemListElement":[{"@type":"ListItem","position":1,"name":"Home","item":"https:\/\/www.manaus.am.gov.br\/immu\/"},{"@type":"ListItem","position":2,"name":"Prefeitura monitora avenida Ephig\u00eanio Salles e autua caminh\u00f5es por uso irregular da faixa da esquerda"}]},{"@type":"WebSite","@id":"https:\/\/www.manaus.am.gov.br\/immu\/#website","url":"https:\/\/www.manaus.am.gov.br\/immu\/","name":"IMMU","description":"Prefeitura de Manaus","potentialAction":[{"@type":"SearchAction","target":{"@type":"EntryPoint","urlTemplate":"https:\/\/www.manaus.am.gov.br\/immu\/?s={search_term_string}"},"query-input":"required name=search_term_string"}],"inLanguage":"pt-BR"},{"@type":"Person","@id":"https:\/\/www.manaus.am.gov.br\/immu\/#\/schema\/person\/4e49f4e267757a06ca072ec61b2b9968","name":"Adriana Costa","image":{"@type":"ImageObject","inLanguage":"pt-BR","@id":"https:\/\/www.manaus.am.gov.br\/immu\/#\/schema\/person\/image\/","url":"https:\/\/secure.gravatar.com\/avatar\/576258617ef7194f718179e766d57bd4?s=96&d=mm&r=g","contentUrl":"https:\/\/secure.gravatar.com\/avatar\/576258617ef7194f718179e766d57bd4?s=96&d=mm&r=g","caption":"Adriana Costa"}}]}},"_links":{"self":[{"href":"https:\/\/www.manaus.am.gov.br\/immu\/wp-json\/wp\/v2\/posts\/3959"}],"collection":[{"href":"https:\/\/www.manaus.am.gov.br\/immu\/wp-json\/wp\/v2\/posts"}],"about":[{"href":"https:\/\/www.manaus.am.gov.br\/immu\/wp-json\/wp\/v2\/types\/post"}],"author":[{"embeddable":true,"href":"https:\/\/www.manaus.am.gov.br\/immu\/wp-json\/wp\/v2\/users\/23"}],"replies":[{"embeddable":true,"href":"https:\/\/www.manaus.am.gov.br\/immu\/wp-json\/wp\/v2\/comments?post=3959"}],"version-history":[{"count":0,"href":"https:\/\/www.manaus.am.gov.br\/immu\/wp-json\/wp\/v2\/posts\/3959\/revisions"}],"wp:featuredmedia":[{"embeddable":true,"href":"https:\/\/www.manaus.am.gov.br\/immu\/wp-json\/wp\/v2\/media\/3960"}],"wp:attachment":[{"href":"https:\/\/www.manaus.am.gov.br\/immu\/wp-json\/wp\/v2\/media?parent=3959"}],"wp:term":[{"taxonomy":"category","embeddable":true,"href":"https:\/\/www.manaus.am.gov.br\/immu\/wp-json\/wp\/v2\/categories?post=3959"},{"taxonomy":"post_tag","embeddable":true,"href":"https:\/\/www.manaus.am.gov.br\/immu\/wp-json\/wp\/v2\/tags?post=3959"}],"curies":[{"name":"wp","href":"https:\/\/api.w.org\/{rel}","templated":true}]}}