{"id":3953,"date":"2025-06-25T10:55:28","date_gmt":"2025-06-25T14:55:28","guid":{"rendered":"https:\/\/www.manaus.am.gov.br\/immu\/sem-categoria\/fiscalizacao-transporte-irregular-zona-leste\/"},"modified":"2025-06-25T10:55:28","modified_gmt":"2025-06-25T14:55:28","slug":"fiscalizacao-transporte-irregular-zona-leste","status":"publish","type":"post","link":"https:\/\/www.manaus.am.gov.br\/immu\/operacao\/fiscalizacao-transporte-irregular-zona-leste\/","title":{"rendered":"Prefeitura de Manaus intensifica fiscaliza\u00e7\u00e3o e apreende ve\u00edculos por transporte irregular na zona Leste"},"content":{"rendered":"\n<p>Em mais uma a\u00e7\u00e3o de fiscaliza\u00e7\u00e3o voltada \u00e0 melhoria da mobilidade urbana e seguran\u00e7a dos usu\u00e1rios do transporte coletivo, a Prefeitura de Manaus, por meio do Instituto Municipal de Mobilidade Urbana (IMMU), com apoio da Guarda Municipal, realizou, na tarde de ter\u00e7a-feira, 24\/6, uma opera\u00e7\u00e3o na avenida do Turismo, no bairro Tarum\u00e3, zona Oeste.&nbsp;A a\u00e7\u00e3o resultou na abordagem de 15 ve\u00edculos, com dois deles sendo apreendidos e outros dois autuados por irregularidades.<\/p>\n\n\n\n<p>Durante a opera\u00e7\u00e3o, as equipes de fiscaliza\u00e7\u00e3o identificaram um ve\u00edculo do modal complementar alternativo realizando transporte de passageiros em itiner\u00e1rio n\u00e3o autorizado pelo IMMU, configurando mudan\u00e7a de rota sem permiss\u00e3o do \u00f3rg\u00e3o. A infra\u00e7\u00e3o compromete a organiza\u00e7\u00e3o do sistema e prejudica o planejamento da mobilidade urbana.<\/p>\n\n\n\n<p>Al\u00e9m disso, o condutor do ve\u00edculo em quest\u00e3o foi reconhecido por j\u00e1 ter sido flagrado, no \u00faltimo dia 18\/6, conduzindo o ve\u00edculo de placa NOX-1G07, apreendido na ocasi\u00e3o por atuar no transporte clandestino de passageiros por meio de fretamento irregular. A reincid\u00eancia refor\u00e7a a necessidade de a\u00e7\u00f5es constantes de fiscaliza\u00e7\u00e3o e puni\u00e7\u00e3o a pr\u00e1ticas que colocam em risco a seguran\u00e7a da popula\u00e7\u00e3o.<\/p>\n\n\n\n<p>\u201cNosso trabalho \u00e9 di\u00e1rio e segue firme no combate ao transporte irregular. Essas a\u00e7\u00f5es visam garantir que o transporte p\u00fablico funcione com qualidade, seguran\u00e7a e dentro da legalidade\u201d, afirmou o chefe de Opera\u00e7\u00f5es de Transporte do IMMU, Waldir Sousa.<\/p>\n\n\n\n<p>O IMMU refor\u00e7a que o transporte clandestino compromete o equil\u00edbrio do sistema e pode oferecer riscos aos usu\u00e1rios, por n\u00e3o atender aos crit\u00e9rios de seguran\u00e7a exigidos por lei. A popula\u00e7\u00e3o pode colaborar com den\u00fancias por meio dos canais oficiais da Prefeitura de Manaus.<\/p>\n\n\n\n<figure class=\"wp-block-image size-large\"><img loading=\"lazy\" decoding=\"async\" width=\"1024\" height=\"771\" src=\"https:\/\/www.manaus.am.gov.br\/immu\/wp-content\/uploads\/sites\/14\/2025\/06\/Operacao-2-1024x771.jpeg\" alt=\"\" class=\"wp-image-3954\" srcset=\"https:\/\/www.manaus.am.gov.br\/immu\/wp-content\/uploads\/sites\/14\/2025\/06\/Operacao-2-1024x771.jpeg 1024w, https:\/\/www.manaus.am.gov.br\/immu\/wp-content\/uploads\/sites\/14\/2025\/06\/Operacao-2-300x226.jpeg 300w, https:\/\/www.manaus.am.gov.br\/immu\/wp-content\/uploads\/sites\/14\/2025\/06\/Operacao-2-768x578.jpeg 768w, https:\/\/www.manaus.am.gov.br\/immu\/wp-content\/uploads\/sites\/14\/2025\/06\/Operacao-2-1536x1156.jpeg 1536w, https:\/\/www.manaus.am.gov.br\/immu\/wp-content\/uploads\/sites\/14\/2025\/06\/Operacao-2.jpeg 1600w\" sizes=\"(max-width: 1024px) 100vw, 1024px\" \/><\/figure>\n\n\n\n<p>&#8212; &#8212; &#8212;<\/p>\n\n\n\n<p><strong>Texto e fotos\u00a0<\/strong>\u2013 Divulga\u00e7\u00e3o\/IMMU<\/p>\n","protected":false},"excerpt":{"rendered":"","protected":false},"author":39,"featured_media":3955,"comment_status":"closed","ping_status":"closed","sticky":false,"template":"","format":"standard","meta":{"footnotes":""},"categories":[22],"tags":[2044,6,8,2045,115],"acf":[],"yoast_head":"<!-- This site is optimized with the Yoast SEO plugin v23.0 - https:\/\/yoast.com\/wordpress\/plugins\/seo\/ -->\n<title>Fiscaliza\u00e7\u00e3o de ve\u00edculos por transporte irregular na zona Leste<\/title>\n<meta name=\"description\" content=\"Prefeitura de Manaus, por meio do IMMU, intensifica fiscaliza\u00e7\u00e3o e apreende ve\u00edculos por transporte irregular na zona Leste.\" \/>\n<meta name=\"robots\" content=\"noindex, follow\" \/>\n<meta property=\"og:locale\" content=\"pt_BR\" \/>\n<meta property=\"og:type\" content=\"article\" \/>\n<meta property=\"og:title\" content=\"Fiscaliza\u00e7\u00e3o de ve\u00edculos por transporte irregular na zona Leste\" \/>\n<meta property=\"og:description\" content=\"Prefeitura de Manaus, por meio do IMMU, intensifica fiscaliza\u00e7\u00e3o e apreende ve\u00edculos por transporte irregular na zona Leste.\" \/>\n<meta property=\"og:url\" content=\"https:\/\/www.manaus.am.gov.br\/immu\/operacao\/fiscalizacao-transporte-irregular-zona-leste\/\" \/>\n<meta property=\"og:site_name\" content=\"IMMU\" \/>\n<meta property=\"article:published_time\" content=\"2025-06-25T14:55:28+00:00\" \/>\n<meta property=\"og:image\" content=\"https:\/\/www.manaus.am.gov.br\/immu\/wp-content\/uploads\/sites\/14\/2025\/06\/Operacao-3.jpeg\" \/>\n\t<meta property=\"og:image:width\" content=\"1280\" \/>\n\t<meta property=\"og:image:height\" content=\"960\" \/>\n\t<meta property=\"og:image:type\" content=\"image\/jpeg\" \/>\n<meta name=\"author\" content=\"Bruna Greco\" \/>\n<meta name=\"twitter:card\" content=\"summary_large_image\" \/>\n<meta name=\"twitter:label1\" content=\"Written by\" \/>\n\t<meta name=\"twitter:data1\" content=\"Bruna Greco\" \/>\n\t<meta name=\"twitter:label2\" content=\"Est. reading time\" \/>\n\t<meta name=\"twitter:data2\" content=\"2 minutos\" \/>\n<script type=\"application\/ld+json\" class=\"yoast-schema-graph\">{\"@context\":\"https:\/\/schema.org\",\"@graph\":[{\"@type\":\"WebPage\",\"@id\":\"https:\/\/www.manaus.am.gov.br\/immu\/operacao\/fiscalizacao-transporte-irregular-zona-leste\/\",\"url\":\"https:\/\/www.manaus.am.gov.br\/immu\/operacao\/fiscalizacao-transporte-irregular-zona-leste\/\",\"name\":\"Fiscaliza\u00e7\u00e3o de ve\u00edculos por transporte irregular na zona Leste\",\"isPartOf\":{\"@id\":\"https:\/\/www.manaus.am.gov.br\/immu\/#website\"},\"primaryImageOfPage\":{\"@id\":\"https:\/\/www.manaus.am.gov.br\/immu\/operacao\/fiscalizacao-transporte-irregular-zona-leste\/#primaryimage\"},\"image\":{\"@id\":\"https:\/\/www.manaus.am.gov.br\/immu\/operacao\/fiscalizacao-transporte-irregular-zona-leste\/#primaryimage\"},\"thumbnailUrl\":\"https:\/\/www.manaus.am.gov.br\/immu\/wp-content\/uploads\/sites\/14\/2025\/06\/Operacao-3.jpeg\",\"datePublished\":\"2025-06-25T14:55:28+00:00\",\"dateModified\":\"2025-06-25T14:55:28+00:00\",\"author\":{\"@id\":\"https:\/\/www.manaus.am.gov.br\/immu\/#\/schema\/person\/05d223aea2bf115f9883a6ff3683d81b\"},\"description\":\"Prefeitura de Manaus, por meio do IMMU, intensifica fiscaliza\u00e7\u00e3o e apreende ve\u00edculos por transporte irregular na zona Leste.\",\"breadcrumb\":{\"@id\":\"https:\/\/www.manaus.am.gov.br\/immu\/operacao\/fiscalizacao-transporte-irregular-zona-leste\/#breadcrumb\"},\"inLanguage\":\"pt-BR\",\"potentialAction\":[{\"@type\":\"ReadAction\",\"target\":[\"https:\/\/www.manaus.am.gov.br\/immu\/operacao\/fiscalizacao-transporte-irregular-zona-leste\/\"]}]},{\"@type\":\"ImageObject\",\"inLanguage\":\"pt-BR\",\"@id\":\"https:\/\/www.manaus.am.gov.br\/immu\/operacao\/fiscalizacao-transporte-irregular-zona-leste\/#primaryimage\",\"url\":\"https:\/\/www.manaus.am.gov.br\/immu\/wp-content\/uploads\/sites\/14\/2025\/06\/Operacao-3.jpeg\",\"contentUrl\":\"https:\/\/www.manaus.am.gov.br\/immu\/wp-content\/uploads\/sites\/14\/2025\/06\/Operacao-3.jpeg\",\"width\":1280,\"height\":960,\"caption\":\"#paratodosverem - Agentes de tr\u00e2nsito atuando durante opera\u00e7\u00e3o de fiscaliza\u00e7\u00e3o em combate aos ve\u00edculos por transporte irregular\"},{\"@type\":\"BreadcrumbList\",\"@id\":\"https:\/\/www.manaus.am.gov.br\/immu\/operacao\/fiscalizacao-transporte-irregular-zona-leste\/#breadcrumb\",\"itemListElement\":[{\"@type\":\"ListItem\",\"position\":1,\"name\":\"Home\",\"item\":\"https:\/\/www.manaus.am.gov.br\/immu\/\"},{\"@type\":\"ListItem\",\"position\":2,\"name\":\"Prefeitura de Manaus intensifica fiscaliza\u00e7\u00e3o e apreende ve\u00edculos por transporte irregular na zona Leste\"}]},{\"@type\":\"WebSite\",\"@id\":\"https:\/\/www.manaus.am.gov.br\/immu\/#website\",\"url\":\"https:\/\/www.manaus.am.gov.br\/immu\/\",\"name\":\"IMMU\",\"description\":\"Prefeitura de Manaus\",\"potentialAction\":[{\"@type\":\"SearchAction\",\"target\":{\"@type\":\"EntryPoint\",\"urlTemplate\":\"https:\/\/www.manaus.am.gov.br\/immu\/?s={search_term_string}\"},\"query-input\":\"required name=search_term_string\"}],\"inLanguage\":\"pt-BR\"},{\"@type\":\"Person\",\"@id\":\"https:\/\/www.manaus.am.gov.br\/immu\/#\/schema\/person\/05d223aea2bf115f9883a6ff3683d81b\",\"name\":\"Bruna Greco\",\"image\":{\"@type\":\"ImageObject\",\"inLanguage\":\"pt-BR\",\"@id\":\"https:\/\/www.manaus.am.gov.br\/immu\/#\/schema\/person\/image\/\",\"url\":\"https:\/\/secure.gravatar.com\/avatar\/9c877d1a6adc2a055330e5c09a8653ce?s=96&d=mm&r=g\",\"contentUrl\":\"https:\/\/secure.gravatar.com\/avatar\/9c877d1a6adc2a055330e5c09a8653ce?s=96&d=mm&r=g\",\"caption\":\"Bruna Greco\"}}]}<\/script>\n<!-- \/ Yoast SEO plugin. -->","yoast_head_json":{"title":"Fiscaliza\u00e7\u00e3o de ve\u00edculos por transporte irregular na zona Leste","description":"Prefeitura de Manaus, por meio do IMMU, intensifica fiscaliza\u00e7\u00e3o e apreende ve\u00edculos por transporte irregular na zona Leste.","robots":{"index":"noindex","follow":"follow"},"og_locale":"pt_BR","og_type":"article","og_title":"Fiscaliza\u00e7\u00e3o de ve\u00edculos por transporte irregular na zona Leste","og_description":"Prefeitura de Manaus, por meio do IMMU, intensifica fiscaliza\u00e7\u00e3o e apreende ve\u00edculos por transporte irregular na zona Leste.","og_url":"https:\/\/www.manaus.am.gov.br\/immu\/operacao\/fiscalizacao-transporte-irregular-zona-leste\/","og_site_name":"IMMU","article_published_time":"2025-06-25T14:55:28+00:00","og_image":[{"width":1280,"height":960,"url":"https:\/\/www.manaus.am.gov.br\/immu\/wp-content\/uploads\/sites\/14\/2025\/06\/Operacao-3.jpeg","type":"image\/jpeg"}],"author":"Bruna Greco","twitter_card":"summary_large_image","twitter_misc":{"Written by":"Bruna Greco","Est. reading time":"2 minutos"},"schema":{"@context":"https:\/\/schema.org","@graph":[{"@type":"WebPage","@id":"https:\/\/www.manaus.am.gov.br\/immu\/operacao\/fiscalizacao-transporte-irregular-zona-leste\/","url":"https:\/\/www.manaus.am.gov.br\/immu\/operacao\/fiscalizacao-transporte-irregular-zona-leste\/","name":"Fiscaliza\u00e7\u00e3o de ve\u00edculos por transporte irregular na zona Leste","isPartOf":{"@id":"https:\/\/www.manaus.am.gov.br\/immu\/#website"},"primaryImageOfPage":{"@id":"https:\/\/www.manaus.am.gov.br\/immu\/operacao\/fiscalizacao-transporte-irregular-zona-leste\/#primaryimage"},"image":{"@id":"https:\/\/www.manaus.am.gov.br\/immu\/operacao\/fiscalizacao-transporte-irregular-zona-leste\/#primaryimage"},"thumbnailUrl":"https:\/\/www.manaus.am.gov.br\/immu\/wp-content\/uploads\/sites\/14\/2025\/06\/Operacao-3.jpeg","datePublished":"2025-06-25T14:55:28+00:00","dateModified":"2025-06-25T14:55:28+00:00","author":{"@id":"https:\/\/www.manaus.am.gov.br\/immu\/#\/schema\/person\/05d223aea2bf115f9883a6ff3683d81b"},"description":"Prefeitura de Manaus, por meio do IMMU, intensifica fiscaliza\u00e7\u00e3o e apreende ve\u00edculos por transporte irregular na zona Leste.","breadcrumb":{"@id":"https:\/\/www.manaus.am.gov.br\/immu\/operacao\/fiscalizacao-transporte-irregular-zona-leste\/#breadcrumb"},"inLanguage":"pt-BR","potentialAction":[{"@type":"ReadAction","target":["https:\/\/www.manaus.am.gov.br\/immu\/operacao\/fiscalizacao-transporte-irregular-zona-leste\/"]}]},{"@type":"ImageObject","inLanguage":"pt-BR","@id":"https:\/\/www.manaus.am.gov.br\/immu\/operacao\/fiscalizacao-transporte-irregular-zona-leste\/#primaryimage","url":"https:\/\/www.manaus.am.gov.br\/immu\/wp-content\/uploads\/sites\/14\/2025\/06\/Operacao-3.jpeg","contentUrl":"https:\/\/www.manaus.am.gov.br\/immu\/wp-content\/uploads\/sites\/14\/2025\/06\/Operacao-3.jpeg","width":1280,"height":960,"caption":"#paratodosverem - Agentes de tr\u00e2nsito atuando durante opera\u00e7\u00e3o de fiscaliza\u00e7\u00e3o em combate aos ve\u00edculos por transporte irregular"},{"@type":"BreadcrumbList","@id":"https:\/\/www.manaus.am.gov.br\/immu\/operacao\/fiscalizacao-transporte-irregular-zona-leste\/#breadcrumb","itemListElement":[{"@type":"ListItem","position":1,"name":"Home","item":"https:\/\/www.manaus.am.gov.br\/immu\/"},{"@type":"ListItem","position":2,"name":"Prefeitura de Manaus intensifica fiscaliza\u00e7\u00e3o e apreende ve\u00edculos por transporte irregular na zona Leste"}]},{"@type":"WebSite","@id":"https:\/\/www.manaus.am.gov.br\/immu\/#website","url":"https:\/\/www.manaus.am.gov.br\/immu\/","name":"IMMU","description":"Prefeitura de Manaus","potentialAction":[{"@type":"SearchAction","target":{"@type":"EntryPoint","urlTemplate":"https:\/\/www.manaus.am.gov.br\/immu\/?s={search_term_string}"},"query-input":"required name=search_term_string"}],"inLanguage":"pt-BR"},{"@type":"Person","@id":"https:\/\/www.manaus.am.gov.br\/immu\/#\/schema\/person\/05d223aea2bf115f9883a6ff3683d81b","name":"Bruna Greco","image":{"@type":"ImageObject","inLanguage":"pt-BR","@id":"https:\/\/www.manaus.am.gov.br\/immu\/#\/schema\/person\/image\/","url":"https:\/\/secure.gravatar.com\/avatar\/9c877d1a6adc2a055330e5c09a8653ce?s=96&d=mm&r=g","contentUrl":"https:\/\/secure.gravatar.com\/avatar\/9c877d1a6adc2a055330e5c09a8653ce?s=96&d=mm&r=g","caption":"Bruna Greco"}}]}},"_links":{"self":[{"href":"https:\/\/www.manaus.am.gov.br\/immu\/wp-json\/wp\/v2\/posts\/3953"}],"collection":[{"href":"https:\/\/www.manaus.am.gov.br\/immu\/wp-json\/wp\/v2\/posts"}],"about":[{"href":"https:\/\/www.manaus.am.gov.br\/immu\/wp-json\/wp\/v2\/types\/post"}],"author":[{"embeddable":true,"href":"https:\/\/www.manaus.am.gov.br\/immu\/wp-json\/wp\/v2\/users\/39"}],"replies":[{"embeddable":true,"href":"https:\/\/www.manaus.am.gov.br\/immu\/wp-json\/wp\/v2\/comments?post=3953"}],"version-history":[{"count":1,"href":"https:\/\/www.manaus.am.gov.br\/immu\/wp-json\/wp\/v2\/posts\/3953\/revisions"}],"predecessor-version":[{"id":3956,"href":"https:\/\/www.manaus.am.gov.br\/immu\/wp-json\/wp\/v2\/posts\/3953\/revisions\/3956"}],"wp:featuredmedia":[{"embeddable":true,"href":"https:\/\/www.manaus.am.gov.br\/immu\/wp-json\/wp\/v2\/media\/3955"}],"wp:attachment":[{"href":"https:\/\/www.manaus.am.gov.br\/immu\/wp-json\/wp\/v2\/media?parent=3953"}],"wp:term":[{"taxonomy":"category","embeddable":true,"href":"https:\/\/www.manaus.am.gov.br\/immu\/wp-json\/wp\/v2\/categories?post=3953"},{"taxonomy":"post_tag","embeddable":true,"href":"https:\/\/www.manaus.am.gov.br\/immu\/wp-json\/wp\/v2\/tags?post=3953"}],"curies":[{"name":"wp","href":"https:\/\/api.w.org\/{rel}","templated":true}]}}