{"id":3903,"date":"2025-06-19T10:05:38","date_gmt":"2025-06-19T14:05:38","guid":{"rendered":"https:\/\/www.manaus.am.gov.br\/immu\/sem-categoria\/operacao-transporte-legal-2\/"},"modified":"2025-06-19T10:05:38","modified_gmt":"2025-06-19T14:05:38","slug":"operacao-transporte-legal-2","status":"publish","type":"post","link":"https:\/\/www.manaus.am.gov.br\/immu\/fiscalizacao\/operacao-transporte-legal-2\/","title":{"rendered":"Prefeitura intercepta motorista reincidente e apreende quatro ve\u00edculos na opera\u00e7\u00e3o \u2018Transporte Legal\u2019"},"content":{"rendered":"\n<p>A Prefeitura de Manaus, por meio do Instituto Municipal de Mobilidade Urbana (IMMU), realizou, nessa quarta-feira, 18\/6, mais uma edi\u00e7\u00e3o da opera\u00e7\u00e3o \u201cTransporte Legal\u201d, desta vez na avenida do Turismo, zona Oeste da capital. A a\u00e7\u00e3o teve como foco coibir o transporte irregular de passageiros e garantir a seguran\u00e7a de quem utiliza esse tipo de servi\u00e7o na cidade.&nbsp;<\/p>\n\n\n\n<p>Durante a blitz, sete micro-\u00f4nibus foram autuados e quatro removidos ao parqueamento. As remo\u00e7\u00f5es ocorreram por diversos motivos, como documenta\u00e7\u00e3o vencida, aus\u00eancia de vistoria obrigat\u00f3ria e, principalmente, por n\u00e3o possu\u00edrem cadastro junto ao IMMU para realiza\u00e7\u00e3o de atividades de transporte de passageiros, caracterizando, assim, o transporte clandestino.<\/p>\n\n\n\n<p>Um dos destaques da opera\u00e7\u00e3o foi a intercepta\u00e7\u00e3o de um micro-\u00f4nibus reincidente, que estava transportando 40 passageiros sem autoriza\u00e7\u00e3o do poder p\u00fablico. O mesmo ve\u00edculo j\u00e1 havia sido flagrado no \u00faltimo dia 1\u00ba de abril, durante uma opera\u00e7\u00e3o semelhante, mas conseguiu fugir antes de ser removido. Desta vez, no entanto, os fiscais de transportes conseguiram impedir a fuga e realizar a remo\u00e7\u00e3o.<\/p>\n\n\n\n<p>Segundo os fiscais, o motorista foi flagrado novamente e, com o apoio da Guarda Municipal, o ve\u00edculo foi removido ao parqueamento.<\/p>\n\n\n\n<p>O Sindicato das Empresas de Transporte de Passageiros do Estado do Amazonas (Sinetram) prestou apoio, cedendo \u00f4nibus do transporte regular para garantir o deslocamento dos passageiros que estavam nos ve\u00edculos irregulares, assegurando que todos chegassem com seguran\u00e7a aos seus destinos.<\/p>\n\n\n\n<p>\u201cO objetivo \u00e9 claro, estamos intensificando essas fiscaliza\u00e7\u00f5es para combater o transporte clandestino e garantir mais seguran\u00e7a \u00e0 popula\u00e7\u00e3o. Identificamos reincid\u00eancias e n\u00e3o vamos permitir que ve\u00edculos sem autoriza\u00e7\u00e3o coloquem a vida dos passageiros em risco\u201d, destacou Waldir, gerente de Opera\u00e7\u00f5es de Transporte do IMMU.<\/p>\n\n\n\n<p>As a\u00e7\u00f5es do IMMU continuar\u00e3o acontecendo em todas as zonas da cidade, refor\u00e7ando o compromisso da Prefeitura de Manaus com a legalidade no sistema de transporte urbano e com a seguran\u00e7a dos usu\u00e1rios.<\/p>\n\n\n\n<figure class=\"wp-block-image size-large\"><img loading=\"lazy\" decoding=\"async\" width=\"1024\" height=\"768\" src=\"https:\/\/www.manaus.am.gov.br\/immu\/wp-content\/uploads\/sites\/14\/2025\/06\/WhatsApp-Image-2025-06-19-at-09.49.16-4-1024x768.jpeg\" alt=\"\" class=\"wp-image-3904\" srcset=\"https:\/\/www.manaus.am.gov.br\/immu\/wp-content\/uploads\/sites\/14\/2025\/06\/WhatsApp-Image-2025-06-19-at-09.49.16-4-1024x768.jpeg 1024w, https:\/\/www.manaus.am.gov.br\/immu\/wp-content\/uploads\/sites\/14\/2025\/06\/WhatsApp-Image-2025-06-19-at-09.49.16-4-300x225.jpeg 300w, https:\/\/www.manaus.am.gov.br\/immu\/wp-content\/uploads\/sites\/14\/2025\/06\/WhatsApp-Image-2025-06-19-at-09.49.16-4-768x576.jpeg 768w, https:\/\/www.manaus.am.gov.br\/immu\/wp-content\/uploads\/sites\/14\/2025\/06\/WhatsApp-Image-2025-06-19-at-09.49.16-4-1536x1152.jpeg 1536w, https:\/\/www.manaus.am.gov.br\/immu\/wp-content\/uploads\/sites\/14\/2025\/06\/WhatsApp-Image-2025-06-19-at-09.49.16-4.jpeg 1600w\" sizes=\"(max-width: 1024px) 100vw, 1024px\" \/><\/figure>\n\n\n\n<p>&#8212; &#8212; &#8212;<\/p>\n\n\n\n<p><strong>Texto<\/strong>\u00a0&#8211; Marcelo Lima\/IMMU\u00a0<\/p>\n\n\n\n<p><strong>Fotos<\/strong> \u2013 Divulga\u00e7\u00e3o\/IMMU<\/p>\n","protected":false},"excerpt":{"rendered":"","protected":false},"author":39,"featured_media":3905,"comment_status":"closed","ping_status":"closed","sticky":false,"template":"","format":"standard","meta":{"footnotes":""},"categories":[323],"tags":[2039,6,2040,1931,8],"acf":[],"yoast_head":"<!-- This site is optimized with the Yoast SEO plugin v23.0 - https:\/\/yoast.com\/wordpress\/plugins\/seo\/ -->\n<title>Prefeitura realiza opera\u00e7\u00e3o \u2018Transporte Legal\u2019<\/title>\n<meta name=\"description\" content=\"Prefeitura de Manaus intercepta motorista reincidente e apreende quatro ve\u00edculos na opera\u00e7\u00e3o \u2018Transporte Legal\u2019.\" \/>\n<meta name=\"robots\" content=\"noindex, follow\" \/>\n<meta property=\"og:locale\" content=\"pt_BR\" \/>\n<meta property=\"og:type\" content=\"article\" \/>\n<meta property=\"og:title\" content=\"Prefeitura realiza opera\u00e7\u00e3o \u2018Transporte Legal\u2019\" \/>\n<meta property=\"og:description\" content=\"Prefeitura de Manaus intercepta motorista reincidente e apreende quatro ve\u00edculos na opera\u00e7\u00e3o \u2018Transporte Legal\u2019.\" \/>\n<meta property=\"og:url\" content=\"https:\/\/www.manaus.am.gov.br\/immu\/fiscalizacao\/operacao-transporte-legal-2\/\" \/>\n<meta property=\"og:site_name\" content=\"IMMU\" \/>\n<meta property=\"article:published_time\" content=\"2025-06-19T14:05:38+00:00\" \/>\n<meta property=\"og:image\" content=\"https:\/\/www.manaus.am.gov.br\/immu\/wp-content\/uploads\/sites\/14\/2025\/06\/WhatsApp-Image-2025-06-19-at-09.49.16-1-e1750341750325.jpeg\" \/>\n\t<meta property=\"og:image:width\" content=\"1200\" \/>\n\t<meta property=\"og:image:height\" content=\"805\" \/>\n\t<meta property=\"og:image:type\" content=\"image\/jpeg\" \/>\n<meta name=\"author\" content=\"Bruna Greco\" \/>\n<meta name=\"twitter:card\" content=\"summary_large_image\" \/>\n<meta name=\"twitter:label1\" content=\"Written by\" \/>\n\t<meta name=\"twitter:data1\" content=\"Bruna Greco\" \/>\n\t<meta name=\"twitter:label2\" content=\"Est. reading time\" \/>\n\t<meta name=\"twitter:data2\" content=\"3 minutos\" \/>\n<script type=\"application\/ld+json\" class=\"yoast-schema-graph\">{\"@context\":\"https:\/\/schema.org\",\"@graph\":[{\"@type\":\"WebPage\",\"@id\":\"https:\/\/www.manaus.am.gov.br\/immu\/fiscalizacao\/operacao-transporte-legal-2\/\",\"url\":\"https:\/\/www.manaus.am.gov.br\/immu\/fiscalizacao\/operacao-transporte-legal-2\/\",\"name\":\"Prefeitura realiza opera\u00e7\u00e3o \u2018Transporte Legal\u2019\",\"isPartOf\":{\"@id\":\"https:\/\/www.manaus.am.gov.br\/immu\/#website\"},\"primaryImageOfPage\":{\"@id\":\"https:\/\/www.manaus.am.gov.br\/immu\/fiscalizacao\/operacao-transporte-legal-2\/#primaryimage\"},\"image\":{\"@id\":\"https:\/\/www.manaus.am.gov.br\/immu\/fiscalizacao\/operacao-transporte-legal-2\/#primaryimage\"},\"thumbnailUrl\":\"https:\/\/www.manaus.am.gov.br\/immu\/wp-content\/uploads\/sites\/14\/2025\/06\/WhatsApp-Image-2025-06-19-at-09.49.16-1-e1750341750325.jpeg\",\"datePublished\":\"2025-06-19T14:05:38+00:00\",\"dateModified\":\"2025-06-19T14:05:38+00:00\",\"author\":{\"@id\":\"https:\/\/www.manaus.am.gov.br\/immu\/#\/schema\/person\/05d223aea2bf115f9883a6ff3683d81b\"},\"description\":\"Prefeitura de Manaus intercepta motorista reincidente e apreende quatro ve\u00edculos na opera\u00e7\u00e3o \u2018Transporte Legal\u2019.\",\"breadcrumb\":{\"@id\":\"https:\/\/www.manaus.am.gov.br\/immu\/fiscalizacao\/operacao-transporte-legal-2\/#breadcrumb\"},\"inLanguage\":\"pt-BR\",\"potentialAction\":[{\"@type\":\"ReadAction\",\"target\":[\"https:\/\/www.manaus.am.gov.br\/immu\/fiscalizacao\/operacao-transporte-legal-2\/\"]}]},{\"@type\":\"ImageObject\",\"inLanguage\":\"pt-BR\",\"@id\":\"https:\/\/www.manaus.am.gov.br\/immu\/fiscalizacao\/operacao-transporte-legal-2\/#primaryimage\",\"url\":\"https:\/\/www.manaus.am.gov.br\/immu\/wp-content\/uploads\/sites\/14\/2025\/06\/WhatsApp-Image-2025-06-19-at-09.49.16-1-e1750341750325.jpeg\",\"contentUrl\":\"https:\/\/www.manaus.am.gov.br\/immu\/wp-content\/uploads\/sites\/14\/2025\/06\/WhatsApp-Image-2025-06-19-at-09.49.16-1-e1750341750325.jpeg\",\"width\":1200,\"height\":805,\"caption\":\"#paratodosverem - Agente de tr\u00e2nsito do IMMU realizando fiscaliza\u00e7\u00e3o em micro-\u00f4nibus durante a opera\u00e7\u00e3o \\\"Transporte Legal\\\"\"},{\"@type\":\"BreadcrumbList\",\"@id\":\"https:\/\/www.manaus.am.gov.br\/immu\/fiscalizacao\/operacao-transporte-legal-2\/#breadcrumb\",\"itemListElement\":[{\"@type\":\"ListItem\",\"position\":1,\"name\":\"Home\",\"item\":\"https:\/\/www.manaus.am.gov.br\/immu\/\"},{\"@type\":\"ListItem\",\"position\":2,\"name\":\"Prefeitura intercepta motorista reincidente e apreende quatro ve\u00edculos na opera\u00e7\u00e3o \u2018Transporte Legal\u2019\"}]},{\"@type\":\"WebSite\",\"@id\":\"https:\/\/www.manaus.am.gov.br\/immu\/#website\",\"url\":\"https:\/\/www.manaus.am.gov.br\/immu\/\",\"name\":\"IMMU\",\"description\":\"Prefeitura de Manaus\",\"potentialAction\":[{\"@type\":\"SearchAction\",\"target\":{\"@type\":\"EntryPoint\",\"urlTemplate\":\"https:\/\/www.manaus.am.gov.br\/immu\/?s={search_term_string}\"},\"query-input\":\"required name=search_term_string\"}],\"inLanguage\":\"pt-BR\"},{\"@type\":\"Person\",\"@id\":\"https:\/\/www.manaus.am.gov.br\/immu\/#\/schema\/person\/05d223aea2bf115f9883a6ff3683d81b\",\"name\":\"Bruna Greco\",\"image\":{\"@type\":\"ImageObject\",\"inLanguage\":\"pt-BR\",\"@id\":\"https:\/\/www.manaus.am.gov.br\/immu\/#\/schema\/person\/image\/\",\"url\":\"https:\/\/secure.gravatar.com\/avatar\/9c877d1a6adc2a055330e5c09a8653ce?s=96&d=mm&r=g\",\"contentUrl\":\"https:\/\/secure.gravatar.com\/avatar\/9c877d1a6adc2a055330e5c09a8653ce?s=96&d=mm&r=g\",\"caption\":\"Bruna Greco\"}}]}<\/script>\n<!-- \/ Yoast SEO plugin. -->","yoast_head_json":{"title":"Prefeitura realiza opera\u00e7\u00e3o \u2018Transporte Legal\u2019","description":"Prefeitura de Manaus intercepta motorista reincidente e apreende quatro ve\u00edculos na opera\u00e7\u00e3o \u2018Transporte Legal\u2019.","robots":{"index":"noindex","follow":"follow"},"og_locale":"pt_BR","og_type":"article","og_title":"Prefeitura realiza opera\u00e7\u00e3o \u2018Transporte Legal\u2019","og_description":"Prefeitura de Manaus intercepta motorista reincidente e apreende quatro ve\u00edculos na opera\u00e7\u00e3o \u2018Transporte Legal\u2019.","og_url":"https:\/\/www.manaus.am.gov.br\/immu\/fiscalizacao\/operacao-transporte-legal-2\/","og_site_name":"IMMU","article_published_time":"2025-06-19T14:05:38+00:00","og_image":[{"width":1200,"height":805,"url":"https:\/\/www.manaus.am.gov.br\/immu\/wp-content\/uploads\/sites\/14\/2025\/06\/WhatsApp-Image-2025-06-19-at-09.49.16-1-e1750341750325.jpeg","type":"image\/jpeg"}],"author":"Bruna Greco","twitter_card":"summary_large_image","twitter_misc":{"Written by":"Bruna Greco","Est. reading time":"3 minutos"},"schema":{"@context":"https:\/\/schema.org","@graph":[{"@type":"WebPage","@id":"https:\/\/www.manaus.am.gov.br\/immu\/fiscalizacao\/operacao-transporte-legal-2\/","url":"https:\/\/www.manaus.am.gov.br\/immu\/fiscalizacao\/operacao-transporte-legal-2\/","name":"Prefeitura realiza opera\u00e7\u00e3o \u2018Transporte Legal\u2019","isPartOf":{"@id":"https:\/\/www.manaus.am.gov.br\/immu\/#website"},"primaryImageOfPage":{"@id":"https:\/\/www.manaus.am.gov.br\/immu\/fiscalizacao\/operacao-transporte-legal-2\/#primaryimage"},"image":{"@id":"https:\/\/www.manaus.am.gov.br\/immu\/fiscalizacao\/operacao-transporte-legal-2\/#primaryimage"},"thumbnailUrl":"https:\/\/www.manaus.am.gov.br\/immu\/wp-content\/uploads\/sites\/14\/2025\/06\/WhatsApp-Image-2025-06-19-at-09.49.16-1-e1750341750325.jpeg","datePublished":"2025-06-19T14:05:38+00:00","dateModified":"2025-06-19T14:05:38+00:00","author":{"@id":"https:\/\/www.manaus.am.gov.br\/immu\/#\/schema\/person\/05d223aea2bf115f9883a6ff3683d81b"},"description":"Prefeitura de Manaus intercepta motorista reincidente e apreende quatro ve\u00edculos na opera\u00e7\u00e3o \u2018Transporte Legal\u2019.","breadcrumb":{"@id":"https:\/\/www.manaus.am.gov.br\/immu\/fiscalizacao\/operacao-transporte-legal-2\/#breadcrumb"},"inLanguage":"pt-BR","potentialAction":[{"@type":"ReadAction","target":["https:\/\/www.manaus.am.gov.br\/immu\/fiscalizacao\/operacao-transporte-legal-2\/"]}]},{"@type":"ImageObject","inLanguage":"pt-BR","@id":"https:\/\/www.manaus.am.gov.br\/immu\/fiscalizacao\/operacao-transporte-legal-2\/#primaryimage","url":"https:\/\/www.manaus.am.gov.br\/immu\/wp-content\/uploads\/sites\/14\/2025\/06\/WhatsApp-Image-2025-06-19-at-09.49.16-1-e1750341750325.jpeg","contentUrl":"https:\/\/www.manaus.am.gov.br\/immu\/wp-content\/uploads\/sites\/14\/2025\/06\/WhatsApp-Image-2025-06-19-at-09.49.16-1-e1750341750325.jpeg","width":1200,"height":805,"caption":"#paratodosverem - Agente de tr\u00e2nsito do IMMU realizando fiscaliza\u00e7\u00e3o em micro-\u00f4nibus durante a opera\u00e7\u00e3o \"Transporte Legal\""},{"@type":"BreadcrumbList","@id":"https:\/\/www.manaus.am.gov.br\/immu\/fiscalizacao\/operacao-transporte-legal-2\/#breadcrumb","itemListElement":[{"@type":"ListItem","position":1,"name":"Home","item":"https:\/\/www.manaus.am.gov.br\/immu\/"},{"@type":"ListItem","position":2,"name":"Prefeitura intercepta motorista reincidente e apreende quatro ve\u00edculos na opera\u00e7\u00e3o \u2018Transporte Legal\u2019"}]},{"@type":"WebSite","@id":"https:\/\/www.manaus.am.gov.br\/immu\/#website","url":"https:\/\/www.manaus.am.gov.br\/immu\/","name":"IMMU","description":"Prefeitura de Manaus","potentialAction":[{"@type":"SearchAction","target":{"@type":"EntryPoint","urlTemplate":"https:\/\/www.manaus.am.gov.br\/immu\/?s={search_term_string}"},"query-input":"required name=search_term_string"}],"inLanguage":"pt-BR"},{"@type":"Person","@id":"https:\/\/www.manaus.am.gov.br\/immu\/#\/schema\/person\/05d223aea2bf115f9883a6ff3683d81b","name":"Bruna Greco","image":{"@type":"ImageObject","inLanguage":"pt-BR","@id":"https:\/\/www.manaus.am.gov.br\/immu\/#\/schema\/person\/image\/","url":"https:\/\/secure.gravatar.com\/avatar\/9c877d1a6adc2a055330e5c09a8653ce?s=96&d=mm&r=g","contentUrl":"https:\/\/secure.gravatar.com\/avatar\/9c877d1a6adc2a055330e5c09a8653ce?s=96&d=mm&r=g","caption":"Bruna Greco"}}]}},"_links":{"self":[{"href":"https:\/\/www.manaus.am.gov.br\/immu\/wp-json\/wp\/v2\/posts\/3903"}],"collection":[{"href":"https:\/\/www.manaus.am.gov.br\/immu\/wp-json\/wp\/v2\/posts"}],"about":[{"href":"https:\/\/www.manaus.am.gov.br\/immu\/wp-json\/wp\/v2\/types\/post"}],"author":[{"embeddable":true,"href":"https:\/\/www.manaus.am.gov.br\/immu\/wp-json\/wp\/v2\/users\/39"}],"replies":[{"embeddable":true,"href":"https:\/\/www.manaus.am.gov.br\/immu\/wp-json\/wp\/v2\/comments?post=3903"}],"version-history":[{"count":1,"href":"https:\/\/www.manaus.am.gov.br\/immu\/wp-json\/wp\/v2\/posts\/3903\/revisions"}],"predecessor-version":[{"id":3906,"href":"https:\/\/www.manaus.am.gov.br\/immu\/wp-json\/wp\/v2\/posts\/3903\/revisions\/3906"}],"wp:featuredmedia":[{"embeddable":true,"href":"https:\/\/www.manaus.am.gov.br\/immu\/wp-json\/wp\/v2\/media\/3905"}],"wp:attachment":[{"href":"https:\/\/www.manaus.am.gov.br\/immu\/wp-json\/wp\/v2\/media?parent=3903"}],"wp:term":[{"taxonomy":"category","embeddable":true,"href":"https:\/\/www.manaus.am.gov.br\/immu\/wp-json\/wp\/v2\/categories?post=3903"},{"taxonomy":"post_tag","embeddable":true,"href":"https:\/\/www.manaus.am.gov.br\/immu\/wp-json\/wp\/v2\/tags?post=3903"}],"curies":[{"name":"wp","href":"https:\/\/api.w.org\/{rel}","templated":true}]}}