{"id":3895,"date":"2025-06-18T15:15:28","date_gmt":"2025-06-18T19:15:28","guid":{"rendered":"https:\/\/www.manaus.am.gov.br\/immu\/sem-categoria\/plano-plurianual-2026-2029\/"},"modified":"2025-06-18T15:15:29","modified_gmt":"2025-06-18T19:15:29","slug":"plano-plurianual-2026-2029","status":"publish","type":"post","link":"https:\/\/www.manaus.am.gov.br\/immu\/mobilidade\/plano-plurianual-2026-2029\/","title":{"rendered":"Prefeitura de Manaus realiza oficina para constru\u00e7\u00e3o do Plano Plurianual 2026-2029 com foco em mobilidade urbana"},"content":{"rendered":"\n<p>Nos dias 17 e 18 de junho, a <a href=\"https:\/\/www.instagram.com\/prefeiturademanaus\/\">Prefeitura de Manaus<\/a>, por meio do <a href=\"https:\/\/www.manaus.am.gov.br\/immu\/\">Instituto Municipal de Mobilidade Urbana (IMMU)<\/a>, promoveu, no audit\u00f3rio do \u00f3rg\u00e3o no bairro Cachoeirinha, uma oficina voltada \u00e0 elabora\u00e7\u00e3o do Plano Plurianual (PPA) 2026-2029, com foco na gest\u00e3o do tr\u00e2nsito e transporte p\u00fablico em Manaus. A iniciativa reuniu gestores da pasta e contou com a participa\u00e7\u00e3o da Secretaria Municipal de Finan\u00e7as e Tecnologia da Informa\u00e7\u00e3o (Semef).<\/p>\n\n\n\n<p>O objetivo da oficina foi discutir diagn\u00f3sticos, identificar desafios e construir propostas e metas voltadas para a melhoria da mobilidade urbana na capital. A a\u00e7\u00e3o integra o processo de planejamento estrat\u00e9gico da Prefeitura de Manaus e \u00e9 fundamental para garantir que os investimentos p\u00fablicos dos pr\u00f3ximos anos estejam alinhados \u00e0s reais necessidades da popula\u00e7\u00e3o.<\/p>\n\n\n\n<p>Durante os dois dias de atividades, foram abordadas quest\u00f5es estruturais e operacionais relacionadas ao tr\u00e2nsito, transporte coletivo, integra\u00e7\u00e3o modal e seguran\u00e7a vi\u00e1ria. A troca de experi\u00eancias entre os t\u00e9cnicos e gestores permitiu uma an\u00e1lise aprofundada do cen\u00e1rio atual e a formula\u00e7\u00e3o de metas concretas que devem nortear as a\u00e7\u00f5es do munic\u00edpio no setor.<\/p>\n\n\n\n<p>O presidente do IMMU, Arnaldo Flores, destacou a import\u00e2ncia da oficina como parte do processo de constru\u00e7\u00e3o de pol\u00edticas p\u00fablicas mais eficientes para a cidade.<\/p>\n\n\n\n<p>\u201cA oficina \u00e9 um passo essencial na elabora\u00e7\u00e3o do PPA, porque nos permite alinhar o planejamento \u00e0 realidade vivida nas ruas. Discutimos n\u00e3o s\u00f3 os problemas, mas tamb\u00e9m caminhos poss\u00edveis para enfrent\u00e1-los. Manaus tem desafios hist\u00f3ricos na \u00e1rea da mobilidade, e \u00e9 com planejamento t\u00e9cnico e participa\u00e7\u00e3o que vamos super\u00e1-los\u201d, afirmou Flores.<\/p>\n\n\n\n<p>A participa\u00e7\u00e3o da Semef foi essencial para orientar os gestores quanto \u00e0s diretrizes or\u00e7ament\u00e1rias, viabilizando a inclus\u00e3o das propostas no planejamento financeiro do munic\u00edpio para o pr\u00f3ximo quadri\u00eanio.<\/p>\n\n\n\n<p>A constru\u00e7\u00e3o do PPA 2026-2029 est\u00e1 sendo conduzida de forma participativa e estrat\u00e9gica, priorizando a\u00e7\u00f5es que promovam maior fluidez no tr\u00e2nsito, melhoria da qualidade do transporte p\u00fablico e seguran\u00e7a para todos os usu\u00e1rios do sistema vi\u00e1rio. A iniciativa refor\u00e7a o compromisso da Prefeitura de Manaus em promover uma cidade mais acess\u00edvel, eficiente e sustent\u00e1vel para todos.<\/p>\n\n\n\n<p>&#8212; &#8212; &#8212;<\/p>\n\n\n\n<p><strong>Texto <\/strong>\u2013 Naira Nascimento \/IMMU<\/p>\n\n\n\n<p><strong>Fotos <\/strong>\u2013 Karol Silva \/ IMMU<\/p>\n","protected":false},"excerpt":{"rendered":"","protected":false},"author":57,"featured_media":3896,"comment_status":"closed","ping_status":"closed","sticky":false,"template":"","format":"standard","meta":{"footnotes":""},"categories":[31],"tags":[6,2038,8],"acf":[],"yoast_head":"<!-- This site is optimized with the Yoast SEO plugin v23.0 - https:\/\/yoast.com\/wordpress\/plugins\/seo\/ -->\n<title>PMM realiza oficina para construir o Plano Plurianual 2026-2029<\/title>\n<meta name=\"description\" content=\"A Prefeitura de Manaus promoveu uma oficina voltada \u00e0 elabora\u00e7\u00e3o do Plano Plurianual (PPA) 2026-2029 com foco em Mobilidade Urbana.\" \/>\n<meta name=\"robots\" content=\"noindex, follow\" \/>\n<meta property=\"og:locale\" content=\"pt_BR\" \/>\n<meta property=\"og:type\" content=\"article\" \/>\n<meta property=\"og:title\" content=\"PMM realiza oficina para construir o Plano Plurianual 2026-2029\" \/>\n<meta property=\"og:description\" content=\"A Prefeitura de Manaus promoveu uma oficina voltada \u00e0 elabora\u00e7\u00e3o do Plano Plurianual (PPA) 2026-2029 com foco em Mobilidade Urbana.\" \/>\n<meta property=\"og:url\" content=\"https:\/\/www.manaus.am.gov.br\/immu\/mobilidade\/plano-plurianual-2026-2029\/\" \/>\n<meta property=\"og:site_name\" content=\"IMMU\" \/>\n<meta property=\"article:published_time\" content=\"2025-06-18T19:15:28+00:00\" \/>\n<meta property=\"article:modified_time\" content=\"2025-06-18T19:15:29+00:00\" \/>\n<meta property=\"og:image\" content=\"https:\/\/www.manaus.am.gov.br\/immu\/wp-content\/uploads\/sites\/14\/2025\/06\/Plano-Plurianual-2026-2029-3.jpeg\" \/>\n\t<meta property=\"og:image:width\" content=\"4160\" \/>\n\t<meta property=\"og:image:height\" content=\"2774\" \/>\n\t<meta property=\"og:image:type\" content=\"image\/jpeg\" \/>\n<meta name=\"author\" content=\"Thiago Fernando\" \/>\n<meta name=\"twitter:card\" content=\"summary_large_image\" \/>\n<meta name=\"twitter:label1\" content=\"Written by\" \/>\n\t<meta name=\"twitter:data1\" content=\"Thiago Fernando\" \/>\n\t<meta name=\"twitter:label2\" content=\"Est. reading time\" \/>\n\t<meta name=\"twitter:data2\" content=\"3 minutos\" \/>\n<script type=\"application\/ld+json\" class=\"yoast-schema-graph\">{\"@context\":\"https:\/\/schema.org\",\"@graph\":[{\"@type\":\"WebPage\",\"@id\":\"https:\/\/www.manaus.am.gov.br\/immu\/mobilidade\/plano-plurianual-2026-2029\/\",\"url\":\"https:\/\/www.manaus.am.gov.br\/immu\/mobilidade\/plano-plurianual-2026-2029\/\",\"name\":\"PMM realiza oficina para construir o Plano Plurianual 2026-2029\",\"isPartOf\":{\"@id\":\"https:\/\/www.manaus.am.gov.br\/immu\/#website\"},\"primaryImageOfPage\":{\"@id\":\"https:\/\/www.manaus.am.gov.br\/immu\/mobilidade\/plano-plurianual-2026-2029\/#primaryimage\"},\"image\":{\"@id\":\"https:\/\/www.manaus.am.gov.br\/immu\/mobilidade\/plano-plurianual-2026-2029\/#primaryimage\"},\"thumbnailUrl\":\"https:\/\/www.manaus.am.gov.br\/immu\/wp-content\/uploads\/sites\/14\/2025\/06\/Plano-Plurianual-2026-2029-3.jpeg\",\"datePublished\":\"2025-06-18T19:15:28+00:00\",\"dateModified\":\"2025-06-18T19:15:29+00:00\",\"author\":{\"@id\":\"https:\/\/www.manaus.am.gov.br\/immu\/#\/schema\/person\/a5ee5376db6e21af026374b369f30882\"},\"description\":\"A Prefeitura de Manaus promoveu uma oficina voltada \u00e0 elabora\u00e7\u00e3o do Plano Plurianual (PPA) 2026-2029 com foco em Mobilidade Urbana.\",\"breadcrumb\":{\"@id\":\"https:\/\/www.manaus.am.gov.br\/immu\/mobilidade\/plano-plurianual-2026-2029\/#breadcrumb\"},\"inLanguage\":\"pt-BR\",\"potentialAction\":[{\"@type\":\"ReadAction\",\"target\":[\"https:\/\/www.manaus.am.gov.br\/immu\/mobilidade\/plano-plurianual-2026-2029\/\"]}]},{\"@type\":\"ImageObject\",\"inLanguage\":\"pt-BR\",\"@id\":\"https:\/\/www.manaus.am.gov.br\/immu\/mobilidade\/plano-plurianual-2026-2029\/#primaryimage\",\"url\":\"https:\/\/www.manaus.am.gov.br\/immu\/wp-content\/uploads\/sites\/14\/2025\/06\/Plano-Plurianual-2026-2029-3.jpeg\",\"contentUrl\":\"https:\/\/www.manaus.am.gov.br\/immu\/wp-content\/uploads\/sites\/14\/2025\/06\/Plano-Plurianual-2026-2029-3.jpeg\",\"width\":4160,\"height\":2774,\"caption\":\"Plano Plurianual 2026-2029\"},{\"@type\":\"BreadcrumbList\",\"@id\":\"https:\/\/www.manaus.am.gov.br\/immu\/mobilidade\/plano-plurianual-2026-2029\/#breadcrumb\",\"itemListElement\":[{\"@type\":\"ListItem\",\"position\":1,\"name\":\"Home\",\"item\":\"https:\/\/www.manaus.am.gov.br\/immu\/\"},{\"@type\":\"ListItem\",\"position\":2,\"name\":\"Prefeitura de Manaus realiza oficina para constru\u00e7\u00e3o do Plano Plurianual 2026-2029 com foco em mobilidade urbana\"}]},{\"@type\":\"WebSite\",\"@id\":\"https:\/\/www.manaus.am.gov.br\/immu\/#website\",\"url\":\"https:\/\/www.manaus.am.gov.br\/immu\/\",\"name\":\"IMMU\",\"description\":\"Prefeitura de Manaus\",\"potentialAction\":[{\"@type\":\"SearchAction\",\"target\":{\"@type\":\"EntryPoint\",\"urlTemplate\":\"https:\/\/www.manaus.am.gov.br\/immu\/?s={search_term_string}\"},\"query-input\":\"required name=search_term_string\"}],\"inLanguage\":\"pt-BR\"},{\"@type\":\"Person\",\"@id\":\"https:\/\/www.manaus.am.gov.br\/immu\/#\/schema\/person\/a5ee5376db6e21af026374b369f30882\",\"name\":\"Thiago Fernando\",\"image\":{\"@type\":\"ImageObject\",\"inLanguage\":\"pt-BR\",\"@id\":\"https:\/\/www.manaus.am.gov.br\/immu\/#\/schema\/person\/image\/\",\"url\":\"https:\/\/secure.gravatar.com\/avatar\/f5aab8722444041451501c077052ac07?s=96&d=mm&r=g\",\"contentUrl\":\"https:\/\/secure.gravatar.com\/avatar\/f5aab8722444041451501c077052ac07?s=96&d=mm&r=g\",\"caption\":\"Thiago Fernando\"}}]}<\/script>\n<!-- \/ Yoast SEO plugin. -->","yoast_head_json":{"title":"PMM realiza oficina para construir o Plano Plurianual 2026-2029","description":"A Prefeitura de Manaus promoveu uma oficina voltada \u00e0 elabora\u00e7\u00e3o do Plano Plurianual (PPA) 2026-2029 com foco em Mobilidade Urbana.","robots":{"index":"noindex","follow":"follow"},"og_locale":"pt_BR","og_type":"article","og_title":"PMM realiza oficina para construir o Plano Plurianual 2026-2029","og_description":"A Prefeitura de Manaus promoveu uma oficina voltada \u00e0 elabora\u00e7\u00e3o do Plano Plurianual (PPA) 2026-2029 com foco em Mobilidade Urbana.","og_url":"https:\/\/www.manaus.am.gov.br\/immu\/mobilidade\/plano-plurianual-2026-2029\/","og_site_name":"IMMU","article_published_time":"2025-06-18T19:15:28+00:00","article_modified_time":"2025-06-18T19:15:29+00:00","og_image":[{"width":4160,"height":2774,"url":"https:\/\/www.manaus.am.gov.br\/immu\/wp-content\/uploads\/sites\/14\/2025\/06\/Plano-Plurianual-2026-2029-3.jpeg","type":"image\/jpeg"}],"author":"Thiago Fernando","twitter_card":"summary_large_image","twitter_misc":{"Written by":"Thiago Fernando","Est. reading time":"3 minutos"},"schema":{"@context":"https:\/\/schema.org","@graph":[{"@type":"WebPage","@id":"https:\/\/www.manaus.am.gov.br\/immu\/mobilidade\/plano-plurianual-2026-2029\/","url":"https:\/\/www.manaus.am.gov.br\/immu\/mobilidade\/plano-plurianual-2026-2029\/","name":"PMM realiza oficina para construir o Plano Plurianual 2026-2029","isPartOf":{"@id":"https:\/\/www.manaus.am.gov.br\/immu\/#website"},"primaryImageOfPage":{"@id":"https:\/\/www.manaus.am.gov.br\/immu\/mobilidade\/plano-plurianual-2026-2029\/#primaryimage"},"image":{"@id":"https:\/\/www.manaus.am.gov.br\/immu\/mobilidade\/plano-plurianual-2026-2029\/#primaryimage"},"thumbnailUrl":"https:\/\/www.manaus.am.gov.br\/immu\/wp-content\/uploads\/sites\/14\/2025\/06\/Plano-Plurianual-2026-2029-3.jpeg","datePublished":"2025-06-18T19:15:28+00:00","dateModified":"2025-06-18T19:15:29+00:00","author":{"@id":"https:\/\/www.manaus.am.gov.br\/immu\/#\/schema\/person\/a5ee5376db6e21af026374b369f30882"},"description":"A Prefeitura de Manaus promoveu uma oficina voltada \u00e0 elabora\u00e7\u00e3o do Plano Plurianual (PPA) 2026-2029 com foco em Mobilidade Urbana.","breadcrumb":{"@id":"https:\/\/www.manaus.am.gov.br\/immu\/mobilidade\/plano-plurianual-2026-2029\/#breadcrumb"},"inLanguage":"pt-BR","potentialAction":[{"@type":"ReadAction","target":["https:\/\/www.manaus.am.gov.br\/immu\/mobilidade\/plano-plurianual-2026-2029\/"]}]},{"@type":"ImageObject","inLanguage":"pt-BR","@id":"https:\/\/www.manaus.am.gov.br\/immu\/mobilidade\/plano-plurianual-2026-2029\/#primaryimage","url":"https:\/\/www.manaus.am.gov.br\/immu\/wp-content\/uploads\/sites\/14\/2025\/06\/Plano-Plurianual-2026-2029-3.jpeg","contentUrl":"https:\/\/www.manaus.am.gov.br\/immu\/wp-content\/uploads\/sites\/14\/2025\/06\/Plano-Plurianual-2026-2029-3.jpeg","width":4160,"height":2774,"caption":"Plano Plurianual 2026-2029"},{"@type":"BreadcrumbList","@id":"https:\/\/www.manaus.am.gov.br\/immu\/mobilidade\/plano-plurianual-2026-2029\/#breadcrumb","itemListElement":[{"@type":"ListItem","position":1,"name":"Home","item":"https:\/\/www.manaus.am.gov.br\/immu\/"},{"@type":"ListItem","position":2,"name":"Prefeitura de Manaus realiza oficina para constru\u00e7\u00e3o do Plano Plurianual 2026-2029 com foco em mobilidade urbana"}]},{"@type":"WebSite","@id":"https:\/\/www.manaus.am.gov.br\/immu\/#website","url":"https:\/\/www.manaus.am.gov.br\/immu\/","name":"IMMU","description":"Prefeitura de Manaus","potentialAction":[{"@type":"SearchAction","target":{"@type":"EntryPoint","urlTemplate":"https:\/\/www.manaus.am.gov.br\/immu\/?s={search_term_string}"},"query-input":"required name=search_term_string"}],"inLanguage":"pt-BR"},{"@type":"Person","@id":"https:\/\/www.manaus.am.gov.br\/immu\/#\/schema\/person\/a5ee5376db6e21af026374b369f30882","name":"Thiago Fernando","image":{"@type":"ImageObject","inLanguage":"pt-BR","@id":"https:\/\/www.manaus.am.gov.br\/immu\/#\/schema\/person\/image\/","url":"https:\/\/secure.gravatar.com\/avatar\/f5aab8722444041451501c077052ac07?s=96&d=mm&r=g","contentUrl":"https:\/\/secure.gravatar.com\/avatar\/f5aab8722444041451501c077052ac07?s=96&d=mm&r=g","caption":"Thiago Fernando"}}]}},"_links":{"self":[{"href":"https:\/\/www.manaus.am.gov.br\/immu\/wp-json\/wp\/v2\/posts\/3895"}],"collection":[{"href":"https:\/\/www.manaus.am.gov.br\/immu\/wp-json\/wp\/v2\/posts"}],"about":[{"href":"https:\/\/www.manaus.am.gov.br\/immu\/wp-json\/wp\/v2\/types\/post"}],"author":[{"embeddable":true,"href":"https:\/\/www.manaus.am.gov.br\/immu\/wp-json\/wp\/v2\/users\/57"}],"replies":[{"embeddable":true,"href":"https:\/\/www.manaus.am.gov.br\/immu\/wp-json\/wp\/v2\/comments?post=3895"}],"version-history":[{"count":0,"href":"https:\/\/www.manaus.am.gov.br\/immu\/wp-json\/wp\/v2\/posts\/3895\/revisions"}],"wp:featuredmedia":[{"embeddable":true,"href":"https:\/\/www.manaus.am.gov.br\/immu\/wp-json\/wp\/v2\/media\/3896"}],"wp:attachment":[{"href":"https:\/\/www.manaus.am.gov.br\/immu\/wp-json\/wp\/v2\/media?parent=3895"}],"wp:term":[{"taxonomy":"category","embeddable":true,"href":"https:\/\/www.manaus.am.gov.br\/immu\/wp-json\/wp\/v2\/categories?post=3895"},{"taxonomy":"post_tag","embeddable":true,"href":"https:\/\/www.manaus.am.gov.br\/immu\/wp-json\/wp\/v2\/tags?post=3895"}],"curies":[{"name":"wp","href":"https:\/\/api.w.org\/{rel}","templated":true}]}}