{"id":3884,"date":"2025-06-18T09:32:56","date_gmt":"2025-06-18T13:32:56","guid":{"rendered":"https:\/\/www.manaus.am.gov.br\/immu\/sem-categoria\/remove-veiculos-abandonados\/"},"modified":"2025-06-18T09:32:58","modified_gmt":"2025-06-18T13:32:58","slug":"remove-veiculos-abandonados","status":"publish","type":"post","link":"https:\/\/www.manaus.am.gov.br\/immu\/operacao\/remove-veiculos-abandonados\/","title":{"rendered":"Prefeitura remove ve\u00edculos abandonados no bairro Gl\u00f3ria e combate foco de doen\u00e7as"},"content":{"rendered":"\n<p>A Prefeitura de Manaus segue firme no enfrentamento aos problemas de mobilidade urbana que afetam diretamente a qualidade de vida da popula\u00e7\u00e3o. Na manh\u00e3 desta quarta-feira, 18\/6, agentes de tr\u00e2nsito do Instituto Municipal de Mobilidade Urbana (IMMU), realizaram mais uma edi\u00e7\u00e3o da opera\u00e7\u00e3o &#8220;Sucata\u201d, desta vez no bairro Gl\u00f3ria, zona Oeste, onde cinco ve\u00edculos abandonados foram removidos de um terreno que vinha servindo como foco para doen\u00e7as e criadouro de vetores.<\/p>\n\n\n\n<p>A a\u00e7\u00e3o foi desencadeada ap\u00f3s den\u00fancias feitas por moradores da \u00e1rea por meio do n\u00famero 0800-092-1188. Os agentes foram at\u00e9 o local, fizeram o levantamento, monitoramento e, com base nas evid\u00eancias encontradas, realizaram a remo\u00e7\u00e3o das sucatas.<\/p>\n\n\n\n<p>\u201cA Prefeitura de Manaus est\u00e1 presente nas ruas e atenta \u00e0s demandas do cidad\u00e3o. Essa opera\u00e7\u00e3o \u00e9 mais uma resposta direta \u00e0s den\u00fancias da popula\u00e7\u00e3o, que nos ajuda a manter a cidade limpa e segura. N\u00e3o podemos permitir que ve\u00edculos largados virem amea\u00e7a \u00e0 sa\u00fade p\u00fablica\u201d, destacou o diretor de Opera\u00e7\u00f5es do IMMU, Stanley Ventilari.<\/p>\n\n\n\n<p>Com a \u201cOpera\u00e7\u00e3o Sucata\u201d, a prefeitura refor\u00e7a seu papel na defesa da sa\u00fade e da ordem urbana, combatendo a neglig\u00eancia e promovendo um ambiente mais digno para todos. A popula\u00e7\u00e3o continua sendo parte fundamental nesse processo, ao denunciar irregularidades no tr\u00e2nsito.<\/p>\n\n\n\n<p>&#8212; &#8212; &#8212;<\/p>\n\n\n\n<p><strong>Texto e fotos<\/strong> &#8211; Divulga\u00e7\u00e3o \/ IMMU<\/p>\n","protected":false},"excerpt":{"rendered":"","protected":false},"author":25,"featured_media":3885,"comment_status":"closed","ping_status":"closed","sticky":false,"template":"","format":"standard","meta":{"footnotes":""},"categories":[22],"tags":[512,6,468],"acf":[],"yoast_head":"<!-- This site is optimized with the Yoast SEO plugin v23.0 - https:\/\/yoast.com\/wordpress\/plugins\/seo\/ -->\n<title>Prefeitura remove ve\u00edculos abandonados no bairro Gl\u00f3ria e combate foco de doen\u00e7as<\/title>\n<meta name=\"description\" content=\"A Prefeitura de Manaus segue firme no enfrentamento aos problemas de mobilidade urbana que afetam diretamente a qualidade de vida\" \/>\n<meta name=\"robots\" content=\"noindex, follow\" \/>\n<meta property=\"og:locale\" content=\"pt_BR\" \/>\n<meta property=\"og:type\" content=\"article\" \/>\n<meta property=\"og:title\" content=\"Prefeitura remove ve\u00edculos abandonados no bairro Gl\u00f3ria e combate foco de doen\u00e7as\" \/>\n<meta property=\"og:description\" content=\"A Prefeitura de Manaus segue firme no enfrentamento aos problemas de mobilidade urbana que afetam diretamente a qualidade de vida\" \/>\n<meta property=\"og:url\" content=\"https:\/\/www.manaus.am.gov.br\/immu\/operacao\/remove-veiculos-abandonados\/\" \/>\n<meta property=\"og:site_name\" content=\"IMMU\" \/>\n<meta property=\"article:published_time\" content=\"2025-06-18T13:32:56+00:00\" \/>\n<meta property=\"article:modified_time\" content=\"2025-06-18T13:32:58+00:00\" \/>\n<meta property=\"og:image\" content=\"https:\/\/www.manaus.am.gov.br\/immu\/wp-content\/uploads\/sites\/14\/2025\/06\/SUCATA_1.jpeg\" \/>\n\t<meta property=\"og:image:width\" content=\"1280\" \/>\n\t<meta property=\"og:image:height\" content=\"720\" \/>\n\t<meta property=\"og:image:type\" content=\"image\/jpeg\" \/>\n<meta name=\"author\" content=\"Maur\u00edcio Freire\" \/>\n<meta name=\"twitter:card\" content=\"summary_large_image\" \/>\n<meta name=\"twitter:label1\" content=\"Written by\" \/>\n\t<meta name=\"twitter:data1\" content=\"Maur\u00edcio Freire\" \/>\n\t<meta name=\"twitter:label2\" content=\"Est. reading time\" \/>\n\t<meta name=\"twitter:data2\" content=\"2 minutos\" \/>\n<script type=\"application\/ld+json\" class=\"yoast-schema-graph\">{\"@context\":\"https:\/\/schema.org\",\"@graph\":[{\"@type\":\"WebPage\",\"@id\":\"https:\/\/www.manaus.am.gov.br\/immu\/operacao\/remove-veiculos-abandonados\/\",\"url\":\"https:\/\/www.manaus.am.gov.br\/immu\/operacao\/remove-veiculos-abandonados\/\",\"name\":\"Prefeitura remove ve\u00edculos abandonados no bairro Gl\u00f3ria e combate foco de doen\u00e7as\",\"isPartOf\":{\"@id\":\"https:\/\/www.manaus.am.gov.br\/immu\/#website\"},\"primaryImageOfPage\":{\"@id\":\"https:\/\/www.manaus.am.gov.br\/immu\/operacao\/remove-veiculos-abandonados\/#primaryimage\"},\"image\":{\"@id\":\"https:\/\/www.manaus.am.gov.br\/immu\/operacao\/remove-veiculos-abandonados\/#primaryimage\"},\"thumbnailUrl\":\"https:\/\/www.manaus.am.gov.br\/immu\/wp-content\/uploads\/sites\/14\/2025\/06\/SUCATA_1.jpeg\",\"datePublished\":\"2025-06-18T13:32:56+00:00\",\"dateModified\":\"2025-06-18T13:32:58+00:00\",\"author\":{\"@id\":\"https:\/\/www.manaus.am.gov.br\/immu\/#\/schema\/person\/587989a23a463cde5618e6a028977a9a\"},\"description\":\"A Prefeitura de Manaus segue firme no enfrentamento aos problemas de mobilidade urbana que afetam diretamente a qualidade de vida\",\"breadcrumb\":{\"@id\":\"https:\/\/www.manaus.am.gov.br\/immu\/operacao\/remove-veiculos-abandonados\/#breadcrumb\"},\"inLanguage\":\"pt-BR\",\"potentialAction\":[{\"@type\":\"ReadAction\",\"target\":[\"https:\/\/www.manaus.am.gov.br\/immu\/operacao\/remove-veiculos-abandonados\/\"]}]},{\"@type\":\"ImageObject\",\"inLanguage\":\"pt-BR\",\"@id\":\"https:\/\/www.manaus.am.gov.br\/immu\/operacao\/remove-veiculos-abandonados\/#primaryimage\",\"url\":\"https:\/\/www.manaus.am.gov.br\/immu\/wp-content\/uploads\/sites\/14\/2025\/06\/SUCATA_1.jpeg\",\"contentUrl\":\"https:\/\/www.manaus.am.gov.br\/immu\/wp-content\/uploads\/sites\/14\/2025\/06\/SUCATA_1.jpeg\",\"width\":1280,\"height\":720,\"caption\":\"#paratodosverem cinco ve\u00edculos abandonados foram removidos de um terreno\"},{\"@type\":\"BreadcrumbList\",\"@id\":\"https:\/\/www.manaus.am.gov.br\/immu\/operacao\/remove-veiculos-abandonados\/#breadcrumb\",\"itemListElement\":[{\"@type\":\"ListItem\",\"position\":1,\"name\":\"Home\",\"item\":\"https:\/\/www.manaus.am.gov.br\/immu\/\"},{\"@type\":\"ListItem\",\"position\":2,\"name\":\"Prefeitura remove ve\u00edculos abandonados no bairro Gl\u00f3ria e combate foco de doen\u00e7as\"}]},{\"@type\":\"WebSite\",\"@id\":\"https:\/\/www.manaus.am.gov.br\/immu\/#website\",\"url\":\"https:\/\/www.manaus.am.gov.br\/immu\/\",\"name\":\"IMMU\",\"description\":\"Prefeitura de Manaus\",\"potentialAction\":[{\"@type\":\"SearchAction\",\"target\":{\"@type\":\"EntryPoint\",\"urlTemplate\":\"https:\/\/www.manaus.am.gov.br\/immu\/?s={search_term_string}\"},\"query-input\":\"required name=search_term_string\"}],\"inLanguage\":\"pt-BR\"},{\"@type\":\"Person\",\"@id\":\"https:\/\/www.manaus.am.gov.br\/immu\/#\/schema\/person\/587989a23a463cde5618e6a028977a9a\",\"name\":\"Maur\u00edcio Freire\",\"image\":{\"@type\":\"ImageObject\",\"inLanguage\":\"pt-BR\",\"@id\":\"https:\/\/www.manaus.am.gov.br\/immu\/#\/schema\/person\/image\/\",\"url\":\"https:\/\/secure.gravatar.com\/avatar\/dc1481799a1f75c733ac3b2634cd6749?s=96&d=mm&r=g\",\"contentUrl\":\"https:\/\/secure.gravatar.com\/avatar\/dc1481799a1f75c733ac3b2634cd6749?s=96&d=mm&r=g\",\"caption\":\"Maur\u00edcio Freire\"}}]}<\/script>\n<!-- \/ Yoast SEO plugin. -->","yoast_head_json":{"title":"Prefeitura remove ve\u00edculos abandonados no bairro Gl\u00f3ria e combate foco de doen\u00e7as","description":"A Prefeitura de Manaus segue firme no enfrentamento aos problemas de mobilidade urbana que afetam diretamente a qualidade de vida","robots":{"index":"noindex","follow":"follow"},"og_locale":"pt_BR","og_type":"article","og_title":"Prefeitura remove ve\u00edculos abandonados no bairro Gl\u00f3ria e combate foco de doen\u00e7as","og_description":"A Prefeitura de Manaus segue firme no enfrentamento aos problemas de mobilidade urbana que afetam diretamente a qualidade de vida","og_url":"https:\/\/www.manaus.am.gov.br\/immu\/operacao\/remove-veiculos-abandonados\/","og_site_name":"IMMU","article_published_time":"2025-06-18T13:32:56+00:00","article_modified_time":"2025-06-18T13:32:58+00:00","og_image":[{"width":1280,"height":720,"url":"https:\/\/www.manaus.am.gov.br\/immu\/wp-content\/uploads\/sites\/14\/2025\/06\/SUCATA_1.jpeg","type":"image\/jpeg"}],"author":"Maur\u00edcio Freire","twitter_card":"summary_large_image","twitter_misc":{"Written by":"Maur\u00edcio Freire","Est. reading time":"2 minutos"},"schema":{"@context":"https:\/\/schema.org","@graph":[{"@type":"WebPage","@id":"https:\/\/www.manaus.am.gov.br\/immu\/operacao\/remove-veiculos-abandonados\/","url":"https:\/\/www.manaus.am.gov.br\/immu\/operacao\/remove-veiculos-abandonados\/","name":"Prefeitura remove ve\u00edculos abandonados no bairro Gl\u00f3ria e combate foco de doen\u00e7as","isPartOf":{"@id":"https:\/\/www.manaus.am.gov.br\/immu\/#website"},"primaryImageOfPage":{"@id":"https:\/\/www.manaus.am.gov.br\/immu\/operacao\/remove-veiculos-abandonados\/#primaryimage"},"image":{"@id":"https:\/\/www.manaus.am.gov.br\/immu\/operacao\/remove-veiculos-abandonados\/#primaryimage"},"thumbnailUrl":"https:\/\/www.manaus.am.gov.br\/immu\/wp-content\/uploads\/sites\/14\/2025\/06\/SUCATA_1.jpeg","datePublished":"2025-06-18T13:32:56+00:00","dateModified":"2025-06-18T13:32:58+00:00","author":{"@id":"https:\/\/www.manaus.am.gov.br\/immu\/#\/schema\/person\/587989a23a463cde5618e6a028977a9a"},"description":"A Prefeitura de Manaus segue firme no enfrentamento aos problemas de mobilidade urbana que afetam diretamente a qualidade de vida","breadcrumb":{"@id":"https:\/\/www.manaus.am.gov.br\/immu\/operacao\/remove-veiculos-abandonados\/#breadcrumb"},"inLanguage":"pt-BR","potentialAction":[{"@type":"ReadAction","target":["https:\/\/www.manaus.am.gov.br\/immu\/operacao\/remove-veiculos-abandonados\/"]}]},{"@type":"ImageObject","inLanguage":"pt-BR","@id":"https:\/\/www.manaus.am.gov.br\/immu\/operacao\/remove-veiculos-abandonados\/#primaryimage","url":"https:\/\/www.manaus.am.gov.br\/immu\/wp-content\/uploads\/sites\/14\/2025\/06\/SUCATA_1.jpeg","contentUrl":"https:\/\/www.manaus.am.gov.br\/immu\/wp-content\/uploads\/sites\/14\/2025\/06\/SUCATA_1.jpeg","width":1280,"height":720,"caption":"#paratodosverem cinco ve\u00edculos abandonados foram removidos de um terreno"},{"@type":"BreadcrumbList","@id":"https:\/\/www.manaus.am.gov.br\/immu\/operacao\/remove-veiculos-abandonados\/#breadcrumb","itemListElement":[{"@type":"ListItem","position":1,"name":"Home","item":"https:\/\/www.manaus.am.gov.br\/immu\/"},{"@type":"ListItem","position":2,"name":"Prefeitura remove ve\u00edculos abandonados no bairro Gl\u00f3ria e combate foco de doen\u00e7as"}]},{"@type":"WebSite","@id":"https:\/\/www.manaus.am.gov.br\/immu\/#website","url":"https:\/\/www.manaus.am.gov.br\/immu\/","name":"IMMU","description":"Prefeitura de Manaus","potentialAction":[{"@type":"SearchAction","target":{"@type":"EntryPoint","urlTemplate":"https:\/\/www.manaus.am.gov.br\/immu\/?s={search_term_string}"},"query-input":"required name=search_term_string"}],"inLanguage":"pt-BR"},{"@type":"Person","@id":"https:\/\/www.manaus.am.gov.br\/immu\/#\/schema\/person\/587989a23a463cde5618e6a028977a9a","name":"Maur\u00edcio Freire","image":{"@type":"ImageObject","inLanguage":"pt-BR","@id":"https:\/\/www.manaus.am.gov.br\/immu\/#\/schema\/person\/image\/","url":"https:\/\/secure.gravatar.com\/avatar\/dc1481799a1f75c733ac3b2634cd6749?s=96&d=mm&r=g","contentUrl":"https:\/\/secure.gravatar.com\/avatar\/dc1481799a1f75c733ac3b2634cd6749?s=96&d=mm&r=g","caption":"Maur\u00edcio Freire"}}]}},"_links":{"self":[{"href":"https:\/\/www.manaus.am.gov.br\/immu\/wp-json\/wp\/v2\/posts\/3884"}],"collection":[{"href":"https:\/\/www.manaus.am.gov.br\/immu\/wp-json\/wp\/v2\/posts"}],"about":[{"href":"https:\/\/www.manaus.am.gov.br\/immu\/wp-json\/wp\/v2\/types\/post"}],"author":[{"embeddable":true,"href":"https:\/\/www.manaus.am.gov.br\/immu\/wp-json\/wp\/v2\/users\/25"}],"replies":[{"embeddable":true,"href":"https:\/\/www.manaus.am.gov.br\/immu\/wp-json\/wp\/v2\/comments?post=3884"}],"version-history":[{"count":0,"href":"https:\/\/www.manaus.am.gov.br\/immu\/wp-json\/wp\/v2\/posts\/3884\/revisions"}],"wp:featuredmedia":[{"embeddable":true,"href":"https:\/\/www.manaus.am.gov.br\/immu\/wp-json\/wp\/v2\/media\/3885"}],"wp:attachment":[{"href":"https:\/\/www.manaus.am.gov.br\/immu\/wp-json\/wp\/v2\/media?parent=3884"}],"wp:term":[{"taxonomy":"category","embeddable":true,"href":"https:\/\/www.manaus.am.gov.br\/immu\/wp-json\/wp\/v2\/categories?post=3884"},{"taxonomy":"post_tag","embeddable":true,"href":"https:\/\/www.manaus.am.gov.br\/immu\/wp-json\/wp\/v2\/tags?post=3884"}],"curies":[{"name":"wp","href":"https:\/\/api.w.org\/{rel}","templated":true}]}}