{"id":3793,"date":"2025-06-16T13:29:22","date_gmt":"2025-06-16T17:29:22","guid":{"rendered":"https:\/\/www.manaus.am.gov.br\/immu\/sem-categoria\/prefeitura-immu-interdicao-corpuschristi\/"},"modified":"2025-06-16T13:29:22","modified_gmt":"2025-06-16T17:29:22","slug":"prefeitura-immu-interdicao-corpuschristi","status":"publish","type":"post","link":"https:\/\/www.manaus.am.gov.br\/immu\/nota\/prefeitura-immu-interdicao-corpuschristi\/","title":{"rendered":"Eduardo Ribeiro ser\u00e1 interditada para celebra\u00e7\u00e3o de Corpus Christi"},"content":{"rendered":"\n<p>A Prefeitura de Manaus, por meio do Instituto Municipal de Mobilidade Urbana (IMMU), informa que a avenida Eduardo Ribeiro ser\u00e1 interditada, no trecho entre as ruas 10 de Julho e Monsenhor Coutinho, das 6h \u00e0s 22h desta quinta-feira, 19\/6, para a realiza\u00e7\u00e3o da &#8220;Missa de Corpus Christi&#8221; que ocorrer\u00e1 \u00e0s 16h30. Al\u00e9m da celebra\u00e7\u00e3o, ser\u00e1 realizada tamb\u00e9m uma prociss\u00e3o, no mesmo dia, que contar\u00e1 com interdi\u00e7\u00f5es tempor\u00e1rias em outras vias do centro da cidade.<\/p>\n\n\n\n<p>Com a interdi\u00e7\u00e3o, os ve\u00edculos que trafegam na Eduardo Ribeiro ter\u00e3o como op\u00e7\u00f5es de desvio as ruas Saldanha Marinho e 24 de Maio.<\/p>\n\n\n\n<p>O IMMU vai monitorar a movimenta\u00e7\u00e3o dos fi\u00e9is com o efetivo de agentes de tr\u00e2nsito posicionados em postos fixos, em viaturas e motos. Os agentes de tr\u00e2nsito acompanhar\u00e3o o trajeto da prociss\u00e3o, para dar seguran\u00e7a aos pedestres e orientar os condutores a desviar do p\u00fablico.<\/p>\n\n\n\n<p>A prociss\u00e3o tem previs\u00e3o de sa\u00edda \u00e0s 17h30, seguindo pela avenida Eduardo Ribeiro; rua 10 de Julho; avenida Joaquim Nabuco e avenida Tarum\u00e3.<\/p>\n\n\n\n<p>N\u00e3o haver\u00e1 necessidade de interromper o fluxo de ve\u00edculos antes da prociss\u00e3o. As interdi\u00e7\u00f5es ocorrem somente durante a passagem do p\u00fablico, deixando o tr\u00e2nsito liberado em seguida.<\/p>\n\n\n\n<p>&#8212; &#8212; &#8212;<\/p>\n\n\n\n<p>Texto e fotos &#8211; Divulga\u00e7\u00e3o\/IMMU<\/p>\n\n\n\n<p><\/p>\n\n\n\n<figure class=\"wp-block-gallery has-nested-images columns-default is-cropped wp-block-gallery-1 is-layout-flex wp-block-gallery-is-layout-flex\">\n<figure class=\"wp-block-image size-full\"><img loading=\"lazy\" decoding=\"async\" width=\"1600\" height=\"1132\" data-id=\"3794\" src=\"https:\/\/www.manaus.am.gov.br\/immu\/wp-content\/uploads\/sites\/14\/2025\/06\/WhatsApp-Image-2025-06-16-at-13.24.55.jpeg\" alt=\"\" class=\"wp-image-3794\" srcset=\"https:\/\/www.manaus.am.gov.br\/immu\/wp-content\/uploads\/sites\/14\/2025\/06\/WhatsApp-Image-2025-06-16-at-13.24.55.jpeg 1600w, https:\/\/www.manaus.am.gov.br\/immu\/wp-content\/uploads\/sites\/14\/2025\/06\/WhatsApp-Image-2025-06-16-at-13.24.55-300x212.jpeg 300w, https:\/\/www.manaus.am.gov.br\/immu\/wp-content\/uploads\/sites\/14\/2025\/06\/WhatsApp-Image-2025-06-16-at-13.24.55-1024x724.jpeg 1024w, https:\/\/www.manaus.am.gov.br\/immu\/wp-content\/uploads\/sites\/14\/2025\/06\/WhatsApp-Image-2025-06-16-at-13.24.55-768x543.jpeg 768w, https:\/\/www.manaus.am.gov.br\/immu\/wp-content\/uploads\/sites\/14\/2025\/06\/WhatsApp-Image-2025-06-16-at-13.24.55-1536x1087.jpeg 1536w\" sizes=\"(max-width: 1600px) 100vw, 1600px\" \/><\/figure>\n<\/figure>\n","protected":false},"excerpt":{"rendered":"","protected":false},"author":23,"featured_media":3530,"comment_status":"closed","ping_status":"closed","sticky":false,"template":"","format":"standard","meta":{"footnotes":""},"categories":[5],"tags":[2028,6,321,8],"acf":[],"yoast_head":"<!-- This site is optimized with the Yoast SEO plugin v23.0 - https:\/\/yoast.com\/wordpress\/plugins\/seo\/ -->\n<title>Eduardo Ribeiro ser\u00e1 interditada para celebra\u00e7\u00e3o de Corpus Christi<\/title>\n<meta name=\"description\" content=\"A Prefeitura de Manaus, por meio do Instituto Municipal de Mobilidade Urbana (IMMU), informa que a avenida Eduardo Ribeiro ser\u00e1 interditada, no trecho entre as ruas 10 de Julho e Monsenhor Coutinho, das 6h \u00e0s 22h desta quinta-feira, 19\/6, para a realiza\u00e7\u00e3o da &quot;Missa de Corpus Christi&quot; que ocorrer\u00e1 \u00e0s 16h30.\" \/>\n<meta name=\"robots\" content=\"noindex, follow\" \/>\n<meta property=\"og:locale\" content=\"pt_BR\" \/>\n<meta property=\"og:type\" content=\"article\" \/>\n<meta property=\"og:title\" content=\"Eduardo Ribeiro ser\u00e1 interditada para celebra\u00e7\u00e3o de Corpus Christi\" \/>\n<meta property=\"og:description\" content=\"A Prefeitura de Manaus, por meio do Instituto Municipal de Mobilidade Urbana (IMMU), informa que a avenida Eduardo Ribeiro ser\u00e1 interditada, no trecho entre as ruas 10 de Julho e Monsenhor Coutinho, das 6h \u00e0s 22h desta quinta-feira, 19\/6, para a realiza\u00e7\u00e3o da &quot;Missa de Corpus Christi&quot; que ocorrer\u00e1 \u00e0s 16h30.\" \/>\n<meta property=\"og:url\" content=\"https:\/\/www.manaus.am.gov.br\/immu\/nota\/prefeitura-immu-interdicao-corpuschristi\/\" \/>\n<meta property=\"og:site_name\" content=\"IMMU\" \/>\n<meta property=\"article:published_time\" content=\"2025-06-16T17:29:22+00:00\" \/>\n<meta property=\"og:image\" content=\"https:\/\/www.manaus.am.gov.br\/immu\/wp-content\/uploads\/sites\/14\/2025\/05\/BANNER-NOTA.png\" \/>\n\t<meta property=\"og:image:width\" content=\"900\" \/>\n\t<meta property=\"og:image:height\" content=\"509\" \/>\n\t<meta property=\"og:image:type\" content=\"image\/png\" \/>\n<meta name=\"author\" content=\"Adriana Costa\" \/>\n<meta name=\"twitter:card\" content=\"summary_large_image\" \/>\n<meta name=\"twitter:label1\" content=\"Written by\" \/>\n\t<meta name=\"twitter:data1\" content=\"Adriana Costa\" \/>\n\t<meta name=\"twitter:label2\" content=\"Est. reading time\" \/>\n\t<meta name=\"twitter:data2\" content=\"2 minutos\" \/>\n<script type=\"application\/ld+json\" class=\"yoast-schema-graph\">{\"@context\":\"https:\/\/schema.org\",\"@graph\":[{\"@type\":\"WebPage\",\"@id\":\"https:\/\/www.manaus.am.gov.br\/immu\/nota\/prefeitura-immu-interdicao-corpuschristi\/\",\"url\":\"https:\/\/www.manaus.am.gov.br\/immu\/nota\/prefeitura-immu-interdicao-corpuschristi\/\",\"name\":\"Eduardo Ribeiro ser\u00e1 interditada para celebra\u00e7\u00e3o de Corpus Christi\",\"isPartOf\":{\"@id\":\"https:\/\/www.manaus.am.gov.br\/immu\/#website\"},\"primaryImageOfPage\":{\"@id\":\"https:\/\/www.manaus.am.gov.br\/immu\/nota\/prefeitura-immu-interdicao-corpuschristi\/#primaryimage\"},\"image\":{\"@id\":\"https:\/\/www.manaus.am.gov.br\/immu\/nota\/prefeitura-immu-interdicao-corpuschristi\/#primaryimage\"},\"thumbnailUrl\":\"https:\/\/www.manaus.am.gov.br\/immu\/wp-content\/uploads\/sites\/14\/2025\/05\/BANNER-NOTA.png\",\"datePublished\":\"2025-06-16T17:29:22+00:00\",\"dateModified\":\"2025-06-16T17:29:22+00:00\",\"author\":{\"@id\":\"https:\/\/www.manaus.am.gov.br\/immu\/#\/schema\/person\/4e49f4e267757a06ca072ec61b2b9968\"},\"description\":\"A Prefeitura de Manaus, por meio do Instituto Municipal de Mobilidade Urbana (IMMU), informa que a avenida Eduardo Ribeiro ser\u00e1 interditada, no trecho entre as ruas 10 de Julho e Monsenhor Coutinho, das 6h \u00e0s 22h desta quinta-feira, 19\/6, para a realiza\u00e7\u00e3o da \\\"Missa de Corpus Christi\\\" que ocorrer\u00e1 \u00e0s 16h30.\",\"breadcrumb\":{\"@id\":\"https:\/\/www.manaus.am.gov.br\/immu\/nota\/prefeitura-immu-interdicao-corpuschristi\/#breadcrumb\"},\"inLanguage\":\"pt-BR\",\"potentialAction\":[{\"@type\":\"ReadAction\",\"target\":[\"https:\/\/www.manaus.am.gov.br\/immu\/nota\/prefeitura-immu-interdicao-corpuschristi\/\"]}]},{\"@type\":\"ImageObject\",\"inLanguage\":\"pt-BR\",\"@id\":\"https:\/\/www.manaus.am.gov.br\/immu\/nota\/prefeitura-immu-interdicao-corpuschristi\/#primaryimage\",\"url\":\"https:\/\/www.manaus.am.gov.br\/immu\/wp-content\/uploads\/sites\/14\/2025\/05\/BANNER-NOTA.png\",\"contentUrl\":\"https:\/\/www.manaus.am.gov.br\/immu\/wp-content\/uploads\/sites\/14\/2025\/05\/BANNER-NOTA.png\",\"width\":900,\"height\":509,\"caption\":\"37 ocorr\u00eancias ap\u00f3s fortes chuvas\"},{\"@type\":\"BreadcrumbList\",\"@id\":\"https:\/\/www.manaus.am.gov.br\/immu\/nota\/prefeitura-immu-interdicao-corpuschristi\/#breadcrumb\",\"itemListElement\":[{\"@type\":\"ListItem\",\"position\":1,\"name\":\"Home\",\"item\":\"https:\/\/www.manaus.am.gov.br\/immu\/\"},{\"@type\":\"ListItem\",\"position\":2,\"name\":\"Eduardo Ribeiro ser\u00e1 interditada para celebra\u00e7\u00e3o de Corpus Christi\"}]},{\"@type\":\"WebSite\",\"@id\":\"https:\/\/www.manaus.am.gov.br\/immu\/#website\",\"url\":\"https:\/\/www.manaus.am.gov.br\/immu\/\",\"name\":\"IMMU\",\"description\":\"Prefeitura de Manaus\",\"potentialAction\":[{\"@type\":\"SearchAction\",\"target\":{\"@type\":\"EntryPoint\",\"urlTemplate\":\"https:\/\/www.manaus.am.gov.br\/immu\/?s={search_term_string}\"},\"query-input\":\"required name=search_term_string\"}],\"inLanguage\":\"pt-BR\"},{\"@type\":\"Person\",\"@id\":\"https:\/\/www.manaus.am.gov.br\/immu\/#\/schema\/person\/4e49f4e267757a06ca072ec61b2b9968\",\"name\":\"Adriana Costa\",\"image\":{\"@type\":\"ImageObject\",\"inLanguage\":\"pt-BR\",\"@id\":\"https:\/\/www.manaus.am.gov.br\/immu\/#\/schema\/person\/image\/\",\"url\":\"https:\/\/secure.gravatar.com\/avatar\/576258617ef7194f718179e766d57bd4?s=96&d=mm&r=g\",\"contentUrl\":\"https:\/\/secure.gravatar.com\/avatar\/576258617ef7194f718179e766d57bd4?s=96&d=mm&r=g\",\"caption\":\"Adriana Costa\"}}]}<\/script>\n<!-- \/ Yoast SEO plugin. -->","yoast_head_json":{"title":"Eduardo Ribeiro ser\u00e1 interditada para celebra\u00e7\u00e3o de Corpus Christi","description":"A Prefeitura de Manaus, por meio do Instituto Municipal de Mobilidade Urbana (IMMU), informa que a avenida Eduardo Ribeiro ser\u00e1 interditada, no trecho entre as ruas 10 de Julho e Monsenhor Coutinho, das 6h \u00e0s 22h desta quinta-feira, 19\/6, para a realiza\u00e7\u00e3o da \"Missa de Corpus Christi\" que ocorrer\u00e1 \u00e0s 16h30.","robots":{"index":"noindex","follow":"follow"},"og_locale":"pt_BR","og_type":"article","og_title":"Eduardo Ribeiro ser\u00e1 interditada para celebra\u00e7\u00e3o de Corpus Christi","og_description":"A Prefeitura de Manaus, por meio do Instituto Municipal de Mobilidade Urbana (IMMU), informa que a avenida Eduardo Ribeiro ser\u00e1 interditada, no trecho entre as ruas 10 de Julho e Monsenhor Coutinho, das 6h \u00e0s 22h desta quinta-feira, 19\/6, para a realiza\u00e7\u00e3o da \"Missa de Corpus Christi\" que ocorrer\u00e1 \u00e0s 16h30.","og_url":"https:\/\/www.manaus.am.gov.br\/immu\/nota\/prefeitura-immu-interdicao-corpuschristi\/","og_site_name":"IMMU","article_published_time":"2025-06-16T17:29:22+00:00","og_image":[{"width":900,"height":509,"url":"https:\/\/www.manaus.am.gov.br\/immu\/wp-content\/uploads\/sites\/14\/2025\/05\/BANNER-NOTA.png","type":"image\/png"}],"author":"Adriana Costa","twitter_card":"summary_large_image","twitter_misc":{"Written by":"Adriana Costa","Est. reading time":"2 minutos"},"schema":{"@context":"https:\/\/schema.org","@graph":[{"@type":"WebPage","@id":"https:\/\/www.manaus.am.gov.br\/immu\/nota\/prefeitura-immu-interdicao-corpuschristi\/","url":"https:\/\/www.manaus.am.gov.br\/immu\/nota\/prefeitura-immu-interdicao-corpuschristi\/","name":"Eduardo Ribeiro ser\u00e1 interditada para celebra\u00e7\u00e3o de Corpus Christi","isPartOf":{"@id":"https:\/\/www.manaus.am.gov.br\/immu\/#website"},"primaryImageOfPage":{"@id":"https:\/\/www.manaus.am.gov.br\/immu\/nota\/prefeitura-immu-interdicao-corpuschristi\/#primaryimage"},"image":{"@id":"https:\/\/www.manaus.am.gov.br\/immu\/nota\/prefeitura-immu-interdicao-corpuschristi\/#primaryimage"},"thumbnailUrl":"https:\/\/www.manaus.am.gov.br\/immu\/wp-content\/uploads\/sites\/14\/2025\/05\/BANNER-NOTA.png","datePublished":"2025-06-16T17:29:22+00:00","dateModified":"2025-06-16T17:29:22+00:00","author":{"@id":"https:\/\/www.manaus.am.gov.br\/immu\/#\/schema\/person\/4e49f4e267757a06ca072ec61b2b9968"},"description":"A Prefeitura de Manaus, por meio do Instituto Municipal de Mobilidade Urbana (IMMU), informa que a avenida Eduardo Ribeiro ser\u00e1 interditada, no trecho entre as ruas 10 de Julho e Monsenhor Coutinho, das 6h \u00e0s 22h desta quinta-feira, 19\/6, para a realiza\u00e7\u00e3o da \"Missa de Corpus Christi\" que ocorrer\u00e1 \u00e0s 16h30.","breadcrumb":{"@id":"https:\/\/www.manaus.am.gov.br\/immu\/nota\/prefeitura-immu-interdicao-corpuschristi\/#breadcrumb"},"inLanguage":"pt-BR","potentialAction":[{"@type":"ReadAction","target":["https:\/\/www.manaus.am.gov.br\/immu\/nota\/prefeitura-immu-interdicao-corpuschristi\/"]}]},{"@type":"ImageObject","inLanguage":"pt-BR","@id":"https:\/\/www.manaus.am.gov.br\/immu\/nota\/prefeitura-immu-interdicao-corpuschristi\/#primaryimage","url":"https:\/\/www.manaus.am.gov.br\/immu\/wp-content\/uploads\/sites\/14\/2025\/05\/BANNER-NOTA.png","contentUrl":"https:\/\/www.manaus.am.gov.br\/immu\/wp-content\/uploads\/sites\/14\/2025\/05\/BANNER-NOTA.png","width":900,"height":509,"caption":"37 ocorr\u00eancias ap\u00f3s fortes chuvas"},{"@type":"BreadcrumbList","@id":"https:\/\/www.manaus.am.gov.br\/immu\/nota\/prefeitura-immu-interdicao-corpuschristi\/#breadcrumb","itemListElement":[{"@type":"ListItem","position":1,"name":"Home","item":"https:\/\/www.manaus.am.gov.br\/immu\/"},{"@type":"ListItem","position":2,"name":"Eduardo Ribeiro ser\u00e1 interditada para celebra\u00e7\u00e3o de Corpus Christi"}]},{"@type":"WebSite","@id":"https:\/\/www.manaus.am.gov.br\/immu\/#website","url":"https:\/\/www.manaus.am.gov.br\/immu\/","name":"IMMU","description":"Prefeitura de Manaus","potentialAction":[{"@type":"SearchAction","target":{"@type":"EntryPoint","urlTemplate":"https:\/\/www.manaus.am.gov.br\/immu\/?s={search_term_string}"},"query-input":"required name=search_term_string"}],"inLanguage":"pt-BR"},{"@type":"Person","@id":"https:\/\/www.manaus.am.gov.br\/immu\/#\/schema\/person\/4e49f4e267757a06ca072ec61b2b9968","name":"Adriana Costa","image":{"@type":"ImageObject","inLanguage":"pt-BR","@id":"https:\/\/www.manaus.am.gov.br\/immu\/#\/schema\/person\/image\/","url":"https:\/\/secure.gravatar.com\/avatar\/576258617ef7194f718179e766d57bd4?s=96&d=mm&r=g","contentUrl":"https:\/\/secure.gravatar.com\/avatar\/576258617ef7194f718179e766d57bd4?s=96&d=mm&r=g","caption":"Adriana Costa"}}]}},"_links":{"self":[{"href":"https:\/\/www.manaus.am.gov.br\/immu\/wp-json\/wp\/v2\/posts\/3793"}],"collection":[{"href":"https:\/\/www.manaus.am.gov.br\/immu\/wp-json\/wp\/v2\/posts"}],"about":[{"href":"https:\/\/www.manaus.am.gov.br\/immu\/wp-json\/wp\/v2\/types\/post"}],"author":[{"embeddable":true,"href":"https:\/\/www.manaus.am.gov.br\/immu\/wp-json\/wp\/v2\/users\/23"}],"replies":[{"embeddable":true,"href":"https:\/\/www.manaus.am.gov.br\/immu\/wp-json\/wp\/v2\/comments?post=3793"}],"version-history":[{"count":1,"href":"https:\/\/www.manaus.am.gov.br\/immu\/wp-json\/wp\/v2\/posts\/3793\/revisions"}],"predecessor-version":[{"id":3797,"href":"https:\/\/www.manaus.am.gov.br\/immu\/wp-json\/wp\/v2\/posts\/3793\/revisions\/3797"}],"wp:featuredmedia":[{"embeddable":true,"href":"https:\/\/www.manaus.am.gov.br\/immu\/wp-json\/wp\/v2\/media\/3530"}],"wp:attachment":[{"href":"https:\/\/www.manaus.am.gov.br\/immu\/wp-json\/wp\/v2\/media?parent=3793"}],"wp:term":[{"taxonomy":"category","embeddable":true,"href":"https:\/\/www.manaus.am.gov.br\/immu\/wp-json\/wp\/v2\/categories?post=3793"},{"taxonomy":"post_tag","embeddable":true,"href":"https:\/\/www.manaus.am.gov.br\/immu\/wp-json\/wp\/v2\/tags?post=3793"}],"curies":[{"name":"wp","href":"https:\/\/api.w.org\/{rel}","templated":true}]}}