{"id":3781,"date":"2025-06-11T15:01:28","date_gmt":"2025-06-11T19:01:28","guid":{"rendered":"https:\/\/www.manaus.am.gov.br\/immu\/sem-categoria\/atividade-ludica-de-transito-novo-israel\/"},"modified":"2025-06-11T15:01:30","modified_gmt":"2025-06-11T19:01:30","slug":"atividade-ludica-de-transito-novo-israel","status":"publish","type":"post","link":"https:\/\/www.manaus.am.gov.br\/immu\/transito\/atividade-ludica-de-transito-novo-israel\/","title":{"rendered":"Prefeitura de Manaus leva atividade l\u00fadica de tr\u00e2nsito \u00e0 escola do Novo Israel"},"content":{"rendered":"\n<p>Um momento de descontra\u00e7\u00e3o e adquirir conhecimento sobre tr\u00e2nsito. Este foi o esp\u00edrito de uma a\u00e7\u00e3o educacional promovida, nesta quarta-feira, 11\/6, pela <a href=\"https:\/\/www.instagram.com\/prefeiturademanaus\/\">Prefeitura de Manaus<\/a>, por meio do <a href=\"https:\/\/www.manaus.am.gov.br\/immu\/\">Instituto Municipal de Mobilidade Urbana (IMMU)<\/a>, na escola estadual Inspetora Dulcin\u00e9ia Varela Moura, no bairro Novo Israel, zona Norte da capital.<\/p>\n\n\n\n<p>A atividade contou com um bate-papo inicial sobre regras de tr\u00e2nsito, quando os estudantes do ensino m\u00e9dio tiveram oportunidade de tirar d\u00favidas e saber conceitos b\u00e1sicos sobre o C\u00f3digo de Tr\u00e2nsito Brasileiro (CTB). Num segundo momento, cerca de 100 estudantes participaram de uma pequena competi\u00e7\u00e3o em que os alunos foram divididos em duas equipes para responder perguntas sobre o que \u00e9 permitido ou n\u00e3o no tr\u00e2nsito.<\/p>\n\n\n\n<p>Uma das quest\u00f5es que gerou pol\u00eamica na competi\u00e7\u00e3o foi se crian\u00e7as podem andar no banco da frente dos ve\u00edculos. Com a diverg\u00eancia, o educador de tr\u00e2nsito Werrison Freitas explicou que a lei estabelece que crian\u00e7as com 10 anos ou mais, e com altura superior a 1,45 metro, podem ocupar o banco da frente, desde que usem o cinto de seguran\u00e7a corretamente.<\/p>\n\n\n\n<p>\u201cDurante a atividade aproveitamos a oportunidade de repassar as informa\u00e7\u00f5es de tr\u00e2nsito nessa idade, que, no futuro, teremos bons condutores e pessoas que far\u00e3o um tr\u00e2nsito mais humano com mais aten\u00e7\u00e3o respeito ao pr\u00f3ximo e cidadania\u201d, destacou o especialista em Educa\u00e7\u00e3o de Tr\u00e2nsito do IMMU, Werrison Freitas.<\/p>\n\n\n\n<p>A diretora da escola, Bel Lira, comentou sobre a a\u00e7\u00e3o promovida pelo IMMU na unidade escolar. &nbsp;\u201cEssa a\u00e7\u00e3o \u00e9 de extrema import\u00e2ncia, primeiro de tudo que o tr\u00e2nsito n\u00e3o se resume s\u00f3 a carros, mas tamb\u00e9m \u00e0 pedestre, educa\u00e7\u00e3o. No momento em que voc\u00ea \u00e9 pedestre, voc\u00ea tem que agir de uma maneira; no momento que voc\u00ea \u00e9 condutor, voc\u00ea tem que agir de outra maneira. E n\u00f3s temos alunos que j\u00e1 conduzem motos, que s\u00e3o pedestres, alunos que precisam se deslocar, andam de \u00f4nibus e tudo isso faz parte do tr\u00e2nsito\u201d, frisou a gestora.<\/p>\n\n\n\n<p>&#8212; &#8212; &#8212;<\/p>\n\n\n\n<p><strong>Texto &#8211;<\/strong> \u00c1lisson Castro \/ IMMU<\/p>\n\n\n\n<p><strong>Fotos &#8211;<\/strong> Karol Silva \/ IMMU<\/p>\n","protected":false},"excerpt":{"rendered":"","protected":false},"author":57,"featured_media":3782,"comment_status":"closed","ping_status":"closed","sticky":false,"template":"","format":"standard","meta":{"footnotes":""},"categories":[46],"tags":[2024,6,8],"acf":[],"yoast_head":"<!-- This site is optimized with the Yoast SEO plugin v23.0 - https:\/\/yoast.com\/wordpress\/plugins\/seo\/ -->\n<title>PMM leva atividade l\u00fadica de tr\u00e2nsito \u00e0 escola do Novo Israel<\/title>\n<meta name=\"description\" content=\"A atividade l\u00fadica de tr\u00e2nsito foi promovida pela Prefeitura na escola estadual Inspetora Dulcin\u00e9ia Varela Moura, no bairro Novo Israel.\" \/>\n<meta name=\"robots\" content=\"noindex, follow\" \/>\n<meta property=\"og:locale\" content=\"pt_BR\" \/>\n<meta property=\"og:type\" content=\"article\" \/>\n<meta property=\"og:title\" content=\"PMM leva atividade l\u00fadica de tr\u00e2nsito \u00e0 escola do Novo Israel\" \/>\n<meta property=\"og:description\" content=\"A atividade l\u00fadica de tr\u00e2nsito foi promovida pela Prefeitura na escola estadual Inspetora Dulcin\u00e9ia Varela Moura, no bairro Novo Israel.\" \/>\n<meta property=\"og:url\" content=\"https:\/\/www.manaus.am.gov.br\/immu\/transito\/atividade-ludica-de-transito-novo-israel\/\" \/>\n<meta property=\"og:site_name\" content=\"IMMU\" \/>\n<meta property=\"article:published_time\" content=\"2025-06-11T19:01:28+00:00\" \/>\n<meta property=\"article:modified_time\" content=\"2025-06-11T19:01:30+00:00\" \/>\n<meta property=\"og:image\" content=\"https:\/\/www.manaus.am.gov.br\/immu\/wp-content\/uploads\/sites\/14\/2025\/06\/atividade-ludica-de-transito-1.jpg\" \/>\n\t<meta property=\"og:image:width\" content=\"1200\" \/>\n\t<meta property=\"og:image:height\" content=\"800\" \/>\n\t<meta property=\"og:image:type\" content=\"image\/jpeg\" \/>\n<meta name=\"author\" content=\"Thiago Fernando\" \/>\n<meta name=\"twitter:card\" content=\"summary_large_image\" \/>\n<meta name=\"twitter:label1\" content=\"Written by\" \/>\n\t<meta name=\"twitter:data1\" content=\"Thiago Fernando\" \/>\n\t<meta name=\"twitter:label2\" content=\"Est. reading time\" \/>\n\t<meta name=\"twitter:data2\" content=\"3 minutos\" \/>\n<script type=\"application\/ld+json\" class=\"yoast-schema-graph\">{\"@context\":\"https:\/\/schema.org\",\"@graph\":[{\"@type\":\"WebPage\",\"@id\":\"https:\/\/www.manaus.am.gov.br\/immu\/transito\/atividade-ludica-de-transito-novo-israel\/\",\"url\":\"https:\/\/www.manaus.am.gov.br\/immu\/transito\/atividade-ludica-de-transito-novo-israel\/\",\"name\":\"PMM leva atividade l\u00fadica de tr\u00e2nsito \u00e0 escola do Novo Israel\",\"isPartOf\":{\"@id\":\"https:\/\/www.manaus.am.gov.br\/immu\/#website\"},\"primaryImageOfPage\":{\"@id\":\"https:\/\/www.manaus.am.gov.br\/immu\/transito\/atividade-ludica-de-transito-novo-israel\/#primaryimage\"},\"image\":{\"@id\":\"https:\/\/www.manaus.am.gov.br\/immu\/transito\/atividade-ludica-de-transito-novo-israel\/#primaryimage\"},\"thumbnailUrl\":\"https:\/\/www.manaus.am.gov.br\/immu\/wp-content\/uploads\/sites\/14\/2025\/06\/atividade-ludica-de-transito-1.jpg\",\"datePublished\":\"2025-06-11T19:01:28+00:00\",\"dateModified\":\"2025-06-11T19:01:30+00:00\",\"author\":{\"@id\":\"https:\/\/www.manaus.am.gov.br\/immu\/#\/schema\/person\/a5ee5376db6e21af026374b369f30882\"},\"description\":\"A atividade l\u00fadica de tr\u00e2nsito foi promovida pela Prefeitura na escola estadual Inspetora Dulcin\u00e9ia Varela Moura, no bairro Novo Israel.\",\"breadcrumb\":{\"@id\":\"https:\/\/www.manaus.am.gov.br\/immu\/transito\/atividade-ludica-de-transito-novo-israel\/#breadcrumb\"},\"inLanguage\":\"pt-BR\",\"potentialAction\":[{\"@type\":\"ReadAction\",\"target\":[\"https:\/\/www.manaus.am.gov.br\/immu\/transito\/atividade-ludica-de-transito-novo-israel\/\"]}]},{\"@type\":\"ImageObject\",\"inLanguage\":\"pt-BR\",\"@id\":\"https:\/\/www.manaus.am.gov.br\/immu\/transito\/atividade-ludica-de-transito-novo-israel\/#primaryimage\",\"url\":\"https:\/\/www.manaus.am.gov.br\/immu\/wp-content\/uploads\/sites\/14\/2025\/06\/atividade-ludica-de-transito-1.jpg\",\"contentUrl\":\"https:\/\/www.manaus.am.gov.br\/immu\/wp-content\/uploads\/sites\/14\/2025\/06\/atividade-ludica-de-transito-1.jpg\",\"width\":1200,\"height\":800,\"caption\":\"atividade l\u00fadica de tr\u00e2nsito\"},{\"@type\":\"BreadcrumbList\",\"@id\":\"https:\/\/www.manaus.am.gov.br\/immu\/transito\/atividade-ludica-de-transito-novo-israel\/#breadcrumb\",\"itemListElement\":[{\"@type\":\"ListItem\",\"position\":1,\"name\":\"Home\",\"item\":\"https:\/\/www.manaus.am.gov.br\/immu\/\"},{\"@type\":\"ListItem\",\"position\":2,\"name\":\"Prefeitura de Manaus leva atividade l\u00fadica de tr\u00e2nsito \u00e0 escola do Novo Israel\"}]},{\"@type\":\"WebSite\",\"@id\":\"https:\/\/www.manaus.am.gov.br\/immu\/#website\",\"url\":\"https:\/\/www.manaus.am.gov.br\/immu\/\",\"name\":\"IMMU\",\"description\":\"Prefeitura de Manaus\",\"potentialAction\":[{\"@type\":\"SearchAction\",\"target\":{\"@type\":\"EntryPoint\",\"urlTemplate\":\"https:\/\/www.manaus.am.gov.br\/immu\/?s={search_term_string}\"},\"query-input\":\"required name=search_term_string\"}],\"inLanguage\":\"pt-BR\"},{\"@type\":\"Person\",\"@id\":\"https:\/\/www.manaus.am.gov.br\/immu\/#\/schema\/person\/a5ee5376db6e21af026374b369f30882\",\"name\":\"Thiago Fernando\",\"image\":{\"@type\":\"ImageObject\",\"inLanguage\":\"pt-BR\",\"@id\":\"https:\/\/www.manaus.am.gov.br\/immu\/#\/schema\/person\/image\/\",\"url\":\"https:\/\/secure.gravatar.com\/avatar\/f5aab8722444041451501c077052ac07?s=96&d=mm&r=g\",\"contentUrl\":\"https:\/\/secure.gravatar.com\/avatar\/f5aab8722444041451501c077052ac07?s=96&d=mm&r=g\",\"caption\":\"Thiago Fernando\"}}]}<\/script>\n<!-- \/ Yoast SEO plugin. -->","yoast_head_json":{"title":"PMM leva atividade l\u00fadica de tr\u00e2nsito \u00e0 escola do Novo Israel","description":"A atividade l\u00fadica de tr\u00e2nsito foi promovida pela Prefeitura na escola estadual Inspetora Dulcin\u00e9ia Varela Moura, no bairro Novo Israel.","robots":{"index":"noindex","follow":"follow"},"og_locale":"pt_BR","og_type":"article","og_title":"PMM leva atividade l\u00fadica de tr\u00e2nsito \u00e0 escola do Novo Israel","og_description":"A atividade l\u00fadica de tr\u00e2nsito foi promovida pela Prefeitura na escola estadual Inspetora Dulcin\u00e9ia Varela Moura, no bairro Novo Israel.","og_url":"https:\/\/www.manaus.am.gov.br\/immu\/transito\/atividade-ludica-de-transito-novo-israel\/","og_site_name":"IMMU","article_published_time":"2025-06-11T19:01:28+00:00","article_modified_time":"2025-06-11T19:01:30+00:00","og_image":[{"width":1200,"height":800,"url":"https:\/\/www.manaus.am.gov.br\/immu\/wp-content\/uploads\/sites\/14\/2025\/06\/atividade-ludica-de-transito-1.jpg","type":"image\/jpeg"}],"author":"Thiago Fernando","twitter_card":"summary_large_image","twitter_misc":{"Written by":"Thiago Fernando","Est. reading time":"3 minutos"},"schema":{"@context":"https:\/\/schema.org","@graph":[{"@type":"WebPage","@id":"https:\/\/www.manaus.am.gov.br\/immu\/transito\/atividade-ludica-de-transito-novo-israel\/","url":"https:\/\/www.manaus.am.gov.br\/immu\/transito\/atividade-ludica-de-transito-novo-israel\/","name":"PMM leva atividade l\u00fadica de tr\u00e2nsito \u00e0 escola do Novo Israel","isPartOf":{"@id":"https:\/\/www.manaus.am.gov.br\/immu\/#website"},"primaryImageOfPage":{"@id":"https:\/\/www.manaus.am.gov.br\/immu\/transito\/atividade-ludica-de-transito-novo-israel\/#primaryimage"},"image":{"@id":"https:\/\/www.manaus.am.gov.br\/immu\/transito\/atividade-ludica-de-transito-novo-israel\/#primaryimage"},"thumbnailUrl":"https:\/\/www.manaus.am.gov.br\/immu\/wp-content\/uploads\/sites\/14\/2025\/06\/atividade-ludica-de-transito-1.jpg","datePublished":"2025-06-11T19:01:28+00:00","dateModified":"2025-06-11T19:01:30+00:00","author":{"@id":"https:\/\/www.manaus.am.gov.br\/immu\/#\/schema\/person\/a5ee5376db6e21af026374b369f30882"},"description":"A atividade l\u00fadica de tr\u00e2nsito foi promovida pela Prefeitura na escola estadual Inspetora Dulcin\u00e9ia Varela Moura, no bairro Novo Israel.","breadcrumb":{"@id":"https:\/\/www.manaus.am.gov.br\/immu\/transito\/atividade-ludica-de-transito-novo-israel\/#breadcrumb"},"inLanguage":"pt-BR","potentialAction":[{"@type":"ReadAction","target":["https:\/\/www.manaus.am.gov.br\/immu\/transito\/atividade-ludica-de-transito-novo-israel\/"]}]},{"@type":"ImageObject","inLanguage":"pt-BR","@id":"https:\/\/www.manaus.am.gov.br\/immu\/transito\/atividade-ludica-de-transito-novo-israel\/#primaryimage","url":"https:\/\/www.manaus.am.gov.br\/immu\/wp-content\/uploads\/sites\/14\/2025\/06\/atividade-ludica-de-transito-1.jpg","contentUrl":"https:\/\/www.manaus.am.gov.br\/immu\/wp-content\/uploads\/sites\/14\/2025\/06\/atividade-ludica-de-transito-1.jpg","width":1200,"height":800,"caption":"atividade l\u00fadica de tr\u00e2nsito"},{"@type":"BreadcrumbList","@id":"https:\/\/www.manaus.am.gov.br\/immu\/transito\/atividade-ludica-de-transito-novo-israel\/#breadcrumb","itemListElement":[{"@type":"ListItem","position":1,"name":"Home","item":"https:\/\/www.manaus.am.gov.br\/immu\/"},{"@type":"ListItem","position":2,"name":"Prefeitura de Manaus leva atividade l\u00fadica de tr\u00e2nsito \u00e0 escola do Novo Israel"}]},{"@type":"WebSite","@id":"https:\/\/www.manaus.am.gov.br\/immu\/#website","url":"https:\/\/www.manaus.am.gov.br\/immu\/","name":"IMMU","description":"Prefeitura de Manaus","potentialAction":[{"@type":"SearchAction","target":{"@type":"EntryPoint","urlTemplate":"https:\/\/www.manaus.am.gov.br\/immu\/?s={search_term_string}"},"query-input":"required name=search_term_string"}],"inLanguage":"pt-BR"},{"@type":"Person","@id":"https:\/\/www.manaus.am.gov.br\/immu\/#\/schema\/person\/a5ee5376db6e21af026374b369f30882","name":"Thiago Fernando","image":{"@type":"ImageObject","inLanguage":"pt-BR","@id":"https:\/\/www.manaus.am.gov.br\/immu\/#\/schema\/person\/image\/","url":"https:\/\/secure.gravatar.com\/avatar\/f5aab8722444041451501c077052ac07?s=96&d=mm&r=g","contentUrl":"https:\/\/secure.gravatar.com\/avatar\/f5aab8722444041451501c077052ac07?s=96&d=mm&r=g","caption":"Thiago Fernando"}}]}},"_links":{"self":[{"href":"https:\/\/www.manaus.am.gov.br\/immu\/wp-json\/wp\/v2\/posts\/3781"}],"collection":[{"href":"https:\/\/www.manaus.am.gov.br\/immu\/wp-json\/wp\/v2\/posts"}],"about":[{"href":"https:\/\/www.manaus.am.gov.br\/immu\/wp-json\/wp\/v2\/types\/post"}],"author":[{"embeddable":true,"href":"https:\/\/www.manaus.am.gov.br\/immu\/wp-json\/wp\/v2\/users\/57"}],"replies":[{"embeddable":true,"href":"https:\/\/www.manaus.am.gov.br\/immu\/wp-json\/wp\/v2\/comments?post=3781"}],"version-history":[{"count":0,"href":"https:\/\/www.manaus.am.gov.br\/immu\/wp-json\/wp\/v2\/posts\/3781\/revisions"}],"wp:featuredmedia":[{"embeddable":true,"href":"https:\/\/www.manaus.am.gov.br\/immu\/wp-json\/wp\/v2\/media\/3782"}],"wp:attachment":[{"href":"https:\/\/www.manaus.am.gov.br\/immu\/wp-json\/wp\/v2\/media?parent=3781"}],"wp:term":[{"taxonomy":"category","embeddable":true,"href":"https:\/\/www.manaus.am.gov.br\/immu\/wp-json\/wp\/v2\/categories?post=3781"},{"taxonomy":"post_tag","embeddable":true,"href":"https:\/\/www.manaus.am.gov.br\/immu\/wp-json\/wp\/v2\/tags?post=3781"}],"curies":[{"name":"wp","href":"https:\/\/api.w.org\/{rel}","templated":true}]}}