{"id":3771,"date":"2025-06-10T16:36:17","date_gmt":"2025-06-10T20:36:17","guid":{"rendered":"https:\/\/www.manaus.am.gov.br\/immu\/sem-categoria\/acao-educativa-zona-leste\/"},"modified":"2025-06-10T16:36:19","modified_gmt":"2025-06-10T20:36:19","slug":"acao-educativa-zona-leste","status":"publish","type":"post","link":"https:\/\/www.manaus.am.gov.br\/immu\/transito\/acao-educativa-zona-leste\/","title":{"rendered":"Prefeitura de Manaus promove a\u00e7\u00e3o educativa sobre tr\u00e2nsito para mais de 100 crian\u00e7as na zona Leste"},"content":{"rendered":"\n<p>A <a href=\"http:\/\/www.instagram.com\/prefeiturademanaus\/\">Prefeitura de Manaus<\/a>, por meio do <a href=\"https:\/\/www.manaus.am.gov.br\/immu\/\">Instituto Municipal de Mobilidade Urbana (IMMU)<\/a>, realizou, nesta ter\u00e7a-feira, 10\/6, uma a\u00e7\u00e3o educativa que beneficiou mais de 100 crian\u00e7as do ensino fundamental 1, com idades entre 9 e 10 anos, no Centro Educacional Imperial, localizado no bairro Cidade de Deus, zona Leste da capital. A atividade fez parte do projeto \u201cAtendimento \u00e0 Comunidade\u201d e contou com o apoio da empresa de transporte coletivo Eucatur.<\/p>\n\n\n\n<p>Com foco na forma\u00e7\u00e3o de futuros cidad\u00e3os conscientes, o setor de Educa\u00e7\u00e3o para o Tr\u00e2nsito do IMMU promoveu uma manh\u00e3 repleta de atividades l\u00fadicas e interativas, ensinando de forma divertida regras fundamentais de seguran\u00e7a no tr\u00e2nsito. As crian\u00e7as participaram de jogos educativos e receberam orienta\u00e7\u00f5es sobre o uso correto do capacete, a import\u00e2ncia do cinto de seguran\u00e7a e os cuidados ao atravessar na faixa de pedestres.<\/p>\n\n\n\n<p>Um dos destaques da a\u00e7\u00e3o foi a atividade realizada dentro de um \u00f4nibus coletivo levado at\u00e9 a escola pela empresa Eucatur. No interior do ve\u00edculo, os pequenos puderam aprender, na pr\u00e1tica, como se comportar corretamente dentro de um transporte p\u00fablico, incluindo como se segurar com seguran\u00e7a durante o trajeto. J\u00e1 na parte externa, os educadores refor\u00e7aram a import\u00e2ncia de nunca atravessar na frente do \u00f4nibus, e sim aguardar a sua parada total para ent\u00e3o fazer a travessia com seguran\u00e7a.<\/p>\n\n\n\n<p>A educadora de tr\u00e2nsito do IMMU, Rineida Liege, destacou o impacto positivo da experi\u00eancia.<\/p>\n\n\n\n<p>\u201cNosso objetivo \u00e9 plantar uma semente de conscientiza\u00e7\u00e3o desde a inf\u00e2ncia. Quando ensinamos uma crian\u00e7a sobre o respeito no tr\u00e2nsito, ela leva esse aprendizado para a fam\u00edlia e para a vida toda.\u201d<\/p>\n\n\n\n<p>A a\u00e7\u00e3o educativa refor\u00e7a o compromisso da gest\u00e3o municipal em investir em a\u00e7\u00f5es preventivas, aproximando o poder p\u00fablico da comunidade e promovendo uma cultura de paz no tr\u00e2nsito. A parceria com empresas como a Eucatur amplia o alcance dessas a\u00e7\u00f5es educativas e fortalece a constru\u00e7\u00e3o de um tr\u00e2nsito mais seguro para todos.<\/p>\n\n\n\n<p>&#8212; &#8212; &#8212;<\/p>\n\n\n\n<p><strong>Texto \u2013<\/strong> Marcelo Lima \/ IMMU<\/p>\n\n\n\n<p><strong>Fotos \u2013<\/strong> Divulga\u00e7\u00e3o \/ IMMU<\/p>\n","protected":false},"excerpt":{"rendered":"","protected":false},"author":57,"featured_media":3772,"comment_status":"closed","ping_status":"closed","sticky":false,"template":"","format":"standard","meta":{"footnotes":""},"categories":[46],"tags":[387,6,8],"acf":[],"yoast_head":"<!-- This site is optimized with the Yoast SEO plugin v23.0 - https:\/\/yoast.com\/wordpress\/plugins\/seo\/ -->\n<title>PMM promove a\u00e7\u00e3o educativa para crian\u00e7as na zona Leste<\/title>\n<meta name=\"description\" content=\"A Prefeitura de Manaus realizou, nesta ter\u00e7a-feira, 10\/6, uma a\u00e7\u00e3o educativa que beneficiou mais de 100 crian\u00e7as na zona Leste da capital.\" \/>\n<meta name=\"robots\" content=\"noindex, follow\" \/>\n<meta property=\"og:locale\" content=\"pt_BR\" \/>\n<meta property=\"og:type\" content=\"article\" \/>\n<meta property=\"og:title\" content=\"PMM promove a\u00e7\u00e3o educativa para crian\u00e7as na zona Leste\" \/>\n<meta property=\"og:description\" content=\"A Prefeitura de Manaus realizou, nesta ter\u00e7a-feira, 10\/6, uma a\u00e7\u00e3o educativa que beneficiou mais de 100 crian\u00e7as na zona Leste da capital.\" \/>\n<meta property=\"og:url\" content=\"https:\/\/www.manaus.am.gov.br\/immu\/transito\/acao-educativa-zona-leste\/\" \/>\n<meta property=\"og:site_name\" content=\"IMMU\" \/>\n<meta property=\"article:published_time\" content=\"2025-06-10T20:36:17+00:00\" \/>\n<meta property=\"article:modified_time\" content=\"2025-06-10T20:36:19+00:00\" \/>\n<meta property=\"og:image\" content=\"https:\/\/www.manaus.am.gov.br\/immu\/wp-content\/uploads\/sites\/14\/2025\/06\/acao-educativa-5-e1749587673931.jpeg\" \/>\n\t<meta property=\"og:image:width\" content=\"1200\" \/>\n\t<meta property=\"og:image:height\" content=\"866\" \/>\n\t<meta property=\"og:image:type\" content=\"image\/jpeg\" \/>\n<meta name=\"author\" content=\"Thiago Fernando\" \/>\n<meta name=\"twitter:card\" content=\"summary_large_image\" \/>\n<meta name=\"twitter:label1\" content=\"Written by\" \/>\n\t<meta name=\"twitter:data1\" content=\"Thiago Fernando\" \/>\n\t<meta name=\"twitter:label2\" content=\"Est. reading time\" \/>\n\t<meta name=\"twitter:data2\" content=\"2 minutos\" \/>\n<script type=\"application\/ld+json\" class=\"yoast-schema-graph\">{\"@context\":\"https:\/\/schema.org\",\"@graph\":[{\"@type\":\"WebPage\",\"@id\":\"https:\/\/www.manaus.am.gov.br\/immu\/transito\/acao-educativa-zona-leste\/\",\"url\":\"https:\/\/www.manaus.am.gov.br\/immu\/transito\/acao-educativa-zona-leste\/\",\"name\":\"PMM promove a\u00e7\u00e3o educativa para crian\u00e7as na zona Leste\",\"isPartOf\":{\"@id\":\"https:\/\/www.manaus.am.gov.br\/immu\/#website\"},\"primaryImageOfPage\":{\"@id\":\"https:\/\/www.manaus.am.gov.br\/immu\/transito\/acao-educativa-zona-leste\/#primaryimage\"},\"image\":{\"@id\":\"https:\/\/www.manaus.am.gov.br\/immu\/transito\/acao-educativa-zona-leste\/#primaryimage\"},\"thumbnailUrl\":\"https:\/\/www.manaus.am.gov.br\/immu\/wp-content\/uploads\/sites\/14\/2025\/06\/acao-educativa-5-e1749587673931.jpeg\",\"datePublished\":\"2025-06-10T20:36:17+00:00\",\"dateModified\":\"2025-06-10T20:36:19+00:00\",\"author\":{\"@id\":\"https:\/\/www.manaus.am.gov.br\/immu\/#\/schema\/person\/a5ee5376db6e21af026374b369f30882\"},\"description\":\"A Prefeitura de Manaus realizou, nesta ter\u00e7a-feira, 10\/6, uma a\u00e7\u00e3o educativa que beneficiou mais de 100 crian\u00e7as na zona Leste da capital.\",\"breadcrumb\":{\"@id\":\"https:\/\/www.manaus.am.gov.br\/immu\/transito\/acao-educativa-zona-leste\/#breadcrumb\"},\"inLanguage\":\"pt-BR\",\"potentialAction\":[{\"@type\":\"ReadAction\",\"target\":[\"https:\/\/www.manaus.am.gov.br\/immu\/transito\/acao-educativa-zona-leste\/\"]}]},{\"@type\":\"ImageObject\",\"inLanguage\":\"pt-BR\",\"@id\":\"https:\/\/www.manaus.am.gov.br\/immu\/transito\/acao-educativa-zona-leste\/#primaryimage\",\"url\":\"https:\/\/www.manaus.am.gov.br\/immu\/wp-content\/uploads\/sites\/14\/2025\/06\/acao-educativa-5-e1749587673931.jpeg\",\"contentUrl\":\"https:\/\/www.manaus.am.gov.br\/immu\/wp-content\/uploads\/sites\/14\/2025\/06\/acao-educativa-5-e1749587673931.jpeg\",\"width\":1200,\"height\":866,\"caption\":\"a\u00e7\u00e3o educativa\"},{\"@type\":\"BreadcrumbList\",\"@id\":\"https:\/\/www.manaus.am.gov.br\/immu\/transito\/acao-educativa-zona-leste\/#breadcrumb\",\"itemListElement\":[{\"@type\":\"ListItem\",\"position\":1,\"name\":\"Home\",\"item\":\"https:\/\/www.manaus.am.gov.br\/immu\/\"},{\"@type\":\"ListItem\",\"position\":2,\"name\":\"Prefeitura de Manaus promove a\u00e7\u00e3o educativa sobre tr\u00e2nsito para mais de 100 crian\u00e7as na zona Leste\"}]},{\"@type\":\"WebSite\",\"@id\":\"https:\/\/www.manaus.am.gov.br\/immu\/#website\",\"url\":\"https:\/\/www.manaus.am.gov.br\/immu\/\",\"name\":\"IMMU\",\"description\":\"Prefeitura de Manaus\",\"potentialAction\":[{\"@type\":\"SearchAction\",\"target\":{\"@type\":\"EntryPoint\",\"urlTemplate\":\"https:\/\/www.manaus.am.gov.br\/immu\/?s={search_term_string}\"},\"query-input\":\"required name=search_term_string\"}],\"inLanguage\":\"pt-BR\"},{\"@type\":\"Person\",\"@id\":\"https:\/\/www.manaus.am.gov.br\/immu\/#\/schema\/person\/a5ee5376db6e21af026374b369f30882\",\"name\":\"Thiago Fernando\",\"image\":{\"@type\":\"ImageObject\",\"inLanguage\":\"pt-BR\",\"@id\":\"https:\/\/www.manaus.am.gov.br\/immu\/#\/schema\/person\/image\/\",\"url\":\"https:\/\/secure.gravatar.com\/avatar\/f5aab8722444041451501c077052ac07?s=96&d=mm&r=g\",\"contentUrl\":\"https:\/\/secure.gravatar.com\/avatar\/f5aab8722444041451501c077052ac07?s=96&d=mm&r=g\",\"caption\":\"Thiago Fernando\"}}]}<\/script>\n<!-- \/ Yoast SEO plugin. -->","yoast_head_json":{"title":"PMM promove a\u00e7\u00e3o educativa para crian\u00e7as na zona Leste","description":"A Prefeitura de Manaus realizou, nesta ter\u00e7a-feira, 10\/6, uma a\u00e7\u00e3o educativa que beneficiou mais de 100 crian\u00e7as na zona Leste da capital.","robots":{"index":"noindex","follow":"follow"},"og_locale":"pt_BR","og_type":"article","og_title":"PMM promove a\u00e7\u00e3o educativa para crian\u00e7as na zona Leste","og_description":"A Prefeitura de Manaus realizou, nesta ter\u00e7a-feira, 10\/6, uma a\u00e7\u00e3o educativa que beneficiou mais de 100 crian\u00e7as na zona Leste da capital.","og_url":"https:\/\/www.manaus.am.gov.br\/immu\/transito\/acao-educativa-zona-leste\/","og_site_name":"IMMU","article_published_time":"2025-06-10T20:36:17+00:00","article_modified_time":"2025-06-10T20:36:19+00:00","og_image":[{"width":1200,"height":866,"url":"https:\/\/www.manaus.am.gov.br\/immu\/wp-content\/uploads\/sites\/14\/2025\/06\/acao-educativa-5-e1749587673931.jpeg","type":"image\/jpeg"}],"author":"Thiago Fernando","twitter_card":"summary_large_image","twitter_misc":{"Written by":"Thiago Fernando","Est. reading time":"2 minutos"},"schema":{"@context":"https:\/\/schema.org","@graph":[{"@type":"WebPage","@id":"https:\/\/www.manaus.am.gov.br\/immu\/transito\/acao-educativa-zona-leste\/","url":"https:\/\/www.manaus.am.gov.br\/immu\/transito\/acao-educativa-zona-leste\/","name":"PMM promove a\u00e7\u00e3o educativa para crian\u00e7as na zona Leste","isPartOf":{"@id":"https:\/\/www.manaus.am.gov.br\/immu\/#website"},"primaryImageOfPage":{"@id":"https:\/\/www.manaus.am.gov.br\/immu\/transito\/acao-educativa-zona-leste\/#primaryimage"},"image":{"@id":"https:\/\/www.manaus.am.gov.br\/immu\/transito\/acao-educativa-zona-leste\/#primaryimage"},"thumbnailUrl":"https:\/\/www.manaus.am.gov.br\/immu\/wp-content\/uploads\/sites\/14\/2025\/06\/acao-educativa-5-e1749587673931.jpeg","datePublished":"2025-06-10T20:36:17+00:00","dateModified":"2025-06-10T20:36:19+00:00","author":{"@id":"https:\/\/www.manaus.am.gov.br\/immu\/#\/schema\/person\/a5ee5376db6e21af026374b369f30882"},"description":"A Prefeitura de Manaus realizou, nesta ter\u00e7a-feira, 10\/6, uma a\u00e7\u00e3o educativa que beneficiou mais de 100 crian\u00e7as na zona Leste da capital.","breadcrumb":{"@id":"https:\/\/www.manaus.am.gov.br\/immu\/transito\/acao-educativa-zona-leste\/#breadcrumb"},"inLanguage":"pt-BR","potentialAction":[{"@type":"ReadAction","target":["https:\/\/www.manaus.am.gov.br\/immu\/transito\/acao-educativa-zona-leste\/"]}]},{"@type":"ImageObject","inLanguage":"pt-BR","@id":"https:\/\/www.manaus.am.gov.br\/immu\/transito\/acao-educativa-zona-leste\/#primaryimage","url":"https:\/\/www.manaus.am.gov.br\/immu\/wp-content\/uploads\/sites\/14\/2025\/06\/acao-educativa-5-e1749587673931.jpeg","contentUrl":"https:\/\/www.manaus.am.gov.br\/immu\/wp-content\/uploads\/sites\/14\/2025\/06\/acao-educativa-5-e1749587673931.jpeg","width":1200,"height":866,"caption":"a\u00e7\u00e3o educativa"},{"@type":"BreadcrumbList","@id":"https:\/\/www.manaus.am.gov.br\/immu\/transito\/acao-educativa-zona-leste\/#breadcrumb","itemListElement":[{"@type":"ListItem","position":1,"name":"Home","item":"https:\/\/www.manaus.am.gov.br\/immu\/"},{"@type":"ListItem","position":2,"name":"Prefeitura de Manaus promove a\u00e7\u00e3o educativa sobre tr\u00e2nsito para mais de 100 crian\u00e7as na zona Leste"}]},{"@type":"WebSite","@id":"https:\/\/www.manaus.am.gov.br\/immu\/#website","url":"https:\/\/www.manaus.am.gov.br\/immu\/","name":"IMMU","description":"Prefeitura de Manaus","potentialAction":[{"@type":"SearchAction","target":{"@type":"EntryPoint","urlTemplate":"https:\/\/www.manaus.am.gov.br\/immu\/?s={search_term_string}"},"query-input":"required name=search_term_string"}],"inLanguage":"pt-BR"},{"@type":"Person","@id":"https:\/\/www.manaus.am.gov.br\/immu\/#\/schema\/person\/a5ee5376db6e21af026374b369f30882","name":"Thiago Fernando","image":{"@type":"ImageObject","inLanguage":"pt-BR","@id":"https:\/\/www.manaus.am.gov.br\/immu\/#\/schema\/person\/image\/","url":"https:\/\/secure.gravatar.com\/avatar\/f5aab8722444041451501c077052ac07?s=96&d=mm&r=g","contentUrl":"https:\/\/secure.gravatar.com\/avatar\/f5aab8722444041451501c077052ac07?s=96&d=mm&r=g","caption":"Thiago Fernando"}}]}},"_links":{"self":[{"href":"https:\/\/www.manaus.am.gov.br\/immu\/wp-json\/wp\/v2\/posts\/3771"}],"collection":[{"href":"https:\/\/www.manaus.am.gov.br\/immu\/wp-json\/wp\/v2\/posts"}],"about":[{"href":"https:\/\/www.manaus.am.gov.br\/immu\/wp-json\/wp\/v2\/types\/post"}],"author":[{"embeddable":true,"href":"https:\/\/www.manaus.am.gov.br\/immu\/wp-json\/wp\/v2\/users\/57"}],"replies":[{"embeddable":true,"href":"https:\/\/www.manaus.am.gov.br\/immu\/wp-json\/wp\/v2\/comments?post=3771"}],"version-history":[{"count":0,"href":"https:\/\/www.manaus.am.gov.br\/immu\/wp-json\/wp\/v2\/posts\/3771\/revisions"}],"wp:featuredmedia":[{"embeddable":true,"href":"https:\/\/www.manaus.am.gov.br\/immu\/wp-json\/wp\/v2\/media\/3772"}],"wp:attachment":[{"href":"https:\/\/www.manaus.am.gov.br\/immu\/wp-json\/wp\/v2\/media?parent=3771"}],"wp:term":[{"taxonomy":"category","embeddable":true,"href":"https:\/\/www.manaus.am.gov.br\/immu\/wp-json\/wp\/v2\/categories?post=3771"},{"taxonomy":"post_tag","embeddable":true,"href":"https:\/\/www.manaus.am.gov.br\/immu\/wp-json\/wp\/v2\/tags?post=3771"}],"curies":[{"name":"wp","href":"https:\/\/api.w.org\/{rel}","templated":true}]}}