{"id":3769,"date":"2025-06-10T16:14:09","date_gmt":"2025-06-10T20:14:09","guid":{"rendered":"https:\/\/www.manaus.am.gov.br\/immu\/sem-categoria\/marcha-para-jesus\/"},"modified":"2025-06-10T16:14:11","modified_gmt":"2025-06-10T20:14:11","slug":"marcha-para-jesus","status":"publish","type":"post","link":"https:\/\/www.manaus.am.gov.br\/immu\/transito\/marcha-para-jesus\/","title":{"rendered":"Prefeitura de Manaus alerta para altera\u00e7\u00f5es para realiza\u00e7\u00e3o da \u2018Marcha para Jesus\u2019 neste s\u00e1bado, 14\/8"},"content":{"rendered":"\n<p>Com uma opera\u00e7\u00e3o especial visando a seguran\u00e7a dos participantes e dos condutores que transitam na zona Centro-Sul da cidade, a <a href=\"https:\/\/www.manaus.am.gov.br\/immu\/\">Prefeitura de Manaus<\/a>, por meio do <a href=\"https:\/\/www.manaus.am.gov.br\/immu\/\">Instituto Municipal de Mobilidade Urbana (IMMU)<\/a>, far\u00e1 mudan\u00e7as no tr\u00e2nsito e transporte para a realiza\u00e7\u00e3o da \u201c31\u00aa Marcha para Jesus\u201d que acontece neste s\u00e1bado, 14\/6.<\/p>\n\n\n\n<p>Condutores e usu\u00e1rios do sistema de transporte p\u00fablico que trafegam pelas vias da zona Centro-Sul devem ficar atentos a mudan\u00e7as tempor\u00e1rias. Mais de 150 agentes de tr\u00e2nsito e fiscais de transporte ir\u00e3o atuar nos principais cruzamentos das vias inclu\u00eddas no trajeto, al\u00e9m de orientar usu\u00e1rios do transporte.<\/p>\n\n\n\n<p>A programa\u00e7\u00e3o iniciar\u00e1 \u00e0s 12h, com concentra\u00e7\u00e3o na rua Ferreira Pena, no trecho entre as avenidas Ramos Ferreira e Sim\u00e3o Bolivar. A sa\u00edda ser\u00e1 da rua Ferreira Pena (concentra\u00e7\u00e3o) e rua Sim\u00e3o Bolivar, seguindo pela avenida Epaminondas \u00e0 direita, avenida Constantino Nery (Centro\/bairro), avenida Pedro Teixeira at\u00e9 o samb\u00f3dromo.<\/p>\n\n\n\n<p>&nbsp;O diretor-presidente do IMMU, Arnaldo Flores, falou sobre a orienta\u00e7\u00e3o aos condutores. \u201cPara um evento de tal envergadura \u00e9 importante que os motoristas dirijam com responsabilidade, prud\u00eancia, cautela e de formas a n\u00e3o causar acidentes. E aos pedestres que tenham todo o cuidado nesse momento, porque \u00e9 um evento de grande envergadura, que certamente ter\u00e1 um fluxo de pessoas muito grande. O IMMU dar\u00e1 todas as condi\u00e7\u00f5es na \u00e1rea de transporte para que o evento ocorra dentro da normalidade com seguran\u00e7a. Sobretudo para as pessoas que v\u00e3o participar desse evento\u201d, destacou o diretor-presidente.<\/p>\n\n\n\n<p>O IMMU interditar\u00e1 algumas vias antes, durante e depois do evento, para garantir a seguran\u00e7a vi\u00e1ria dos participantes, e os ve\u00edculos e os \u00f4nibus do sistema de transportes ser\u00e3o desviados para outros itiner\u00e1rios.<\/p>\n\n\n\n<p>Vias interditadas at\u00e9 a marcha atingir as avenidas Ayr\u00e3o e Constantino Nery<\/p>\n\n\n\n<p>Rua Japur\u00e1 \u2013 trecho entre a rua Ferreira Pena e avenida Constantino Nery; Avenida Ayr\u00e3o \u2013 trecho entre a rua Ferreira Pena e avenida Constantino Nery; Avenida Constantino Nery \u2013 trecho entre as ruas Leonardo Malcher e Jo\u00e3o Val\u00e9rio;<\/p>\n\n\n\n<p>&#8211; Os ve\u00edculos que trafegam na Leonardo Malcher n\u00e3o poder\u00e3o adentrar a Constantino Nery e dever\u00e3o seguir em frente at\u00e9 a Luiz Antony, retornando na 10 de Julho at\u00e9 a Get\u00falio Vargas para acessar a Djalma Batista;<\/p>\n\n\n\n<p>&#8211; Os ve\u00edculos que trafegam na Japur\u00e1 no sentido Pra\u00e7a 14\/Centro converter\u00e3o \u00e0 esquerda na Silva Ramos em dire\u00e7\u00e3o \u00e0 avenida Tarum\u00e3;<\/p>\n\n\n\n<p>&#8211; Ap\u00f3s o final da Marcha passar a avenida Ayr\u00e3o para acessar pela Constantino Nery, a circula\u00e7\u00e3o de ve\u00edculos ser\u00e1 liberada para acessar a avenida \u00c1lvaro Maia;<\/p>\n\n\n\n<p>A avenida Constantino Nery ficar\u00e1 interditada no sentido Centro\/bairro da avenida \u00c1lvaro Maia at\u00e9 o cruzamento com a avenida Pedro Teixeira, de acordo com a passagem da Marcha;<\/p>\n\n\n\n<p>Os ve\u00edculos e coletivos que trafegam na Arthur Bernardes, oriundos da zona Oeste, poder\u00e3o ser desviados para a Constantino Nery sentido do Centro, caso necess\u00e1rio o desvio ser\u00e1 prolongado para a rua Em\u00edlio Ruas, no S\u00e3o Jorge, ou seguir\u00e3o em frente pela rua Par\u00e1 (passando pela passagem subterr\u00e2nea);<\/p>\n\n\n\n<p>Os ve\u00edculos e coletivos que trafegam na Jo\u00e3o Val\u00e9rio oriundos do Aleixo poder\u00e3o seguir em frente em dire\u00e7\u00e3o ao S\u00e3o Jorge, contudo, os \u00f4nibus e demais ve\u00edculos que se dirigirem \u00e0 Constantino Nery podem acess\u00e1-la por rotas alternativas;<\/p>\n\n\n\n<p>Caso necess\u00e1rio, o acesso para a Constantino Nery \u2013 bairro\/Centro, oriundo da Jo\u00e3o Val\u00e9rio, na passagem subterr\u00e2nea, ser\u00e1 interditado por gradis; o fluxo da Pedro Teixeira \u2013 sentido bairro\/Centro \u2013 ser\u00e1 desviado \u00e0 esquerda para avenida do Samba \u2013 acessando ent\u00e3o a L\u00f3ris Cordovil \u00e0 esquerda at\u00e9 a rua Vivaldo Lima (SPA da Alvorada); fluxo da Constantino Nery \u2013 bairro\/Centro ficar\u00e1 com circula\u00e7\u00e3o normal, e poder\u00e1 ser interditado conforme avalia\u00e7\u00e3o dos coordenadores da opera\u00e7\u00e3o.<\/p>\n\n\n\n<p><strong>Transporte p\u00fablico<\/strong><\/p>\n\n\n\n<p>Os usu\u00e1rios do transporte p\u00fablico tamb\u00e9m devem ficar atentos \u00e0s mudan\u00e7as nas linhas de \u00f4nibus que atendem a avenida Constantino Nery, pois ser\u00e3o desviadas para a avenida Djalma Batista, nos dois sentidos, neste s\u00e1bado, a partir das 12h, e voltar\u00e3o ao normal conforme o avan\u00e7o da Marcha para Jesus.<\/p>\n\n\n\n<p>Os coletivos que utilizam o Terminal de Integra\u00e7\u00e3o 1 (T1) e a Constantino Nery seguir\u00e3o pela Get\u00falio Vargas, Joaquim Nabuco e Djalma Batista, as linhas da zona Oeste dever\u00e3o adentrar a avenida Joaquim Gonzaga Pinheiro (antiga rua Santos Dumont), \u00c1lvaro Maia e Kako Caminha.<\/p>\n\n\n\n<p>Neste s\u00e1bado, 14\/6, a opera\u00e7\u00e3o da Esta\u00e7\u00e3o Arena e Esta\u00e7\u00e3o S\u00e3o Jorge ficar\u00e3o suspensas das 13h \u00e0s 19h. As linhas alimentadoras passar\u00e3o a integrar no T1. A opera\u00e7\u00e3o do terminal 1 ir\u00e1 funcionar apenas no sentido bairro\/Centro das 13h \u00e0s 19h. As linhas que retornam na pra\u00e7a da Saudade passar\u00e3o a operar at\u00e9 o terminal da Matriz no per\u00edodo de 12h at\u00e9 as 16h.<\/p>\n\n\n\n<p>As linhas de \u00f4nibus que passam pela avenida Leonardo Malcher ser\u00e3o desviadas da seguinte forma: no sentido bairro\/Centro, normal at\u00e9 a avenida Leonardo Malcher, avenida Get\u00falio Vargas (esquerda), avenida Ramos Ferreira, avenida Epaminondas, normal.<\/p>\n\n\n\n<p>Ainda na Leonardo Malcher sentido \u00c1lvaro Maia: normal at\u00e9 a avenida Leonardo Malcher, avenida Joaquim Nabuco, rua Joaquim Gonzaga, avenida \u00c1lvaro Maia, itiner\u00e1rio normal.<\/p>\n\n\n\n<p><strong>Linhas da Pra\u00e7a da Saudade<\/strong><\/p>\n\n\n\n<p>100:&nbsp; Normal at\u00e9 avenida Leonardo Malcher, avenida Joaquim Nabuco, rua Joaquim Gonzaga, avenida \u00c1lvaro Maia, itiner\u00e1rio normal. 116, 125, 541, 623: Normal at\u00e9 avenida Leonardo Malcher, avenida Ferreira Pena, avenida \u00c1lvaro Maia, normal.<\/p>\n\n\n\n<p>As linhas da pra\u00e7a da Saudade que retornam na pra\u00e7a da Saudade, passar\u00e3o a operar at\u00e9 o terminal da Matriz no per\u00edodo de 12h at\u00e9 16h.<\/p>\n\n\n\n<p><strong>Linhas da avenida S\u00e3o Jorge<\/strong><\/p>\n\n\n\n<p>Sentido bairro para o Centro: Normal at\u00e9 a avenida S\u00e3o Jorge, rua Em\u00edlio Ruas, rua Bar\u00e3o do Rio Branco, rua Amaral dos Santos, avenida Brasil, retorno no centro de conviv\u00eancia, avenida Brasil, avenida \u00c1lvaro Maia, avenida Constantino Nery (T1), normal.<\/p>\n\n\n\n<p>Sentido Centro para o bairro: Itiner\u00e1rio normal at\u00e9 a avenida \u00c1lvaro Maia, avenida Brasil, rua Amaral dos Santos, rua Vicente Torres Reis, rua Em\u00edlio Ruas, avenida S\u00e3o Jorge, normal.<\/p>\n\n\n\n<p><strong>Linhas que atendem Constantino Nery<\/strong><\/p>\n\n\n\n<p>Quanto \u00e0s linhas: 011, 302, 305, 306, 319, 320, 321, 324, 330, 340, 356, 430, 444, 454, 455, 500, 560, 640 e 448, estas cumprir\u00e3o o seguinte itiner\u00e1rio:<\/p>\n\n\n\n<p>Sentido bairro para o Centro: Normal at\u00e9 avenida Torquato Tapaj\u00f3s, avenida Djalma Batista, avenida \u00c1lvaro Maia, avenida Brasil, avenida Elvira Dantas, avenida Brasil, avenida Constantino Nery, normal.<\/p>\n\n\n\n<p>Sentido Centro para o bairro: Normal at\u00e9 avenida Get\u00falio Vargas, avenida Joaquim Nabuco, avenida Djalma Batista, avenida Torquato Tapaj\u00f3s, normal.<\/p>\n\n\n\n<p>Quanto \u00e0s linhas 609 e 623, est\u00e3o, no sentido Centro, seguir\u00e3o normal at\u00e9 a avenida Major Gabriel e ent\u00e3o seguir\u00e3o pelas avenidas \u00c1lvaro Maia, Epaminondas, Floriano Peixoto, Get\u00falio Vargas, Leonardo Malcher, Ferreira Pena, \u00c1lvaro Maia e, depois, segue itiner\u00e1rio normal.<\/p>\n\n\n\n<p>&#8212; &#8212; &#8212;<\/p>\n\n\n\n<p><strong>Texto &#8211;<\/strong> \u00c1lisson Castro \/ IMMU<\/p>\n\n\n\n<p><strong>Fotos &#8211;<\/strong> Karol Silva \/ IMMU<\/p>\n","protected":false},"excerpt":{"rendered":"","protected":false},"author":57,"featured_media":3770,"comment_status":"closed","ping_status":"closed","sticky":false,"template":"","format":"standard","meta":{"footnotes":""},"categories":[46],"tags":[6,2021,8],"acf":[],"yoast_head":"<!-- This site is optimized with the Yoast SEO plugin v23.0 - https:\/\/yoast.com\/wordpress\/plugins\/seo\/ -->\n<title>PMM alerta para altera\u00e7\u00f5es para realiza\u00e7\u00e3o da \u2018Marcha para Jesus\u2019<\/title>\n<meta name=\"description\" content=\"A Prefeitura de Manaus far\u00e1 mudan\u00e7as no tr\u00e2nsito e transporte para a realiza\u00e7\u00e3o da \u201c31\u00aa Marcha para Jesus\u201d que acontece neste s\u00e1bado, 14\/6.\" \/>\n<meta name=\"robots\" content=\"noindex, follow\" \/>\n<meta property=\"og:locale\" content=\"pt_BR\" \/>\n<meta property=\"og:type\" content=\"article\" \/>\n<meta property=\"og:title\" content=\"PMM alerta para altera\u00e7\u00f5es para realiza\u00e7\u00e3o da \u2018Marcha para Jesus\u2019\" \/>\n<meta property=\"og:description\" content=\"A Prefeitura de Manaus far\u00e1 mudan\u00e7as no tr\u00e2nsito e transporte para a realiza\u00e7\u00e3o da \u201c31\u00aa Marcha para Jesus\u201d que acontece neste s\u00e1bado, 14\/6.\" \/>\n<meta property=\"og:url\" content=\"https:\/\/www.manaus.am.gov.br\/immu\/transito\/marcha-para-jesus\/\" \/>\n<meta property=\"og:site_name\" content=\"IMMU\" \/>\n<meta property=\"article:published_time\" content=\"2025-06-10T20:14:09+00:00\" \/>\n<meta property=\"article:modified_time\" content=\"2025-06-10T20:14:11+00:00\" \/>\n<meta property=\"og:image\" content=\"https:\/\/www.manaus.am.gov.br\/immu\/wp-content\/uploads\/sites\/14\/2025\/06\/Marcha-para-Jesus.jpg\" \/>\n\t<meta property=\"og:image:width\" content=\"4160\" \/>\n\t<meta property=\"og:image:height\" content=\"2774\" \/>\n\t<meta property=\"og:image:type\" content=\"image\/jpeg\" \/>\n<meta name=\"author\" content=\"Thiago Fernando\" \/>\n<meta name=\"twitter:card\" content=\"summary_large_image\" \/>\n<meta name=\"twitter:label1\" content=\"Written by\" \/>\n\t<meta name=\"twitter:data1\" content=\"Thiago Fernando\" \/>\n\t<meta name=\"twitter:label2\" content=\"Est. reading time\" \/>\n\t<meta name=\"twitter:data2\" content=\"7 minutos\" \/>\n<script type=\"application\/ld+json\" class=\"yoast-schema-graph\">{\"@context\":\"https:\/\/schema.org\",\"@graph\":[{\"@type\":\"WebPage\",\"@id\":\"https:\/\/www.manaus.am.gov.br\/immu\/transito\/marcha-para-jesus\/\",\"url\":\"https:\/\/www.manaus.am.gov.br\/immu\/transito\/marcha-para-jesus\/\",\"name\":\"PMM alerta para altera\u00e7\u00f5es para realiza\u00e7\u00e3o da \u2018Marcha para Jesus\u2019\",\"isPartOf\":{\"@id\":\"https:\/\/www.manaus.am.gov.br\/immu\/#website\"},\"primaryImageOfPage\":{\"@id\":\"https:\/\/www.manaus.am.gov.br\/immu\/transito\/marcha-para-jesus\/#primaryimage\"},\"image\":{\"@id\":\"https:\/\/www.manaus.am.gov.br\/immu\/transito\/marcha-para-jesus\/#primaryimage\"},\"thumbnailUrl\":\"https:\/\/www.manaus.am.gov.br\/immu\/wp-content\/uploads\/sites\/14\/2025\/06\/Marcha-para-Jesus.jpg\",\"datePublished\":\"2025-06-10T20:14:09+00:00\",\"dateModified\":\"2025-06-10T20:14:11+00:00\",\"author\":{\"@id\":\"https:\/\/www.manaus.am.gov.br\/immu\/#\/schema\/person\/a5ee5376db6e21af026374b369f30882\"},\"description\":\"A Prefeitura de Manaus far\u00e1 mudan\u00e7as no tr\u00e2nsito e transporte para a realiza\u00e7\u00e3o da \u201c31\u00aa Marcha para Jesus\u201d que acontece neste s\u00e1bado, 14\/6.\",\"breadcrumb\":{\"@id\":\"https:\/\/www.manaus.am.gov.br\/immu\/transito\/marcha-para-jesus\/#breadcrumb\"},\"inLanguage\":\"pt-BR\",\"potentialAction\":[{\"@type\":\"ReadAction\",\"target\":[\"https:\/\/www.manaus.am.gov.br\/immu\/transito\/marcha-para-jesus\/\"]}]},{\"@type\":\"ImageObject\",\"inLanguage\":\"pt-BR\",\"@id\":\"https:\/\/www.manaus.am.gov.br\/immu\/transito\/marcha-para-jesus\/#primaryimage\",\"url\":\"https:\/\/www.manaus.am.gov.br\/immu\/wp-content\/uploads\/sites\/14\/2025\/06\/Marcha-para-Jesus.jpg\",\"contentUrl\":\"https:\/\/www.manaus.am.gov.br\/immu\/wp-content\/uploads\/sites\/14\/2025\/06\/Marcha-para-Jesus.jpg\",\"width\":4160,\"height\":2774,\"caption\":\"Marcha-para-Jesus\"},{\"@type\":\"BreadcrumbList\",\"@id\":\"https:\/\/www.manaus.am.gov.br\/immu\/transito\/marcha-para-jesus\/#breadcrumb\",\"itemListElement\":[{\"@type\":\"ListItem\",\"position\":1,\"name\":\"Home\",\"item\":\"https:\/\/www.manaus.am.gov.br\/immu\/\"},{\"@type\":\"ListItem\",\"position\":2,\"name\":\"Prefeitura de Manaus alerta para altera\u00e7\u00f5es para realiza\u00e7\u00e3o da \u2018Marcha para Jesus\u2019 neste s\u00e1bado, 14\/8\"}]},{\"@type\":\"WebSite\",\"@id\":\"https:\/\/www.manaus.am.gov.br\/immu\/#website\",\"url\":\"https:\/\/www.manaus.am.gov.br\/immu\/\",\"name\":\"IMMU\",\"description\":\"Prefeitura de Manaus\",\"potentialAction\":[{\"@type\":\"SearchAction\",\"target\":{\"@type\":\"EntryPoint\",\"urlTemplate\":\"https:\/\/www.manaus.am.gov.br\/immu\/?s={search_term_string}\"},\"query-input\":\"required name=search_term_string\"}],\"inLanguage\":\"pt-BR\"},{\"@type\":\"Person\",\"@id\":\"https:\/\/www.manaus.am.gov.br\/immu\/#\/schema\/person\/a5ee5376db6e21af026374b369f30882\",\"name\":\"Thiago Fernando\",\"image\":{\"@type\":\"ImageObject\",\"inLanguage\":\"pt-BR\",\"@id\":\"https:\/\/www.manaus.am.gov.br\/immu\/#\/schema\/person\/image\/\",\"url\":\"https:\/\/secure.gravatar.com\/avatar\/f5aab8722444041451501c077052ac07?s=96&d=mm&r=g\",\"contentUrl\":\"https:\/\/secure.gravatar.com\/avatar\/f5aab8722444041451501c077052ac07?s=96&d=mm&r=g\",\"caption\":\"Thiago Fernando\"}}]}<\/script>\n<!-- \/ Yoast SEO plugin. -->","yoast_head_json":{"title":"PMM alerta para altera\u00e7\u00f5es para realiza\u00e7\u00e3o da \u2018Marcha para Jesus\u2019","description":"A Prefeitura de Manaus far\u00e1 mudan\u00e7as no tr\u00e2nsito e transporte para a realiza\u00e7\u00e3o da \u201c31\u00aa Marcha para Jesus\u201d que acontece neste s\u00e1bado, 14\/6.","robots":{"index":"noindex","follow":"follow"},"og_locale":"pt_BR","og_type":"article","og_title":"PMM alerta para altera\u00e7\u00f5es para realiza\u00e7\u00e3o da \u2018Marcha para Jesus\u2019","og_description":"A Prefeitura de Manaus far\u00e1 mudan\u00e7as no tr\u00e2nsito e transporte para a realiza\u00e7\u00e3o da \u201c31\u00aa Marcha para Jesus\u201d que acontece neste s\u00e1bado, 14\/6.","og_url":"https:\/\/www.manaus.am.gov.br\/immu\/transito\/marcha-para-jesus\/","og_site_name":"IMMU","article_published_time":"2025-06-10T20:14:09+00:00","article_modified_time":"2025-06-10T20:14:11+00:00","og_image":[{"width":4160,"height":2774,"url":"https:\/\/www.manaus.am.gov.br\/immu\/wp-content\/uploads\/sites\/14\/2025\/06\/Marcha-para-Jesus.jpg","type":"image\/jpeg"}],"author":"Thiago Fernando","twitter_card":"summary_large_image","twitter_misc":{"Written by":"Thiago Fernando","Est. reading time":"7 minutos"},"schema":{"@context":"https:\/\/schema.org","@graph":[{"@type":"WebPage","@id":"https:\/\/www.manaus.am.gov.br\/immu\/transito\/marcha-para-jesus\/","url":"https:\/\/www.manaus.am.gov.br\/immu\/transito\/marcha-para-jesus\/","name":"PMM alerta para altera\u00e7\u00f5es para realiza\u00e7\u00e3o da \u2018Marcha para Jesus\u2019","isPartOf":{"@id":"https:\/\/www.manaus.am.gov.br\/immu\/#website"},"primaryImageOfPage":{"@id":"https:\/\/www.manaus.am.gov.br\/immu\/transito\/marcha-para-jesus\/#primaryimage"},"image":{"@id":"https:\/\/www.manaus.am.gov.br\/immu\/transito\/marcha-para-jesus\/#primaryimage"},"thumbnailUrl":"https:\/\/www.manaus.am.gov.br\/immu\/wp-content\/uploads\/sites\/14\/2025\/06\/Marcha-para-Jesus.jpg","datePublished":"2025-06-10T20:14:09+00:00","dateModified":"2025-06-10T20:14:11+00:00","author":{"@id":"https:\/\/www.manaus.am.gov.br\/immu\/#\/schema\/person\/a5ee5376db6e21af026374b369f30882"},"description":"A Prefeitura de Manaus far\u00e1 mudan\u00e7as no tr\u00e2nsito e transporte para a realiza\u00e7\u00e3o da \u201c31\u00aa Marcha para Jesus\u201d que acontece neste s\u00e1bado, 14\/6.","breadcrumb":{"@id":"https:\/\/www.manaus.am.gov.br\/immu\/transito\/marcha-para-jesus\/#breadcrumb"},"inLanguage":"pt-BR","potentialAction":[{"@type":"ReadAction","target":["https:\/\/www.manaus.am.gov.br\/immu\/transito\/marcha-para-jesus\/"]}]},{"@type":"ImageObject","inLanguage":"pt-BR","@id":"https:\/\/www.manaus.am.gov.br\/immu\/transito\/marcha-para-jesus\/#primaryimage","url":"https:\/\/www.manaus.am.gov.br\/immu\/wp-content\/uploads\/sites\/14\/2025\/06\/Marcha-para-Jesus.jpg","contentUrl":"https:\/\/www.manaus.am.gov.br\/immu\/wp-content\/uploads\/sites\/14\/2025\/06\/Marcha-para-Jesus.jpg","width":4160,"height":2774,"caption":"Marcha-para-Jesus"},{"@type":"BreadcrumbList","@id":"https:\/\/www.manaus.am.gov.br\/immu\/transito\/marcha-para-jesus\/#breadcrumb","itemListElement":[{"@type":"ListItem","position":1,"name":"Home","item":"https:\/\/www.manaus.am.gov.br\/immu\/"},{"@type":"ListItem","position":2,"name":"Prefeitura de Manaus alerta para altera\u00e7\u00f5es para realiza\u00e7\u00e3o da \u2018Marcha para Jesus\u2019 neste s\u00e1bado, 14\/8"}]},{"@type":"WebSite","@id":"https:\/\/www.manaus.am.gov.br\/immu\/#website","url":"https:\/\/www.manaus.am.gov.br\/immu\/","name":"IMMU","description":"Prefeitura de Manaus","potentialAction":[{"@type":"SearchAction","target":{"@type":"EntryPoint","urlTemplate":"https:\/\/www.manaus.am.gov.br\/immu\/?s={search_term_string}"},"query-input":"required name=search_term_string"}],"inLanguage":"pt-BR"},{"@type":"Person","@id":"https:\/\/www.manaus.am.gov.br\/immu\/#\/schema\/person\/a5ee5376db6e21af026374b369f30882","name":"Thiago Fernando","image":{"@type":"ImageObject","inLanguage":"pt-BR","@id":"https:\/\/www.manaus.am.gov.br\/immu\/#\/schema\/person\/image\/","url":"https:\/\/secure.gravatar.com\/avatar\/f5aab8722444041451501c077052ac07?s=96&d=mm&r=g","contentUrl":"https:\/\/secure.gravatar.com\/avatar\/f5aab8722444041451501c077052ac07?s=96&d=mm&r=g","caption":"Thiago Fernando"}}]}},"_links":{"self":[{"href":"https:\/\/www.manaus.am.gov.br\/immu\/wp-json\/wp\/v2\/posts\/3769"}],"collection":[{"href":"https:\/\/www.manaus.am.gov.br\/immu\/wp-json\/wp\/v2\/posts"}],"about":[{"href":"https:\/\/www.manaus.am.gov.br\/immu\/wp-json\/wp\/v2\/types\/post"}],"author":[{"embeddable":true,"href":"https:\/\/www.manaus.am.gov.br\/immu\/wp-json\/wp\/v2\/users\/57"}],"replies":[{"embeddable":true,"href":"https:\/\/www.manaus.am.gov.br\/immu\/wp-json\/wp\/v2\/comments?post=3769"}],"version-history":[{"count":0,"href":"https:\/\/www.manaus.am.gov.br\/immu\/wp-json\/wp\/v2\/posts\/3769\/revisions"}],"wp:featuredmedia":[{"embeddable":true,"href":"https:\/\/www.manaus.am.gov.br\/immu\/wp-json\/wp\/v2\/media\/3770"}],"wp:attachment":[{"href":"https:\/\/www.manaus.am.gov.br\/immu\/wp-json\/wp\/v2\/media?parent=3769"}],"wp:term":[{"taxonomy":"category","embeddable":true,"href":"https:\/\/www.manaus.am.gov.br\/immu\/wp-json\/wp\/v2\/categories?post=3769"},{"taxonomy":"post_tag","embeddable":true,"href":"https:\/\/www.manaus.am.gov.br\/immu\/wp-json\/wp\/v2\/tags?post=3769"}],"curies":[{"name":"wp","href":"https:\/\/api.w.org\/{rel}","templated":true}]}}