{"id":3767,"date":"2025-06-09T17:09:59","date_gmt":"2025-06-09T21:09:59","guid":{"rendered":"https:\/\/www.manaus.am.gov.br\/immu\/sem-categoria\/operacao-transito-manaus\/"},"modified":"2025-06-09T17:10:00","modified_gmt":"2025-06-09T21:10:00","slug":"operacao-transito-manaus","status":"publish","type":"post","link":"https:\/\/www.manaus.am.gov.br\/immu\/fiscalizacao\/operacao-transito-manaus\/","title":{"rendered":"Prefeitura de Manaus flagra motorista sem habilita\u00e7\u00e3o em ve\u00edculo do transporte executivo na Djalma Batista\u00a0"},"content":{"rendered":"\n<p>A Prefeitura de Manaus, por meio do Instituto Municipal de Mobilidade Urbana (IMMU), flagrou, na tarde desta segunda-feira, 9\/6, um motorista sem habilita\u00e7\u00e3o conduzindo um ve\u00edculo do sistema de transporte complementar (Executivo), durante fiscaliza\u00e7\u00e3o na avenida Djalma Batista, zona Centro-Sul da capital.<\/p>\n\n\n\n<p>No momento da abordagem, o condutor ainda tentou trocar de lugar com o pai, que estava no interior do ve\u00edculo, na tentativa de burlar a fiscaliza\u00e7\u00e3o. No entanto, a equipe do IMMU percebeu a manobra irregular e realizou as autua\u00e7\u00f5es cab\u00edveis.<\/p>\n\n\n\n<p>O motorista foi multado em 50 Unidades Fiscais do Munic\u00edpio (UFMs) por conduzir o ve\u00edculo sem Carteira Nacional de Habilita\u00e7\u00e3o (CNH). Al\u00e9m disso, o ve\u00edculo foi autuado em mais 30 UFMs devido ao para-brisa trincado, o que compromete a visibilidade e a seguran\u00e7a da condu\u00e7\u00e3o.<\/p>\n\n\n\n<p>O chefe da Divis\u00e3o de Fiscaliza\u00e7\u00e3o de Transporte do IMMU, Waldir Sousa, alertou para os riscos dessa pr\u00e1tica. &#8220;Permitir que uma pessoa sem habilita\u00e7\u00e3o conduza um ve\u00edculo de transporte p\u00fablico \u00e9 colocar em risco a vida dos passageiros e de todos que circulam pelas vias. A fiscaliza\u00e7\u00e3o atua justamente para coibir esse tipo de irregularidade e garantir a seguran\u00e7a da popula\u00e7\u00e3o&#8221;, destacou Sousa.<\/p>\n\n\n\n<p>A Prefeitura de Manaus refor\u00e7a que o transporte complementar deve seguir rigorosamente todas as normas de seguran\u00e7a e a legisla\u00e7\u00e3o vigente. As a\u00e7\u00f5es de fiscaliza\u00e7\u00e3o do IMMU seguem diariamente com o objetivo de garantir um transporte mais seguro e confi\u00e1vel para todos os usu\u00e1rios.<\/p>\n\n\n\n<p><br>\u2014 \u2014 \u2014<br><strong>Texto e Fotos &#8211;<\/strong> Divulga\u00e7\u00e3o \/ IMMU<\/p>\n","protected":false},"excerpt":{"rendered":"","protected":false},"author":68,"featured_media":3768,"comment_status":"closed","ping_status":"closed","sticky":false,"template":"","format":"standard","meta":{"footnotes":""},"categories":[323],"tags":[6,8,2020],"acf":[],"yoast_head":"<!-- This site is optimized with the Yoast SEO plugin v23.0 - https:\/\/yoast.com\/wordpress\/plugins\/seo\/ -->\n<title>Prefeitura de Manaus flagra motorista sem habilita\u00e7\u00e3o em ve\u00edculo do transporte executivo na Djalma Batista\u00a0<\/title>\n<meta name=\"description\" content=\"A Prefeitura de Manaus, por meio do Instituto Municipal de Mobilidade Urbana (IMMU), flagrou, na tarde desta segunda-feira, 9\/6, um motorista sem habilita\u00e7\u00e3o conduzindo um ve\u00edculo do sistema de transporte complementar (Executivo), durante fiscaliza\u00e7\u00e3o na avenida Djalma Batista, zona Centro-Sul da capital.\" \/>\n<meta name=\"robots\" content=\"noindex, follow\" \/>\n<meta property=\"og:locale\" content=\"pt_BR\" \/>\n<meta property=\"og:type\" content=\"article\" \/>\n<meta property=\"og:title\" content=\"Prefeitura de Manaus flagra motorista sem habilita\u00e7\u00e3o em ve\u00edculo do transporte executivo na Djalma Batista\u00a0\" \/>\n<meta property=\"og:description\" content=\"A Prefeitura de Manaus, por meio do Instituto Municipal de Mobilidade Urbana (IMMU), flagrou, na tarde desta segunda-feira, 9\/6, um motorista sem habilita\u00e7\u00e3o conduzindo um ve\u00edculo do sistema de transporte complementar (Executivo), durante fiscaliza\u00e7\u00e3o na avenida Djalma Batista, zona Centro-Sul da capital.\" \/>\n<meta property=\"og:url\" content=\"https:\/\/www.manaus.am.gov.br\/immu\/fiscalizacao\/operacao-transito-manaus\/\" \/>\n<meta property=\"og:site_name\" content=\"IMMU\" \/>\n<meta property=\"article:published_time\" content=\"2025-06-09T21:09:59+00:00\" \/>\n<meta property=\"article:modified_time\" content=\"2025-06-09T21:10:00+00:00\" \/>\n<meta property=\"og:image\" content=\"https:\/\/www.manaus.am.gov.br\/immu\/wp-content\/uploads\/sites\/14\/2025\/06\/Prefeitura-de-Manaus-flagra-motorista-sem-habilitacao-em-veiculo-do-transporte-executivo-na-Djalma-Batista-2.jpg\" \/>\n\t<meta property=\"og:image:width\" content=\"720\" \/>\n\t<meta property=\"og:image:height\" content=\"1280\" \/>\n\t<meta property=\"og:image:type\" content=\"image\/jpeg\" \/>\n<meta name=\"author\" content=\"bvalente\" \/>\n<meta name=\"twitter:card\" content=\"summary_large_image\" \/>\n<meta name=\"twitter:label1\" content=\"Written by\" \/>\n\t<meta name=\"twitter:data1\" content=\"bvalente\" \/>\n\t<meta name=\"twitter:label2\" content=\"Est. reading time\" \/>\n\t<meta name=\"twitter:data2\" content=\"2 minutos\" \/>\n<script type=\"application\/ld+json\" class=\"yoast-schema-graph\">{\"@context\":\"https:\/\/schema.org\",\"@graph\":[{\"@type\":\"WebPage\",\"@id\":\"https:\/\/www.manaus.am.gov.br\/immu\/fiscalizacao\/operacao-transito-manaus\/\",\"url\":\"https:\/\/www.manaus.am.gov.br\/immu\/fiscalizacao\/operacao-transito-manaus\/\",\"name\":\"Prefeitura de Manaus flagra motorista sem habilita\u00e7\u00e3o em ve\u00edculo do transporte executivo na Djalma Batista\u00a0\",\"isPartOf\":{\"@id\":\"https:\/\/www.manaus.am.gov.br\/immu\/#website\"},\"primaryImageOfPage\":{\"@id\":\"https:\/\/www.manaus.am.gov.br\/immu\/fiscalizacao\/operacao-transito-manaus\/#primaryimage\"},\"image\":{\"@id\":\"https:\/\/www.manaus.am.gov.br\/immu\/fiscalizacao\/operacao-transito-manaus\/#primaryimage\"},\"thumbnailUrl\":\"https:\/\/www.manaus.am.gov.br\/immu\/wp-content\/uploads\/sites\/14\/2025\/06\/Prefeitura-de-Manaus-flagra-motorista-sem-habilitacao-em-veiculo-do-transporte-executivo-na-Djalma-Batista-2.jpg\",\"datePublished\":\"2025-06-09T21:09:59+00:00\",\"dateModified\":\"2025-06-09T21:10:00+00:00\",\"author\":{\"@id\":\"https:\/\/www.manaus.am.gov.br\/immu\/#\/schema\/person\/466a0e03ae4b6062809046bd560ac955\"},\"description\":\"A Prefeitura de Manaus, por meio do Instituto Municipal de Mobilidade Urbana (IMMU), flagrou, na tarde desta segunda-feira, 9\/6, um motorista sem habilita\u00e7\u00e3o conduzindo um ve\u00edculo do sistema de transporte complementar (Executivo), durante fiscaliza\u00e7\u00e3o na avenida Djalma Batista, zona Centro-Sul da capital.\",\"breadcrumb\":{\"@id\":\"https:\/\/www.manaus.am.gov.br\/immu\/fiscalizacao\/operacao-transito-manaus\/#breadcrumb\"},\"inLanguage\":\"pt-BR\",\"potentialAction\":[{\"@type\":\"ReadAction\",\"target\":[\"https:\/\/www.manaus.am.gov.br\/immu\/fiscalizacao\/operacao-transito-manaus\/\"]}]},{\"@type\":\"ImageObject\",\"inLanguage\":\"pt-BR\",\"@id\":\"https:\/\/www.manaus.am.gov.br\/immu\/fiscalizacao\/operacao-transito-manaus\/#primaryimage\",\"url\":\"https:\/\/www.manaus.am.gov.br\/immu\/wp-content\/uploads\/sites\/14\/2025\/06\/Prefeitura-de-Manaus-flagra-motorista-sem-habilitacao-em-veiculo-do-transporte-executivo-na-Djalma-Batista-2.jpg\",\"contentUrl\":\"https:\/\/www.manaus.am.gov.br\/immu\/wp-content\/uploads\/sites\/14\/2025\/06\/Prefeitura-de-Manaus-flagra-motorista-sem-habilitacao-em-veiculo-do-transporte-executivo-na-Djalma-Batista-2.jpg\",\"width\":720,\"height\":1280},{\"@type\":\"BreadcrumbList\",\"@id\":\"https:\/\/www.manaus.am.gov.br\/immu\/fiscalizacao\/operacao-transito-manaus\/#breadcrumb\",\"itemListElement\":[{\"@type\":\"ListItem\",\"position\":1,\"name\":\"Home\",\"item\":\"https:\/\/www.manaus.am.gov.br\/immu\/\"},{\"@type\":\"ListItem\",\"position\":2,\"name\":\"Prefeitura de Manaus flagra motorista sem habilita\u00e7\u00e3o em ve\u00edculo do transporte executivo na Djalma Batista\u00a0\"}]},{\"@type\":\"WebSite\",\"@id\":\"https:\/\/www.manaus.am.gov.br\/immu\/#website\",\"url\":\"https:\/\/www.manaus.am.gov.br\/immu\/\",\"name\":\"IMMU\",\"description\":\"Prefeitura de Manaus\",\"potentialAction\":[{\"@type\":\"SearchAction\",\"target\":{\"@type\":\"EntryPoint\",\"urlTemplate\":\"https:\/\/www.manaus.am.gov.br\/immu\/?s={search_term_string}\"},\"query-input\":\"required name=search_term_string\"}],\"inLanguage\":\"pt-BR\"},{\"@type\":\"Person\",\"@id\":\"https:\/\/www.manaus.am.gov.br\/immu\/#\/schema\/person\/466a0e03ae4b6062809046bd560ac955\",\"name\":\"bvalente\",\"image\":{\"@type\":\"ImageObject\",\"inLanguage\":\"pt-BR\",\"@id\":\"https:\/\/www.manaus.am.gov.br\/immu\/#\/schema\/person\/image\/\",\"url\":\"https:\/\/secure.gravatar.com\/avatar\/3e69bc2b014bdad41adfec3a39de07d2?s=96&d=mm&r=g\",\"contentUrl\":\"https:\/\/secure.gravatar.com\/avatar\/3e69bc2b014bdad41adfec3a39de07d2?s=96&d=mm&r=g\",\"caption\":\"bvalente\"}}]}<\/script>\n<!-- \/ Yoast SEO plugin. -->","yoast_head_json":{"title":"Prefeitura de Manaus flagra motorista sem habilita\u00e7\u00e3o em ve\u00edculo do transporte executivo na Djalma Batista\u00a0","description":"A Prefeitura de Manaus, por meio do Instituto Municipal de Mobilidade Urbana (IMMU), flagrou, na tarde desta segunda-feira, 9\/6, um motorista sem habilita\u00e7\u00e3o conduzindo um ve\u00edculo do sistema de transporte complementar (Executivo), durante fiscaliza\u00e7\u00e3o na avenida Djalma Batista, zona Centro-Sul da capital.","robots":{"index":"noindex","follow":"follow"},"og_locale":"pt_BR","og_type":"article","og_title":"Prefeitura de Manaus flagra motorista sem habilita\u00e7\u00e3o em ve\u00edculo do transporte executivo na Djalma Batista\u00a0","og_description":"A Prefeitura de Manaus, por meio do Instituto Municipal de Mobilidade Urbana (IMMU), flagrou, na tarde desta segunda-feira, 9\/6, um motorista sem habilita\u00e7\u00e3o conduzindo um ve\u00edculo do sistema de transporte complementar (Executivo), durante fiscaliza\u00e7\u00e3o na avenida Djalma Batista, zona Centro-Sul da capital.","og_url":"https:\/\/www.manaus.am.gov.br\/immu\/fiscalizacao\/operacao-transito-manaus\/","og_site_name":"IMMU","article_published_time":"2025-06-09T21:09:59+00:00","article_modified_time":"2025-06-09T21:10:00+00:00","og_image":[{"width":720,"height":1280,"url":"https:\/\/www.manaus.am.gov.br\/immu\/wp-content\/uploads\/sites\/14\/2025\/06\/Prefeitura-de-Manaus-flagra-motorista-sem-habilitacao-em-veiculo-do-transporte-executivo-na-Djalma-Batista-2.jpg","type":"image\/jpeg"}],"author":"bvalente","twitter_card":"summary_large_image","twitter_misc":{"Written by":"bvalente","Est. reading time":"2 minutos"},"schema":{"@context":"https:\/\/schema.org","@graph":[{"@type":"WebPage","@id":"https:\/\/www.manaus.am.gov.br\/immu\/fiscalizacao\/operacao-transito-manaus\/","url":"https:\/\/www.manaus.am.gov.br\/immu\/fiscalizacao\/operacao-transito-manaus\/","name":"Prefeitura de Manaus flagra motorista sem habilita\u00e7\u00e3o em ve\u00edculo do transporte executivo na Djalma Batista\u00a0","isPartOf":{"@id":"https:\/\/www.manaus.am.gov.br\/immu\/#website"},"primaryImageOfPage":{"@id":"https:\/\/www.manaus.am.gov.br\/immu\/fiscalizacao\/operacao-transito-manaus\/#primaryimage"},"image":{"@id":"https:\/\/www.manaus.am.gov.br\/immu\/fiscalizacao\/operacao-transito-manaus\/#primaryimage"},"thumbnailUrl":"https:\/\/www.manaus.am.gov.br\/immu\/wp-content\/uploads\/sites\/14\/2025\/06\/Prefeitura-de-Manaus-flagra-motorista-sem-habilitacao-em-veiculo-do-transporte-executivo-na-Djalma-Batista-2.jpg","datePublished":"2025-06-09T21:09:59+00:00","dateModified":"2025-06-09T21:10:00+00:00","author":{"@id":"https:\/\/www.manaus.am.gov.br\/immu\/#\/schema\/person\/466a0e03ae4b6062809046bd560ac955"},"description":"A Prefeitura de Manaus, por meio do Instituto Municipal de Mobilidade Urbana (IMMU), flagrou, na tarde desta segunda-feira, 9\/6, um motorista sem habilita\u00e7\u00e3o conduzindo um ve\u00edculo do sistema de transporte complementar (Executivo), durante fiscaliza\u00e7\u00e3o na avenida Djalma Batista, zona Centro-Sul da capital.","breadcrumb":{"@id":"https:\/\/www.manaus.am.gov.br\/immu\/fiscalizacao\/operacao-transito-manaus\/#breadcrumb"},"inLanguage":"pt-BR","potentialAction":[{"@type":"ReadAction","target":["https:\/\/www.manaus.am.gov.br\/immu\/fiscalizacao\/operacao-transito-manaus\/"]}]},{"@type":"ImageObject","inLanguage":"pt-BR","@id":"https:\/\/www.manaus.am.gov.br\/immu\/fiscalizacao\/operacao-transito-manaus\/#primaryimage","url":"https:\/\/www.manaus.am.gov.br\/immu\/wp-content\/uploads\/sites\/14\/2025\/06\/Prefeitura-de-Manaus-flagra-motorista-sem-habilitacao-em-veiculo-do-transporte-executivo-na-Djalma-Batista-2.jpg","contentUrl":"https:\/\/www.manaus.am.gov.br\/immu\/wp-content\/uploads\/sites\/14\/2025\/06\/Prefeitura-de-Manaus-flagra-motorista-sem-habilitacao-em-veiculo-do-transporte-executivo-na-Djalma-Batista-2.jpg","width":720,"height":1280},{"@type":"BreadcrumbList","@id":"https:\/\/www.manaus.am.gov.br\/immu\/fiscalizacao\/operacao-transito-manaus\/#breadcrumb","itemListElement":[{"@type":"ListItem","position":1,"name":"Home","item":"https:\/\/www.manaus.am.gov.br\/immu\/"},{"@type":"ListItem","position":2,"name":"Prefeitura de Manaus flagra motorista sem habilita\u00e7\u00e3o em ve\u00edculo do transporte executivo na Djalma Batista\u00a0"}]},{"@type":"WebSite","@id":"https:\/\/www.manaus.am.gov.br\/immu\/#website","url":"https:\/\/www.manaus.am.gov.br\/immu\/","name":"IMMU","description":"Prefeitura de Manaus","potentialAction":[{"@type":"SearchAction","target":{"@type":"EntryPoint","urlTemplate":"https:\/\/www.manaus.am.gov.br\/immu\/?s={search_term_string}"},"query-input":"required name=search_term_string"}],"inLanguage":"pt-BR"},{"@type":"Person","@id":"https:\/\/www.manaus.am.gov.br\/immu\/#\/schema\/person\/466a0e03ae4b6062809046bd560ac955","name":"bvalente","image":{"@type":"ImageObject","inLanguage":"pt-BR","@id":"https:\/\/www.manaus.am.gov.br\/immu\/#\/schema\/person\/image\/","url":"https:\/\/secure.gravatar.com\/avatar\/3e69bc2b014bdad41adfec3a39de07d2?s=96&d=mm&r=g","contentUrl":"https:\/\/secure.gravatar.com\/avatar\/3e69bc2b014bdad41adfec3a39de07d2?s=96&d=mm&r=g","caption":"bvalente"}}]}},"_links":{"self":[{"href":"https:\/\/www.manaus.am.gov.br\/immu\/wp-json\/wp\/v2\/posts\/3767"}],"collection":[{"href":"https:\/\/www.manaus.am.gov.br\/immu\/wp-json\/wp\/v2\/posts"}],"about":[{"href":"https:\/\/www.manaus.am.gov.br\/immu\/wp-json\/wp\/v2\/types\/post"}],"author":[{"embeddable":true,"href":"https:\/\/www.manaus.am.gov.br\/immu\/wp-json\/wp\/v2\/users\/68"}],"replies":[{"embeddable":true,"href":"https:\/\/www.manaus.am.gov.br\/immu\/wp-json\/wp\/v2\/comments?post=3767"}],"version-history":[{"count":0,"href":"https:\/\/www.manaus.am.gov.br\/immu\/wp-json\/wp\/v2\/posts\/3767\/revisions"}],"wp:featuredmedia":[{"embeddable":true,"href":"https:\/\/www.manaus.am.gov.br\/immu\/wp-json\/wp\/v2\/media\/3768"}],"wp:attachment":[{"href":"https:\/\/www.manaus.am.gov.br\/immu\/wp-json\/wp\/v2\/media?parent=3767"}],"wp:term":[{"taxonomy":"category","embeddable":true,"href":"https:\/\/www.manaus.am.gov.br\/immu\/wp-json\/wp\/v2\/categories?post=3767"},{"taxonomy":"post_tag","embeddable":true,"href":"https:\/\/www.manaus.am.gov.br\/immu\/wp-json\/wp\/v2\/tags?post=3767"}],"curies":[{"name":"wp","href":"https:\/\/api.w.org\/{rel}","templated":true}]}}