{"id":3751,"date":"2025-06-06T15:41:29","date_gmt":"2025-06-06T19:41:29","guid":{"rendered":"https:\/\/www.manaus.am.gov.br\/immu\/sem-categoria\/alca-superior-invertida-complexo-viario-rei-pele-8-6\/"},"modified":"2025-06-06T15:42:44","modified_gmt":"2025-06-06T19:42:44","slug":"alca-superior-invertida-complexo-viario-rei-pele-8-6","status":"publish","type":"post","link":"https:\/\/www.manaus.am.gov.br\/immu\/nota\/alca-superior-invertida-complexo-viario-rei-pele-8-6\/","title":{"rendered":"Al\u00e7a superior do complexo vi\u00e1rio Rei Pel\u00e9 ser\u00e1 invertida para avan\u00e7o das obras da prefeitura\u00a0neste domingo, 8\/6"},"content":{"rendered":"\n<p>Os motoristas que transitam nas imedia\u00e7\u00f5es das obras do complexo vi\u00e1rio Rei Pel\u00e9, na zona Leste, devem ficar atentos, neste domingo, 8\/6, \u00e0 mudan\u00e7a tempor\u00e1ria de sentido na al\u00e7a superior que ser\u00e1 invertida para o avan\u00e7o de novas frentes da obra da Prefeitura de Manaus. A invers\u00e3o seguir\u00e1 at\u00e9 a pr\u00f3xima quinta-feira, 12\/6.<\/p>\n\n\n\n<p>Atualmente, os ve\u00edculos trafegam pela al\u00e7a superior no sentido da avenida Autaz Mirim para a avenida Camapu\u00e3 em dire\u00e7\u00e3o ao Terminal de Integra\u00e7\u00e3o 4 (T4). Com a mudan\u00e7a tempor\u00e1ria, que inicia \u00e0s 6h deste domingo, este sentido ser\u00e1 invertido.<\/p>\n\n\n\n<p>Os ve\u00edculos que v\u00eam da avenida Camapu\u00e3 em dire\u00e7\u00e3o \u00e0 Autaz Mirim ir\u00e3o transitar pela parte superior do complexo vi\u00e1rio Rei Pel\u00e9, no final da al\u00e7a, ser\u00e1 liberado um acesso para o seguir pela avenida Autaz Mirim, no sentido bairro\/Centro. Por sua vez, os ve\u00edculos oriundos da Autaz Mirim ir\u00e3o prosseguir na pr\u00f3pria Autaz Mirim, dobrar \u00e0 direita na avenida Ita\u00faba, fazer o retorno na rotat\u00f3ria do Jorge Teixeira, e seguir at\u00e9 alcan\u00e7ar a avenida Camapu\u00e3.<\/p>\n\n\n\n<p>As linhas de \u00f4nibus que transitam pelo local ir\u00e3o seguir os desvios definidos para os demais ve\u00edculos.<\/p>\n\n\n\n<p>Para facilitar o tr\u00e1fego de ve\u00edculos no local, a Secretaria Municipal de Infraestrutura (Seminf) realizar\u00e1 servi\u00e7os de terraplanagem na avenida Ita\u00faba neste s\u00e1bado, 7\/6. J\u00e1 no domingo, 8\/6, a avenida Ita\u00faba ser\u00e1 liberada para o tr\u00e1fego de ve\u00edculos e os trabalhos seguem para a avenida Camapu\u00e3 onde ter\u00e3o in\u00edcio os servi\u00e7os de terraplanagem, e na sequ\u00eancia a aplica\u00e7\u00e3o de asfalto. Por causa dos servi\u00e7os realizados pela Seminf, ser\u00e1 necess\u00e1ria a invers\u00e3o de sentido na al\u00e7a superior do complexo.<\/p>\n\n\n\n<p>Essas interven\u00e7\u00f5es fazem parte das obras do complexo vi\u00e1rio Rei Pel\u00e9, que visam melhorar significativamente a mobilidade urbana da zona Leste, oferecendo mais seguran\u00e7a e fluidez no tr\u00e2nsito da regi\u00e3o. O local ser\u00e1 monitorado de forma permanente por agentes de tr\u00e2nsito do Instituto Municipal de Mobilidade Urbana (IMMU), garantindo seguran\u00e7a e organiza\u00e7\u00e3o.<\/p>\n\n\n\n<p>Para orientar os condutores, ser\u00e1 implantada sinaliza\u00e7\u00e3o vi\u00e1ria de obra para garantir a seguran\u00e7a no tr\u00e1fego. O IMMU refor\u00e7a que as medidas adotadas t\u00eam como objetivo manter a seguran\u00e7a vi\u00e1ria, minimizar transtornos \u00e0 popula\u00e7\u00e3o e assegurar o andamento das obras de requalifica\u00e7\u00e3o urbana na regi\u00e3o, que ir\u00e3o beneficiar diretamente milhares de condutores e pedestres que utilizam diariamente a rotat\u00f3ria do Produtor.<\/p>\n\n\n\n<p>Durante esse per\u00edodo, o IMMU estar\u00e1 com equipes em campo realizando o monitoramento em tempo integral, com o apoio de agentes de tr\u00e2nsito que atuar\u00e3o na orienta\u00e7\u00e3o dos motoristas, fiscaliza\u00e7\u00e3o e controle do tr\u00e1fego nas imedia\u00e7\u00f5es do local da interven\u00e7\u00e3o.<\/p>\n\n\n\n<figure class=\"wp-block-image size-large\"><img loading=\"lazy\" decoding=\"async\" width=\"1024\" height=\"576\" src=\"https:\/\/www.manaus.am.gov.br\/immu\/wp-content\/uploads\/sites\/14\/2025\/06\/WhatsApp-Image-2025-06-02-at-17.26.43-1024x576.jpeg\" alt=\"\" class=\"wp-image-3752\" srcset=\"https:\/\/www.manaus.am.gov.br\/immu\/wp-content\/uploads\/sites\/14\/2025\/06\/WhatsApp-Image-2025-06-02-at-17.26.43-1024x576.jpeg 1024w, https:\/\/www.manaus.am.gov.br\/immu\/wp-content\/uploads\/sites\/14\/2025\/06\/WhatsApp-Image-2025-06-02-at-17.26.43-300x169.jpeg 300w, https:\/\/www.manaus.am.gov.br\/immu\/wp-content\/uploads\/sites\/14\/2025\/06\/WhatsApp-Image-2025-06-02-at-17.26.43-768x432.jpeg 768w, https:\/\/www.manaus.am.gov.br\/immu\/wp-content\/uploads\/sites\/14\/2025\/06\/WhatsApp-Image-2025-06-02-at-17.26.43-1536x864.jpeg 1536w, https:\/\/www.manaus.am.gov.br\/immu\/wp-content\/uploads\/sites\/14\/2025\/06\/WhatsApp-Image-2025-06-02-at-17.26.43-2048x1151.jpeg 2048w\" sizes=\"(max-width: 1024px) 100vw, 1024px\" \/><\/figure>\n\n\n\n<p>&#8212; &#8212; &#8212;<\/p>\n\n\n\n<p><strong>Texto<\/strong>&nbsp;&#8211; \u00c1lisson Castro\/IMMU e Rayana Coutinho\/Seminf<\/p>\n\n\n\n<p><strong>Fotos e ilustra\u00e7\u00f5es<\/strong> \u2013 Divulga\u00e7\u00e3o\/IMMU<\/p>\n","protected":false},"excerpt":{"rendered":"","protected":false},"author":39,"featured_media":3753,"comment_status":"closed","ping_status":"closed","sticky":false,"template":"","format":"standard","meta":{"footnotes":""},"categories":[5],"tags":[2015,1490,6,8,435],"acf":[],"yoast_head":"<!-- This site is optimized with the Yoast SEO plugin v23.0 - https:\/\/yoast.com\/wordpress\/plugins\/seo\/ -->\n<title>Al\u00e7a superior do complexo vi\u00e1rio Rei Pel\u00e9 ser\u00e1 invertida para obras<\/title>\n<meta name=\"description\" content=\"Al\u00e7a superior do complexo vi\u00e1rio Rei Pel\u00e9 ser\u00e1 invertida para avan\u00e7o das obras da prefeitura neste domingo, 8\/6.\" \/>\n<meta name=\"robots\" content=\"noindex, follow\" \/>\n<meta property=\"og:locale\" content=\"pt_BR\" \/>\n<meta property=\"og:type\" content=\"article\" \/>\n<meta property=\"og:title\" content=\"Al\u00e7a superior do complexo vi\u00e1rio Rei Pel\u00e9 ser\u00e1 invertida para obras\" \/>\n<meta property=\"og:description\" content=\"Al\u00e7a superior do complexo vi\u00e1rio Rei Pel\u00e9 ser\u00e1 invertida para avan\u00e7o das obras da prefeitura neste domingo, 8\/6.\" \/>\n<meta property=\"og:url\" content=\"https:\/\/www.manaus.am.gov.br\/immu\/nota\/alca-superior-invertida-complexo-viario-rei-pele-8-6\/\" \/>\n<meta property=\"og:site_name\" content=\"IMMU\" \/>\n<meta property=\"article:published_time\" content=\"2025-06-06T19:41:29+00:00\" \/>\n<meta property=\"article:modified_time\" content=\"2025-06-06T19:42:44+00:00\" \/>\n<meta property=\"og:image\" content=\"https:\/\/www.manaus.am.gov.br\/immu\/wp-content\/uploads\/sites\/14\/2025\/06\/WhatsApp-Image-2025-06-06-at-15.07.03.jpeg\" \/>\n\t<meta property=\"og:image:width\" content=\"1600\" \/>\n\t<meta property=\"og:image:height\" content=\"900\" \/>\n\t<meta property=\"og:image:type\" content=\"image\/jpeg\" \/>\n<meta name=\"author\" content=\"Bruna Greco\" \/>\n<meta name=\"twitter:card\" content=\"summary_large_image\" \/>\n<meta name=\"twitter:label1\" content=\"Written by\" \/>\n\t<meta name=\"twitter:data1\" content=\"Bruna Greco\" \/>\n\t<meta name=\"twitter:label2\" content=\"Est. reading time\" \/>\n\t<meta name=\"twitter:data2\" content=\"3 minutos\" \/>\n<script type=\"application\/ld+json\" class=\"yoast-schema-graph\">{\"@context\":\"https:\/\/schema.org\",\"@graph\":[{\"@type\":\"WebPage\",\"@id\":\"https:\/\/www.manaus.am.gov.br\/immu\/nota\/alca-superior-invertida-complexo-viario-rei-pele-8-6\/\",\"url\":\"https:\/\/www.manaus.am.gov.br\/immu\/nota\/alca-superior-invertida-complexo-viario-rei-pele-8-6\/\",\"name\":\"Al\u00e7a superior do complexo vi\u00e1rio Rei Pel\u00e9 ser\u00e1 invertida para obras\",\"isPartOf\":{\"@id\":\"https:\/\/www.manaus.am.gov.br\/immu\/#website\"},\"primaryImageOfPage\":{\"@id\":\"https:\/\/www.manaus.am.gov.br\/immu\/nota\/alca-superior-invertida-complexo-viario-rei-pele-8-6\/#primaryimage\"},\"image\":{\"@id\":\"https:\/\/www.manaus.am.gov.br\/immu\/nota\/alca-superior-invertida-complexo-viario-rei-pele-8-6\/#primaryimage\"},\"thumbnailUrl\":\"https:\/\/www.manaus.am.gov.br\/immu\/wp-content\/uploads\/sites\/14\/2025\/06\/WhatsApp-Image-2025-06-06-at-15.07.03.jpeg\",\"datePublished\":\"2025-06-06T19:41:29+00:00\",\"dateModified\":\"2025-06-06T19:42:44+00:00\",\"author\":{\"@id\":\"https:\/\/www.manaus.am.gov.br\/immu\/#\/schema\/person\/05d223aea2bf115f9883a6ff3683d81b\"},\"description\":\"Al\u00e7a superior do complexo vi\u00e1rio Rei Pel\u00e9 ser\u00e1 invertida para avan\u00e7o das obras da prefeitura neste domingo, 8\/6.\",\"breadcrumb\":{\"@id\":\"https:\/\/www.manaus.am.gov.br\/immu\/nota\/alca-superior-invertida-complexo-viario-rei-pele-8-6\/#breadcrumb\"},\"inLanguage\":\"pt-BR\",\"potentialAction\":[{\"@type\":\"ReadAction\",\"target\":[\"https:\/\/www.manaus.am.gov.br\/immu\/nota\/alca-superior-invertida-complexo-viario-rei-pele-8-6\/\"]}]},{\"@type\":\"ImageObject\",\"inLanguage\":\"pt-BR\",\"@id\":\"https:\/\/www.manaus.am.gov.br\/immu\/nota\/alca-superior-invertida-complexo-viario-rei-pele-8-6\/#primaryimage\",\"url\":\"https:\/\/www.manaus.am.gov.br\/immu\/wp-content\/uploads\/sites\/14\/2025\/06\/WhatsApp-Image-2025-06-06-at-15.07.03.jpeg\",\"contentUrl\":\"https:\/\/www.manaus.am.gov.br\/immu\/wp-content\/uploads\/sites\/14\/2025\/06\/WhatsApp-Image-2025-06-06-at-15.07.03.jpeg\",\"width\":1600,\"height\":900,\"caption\":\"#paratodosverem - Imagem a\u00e9rea do complexo vi\u00e1rio Rei Pel\u00e9 com indica\u00e7\u00f5es ilustrativas da invers\u00e3o da al\u00e7a superior\"},{\"@type\":\"BreadcrumbList\",\"@id\":\"https:\/\/www.manaus.am.gov.br\/immu\/nota\/alca-superior-invertida-complexo-viario-rei-pele-8-6\/#breadcrumb\",\"itemListElement\":[{\"@type\":\"ListItem\",\"position\":1,\"name\":\"Home\",\"item\":\"https:\/\/www.manaus.am.gov.br\/immu\/\"},{\"@type\":\"ListItem\",\"position\":2,\"name\":\"Al\u00e7a superior do complexo vi\u00e1rio Rei Pel\u00e9 ser\u00e1 invertida para avan\u00e7o das obras da prefeitura\u00a0neste domingo, 8\/6\"}]},{\"@type\":\"WebSite\",\"@id\":\"https:\/\/www.manaus.am.gov.br\/immu\/#website\",\"url\":\"https:\/\/www.manaus.am.gov.br\/immu\/\",\"name\":\"IMMU\",\"description\":\"Prefeitura de Manaus\",\"potentialAction\":[{\"@type\":\"SearchAction\",\"target\":{\"@type\":\"EntryPoint\",\"urlTemplate\":\"https:\/\/www.manaus.am.gov.br\/immu\/?s={search_term_string}\"},\"query-input\":\"required name=search_term_string\"}],\"inLanguage\":\"pt-BR\"},{\"@type\":\"Person\",\"@id\":\"https:\/\/www.manaus.am.gov.br\/immu\/#\/schema\/person\/05d223aea2bf115f9883a6ff3683d81b\",\"name\":\"Bruna Greco\",\"image\":{\"@type\":\"ImageObject\",\"inLanguage\":\"pt-BR\",\"@id\":\"https:\/\/www.manaus.am.gov.br\/immu\/#\/schema\/person\/image\/\",\"url\":\"https:\/\/secure.gravatar.com\/avatar\/9c877d1a6adc2a055330e5c09a8653ce?s=96&d=mm&r=g\",\"contentUrl\":\"https:\/\/secure.gravatar.com\/avatar\/9c877d1a6adc2a055330e5c09a8653ce?s=96&d=mm&r=g\",\"caption\":\"Bruna Greco\"}}]}<\/script>\n<!-- \/ Yoast SEO plugin. -->","yoast_head_json":{"title":"Al\u00e7a superior do complexo vi\u00e1rio Rei Pel\u00e9 ser\u00e1 invertida para obras","description":"Al\u00e7a superior do complexo vi\u00e1rio Rei Pel\u00e9 ser\u00e1 invertida para avan\u00e7o das obras da prefeitura neste domingo, 8\/6.","robots":{"index":"noindex","follow":"follow"},"og_locale":"pt_BR","og_type":"article","og_title":"Al\u00e7a superior do complexo vi\u00e1rio Rei Pel\u00e9 ser\u00e1 invertida para obras","og_description":"Al\u00e7a superior do complexo vi\u00e1rio Rei Pel\u00e9 ser\u00e1 invertida para avan\u00e7o das obras da prefeitura neste domingo, 8\/6.","og_url":"https:\/\/www.manaus.am.gov.br\/immu\/nota\/alca-superior-invertida-complexo-viario-rei-pele-8-6\/","og_site_name":"IMMU","article_published_time":"2025-06-06T19:41:29+00:00","article_modified_time":"2025-06-06T19:42:44+00:00","og_image":[{"width":1600,"height":900,"url":"https:\/\/www.manaus.am.gov.br\/immu\/wp-content\/uploads\/sites\/14\/2025\/06\/WhatsApp-Image-2025-06-06-at-15.07.03.jpeg","type":"image\/jpeg"}],"author":"Bruna Greco","twitter_card":"summary_large_image","twitter_misc":{"Written by":"Bruna Greco","Est. reading time":"3 minutos"},"schema":{"@context":"https:\/\/schema.org","@graph":[{"@type":"WebPage","@id":"https:\/\/www.manaus.am.gov.br\/immu\/nota\/alca-superior-invertida-complexo-viario-rei-pele-8-6\/","url":"https:\/\/www.manaus.am.gov.br\/immu\/nota\/alca-superior-invertida-complexo-viario-rei-pele-8-6\/","name":"Al\u00e7a superior do complexo vi\u00e1rio Rei Pel\u00e9 ser\u00e1 invertida para obras","isPartOf":{"@id":"https:\/\/www.manaus.am.gov.br\/immu\/#website"},"primaryImageOfPage":{"@id":"https:\/\/www.manaus.am.gov.br\/immu\/nota\/alca-superior-invertida-complexo-viario-rei-pele-8-6\/#primaryimage"},"image":{"@id":"https:\/\/www.manaus.am.gov.br\/immu\/nota\/alca-superior-invertida-complexo-viario-rei-pele-8-6\/#primaryimage"},"thumbnailUrl":"https:\/\/www.manaus.am.gov.br\/immu\/wp-content\/uploads\/sites\/14\/2025\/06\/WhatsApp-Image-2025-06-06-at-15.07.03.jpeg","datePublished":"2025-06-06T19:41:29+00:00","dateModified":"2025-06-06T19:42:44+00:00","author":{"@id":"https:\/\/www.manaus.am.gov.br\/immu\/#\/schema\/person\/05d223aea2bf115f9883a6ff3683d81b"},"description":"Al\u00e7a superior do complexo vi\u00e1rio Rei Pel\u00e9 ser\u00e1 invertida para avan\u00e7o das obras da prefeitura neste domingo, 8\/6.","breadcrumb":{"@id":"https:\/\/www.manaus.am.gov.br\/immu\/nota\/alca-superior-invertida-complexo-viario-rei-pele-8-6\/#breadcrumb"},"inLanguage":"pt-BR","potentialAction":[{"@type":"ReadAction","target":["https:\/\/www.manaus.am.gov.br\/immu\/nota\/alca-superior-invertida-complexo-viario-rei-pele-8-6\/"]}]},{"@type":"ImageObject","inLanguage":"pt-BR","@id":"https:\/\/www.manaus.am.gov.br\/immu\/nota\/alca-superior-invertida-complexo-viario-rei-pele-8-6\/#primaryimage","url":"https:\/\/www.manaus.am.gov.br\/immu\/wp-content\/uploads\/sites\/14\/2025\/06\/WhatsApp-Image-2025-06-06-at-15.07.03.jpeg","contentUrl":"https:\/\/www.manaus.am.gov.br\/immu\/wp-content\/uploads\/sites\/14\/2025\/06\/WhatsApp-Image-2025-06-06-at-15.07.03.jpeg","width":1600,"height":900,"caption":"#paratodosverem - Imagem a\u00e9rea do complexo vi\u00e1rio Rei Pel\u00e9 com indica\u00e7\u00f5es ilustrativas da invers\u00e3o da al\u00e7a superior"},{"@type":"BreadcrumbList","@id":"https:\/\/www.manaus.am.gov.br\/immu\/nota\/alca-superior-invertida-complexo-viario-rei-pele-8-6\/#breadcrumb","itemListElement":[{"@type":"ListItem","position":1,"name":"Home","item":"https:\/\/www.manaus.am.gov.br\/immu\/"},{"@type":"ListItem","position":2,"name":"Al\u00e7a superior do complexo vi\u00e1rio Rei Pel\u00e9 ser\u00e1 invertida para avan\u00e7o das obras da prefeitura\u00a0neste domingo, 8\/6"}]},{"@type":"WebSite","@id":"https:\/\/www.manaus.am.gov.br\/immu\/#website","url":"https:\/\/www.manaus.am.gov.br\/immu\/","name":"IMMU","description":"Prefeitura de Manaus","potentialAction":[{"@type":"SearchAction","target":{"@type":"EntryPoint","urlTemplate":"https:\/\/www.manaus.am.gov.br\/immu\/?s={search_term_string}"},"query-input":"required name=search_term_string"}],"inLanguage":"pt-BR"},{"@type":"Person","@id":"https:\/\/www.manaus.am.gov.br\/immu\/#\/schema\/person\/05d223aea2bf115f9883a6ff3683d81b","name":"Bruna Greco","image":{"@type":"ImageObject","inLanguage":"pt-BR","@id":"https:\/\/www.manaus.am.gov.br\/immu\/#\/schema\/person\/image\/","url":"https:\/\/secure.gravatar.com\/avatar\/9c877d1a6adc2a055330e5c09a8653ce?s=96&d=mm&r=g","contentUrl":"https:\/\/secure.gravatar.com\/avatar\/9c877d1a6adc2a055330e5c09a8653ce?s=96&d=mm&r=g","caption":"Bruna Greco"}}]}},"_links":{"self":[{"href":"https:\/\/www.manaus.am.gov.br\/immu\/wp-json\/wp\/v2\/posts\/3751"}],"collection":[{"href":"https:\/\/www.manaus.am.gov.br\/immu\/wp-json\/wp\/v2\/posts"}],"about":[{"href":"https:\/\/www.manaus.am.gov.br\/immu\/wp-json\/wp\/v2\/types\/post"}],"author":[{"embeddable":true,"href":"https:\/\/www.manaus.am.gov.br\/immu\/wp-json\/wp\/v2\/users\/39"}],"replies":[{"embeddable":true,"href":"https:\/\/www.manaus.am.gov.br\/immu\/wp-json\/wp\/v2\/comments?post=3751"}],"version-history":[{"count":3,"href":"https:\/\/www.manaus.am.gov.br\/immu\/wp-json\/wp\/v2\/posts\/3751\/revisions"}],"predecessor-version":[{"id":3756,"href":"https:\/\/www.manaus.am.gov.br\/immu\/wp-json\/wp\/v2\/posts\/3751\/revisions\/3756"}],"wp:featuredmedia":[{"embeddable":true,"href":"https:\/\/www.manaus.am.gov.br\/immu\/wp-json\/wp\/v2\/media\/3753"}],"wp:attachment":[{"href":"https:\/\/www.manaus.am.gov.br\/immu\/wp-json\/wp\/v2\/media?parent=3751"}],"wp:term":[{"taxonomy":"category","embeddable":true,"href":"https:\/\/www.manaus.am.gov.br\/immu\/wp-json\/wp\/v2\/categories?post=3751"},{"taxonomy":"post_tag","embeddable":true,"href":"https:\/\/www.manaus.am.gov.br\/immu\/wp-json\/wp\/v2\/tags?post=3751"}],"curies":[{"name":"wp","href":"https:\/\/api.w.org\/{rel}","templated":true}]}}