{"id":3748,"date":"2025-06-05T15:46:06","date_gmt":"2025-06-05T19:46:06","guid":{"rendered":"https:\/\/www.manaus.am.gov.br\/immu\/sem-categoria\/transito-pentecostes-2025\/"},"modified":"2025-06-05T15:47:25","modified_gmt":"2025-06-05T19:47:25","slug":"transito-pentecostes-2025","status":"publish","type":"post","link":"https:\/\/www.manaus.am.gov.br\/immu\/transito\/transito-pentecostes-2025\/","title":{"rendered":"Prefeitura de Manaus vai monitorar tr\u00e2nsito durante Pentecostes 2025"},"content":{"rendered":"\n<p>A <a href=\"https:\/\/www.instagram.com\/prefeiturademanaus\/\">Prefeitura de Manaus<\/a>, por meio do <a href=\"https:\/\/www.manaus.am.gov.br\/immu\/\">Instituto Municipal de Mobilidade Urbana (IMMU)<\/a>, vai atuar de forma intensiva na organiza\u00e7\u00e3o e monitoramento do tr\u00e2nsito durante o evento religioso Pentecostes 2025, que acontece neste domingo, 8\/6, a partir das 12h, na \u00e1rea do Samb\u00f3dromo e adjac\u00eancias, na zona\u00a0 Centro-Oeste da capital.<\/p>\n\n\n\n<p>A partir das 6h30 da manh\u00e3, a rua Flaviano Limongi ser\u00e1 interditada para estacionamento exclusivo de viaturas operacionais. Al\u00e9m disso, duas faixas da avenida Pedro Teixeira, em frente ao Samb\u00f3dromo, tamb\u00e9m estar\u00e3o bloqueadas para garantir acesso e seguran\u00e7a vi\u00e1ria aos participantes. O fluxo de ve\u00edculos n\u00e3o ser\u00e1 alterado, mas poder\u00e1 ser ajustado de forma pontual, conforme avalia\u00e7\u00e3o do diretor de opera\u00e7\u00f5es do IMMU, Stanley Ventilari.<\/p>\n\n\n\n<p>\u201cNosso objetivo \u00e9 garantir a fluidez do tr\u00e2nsito, preservar a seguran\u00e7a dos fi\u00e9is e ordenar a circula\u00e7\u00e3o na regi\u00e3o com o m\u00ednimo de impacto para o tr\u00e1fego local\u201d, afirmou Ventilari.<\/p>\n\n\n\n<p>O estacionamento para \u00f4nibus estar\u00e1 dispon\u00edvel nas avenidas Belmiro Vianez e alameda do Samba. Equipes de agentes de tr\u00e2nsito do IMMU estar\u00e3o posicionadas em pontos estrat\u00e9gicos para orientar os condutores e garantir o bom andamento das opera\u00e7\u00f5es.<\/p>\n\n\n\n<p>Transporte<\/p>\n\n\n\n<p>Os \u00f4nibus que circulam pelas avenidas Pedro Teixeira, Loris Cordovil e Constantino Nery manter\u00e3o seus itiner\u00e1rios normalmente. No entanto, caso haja necessidade durante o evento, essas vias poder\u00e3o ser temporariamente interditadas, e as rotas ser\u00e3o ajustadas conforme a demanda, com as altera\u00e7\u00f5es sendo informadas no pr\u00f3prio local.<\/p>\n\n\n\n<p>A opera\u00e7\u00e3o contar\u00e1 com apoio de agentes do IMMU e demais \u00f3rg\u00e3os de seguran\u00e7a, visando assegurar a mobilidade e a tranquilidade do evento que deve reunir milhares de pessoas.<\/p>\n\n\n\n<p>&#8212; &#8212; &#8212;<\/p>\n\n\n\n<p><strong>Texto \u2013<\/strong> Marcelo Lima \/ IMMU<\/p>\n\n\n\n<p><strong>Fotos \u2013<\/strong> Divulga\u00e7\u00e3o \/ IMMU<\/p>\n","protected":false},"excerpt":{"rendered":"","protected":false},"author":57,"featured_media":3749,"comment_status":"closed","ping_status":"closed","sticky":false,"template":"","format":"standard","meta":{"footnotes":""},"categories":[46],"tags":[6,8,2014],"acf":[],"yoast_head":"<!-- This site is optimized with the Yoast SEO plugin v23.0 - https:\/\/yoast.com\/wordpress\/plugins\/seo\/ -->\n<title>PMM vai monitorar tr\u00e2nsito durante Pentecostes 2025<\/title>\n<meta name=\"description\" content=\"A Prefeitura de Manaus vai atuar de forma intensiva na organiza\u00e7\u00e3o e monitoramento do tr\u00e2nsito durante o evento religioso Pentecostes.\" \/>\n<meta name=\"robots\" content=\"noindex, follow\" \/>\n<meta property=\"og:locale\" content=\"pt_BR\" \/>\n<meta property=\"og:type\" content=\"article\" \/>\n<meta property=\"og:title\" content=\"PMM vai monitorar tr\u00e2nsito durante Pentecostes 2025\" \/>\n<meta property=\"og:description\" content=\"A Prefeitura de Manaus vai atuar de forma intensiva na organiza\u00e7\u00e3o e monitoramento do tr\u00e2nsito durante o evento religioso Pentecostes.\" \/>\n<meta property=\"og:url\" content=\"https:\/\/www.manaus.am.gov.br\/immu\/transito\/transito-pentecostes-2025\/\" \/>\n<meta property=\"og:site_name\" content=\"IMMU\" \/>\n<meta property=\"article:published_time\" content=\"2025-06-05T19:46:06+00:00\" \/>\n<meta property=\"article:modified_time\" content=\"2025-06-05T19:47:25+00:00\" \/>\n<meta property=\"og:image\" content=\"https:\/\/www.manaus.am.gov.br\/immu\/wp-content\/uploads\/sites\/14\/2025\/06\/transito-Pentecostes-2025.png\" \/>\n\t<meta property=\"og:image:width\" content=\"1222\" \/>\n\t<meta property=\"og:image:height\" content=\"846\" \/>\n\t<meta property=\"og:image:type\" content=\"image\/png\" \/>\n<meta name=\"author\" content=\"Thiago Fernando\" \/>\n<meta name=\"twitter:card\" content=\"summary_large_image\" \/>\n<meta name=\"twitter:label1\" content=\"Written by\" \/>\n\t<meta name=\"twitter:data1\" content=\"Thiago Fernando\" \/>\n\t<meta name=\"twitter:label2\" content=\"Est. reading time\" \/>\n\t<meta name=\"twitter:data2\" content=\"2 minutos\" \/>\n<script type=\"application\/ld+json\" class=\"yoast-schema-graph\">{\"@context\":\"https:\/\/schema.org\",\"@graph\":[{\"@type\":\"WebPage\",\"@id\":\"https:\/\/www.manaus.am.gov.br\/immu\/transito\/transito-pentecostes-2025\/\",\"url\":\"https:\/\/www.manaus.am.gov.br\/immu\/transito\/transito-pentecostes-2025\/\",\"name\":\"PMM vai monitorar tr\u00e2nsito durante Pentecostes 2025\",\"isPartOf\":{\"@id\":\"https:\/\/www.manaus.am.gov.br\/immu\/#website\"},\"primaryImageOfPage\":{\"@id\":\"https:\/\/www.manaus.am.gov.br\/immu\/transito\/transito-pentecostes-2025\/#primaryimage\"},\"image\":{\"@id\":\"https:\/\/www.manaus.am.gov.br\/immu\/transito\/transito-pentecostes-2025\/#primaryimage\"},\"thumbnailUrl\":\"https:\/\/www.manaus.am.gov.br\/immu\/wp-content\/uploads\/sites\/14\/2025\/06\/transito-Pentecostes-2025.png\",\"datePublished\":\"2025-06-05T19:46:06+00:00\",\"dateModified\":\"2025-06-05T19:47:25+00:00\",\"author\":{\"@id\":\"https:\/\/www.manaus.am.gov.br\/immu\/#\/schema\/person\/a5ee5376db6e21af026374b369f30882\"},\"description\":\"A Prefeitura de Manaus vai atuar de forma intensiva na organiza\u00e7\u00e3o e monitoramento do tr\u00e2nsito durante o evento religioso Pentecostes.\",\"breadcrumb\":{\"@id\":\"https:\/\/www.manaus.am.gov.br\/immu\/transito\/transito-pentecostes-2025\/#breadcrumb\"},\"inLanguage\":\"pt-BR\",\"potentialAction\":[{\"@type\":\"ReadAction\",\"target\":[\"https:\/\/www.manaus.am.gov.br\/immu\/transito\/transito-pentecostes-2025\/\"]}]},{\"@type\":\"ImageObject\",\"inLanguage\":\"pt-BR\",\"@id\":\"https:\/\/www.manaus.am.gov.br\/immu\/transito\/transito-pentecostes-2025\/#primaryimage\",\"url\":\"https:\/\/www.manaus.am.gov.br\/immu\/wp-content\/uploads\/sites\/14\/2025\/06\/transito-Pentecostes-2025.png\",\"contentUrl\":\"https:\/\/www.manaus.am.gov.br\/immu\/wp-content\/uploads\/sites\/14\/2025\/06\/transito-Pentecostes-2025.png\",\"width\":1222,\"height\":846,\"caption\":\"tr\u00e2nsito Pentecostes 2025\"},{\"@type\":\"BreadcrumbList\",\"@id\":\"https:\/\/www.manaus.am.gov.br\/immu\/transito\/transito-pentecostes-2025\/#breadcrumb\",\"itemListElement\":[{\"@type\":\"ListItem\",\"position\":1,\"name\":\"Home\",\"item\":\"https:\/\/www.manaus.am.gov.br\/immu\/\"},{\"@type\":\"ListItem\",\"position\":2,\"name\":\"Prefeitura de Manaus vai monitorar tr\u00e2nsito durante Pentecostes 2025\"}]},{\"@type\":\"WebSite\",\"@id\":\"https:\/\/www.manaus.am.gov.br\/immu\/#website\",\"url\":\"https:\/\/www.manaus.am.gov.br\/immu\/\",\"name\":\"IMMU\",\"description\":\"Prefeitura de Manaus\",\"potentialAction\":[{\"@type\":\"SearchAction\",\"target\":{\"@type\":\"EntryPoint\",\"urlTemplate\":\"https:\/\/www.manaus.am.gov.br\/immu\/?s={search_term_string}\"},\"query-input\":\"required name=search_term_string\"}],\"inLanguage\":\"pt-BR\"},{\"@type\":\"Person\",\"@id\":\"https:\/\/www.manaus.am.gov.br\/immu\/#\/schema\/person\/a5ee5376db6e21af026374b369f30882\",\"name\":\"Thiago Fernando\",\"image\":{\"@type\":\"ImageObject\",\"inLanguage\":\"pt-BR\",\"@id\":\"https:\/\/www.manaus.am.gov.br\/immu\/#\/schema\/person\/image\/\",\"url\":\"https:\/\/secure.gravatar.com\/avatar\/f5aab8722444041451501c077052ac07?s=96&d=mm&r=g\",\"contentUrl\":\"https:\/\/secure.gravatar.com\/avatar\/f5aab8722444041451501c077052ac07?s=96&d=mm&r=g\",\"caption\":\"Thiago Fernando\"}}]}<\/script>\n<!-- \/ Yoast SEO plugin. -->","yoast_head_json":{"title":"PMM vai monitorar tr\u00e2nsito durante Pentecostes 2025","description":"A Prefeitura de Manaus vai atuar de forma intensiva na organiza\u00e7\u00e3o e monitoramento do tr\u00e2nsito durante o evento religioso Pentecostes.","robots":{"index":"noindex","follow":"follow"},"og_locale":"pt_BR","og_type":"article","og_title":"PMM vai monitorar tr\u00e2nsito durante Pentecostes 2025","og_description":"A Prefeitura de Manaus vai atuar de forma intensiva na organiza\u00e7\u00e3o e monitoramento do tr\u00e2nsito durante o evento religioso Pentecostes.","og_url":"https:\/\/www.manaus.am.gov.br\/immu\/transito\/transito-pentecostes-2025\/","og_site_name":"IMMU","article_published_time":"2025-06-05T19:46:06+00:00","article_modified_time":"2025-06-05T19:47:25+00:00","og_image":[{"width":1222,"height":846,"url":"https:\/\/www.manaus.am.gov.br\/immu\/wp-content\/uploads\/sites\/14\/2025\/06\/transito-Pentecostes-2025.png","type":"image\/png"}],"author":"Thiago Fernando","twitter_card":"summary_large_image","twitter_misc":{"Written by":"Thiago Fernando","Est. reading time":"2 minutos"},"schema":{"@context":"https:\/\/schema.org","@graph":[{"@type":"WebPage","@id":"https:\/\/www.manaus.am.gov.br\/immu\/transito\/transito-pentecostes-2025\/","url":"https:\/\/www.manaus.am.gov.br\/immu\/transito\/transito-pentecostes-2025\/","name":"PMM vai monitorar tr\u00e2nsito durante Pentecostes 2025","isPartOf":{"@id":"https:\/\/www.manaus.am.gov.br\/immu\/#website"},"primaryImageOfPage":{"@id":"https:\/\/www.manaus.am.gov.br\/immu\/transito\/transito-pentecostes-2025\/#primaryimage"},"image":{"@id":"https:\/\/www.manaus.am.gov.br\/immu\/transito\/transito-pentecostes-2025\/#primaryimage"},"thumbnailUrl":"https:\/\/www.manaus.am.gov.br\/immu\/wp-content\/uploads\/sites\/14\/2025\/06\/transito-Pentecostes-2025.png","datePublished":"2025-06-05T19:46:06+00:00","dateModified":"2025-06-05T19:47:25+00:00","author":{"@id":"https:\/\/www.manaus.am.gov.br\/immu\/#\/schema\/person\/a5ee5376db6e21af026374b369f30882"},"description":"A Prefeitura de Manaus vai atuar de forma intensiva na organiza\u00e7\u00e3o e monitoramento do tr\u00e2nsito durante o evento religioso Pentecostes.","breadcrumb":{"@id":"https:\/\/www.manaus.am.gov.br\/immu\/transito\/transito-pentecostes-2025\/#breadcrumb"},"inLanguage":"pt-BR","potentialAction":[{"@type":"ReadAction","target":["https:\/\/www.manaus.am.gov.br\/immu\/transito\/transito-pentecostes-2025\/"]}]},{"@type":"ImageObject","inLanguage":"pt-BR","@id":"https:\/\/www.manaus.am.gov.br\/immu\/transito\/transito-pentecostes-2025\/#primaryimage","url":"https:\/\/www.manaus.am.gov.br\/immu\/wp-content\/uploads\/sites\/14\/2025\/06\/transito-Pentecostes-2025.png","contentUrl":"https:\/\/www.manaus.am.gov.br\/immu\/wp-content\/uploads\/sites\/14\/2025\/06\/transito-Pentecostes-2025.png","width":1222,"height":846,"caption":"tr\u00e2nsito Pentecostes 2025"},{"@type":"BreadcrumbList","@id":"https:\/\/www.manaus.am.gov.br\/immu\/transito\/transito-pentecostes-2025\/#breadcrumb","itemListElement":[{"@type":"ListItem","position":1,"name":"Home","item":"https:\/\/www.manaus.am.gov.br\/immu\/"},{"@type":"ListItem","position":2,"name":"Prefeitura de Manaus vai monitorar tr\u00e2nsito durante Pentecostes 2025"}]},{"@type":"WebSite","@id":"https:\/\/www.manaus.am.gov.br\/immu\/#website","url":"https:\/\/www.manaus.am.gov.br\/immu\/","name":"IMMU","description":"Prefeitura de Manaus","potentialAction":[{"@type":"SearchAction","target":{"@type":"EntryPoint","urlTemplate":"https:\/\/www.manaus.am.gov.br\/immu\/?s={search_term_string}"},"query-input":"required name=search_term_string"}],"inLanguage":"pt-BR"},{"@type":"Person","@id":"https:\/\/www.manaus.am.gov.br\/immu\/#\/schema\/person\/a5ee5376db6e21af026374b369f30882","name":"Thiago Fernando","image":{"@type":"ImageObject","inLanguage":"pt-BR","@id":"https:\/\/www.manaus.am.gov.br\/immu\/#\/schema\/person\/image\/","url":"https:\/\/secure.gravatar.com\/avatar\/f5aab8722444041451501c077052ac07?s=96&d=mm&r=g","contentUrl":"https:\/\/secure.gravatar.com\/avatar\/f5aab8722444041451501c077052ac07?s=96&d=mm&r=g","caption":"Thiago Fernando"}}]}},"_links":{"self":[{"href":"https:\/\/www.manaus.am.gov.br\/immu\/wp-json\/wp\/v2\/posts\/3748"}],"collection":[{"href":"https:\/\/www.manaus.am.gov.br\/immu\/wp-json\/wp\/v2\/posts"}],"about":[{"href":"https:\/\/www.manaus.am.gov.br\/immu\/wp-json\/wp\/v2\/types\/post"}],"author":[{"embeddable":true,"href":"https:\/\/www.manaus.am.gov.br\/immu\/wp-json\/wp\/v2\/users\/57"}],"replies":[{"embeddable":true,"href":"https:\/\/www.manaus.am.gov.br\/immu\/wp-json\/wp\/v2\/comments?post=3748"}],"version-history":[{"count":1,"href":"https:\/\/www.manaus.am.gov.br\/immu\/wp-json\/wp\/v2\/posts\/3748\/revisions"}],"predecessor-version":[{"id":3750,"href":"https:\/\/www.manaus.am.gov.br\/immu\/wp-json\/wp\/v2\/posts\/3748\/revisions\/3750"}],"wp:featuredmedia":[{"embeddable":true,"href":"https:\/\/www.manaus.am.gov.br\/immu\/wp-json\/wp\/v2\/media\/3749"}],"wp:attachment":[{"href":"https:\/\/www.manaus.am.gov.br\/immu\/wp-json\/wp\/v2\/media?parent=3748"}],"wp:term":[{"taxonomy":"category","embeddable":true,"href":"https:\/\/www.manaus.am.gov.br\/immu\/wp-json\/wp\/v2\/categories?post=3748"},{"taxonomy":"post_tag","embeddable":true,"href":"https:\/\/www.manaus.am.gov.br\/immu\/wp-json\/wp\/v2\/tags?post=3748"}],"curies":[{"name":"wp","href":"https:\/\/api.w.org\/{rel}","templated":true}]}}