{"id":3746,"date":"2025-06-05T15:34:00","date_gmt":"2025-06-05T19:34:00","guid":{"rendered":"https:\/\/www.manaus.am.gov.br\/immu\/sem-categoria\/sinalizacao-viaria-revitalizacao-urbana\/"},"modified":"2025-06-05T15:34:01","modified_gmt":"2025-06-05T19:34:01","slug":"sinalizacao-viaria-revitalizacao-urbana","status":"publish","type":"post","link":"https:\/\/www.manaus.am.gov.br\/immu\/mobilidade\/sinalizacao-viaria-revitalizacao-urbana\/","title":{"rendered":"Prefeitura de Manaus intensifica sinaliza\u00e7\u00e3o vi\u00e1ria no bairro Tancredo Neves e amplia revitaliza\u00e7\u00e3o urbana pela cidade"},"content":{"rendered":"\n<p><br>A Prefeitura de Manaus montou, nesta quinta-feira, 5\/6, uma for\u00e7a-tarefa para implementar a seguran\u00e7a vi\u00e1ria no bairro Tancredo Neves, na zona Leste da cidade, com a implanta\u00e7\u00e3o de sinaliza\u00e7\u00e3o horizontal em mais de 30 ruas e cruzamentos. As equipes do Instituto Municipal de Mobilidade Urbana (IMMU) realizaram pinturas de faixas de pedestres, linhas de bordo, linhas de reten\u00e7\u00e3o e legendas \u201cPARE\u201d, com o objetivo de ordenar a prefer\u00eancia de circula\u00e7\u00e3o nos cruzamentos internos do bairro e garantir maior seguran\u00e7a a motoristas e pedestres.<br><br>A a\u00e7\u00e3o integra o cronograma da Prefeitura de Manaus que vem promovendo a revitaliza\u00e7\u00e3o da sinaliza\u00e7\u00e3o vi\u00e1ria em diversas zonas da cidade. No bairro Alvorada, zona Centro-Oeste, a sinaliza\u00e7\u00e3o foi refor\u00e7ada nos cruzamentos da rua Loris Cordovil com a rua Professora Rosa Gomes e com a rua Independ\u00eancia. J\u00e1 na zona Leste, a avenida Alarico Furtado, no Jorge Teixeira, recebeu faixas de pedestres ao longo da via e em frente \u00e0 Escola Municipal Professor Ivomar de Lima Vieira. No mesmo bairro, foram revitalizadas as legendas \u201cPARE\u201d nas esquinas da rua Chico Mendes com a rua da Gl\u00f3ria.<br><br>Na zona Norte, o cruzamento entre a avenida Ibicar\u00e9 e a avenida Penetra\u00e7\u00e3o IV, no Novo Aleixo\/Mutir\u00e3o, passou a contar com faixas de pedestres, sinaliza\u00e7\u00e3o de parada obrigat\u00f3ria e linha de reten\u00e7\u00e3o. Tamb\u00e9m na zona Norte, a avenida Governador Jos\u00e9 Lindoso recebeu placas indicando travessia de pedestres e regulamenta\u00e7\u00e3o de velocidade em 40 km\/h em trechos com faixas, conforme previsto no C\u00f3digo de Tr\u00e2nsito Brasileiro (CTB).<br><br>Outros pontos atendidos incluem a avenida Get\u00falio Vargas, em frente \u00e0 Policl\u00ednica Ant\u00f4nio Aleixo, e vias do bairro Col\u00f4nia Ant\u00f4nio Aleixo, onde a equipe do IMMU implantou faixas de pedestres em frente \u00e0 Escola Municipal Frei M\u00e1rio Monacelli de Grello, \u00e0 Escola Educand\u00e1rio Esp\u00edrita Santo Agostinho e \u00e0 Escola Municipal Padre Jo\u00e3o D\u2019Vries.<br><br>O diretor de engenharia do IMMU, Uarodi Guedes, refor\u00e7ou o papel fundamental da sinaliza\u00e7\u00e3o na prote\u00e7\u00e3o \u00e0 vida.<\/p>\n\n\n\n<p>\u201cEstamos atuando de forma intensa em todas as zonas da cidade. A sinaliza\u00e7\u00e3o clara e vis\u00edvel nos cruzamentos e em frente \u00e0s escolas \u00e9 essencial para evitar acidentes e promover um tr\u00e2nsito mais seguro para todos\u201d, afirmou Guedes.<br><br>O vice-presidente de tr\u00e2nsito do IMMU, Leda Junior, destacou o compromisso da prefeitura com a melhoria cont\u00ednua da mobilidade urbana. \u201cEssas a\u00e7\u00f5es s\u00e3o parte de um plano abrangente de ordenamento do tr\u00e2nsito. Cada faixa pintada representa mais seguran\u00e7a e mais respeito \u00e0 vida de quem circula pela cidade\u201d, declarou.<br><br>As sinaliza\u00e7\u00f5es seguem em ritmo acelerado e fazem parte da pol\u00edtica p\u00fablica de mobilidade urbana implementada pela Prefeitura de Manaus, que alia fiscaliza\u00e7\u00e3o, engenharia e educa\u00e7\u00e3o para transformar a realidade do tr\u00e2nsito na capital.<\/p>\n\n\n\n<p>\u2014 \u2014 \u2014-<br><strong>Texto \u2013<\/strong> Marcelo Lima \/ IMMU<br><strong>Fotos \u2013 <\/strong>Divulga\u00e7\u00e3o \/ IMMU<\/p>\n\n\n\n<p><\/p>\n","protected":false},"excerpt":{"rendered":"","protected":false},"author":68,"featured_media":3747,"comment_status":"closed","ping_status":"closed","sticky":false,"template":"","format":"standard","meta":{"footnotes":""},"categories":[31],"tags":[6,2012,8,2013],"acf":[],"yoast_head":"<!-- This site is optimized with the Yoast SEO plugin v23.0 - https:\/\/yoast.com\/wordpress\/plugins\/seo\/ -->\n<title>Prefeitura de Manaus intensifica sinaliza\u00e7\u00e3o vi\u00e1ria no bairro Tancredo Neves e amplia revitaliza\u00e7\u00e3o urbana pela cidade<\/title>\n<meta name=\"description\" content=\"A Prefeitura de Manaus montou, nesta quinta-feira, 5\/6, uma for\u00e7a-tarefa para implementar a seguran\u00e7a vi\u00e1ria no bairro Tancredo Neves, na zona Leste da cidade, com a implanta\u00e7\u00e3o de sinaliza\u00e7\u00e3o horizontal em mais de 30 ruas e cruzamentos.\" \/>\n<meta name=\"robots\" content=\"noindex, follow\" \/>\n<meta property=\"og:locale\" content=\"pt_BR\" \/>\n<meta property=\"og:type\" content=\"article\" \/>\n<meta property=\"og:title\" content=\"Prefeitura de Manaus intensifica sinaliza\u00e7\u00e3o vi\u00e1ria no bairro Tancredo Neves e amplia revitaliza\u00e7\u00e3o urbana pela cidade\" \/>\n<meta property=\"og:description\" content=\"A Prefeitura de Manaus montou, nesta quinta-feira, 5\/6, uma for\u00e7a-tarefa para implementar a seguran\u00e7a vi\u00e1ria no bairro Tancredo Neves, na zona Leste da cidade, com a implanta\u00e7\u00e3o de sinaliza\u00e7\u00e3o horizontal em mais de 30 ruas e cruzamentos.\" \/>\n<meta property=\"og:url\" content=\"https:\/\/www.manaus.am.gov.br\/immu\/mobilidade\/sinalizacao-viaria-revitalizacao-urbana\/\" \/>\n<meta property=\"og:site_name\" content=\"IMMU\" \/>\n<meta property=\"article:published_time\" content=\"2025-06-05T19:34:00+00:00\" \/>\n<meta property=\"article:modified_time\" content=\"2025-06-05T19:34:01+00:00\" \/>\n<meta property=\"og:image\" content=\"https:\/\/www.manaus.am.gov.br\/immu\/wp-content\/uploads\/sites\/14\/2025\/06\/WhatsApp-Image-2025-06-05-at-14.39.41-1024x768.jpeg\" \/>\n\t<meta property=\"og:image:width\" content=\"1024\" \/>\n\t<meta property=\"og:image:height\" content=\"768\" \/>\n\t<meta property=\"og:image:type\" content=\"image\/jpeg\" \/>\n<meta name=\"author\" content=\"bvalente\" \/>\n<meta name=\"twitter:card\" content=\"summary_large_image\" \/>\n<meta name=\"twitter:label1\" content=\"Written by\" \/>\n\t<meta name=\"twitter:data1\" content=\"bvalente\" \/>\n\t<meta name=\"twitter:label2\" content=\"Est. reading time\" \/>\n\t<meta name=\"twitter:data2\" content=\"3 minutos\" \/>\n<script type=\"application\/ld+json\" class=\"yoast-schema-graph\">{\"@context\":\"https:\/\/schema.org\",\"@graph\":[{\"@type\":\"WebPage\",\"@id\":\"https:\/\/www.manaus.am.gov.br\/immu\/mobilidade\/sinalizacao-viaria-revitalizacao-urbana\/\",\"url\":\"https:\/\/www.manaus.am.gov.br\/immu\/mobilidade\/sinalizacao-viaria-revitalizacao-urbana\/\",\"name\":\"Prefeitura de Manaus intensifica sinaliza\u00e7\u00e3o vi\u00e1ria no bairro Tancredo Neves e amplia revitaliza\u00e7\u00e3o urbana pela cidade\",\"isPartOf\":{\"@id\":\"https:\/\/www.manaus.am.gov.br\/immu\/#website\"},\"primaryImageOfPage\":{\"@id\":\"https:\/\/www.manaus.am.gov.br\/immu\/mobilidade\/sinalizacao-viaria-revitalizacao-urbana\/#primaryimage\"},\"image\":{\"@id\":\"https:\/\/www.manaus.am.gov.br\/immu\/mobilidade\/sinalizacao-viaria-revitalizacao-urbana\/#primaryimage\"},\"thumbnailUrl\":\"https:\/\/www.manaus.am.gov.br\/immu\/wp-content\/uploads\/sites\/14\/2025\/06\/WhatsApp-Image-2025-06-05-at-14.39.41.jpeg\",\"datePublished\":\"2025-06-05T19:34:00+00:00\",\"dateModified\":\"2025-06-05T19:34:01+00:00\",\"author\":{\"@id\":\"https:\/\/www.manaus.am.gov.br\/immu\/#\/schema\/person\/466a0e03ae4b6062809046bd560ac955\"},\"description\":\"A Prefeitura de Manaus montou, nesta quinta-feira, 5\/6, uma for\u00e7a-tarefa para implementar a seguran\u00e7a vi\u00e1ria no bairro Tancredo Neves, na zona Leste da cidade, com a implanta\u00e7\u00e3o de sinaliza\u00e7\u00e3o horizontal em mais de 30 ruas e cruzamentos.\",\"breadcrumb\":{\"@id\":\"https:\/\/www.manaus.am.gov.br\/immu\/mobilidade\/sinalizacao-viaria-revitalizacao-urbana\/#breadcrumb\"},\"inLanguage\":\"pt-BR\",\"potentialAction\":[{\"@type\":\"ReadAction\",\"target\":[\"https:\/\/www.manaus.am.gov.br\/immu\/mobilidade\/sinalizacao-viaria-revitalizacao-urbana\/\"]}]},{\"@type\":\"ImageObject\",\"inLanguage\":\"pt-BR\",\"@id\":\"https:\/\/www.manaus.am.gov.br\/immu\/mobilidade\/sinalizacao-viaria-revitalizacao-urbana\/#primaryimage\",\"url\":\"https:\/\/www.manaus.am.gov.br\/immu\/wp-content\/uploads\/sites\/14\/2025\/06\/WhatsApp-Image-2025-06-05-at-14.39.41.jpeg\",\"contentUrl\":\"https:\/\/www.manaus.am.gov.br\/immu\/wp-content\/uploads\/sites\/14\/2025\/06\/WhatsApp-Image-2025-06-05-at-14.39.41.jpeg\",\"width\":4032,\"height\":3024},{\"@type\":\"BreadcrumbList\",\"@id\":\"https:\/\/www.manaus.am.gov.br\/immu\/mobilidade\/sinalizacao-viaria-revitalizacao-urbana\/#breadcrumb\",\"itemListElement\":[{\"@type\":\"ListItem\",\"position\":1,\"name\":\"Home\",\"item\":\"https:\/\/www.manaus.am.gov.br\/immu\/\"},{\"@type\":\"ListItem\",\"position\":2,\"name\":\"Prefeitura de Manaus intensifica sinaliza\u00e7\u00e3o vi\u00e1ria no bairro Tancredo Neves e amplia revitaliza\u00e7\u00e3o urbana pela cidade\"}]},{\"@type\":\"WebSite\",\"@id\":\"https:\/\/www.manaus.am.gov.br\/immu\/#website\",\"url\":\"https:\/\/www.manaus.am.gov.br\/immu\/\",\"name\":\"IMMU\",\"description\":\"Prefeitura de Manaus\",\"potentialAction\":[{\"@type\":\"SearchAction\",\"target\":{\"@type\":\"EntryPoint\",\"urlTemplate\":\"https:\/\/www.manaus.am.gov.br\/immu\/?s={search_term_string}\"},\"query-input\":\"required name=search_term_string\"}],\"inLanguage\":\"pt-BR\"},{\"@type\":\"Person\",\"@id\":\"https:\/\/www.manaus.am.gov.br\/immu\/#\/schema\/person\/466a0e03ae4b6062809046bd560ac955\",\"name\":\"bvalente\",\"image\":{\"@type\":\"ImageObject\",\"inLanguage\":\"pt-BR\",\"@id\":\"https:\/\/www.manaus.am.gov.br\/immu\/#\/schema\/person\/image\/\",\"url\":\"https:\/\/secure.gravatar.com\/avatar\/3e69bc2b014bdad41adfec3a39de07d2?s=96&d=mm&r=g\",\"contentUrl\":\"https:\/\/secure.gravatar.com\/avatar\/3e69bc2b014bdad41adfec3a39de07d2?s=96&d=mm&r=g\",\"caption\":\"bvalente\"}}]}<\/script>\n<!-- \/ Yoast SEO plugin. -->","yoast_head_json":{"title":"Prefeitura de Manaus intensifica sinaliza\u00e7\u00e3o vi\u00e1ria no bairro Tancredo Neves e amplia revitaliza\u00e7\u00e3o urbana pela cidade","description":"A Prefeitura de Manaus montou, nesta quinta-feira, 5\/6, uma for\u00e7a-tarefa para implementar a seguran\u00e7a vi\u00e1ria no bairro Tancredo Neves, na zona Leste da cidade, com a implanta\u00e7\u00e3o de sinaliza\u00e7\u00e3o horizontal em mais de 30 ruas e cruzamentos.","robots":{"index":"noindex","follow":"follow"},"og_locale":"pt_BR","og_type":"article","og_title":"Prefeitura de Manaus intensifica sinaliza\u00e7\u00e3o vi\u00e1ria no bairro Tancredo Neves e amplia revitaliza\u00e7\u00e3o urbana pela cidade","og_description":"A Prefeitura de Manaus montou, nesta quinta-feira, 5\/6, uma for\u00e7a-tarefa para implementar a seguran\u00e7a vi\u00e1ria no bairro Tancredo Neves, na zona Leste da cidade, com a implanta\u00e7\u00e3o de sinaliza\u00e7\u00e3o horizontal em mais de 30 ruas e cruzamentos.","og_url":"https:\/\/www.manaus.am.gov.br\/immu\/mobilidade\/sinalizacao-viaria-revitalizacao-urbana\/","og_site_name":"IMMU","article_published_time":"2025-06-05T19:34:00+00:00","article_modified_time":"2025-06-05T19:34:01+00:00","og_image":[{"width":1024,"height":768,"url":"https:\/\/www.manaus.am.gov.br\/immu\/wp-content\/uploads\/sites\/14\/2025\/06\/WhatsApp-Image-2025-06-05-at-14.39.41-1024x768.jpeg","type":"image\/jpeg"}],"author":"bvalente","twitter_card":"summary_large_image","twitter_misc":{"Written by":"bvalente","Est. reading time":"3 minutos"},"schema":{"@context":"https:\/\/schema.org","@graph":[{"@type":"WebPage","@id":"https:\/\/www.manaus.am.gov.br\/immu\/mobilidade\/sinalizacao-viaria-revitalizacao-urbana\/","url":"https:\/\/www.manaus.am.gov.br\/immu\/mobilidade\/sinalizacao-viaria-revitalizacao-urbana\/","name":"Prefeitura de Manaus intensifica sinaliza\u00e7\u00e3o vi\u00e1ria no bairro Tancredo Neves e amplia revitaliza\u00e7\u00e3o urbana pela cidade","isPartOf":{"@id":"https:\/\/www.manaus.am.gov.br\/immu\/#website"},"primaryImageOfPage":{"@id":"https:\/\/www.manaus.am.gov.br\/immu\/mobilidade\/sinalizacao-viaria-revitalizacao-urbana\/#primaryimage"},"image":{"@id":"https:\/\/www.manaus.am.gov.br\/immu\/mobilidade\/sinalizacao-viaria-revitalizacao-urbana\/#primaryimage"},"thumbnailUrl":"https:\/\/www.manaus.am.gov.br\/immu\/wp-content\/uploads\/sites\/14\/2025\/06\/WhatsApp-Image-2025-06-05-at-14.39.41.jpeg","datePublished":"2025-06-05T19:34:00+00:00","dateModified":"2025-06-05T19:34:01+00:00","author":{"@id":"https:\/\/www.manaus.am.gov.br\/immu\/#\/schema\/person\/466a0e03ae4b6062809046bd560ac955"},"description":"A Prefeitura de Manaus montou, nesta quinta-feira, 5\/6, uma for\u00e7a-tarefa para implementar a seguran\u00e7a vi\u00e1ria no bairro Tancredo Neves, na zona Leste da cidade, com a implanta\u00e7\u00e3o de sinaliza\u00e7\u00e3o horizontal em mais de 30 ruas e cruzamentos.","breadcrumb":{"@id":"https:\/\/www.manaus.am.gov.br\/immu\/mobilidade\/sinalizacao-viaria-revitalizacao-urbana\/#breadcrumb"},"inLanguage":"pt-BR","potentialAction":[{"@type":"ReadAction","target":["https:\/\/www.manaus.am.gov.br\/immu\/mobilidade\/sinalizacao-viaria-revitalizacao-urbana\/"]}]},{"@type":"ImageObject","inLanguage":"pt-BR","@id":"https:\/\/www.manaus.am.gov.br\/immu\/mobilidade\/sinalizacao-viaria-revitalizacao-urbana\/#primaryimage","url":"https:\/\/www.manaus.am.gov.br\/immu\/wp-content\/uploads\/sites\/14\/2025\/06\/WhatsApp-Image-2025-06-05-at-14.39.41.jpeg","contentUrl":"https:\/\/www.manaus.am.gov.br\/immu\/wp-content\/uploads\/sites\/14\/2025\/06\/WhatsApp-Image-2025-06-05-at-14.39.41.jpeg","width":4032,"height":3024},{"@type":"BreadcrumbList","@id":"https:\/\/www.manaus.am.gov.br\/immu\/mobilidade\/sinalizacao-viaria-revitalizacao-urbana\/#breadcrumb","itemListElement":[{"@type":"ListItem","position":1,"name":"Home","item":"https:\/\/www.manaus.am.gov.br\/immu\/"},{"@type":"ListItem","position":2,"name":"Prefeitura de Manaus intensifica sinaliza\u00e7\u00e3o vi\u00e1ria no bairro Tancredo Neves e amplia revitaliza\u00e7\u00e3o urbana pela cidade"}]},{"@type":"WebSite","@id":"https:\/\/www.manaus.am.gov.br\/immu\/#website","url":"https:\/\/www.manaus.am.gov.br\/immu\/","name":"IMMU","description":"Prefeitura de Manaus","potentialAction":[{"@type":"SearchAction","target":{"@type":"EntryPoint","urlTemplate":"https:\/\/www.manaus.am.gov.br\/immu\/?s={search_term_string}"},"query-input":"required name=search_term_string"}],"inLanguage":"pt-BR"},{"@type":"Person","@id":"https:\/\/www.manaus.am.gov.br\/immu\/#\/schema\/person\/466a0e03ae4b6062809046bd560ac955","name":"bvalente","image":{"@type":"ImageObject","inLanguage":"pt-BR","@id":"https:\/\/www.manaus.am.gov.br\/immu\/#\/schema\/person\/image\/","url":"https:\/\/secure.gravatar.com\/avatar\/3e69bc2b014bdad41adfec3a39de07d2?s=96&d=mm&r=g","contentUrl":"https:\/\/secure.gravatar.com\/avatar\/3e69bc2b014bdad41adfec3a39de07d2?s=96&d=mm&r=g","caption":"bvalente"}}]}},"_links":{"self":[{"href":"https:\/\/www.manaus.am.gov.br\/immu\/wp-json\/wp\/v2\/posts\/3746"}],"collection":[{"href":"https:\/\/www.manaus.am.gov.br\/immu\/wp-json\/wp\/v2\/posts"}],"about":[{"href":"https:\/\/www.manaus.am.gov.br\/immu\/wp-json\/wp\/v2\/types\/post"}],"author":[{"embeddable":true,"href":"https:\/\/www.manaus.am.gov.br\/immu\/wp-json\/wp\/v2\/users\/68"}],"replies":[{"embeddable":true,"href":"https:\/\/www.manaus.am.gov.br\/immu\/wp-json\/wp\/v2\/comments?post=3746"}],"version-history":[{"count":0,"href":"https:\/\/www.manaus.am.gov.br\/immu\/wp-json\/wp\/v2\/posts\/3746\/revisions"}],"wp:featuredmedia":[{"embeddable":true,"href":"https:\/\/www.manaus.am.gov.br\/immu\/wp-json\/wp\/v2\/media\/3747"}],"wp:attachment":[{"href":"https:\/\/www.manaus.am.gov.br\/immu\/wp-json\/wp\/v2\/media?parent=3746"}],"wp:term":[{"taxonomy":"category","embeddable":true,"href":"https:\/\/www.manaus.am.gov.br\/immu\/wp-json\/wp\/v2\/categories?post=3746"},{"taxonomy":"post_tag","embeddable":true,"href":"https:\/\/www.manaus.am.gov.br\/immu\/wp-json\/wp\/v2\/tags?post=3746"}],"curies":[{"name":"wp","href":"https:\/\/api.w.org\/{rel}","templated":true}]}}