{"id":3699,"date":"2025-05-28T13:06:13","date_gmt":"2025-05-28T17:06:13","guid":{"rendered":"https:\/\/www.manaus.am.gov.br\/immu\/sem-categoria\/sinalizacao-viaria-alvorada-mutirao-no-bairro\/"},"modified":"2025-05-28T13:07:26","modified_gmt":"2025-05-28T17:07:26","slug":"sinalizacao-viaria-alvorada-mutirao-no-bairro","status":"publish","type":"post","link":"https:\/\/www.manaus.am.gov.br\/immu\/mobilidade\/sinalizacao-viaria-alvorada-mutirao-no-bairro\/","title":{"rendered":"Prefeitura de Manaus refor\u00e7a sinaliza\u00e7\u00e3o vi\u00e1ria no Alvorada durante \u2018Mutir\u00e3o no Bairro\u2019"},"content":{"rendered":"\n<p>A Prefeitura de Manaus, por meio do Instituto Municipal de Mobilidade Urbana (IMMU), realizou um intenso trabalho de sinaliza\u00e7\u00e3o vi\u00e1ria no bairro Alvorada, zona Centro-Oeste, durante os servi\u00e7os do \u201cMutir\u00e3o no Bairro\u201d. A a\u00e7\u00e3o faz parte do compromisso da gest\u00e3o municipal em garantir mais seguran\u00e7a e fluidez no tr\u00e2nsito dos bairros da capital.<\/p>\n\n\n\n<p>No decorrer da a\u00e7\u00e3o, que come\u00e7ou na madrugada desta quarta-feira, 28\/5,&nbsp;diversas ruas do Alvorada receberam&nbsp;melhorias na sinaliza\u00e7\u00e3o horizontal e vertical, entre elas, as ruas Crici\u00fama, Professora L\u00e9a Alencar e Prosperidade e a avenida B. Nesses locais, o IMMU executou servi\u00e7os de pintura de faixas de pedestres, instala\u00e7\u00e3o de legendas&nbsp;\u201cPare\u201d, linhas de bordo e tamb\u00e9m a coloca\u00e7\u00e3o de placas de sinaliza\u00e7\u00e3o vertical, orientando melhor os condutores e pedestres.<\/p>\n\n\n\n<p>De acordo com o diretor de engenharia do IMMU, Uaroldi Guedes, o objetivo \u00e9 refor\u00e7ar a seguran\u00e7a vi\u00e1ria e a organiza\u00e7\u00e3o do tr\u00e2nsito. \u201cA sinaliza\u00e7\u00e3o \u00e9 um dos pilares fundamentais para um tr\u00e2nsito mais seguro e eficiente. Com esse trabalho, garantimos mais visibilidade e orienta\u00e7\u00e3o aos motoristas e pedestres que circulam pela regi\u00e3o\u201d, destacou.<\/p>\n\n\n\n<p>Os moradores do bairro tamb\u00e9m elogiaram a iniciativa, como o aposentado Jos\u00e9 Ribeiro, morador da rua Prosperidade h\u00e1 mais de 20 anos. \u201cAgora est\u00e1 bem melhor. A faixa de pedestre facilita a travessia, principalmente para os idosos e crian\u00e7as. A gente se sente mais seguro\u201d, disse.<\/p>\n\n\n\n<p><strong>Sinaliza\u00e7\u00e3o refor\u00e7ada na bola da Suframa<\/strong><\/p>\n\n\n\n<p>Al\u00e9m do bairro Alvorada, o IMMU tamb\u00e9m intensificou os servi\u00e7os de sinaliza\u00e7\u00e3o vi\u00e1ria na bola da Suframa, no bairro Distrito Industrial, zona Sul da cidade. O local, que ser\u00e1 um dos acessos estrat\u00e9gicos durante o 67\u00ba Festival Folcl\u00f3rico do Amazonas, recebeu nova pintura de faixas de pedestres, linhas de reten\u00e7\u00e3o, legendas de&nbsp;\u201cPare\u201d&nbsp;e linhas de eixo.<\/p>\n\n\n\n<p>As interven\u00e7\u00f5es visam organizar o tr\u00e1fego e melhorar a mobilidade urbana, especialmente em per\u00edodos de grande circula\u00e7\u00e3o como o festival, que atrai milhares de visitantes. A a\u00e7\u00e3o refor\u00e7a o empenho do IMMU em preparar a cidade para eventos de grande porte, promovendo seguran\u00e7a e fluidez no tr\u00e2nsito.<\/p>\n\n\n\n<figure class=\"wp-block-image size-large\"><img loading=\"lazy\" decoding=\"async\" width=\"1024\" height=\"768\" src=\"https:\/\/www.manaus.am.gov.br\/immu\/wp-content\/uploads\/sites\/14\/2025\/05\/Sinalizacao-4-2-1024x768.jpeg\" alt=\"\" class=\"wp-image-3702\" srcset=\"https:\/\/www.manaus.am.gov.br\/immu\/wp-content\/uploads\/sites\/14\/2025\/05\/Sinalizacao-4-2-1024x768.jpeg 1024w, https:\/\/www.manaus.am.gov.br\/immu\/wp-content\/uploads\/sites\/14\/2025\/05\/Sinalizacao-4-2-300x225.jpeg 300w, https:\/\/www.manaus.am.gov.br\/immu\/wp-content\/uploads\/sites\/14\/2025\/05\/Sinalizacao-4-2-768x576.jpeg 768w, https:\/\/www.manaus.am.gov.br\/immu\/wp-content\/uploads\/sites\/14\/2025\/05\/Sinalizacao-4-2.jpeg 1280w\" sizes=\"(max-width: 1024px) 100vw, 1024px\" \/><\/figure>\n\n\n\n<p>&#8212; &#8212; &#8212;<\/p>\n\n\n\n<p><strong>Texto \u2013\u00a0<\/strong>Naira Nascimento\/IMMU<\/p>\n\n\n\n<p><strong>Fotos \u2013 <\/strong>Karol Silva\/IMMU<\/p>\n\n\n\n<p> <\/p>\n","protected":false},"excerpt":{"rendered":"","protected":false},"author":39,"featured_media":3700,"comment_status":"closed","ping_status":"closed","sticky":false,"template":"","format":"standard","meta":{"footnotes":""},"categories":[31],"tags":[932,6,1989,8,407],"acf":[],"yoast_head":"<!-- This site is optimized with the Yoast SEO plugin v23.0 - https:\/\/yoast.com\/wordpress\/plugins\/seo\/ -->\n<title>Sinaliza\u00e7\u00e3o vi\u00e1ria no Alvorada durante \u2018Mutir\u00e3o no Bairro\u2019<\/title>\n<meta name=\"description\" content=\"Prefeitura de Manaus, por meio do IMMU, refor\u00e7a sinaliza\u00e7\u00e3o vi\u00e1ria no Alvorada durante \u2018Mutir\u00e3o no Bairro\u2019.\" \/>\n<meta name=\"robots\" content=\"noindex, follow\" \/>\n<meta property=\"og:locale\" content=\"pt_BR\" \/>\n<meta property=\"og:type\" content=\"article\" \/>\n<meta property=\"og:title\" content=\"Sinaliza\u00e7\u00e3o vi\u00e1ria no Alvorada durante \u2018Mutir\u00e3o no Bairro\u2019\" \/>\n<meta property=\"og:description\" content=\"Prefeitura de Manaus, por meio do IMMU, refor\u00e7a sinaliza\u00e7\u00e3o vi\u00e1ria no Alvorada durante \u2018Mutir\u00e3o no Bairro\u2019.\" \/>\n<meta property=\"og:url\" content=\"https:\/\/www.manaus.am.gov.br\/immu\/mobilidade\/sinalizacao-viaria-alvorada-mutirao-no-bairro\/\" \/>\n<meta property=\"og:site_name\" content=\"IMMU\" \/>\n<meta property=\"article:published_time\" content=\"2025-05-28T17:06:13+00:00\" \/>\n<meta property=\"article:modified_time\" content=\"2025-05-28T17:07:26+00:00\" \/>\n<meta property=\"og:image\" content=\"https:\/\/www.manaus.am.gov.br\/immu\/wp-content\/uploads\/sites\/14\/2025\/05\/Sinalizacao-1-1.jpeg\" \/>\n\t<meta property=\"og:image:width\" content=\"4160\" \/>\n\t<meta property=\"og:image:height\" content=\"2774\" \/>\n\t<meta property=\"og:image:type\" content=\"image\/jpeg\" \/>\n<meta name=\"author\" content=\"Bruna Greco\" \/>\n<meta name=\"twitter:card\" content=\"summary_large_image\" \/>\n<meta name=\"twitter:label1\" content=\"Written by\" \/>\n\t<meta name=\"twitter:data1\" content=\"Bruna Greco\" \/>\n\t<meta name=\"twitter:label2\" content=\"Est. reading time\" \/>\n\t<meta name=\"twitter:data2\" content=\"3 minutos\" \/>\n<script type=\"application\/ld+json\" class=\"yoast-schema-graph\">{\"@context\":\"https:\/\/schema.org\",\"@graph\":[{\"@type\":\"WebPage\",\"@id\":\"https:\/\/www.manaus.am.gov.br\/immu\/mobilidade\/sinalizacao-viaria-alvorada-mutirao-no-bairro\/\",\"url\":\"https:\/\/www.manaus.am.gov.br\/immu\/mobilidade\/sinalizacao-viaria-alvorada-mutirao-no-bairro\/\",\"name\":\"Sinaliza\u00e7\u00e3o vi\u00e1ria no Alvorada durante \u2018Mutir\u00e3o no Bairro\u2019\",\"isPartOf\":{\"@id\":\"https:\/\/www.manaus.am.gov.br\/immu\/#website\"},\"primaryImageOfPage\":{\"@id\":\"https:\/\/www.manaus.am.gov.br\/immu\/mobilidade\/sinalizacao-viaria-alvorada-mutirao-no-bairro\/#primaryimage\"},\"image\":{\"@id\":\"https:\/\/www.manaus.am.gov.br\/immu\/mobilidade\/sinalizacao-viaria-alvorada-mutirao-no-bairro\/#primaryimage\"},\"thumbnailUrl\":\"https:\/\/www.manaus.am.gov.br\/immu\/wp-content\/uploads\/sites\/14\/2025\/05\/Sinalizacao-1-1.jpeg\",\"datePublished\":\"2025-05-28T17:06:13+00:00\",\"dateModified\":\"2025-05-28T17:07:26+00:00\",\"author\":{\"@id\":\"https:\/\/www.manaus.am.gov.br\/immu\/#\/schema\/person\/05d223aea2bf115f9883a6ff3683d81b\"},\"description\":\"Prefeitura de Manaus, por meio do IMMU, refor\u00e7a sinaliza\u00e7\u00e3o vi\u00e1ria no Alvorada durante \u2018Mutir\u00e3o no Bairro\u2019.\",\"breadcrumb\":{\"@id\":\"https:\/\/www.manaus.am.gov.br\/immu\/mobilidade\/sinalizacao-viaria-alvorada-mutirao-no-bairro\/#breadcrumb\"},\"inLanguage\":\"pt-BR\",\"potentialAction\":[{\"@type\":\"ReadAction\",\"target\":[\"https:\/\/www.manaus.am.gov.br\/immu\/mobilidade\/sinalizacao-viaria-alvorada-mutirao-no-bairro\/\"]}]},{\"@type\":\"ImageObject\",\"inLanguage\":\"pt-BR\",\"@id\":\"https:\/\/www.manaus.am.gov.br\/immu\/mobilidade\/sinalizacao-viaria-alvorada-mutirao-no-bairro\/#primaryimage\",\"url\":\"https:\/\/www.manaus.am.gov.br\/immu\/wp-content\/uploads\/sites\/14\/2025\/05\/Sinalizacao-1-1.jpeg\",\"contentUrl\":\"https:\/\/www.manaus.am.gov.br\/immu\/wp-content\/uploads\/sites\/14\/2025\/05\/Sinalizacao-1-1.jpeg\",\"width\":4160,\"height\":2774,\"caption\":\"#paratodosverem - Agentes do IMMU executando a pintura de sinaliza\u00e7\u00e3o vi\u00e1ria em rua do bairro Alvorada durante o \\\"Mutir\u00e3o no Bairro\\\"\"},{\"@type\":\"BreadcrumbList\",\"@id\":\"https:\/\/www.manaus.am.gov.br\/immu\/mobilidade\/sinalizacao-viaria-alvorada-mutirao-no-bairro\/#breadcrumb\",\"itemListElement\":[{\"@type\":\"ListItem\",\"position\":1,\"name\":\"Home\",\"item\":\"https:\/\/www.manaus.am.gov.br\/immu\/\"},{\"@type\":\"ListItem\",\"position\":2,\"name\":\"Prefeitura de Manaus refor\u00e7a sinaliza\u00e7\u00e3o vi\u00e1ria no Alvorada durante \u2018Mutir\u00e3o no Bairro\u2019\"}]},{\"@type\":\"WebSite\",\"@id\":\"https:\/\/www.manaus.am.gov.br\/immu\/#website\",\"url\":\"https:\/\/www.manaus.am.gov.br\/immu\/\",\"name\":\"IMMU\",\"description\":\"Prefeitura de Manaus\",\"potentialAction\":[{\"@type\":\"SearchAction\",\"target\":{\"@type\":\"EntryPoint\",\"urlTemplate\":\"https:\/\/www.manaus.am.gov.br\/immu\/?s={search_term_string}\"},\"query-input\":\"required name=search_term_string\"}],\"inLanguage\":\"pt-BR\"},{\"@type\":\"Person\",\"@id\":\"https:\/\/www.manaus.am.gov.br\/immu\/#\/schema\/person\/05d223aea2bf115f9883a6ff3683d81b\",\"name\":\"Bruna Greco\",\"image\":{\"@type\":\"ImageObject\",\"inLanguage\":\"pt-BR\",\"@id\":\"https:\/\/www.manaus.am.gov.br\/immu\/#\/schema\/person\/image\/\",\"url\":\"https:\/\/secure.gravatar.com\/avatar\/9c877d1a6adc2a055330e5c09a8653ce?s=96&d=mm&r=g\",\"contentUrl\":\"https:\/\/secure.gravatar.com\/avatar\/9c877d1a6adc2a055330e5c09a8653ce?s=96&d=mm&r=g\",\"caption\":\"Bruna Greco\"}}]}<\/script>\n<!-- \/ Yoast SEO plugin. -->","yoast_head_json":{"title":"Sinaliza\u00e7\u00e3o vi\u00e1ria no Alvorada durante \u2018Mutir\u00e3o no Bairro\u2019","description":"Prefeitura de Manaus, por meio do IMMU, refor\u00e7a sinaliza\u00e7\u00e3o vi\u00e1ria no Alvorada durante \u2018Mutir\u00e3o no Bairro\u2019.","robots":{"index":"noindex","follow":"follow"},"og_locale":"pt_BR","og_type":"article","og_title":"Sinaliza\u00e7\u00e3o vi\u00e1ria no Alvorada durante \u2018Mutir\u00e3o no Bairro\u2019","og_description":"Prefeitura de Manaus, por meio do IMMU, refor\u00e7a sinaliza\u00e7\u00e3o vi\u00e1ria no Alvorada durante \u2018Mutir\u00e3o no Bairro\u2019.","og_url":"https:\/\/www.manaus.am.gov.br\/immu\/mobilidade\/sinalizacao-viaria-alvorada-mutirao-no-bairro\/","og_site_name":"IMMU","article_published_time":"2025-05-28T17:06:13+00:00","article_modified_time":"2025-05-28T17:07:26+00:00","og_image":[{"width":4160,"height":2774,"url":"https:\/\/www.manaus.am.gov.br\/immu\/wp-content\/uploads\/sites\/14\/2025\/05\/Sinalizacao-1-1.jpeg","type":"image\/jpeg"}],"author":"Bruna Greco","twitter_card":"summary_large_image","twitter_misc":{"Written by":"Bruna Greco","Est. reading time":"3 minutos"},"schema":{"@context":"https:\/\/schema.org","@graph":[{"@type":"WebPage","@id":"https:\/\/www.manaus.am.gov.br\/immu\/mobilidade\/sinalizacao-viaria-alvorada-mutirao-no-bairro\/","url":"https:\/\/www.manaus.am.gov.br\/immu\/mobilidade\/sinalizacao-viaria-alvorada-mutirao-no-bairro\/","name":"Sinaliza\u00e7\u00e3o vi\u00e1ria no Alvorada durante \u2018Mutir\u00e3o no Bairro\u2019","isPartOf":{"@id":"https:\/\/www.manaus.am.gov.br\/immu\/#website"},"primaryImageOfPage":{"@id":"https:\/\/www.manaus.am.gov.br\/immu\/mobilidade\/sinalizacao-viaria-alvorada-mutirao-no-bairro\/#primaryimage"},"image":{"@id":"https:\/\/www.manaus.am.gov.br\/immu\/mobilidade\/sinalizacao-viaria-alvorada-mutirao-no-bairro\/#primaryimage"},"thumbnailUrl":"https:\/\/www.manaus.am.gov.br\/immu\/wp-content\/uploads\/sites\/14\/2025\/05\/Sinalizacao-1-1.jpeg","datePublished":"2025-05-28T17:06:13+00:00","dateModified":"2025-05-28T17:07:26+00:00","author":{"@id":"https:\/\/www.manaus.am.gov.br\/immu\/#\/schema\/person\/05d223aea2bf115f9883a6ff3683d81b"},"description":"Prefeitura de Manaus, por meio do IMMU, refor\u00e7a sinaliza\u00e7\u00e3o vi\u00e1ria no Alvorada durante \u2018Mutir\u00e3o no Bairro\u2019.","breadcrumb":{"@id":"https:\/\/www.manaus.am.gov.br\/immu\/mobilidade\/sinalizacao-viaria-alvorada-mutirao-no-bairro\/#breadcrumb"},"inLanguage":"pt-BR","potentialAction":[{"@type":"ReadAction","target":["https:\/\/www.manaus.am.gov.br\/immu\/mobilidade\/sinalizacao-viaria-alvorada-mutirao-no-bairro\/"]}]},{"@type":"ImageObject","inLanguage":"pt-BR","@id":"https:\/\/www.manaus.am.gov.br\/immu\/mobilidade\/sinalizacao-viaria-alvorada-mutirao-no-bairro\/#primaryimage","url":"https:\/\/www.manaus.am.gov.br\/immu\/wp-content\/uploads\/sites\/14\/2025\/05\/Sinalizacao-1-1.jpeg","contentUrl":"https:\/\/www.manaus.am.gov.br\/immu\/wp-content\/uploads\/sites\/14\/2025\/05\/Sinalizacao-1-1.jpeg","width":4160,"height":2774,"caption":"#paratodosverem - Agentes do IMMU executando a pintura de sinaliza\u00e7\u00e3o vi\u00e1ria em rua do bairro Alvorada durante o \"Mutir\u00e3o no Bairro\""},{"@type":"BreadcrumbList","@id":"https:\/\/www.manaus.am.gov.br\/immu\/mobilidade\/sinalizacao-viaria-alvorada-mutirao-no-bairro\/#breadcrumb","itemListElement":[{"@type":"ListItem","position":1,"name":"Home","item":"https:\/\/www.manaus.am.gov.br\/immu\/"},{"@type":"ListItem","position":2,"name":"Prefeitura de Manaus refor\u00e7a sinaliza\u00e7\u00e3o vi\u00e1ria no Alvorada durante \u2018Mutir\u00e3o no Bairro\u2019"}]},{"@type":"WebSite","@id":"https:\/\/www.manaus.am.gov.br\/immu\/#website","url":"https:\/\/www.manaus.am.gov.br\/immu\/","name":"IMMU","description":"Prefeitura de Manaus","potentialAction":[{"@type":"SearchAction","target":{"@type":"EntryPoint","urlTemplate":"https:\/\/www.manaus.am.gov.br\/immu\/?s={search_term_string}"},"query-input":"required name=search_term_string"}],"inLanguage":"pt-BR"},{"@type":"Person","@id":"https:\/\/www.manaus.am.gov.br\/immu\/#\/schema\/person\/05d223aea2bf115f9883a6ff3683d81b","name":"Bruna Greco","image":{"@type":"ImageObject","inLanguage":"pt-BR","@id":"https:\/\/www.manaus.am.gov.br\/immu\/#\/schema\/person\/image\/","url":"https:\/\/secure.gravatar.com\/avatar\/9c877d1a6adc2a055330e5c09a8653ce?s=96&d=mm&r=g","contentUrl":"https:\/\/secure.gravatar.com\/avatar\/9c877d1a6adc2a055330e5c09a8653ce?s=96&d=mm&r=g","caption":"Bruna Greco"}}]}},"_links":{"self":[{"href":"https:\/\/www.manaus.am.gov.br\/immu\/wp-json\/wp\/v2\/posts\/3699"}],"collection":[{"href":"https:\/\/www.manaus.am.gov.br\/immu\/wp-json\/wp\/v2\/posts"}],"about":[{"href":"https:\/\/www.manaus.am.gov.br\/immu\/wp-json\/wp\/v2\/types\/post"}],"author":[{"embeddable":true,"href":"https:\/\/www.manaus.am.gov.br\/immu\/wp-json\/wp\/v2\/users\/39"}],"replies":[{"embeddable":true,"href":"https:\/\/www.manaus.am.gov.br\/immu\/wp-json\/wp\/v2\/comments?post=3699"}],"version-history":[{"count":2,"href":"https:\/\/www.manaus.am.gov.br\/immu\/wp-json\/wp\/v2\/posts\/3699\/revisions"}],"predecessor-version":[{"id":3703,"href":"https:\/\/www.manaus.am.gov.br\/immu\/wp-json\/wp\/v2\/posts\/3699\/revisions\/3703"}],"wp:featuredmedia":[{"embeddable":true,"href":"https:\/\/www.manaus.am.gov.br\/immu\/wp-json\/wp\/v2\/media\/3700"}],"wp:attachment":[{"href":"https:\/\/www.manaus.am.gov.br\/immu\/wp-json\/wp\/v2\/media?parent=3699"}],"wp:term":[{"taxonomy":"category","embeddable":true,"href":"https:\/\/www.manaus.am.gov.br\/immu\/wp-json\/wp\/v2\/categories?post=3699"},{"taxonomy":"post_tag","embeddable":true,"href":"https:\/\/www.manaus.am.gov.br\/immu\/wp-json\/wp\/v2\/tags?post=3699"}],"curies":[{"name":"wp","href":"https:\/\/api.w.org\/{rel}","templated":true}]}}