{"id":3649,"date":"2025-05-21T16:35:22","date_gmt":"2025-05-21T20:35:22","guid":{"rendered":"https:\/\/www.manaus.am.gov.br\/immu\/sem-categoria\/nosso-centro-encontro-nacional\/"},"modified":"2025-05-21T16:35:24","modified_gmt":"2025-05-21T20:35:24","slug":"nosso-centro-encontro-nacional","status":"publish","type":"post","link":"https:\/\/www.manaus.am.gov.br\/immu\/centro\/nosso-centro-encontro-nacional\/","title":{"rendered":"Prefeitura de Manaus apresenta programa \u2018Nosso Centro\u2019 durante encontro nacional em Campinas (SP)"},"content":{"rendered":"\n<p>O programa \u201cNosso Centro\u201d, da <a href=\"https:\/\/www.instagram.com\/prefeiturademanaus\/\">Prefeitura de Manaus<\/a>, foi um dos destaques do 2\u00ba Encontro Brasileiro de Urbanismo em \u00c1reas Centrais, que se encerrou, nesta quarta-feira, 21\/5, em Campinas (SP), discutindo boas pr\u00e1ticas urban\u00edsticas, revitaliza\u00e7\u00e3o de centros urbanos e desenvolvimento urbano sustent\u00e1vel.<\/p>\n\n\n\n<p>O <a href=\"https:\/\/www.manaus.am.gov.br\/immu\/\">Instituto Municipal de Planejamento Urbano (Implurb)<\/a> representou o Poder Executivo no evento, com o diretor de Planejamento Urbano, arquiteto e urbanista Pedro Paulo Cordeiro. O encontro come\u00e7ou no dia 19, reunindo especialistas, t\u00e9cnicos, urbanistas, gestores, autoridades, parlamentares e representantes de 18 cidades brasileiras do grupo.<\/p>\n\n\n\n<h2 class=\"wp-block-heading\"><strong>Assinatura<\/strong><\/h2>\n\n\n\n<p>Um dos marcos foi a assinatura do termo de ades\u00e3o de Campinas \u00e0 Rede Brasileira de Urbanismo em \u00c1reas Centrais (RBUAC), tornando a cidade a primeira n\u00e3o capital a integrar oficialmente a iniciativa.<\/p>\n\n\n\n<p>Para o prefeito de Campinas, D\u00e1rio Saadi, s\u00e3o complexos os desafios enfrentados pelas grandes cidades brasileiras. &#8220;Ser prefeito de uma grande cidade hoje \u00e9 encarar desafios urbanos complexos. A quest\u00e3o do Centro vai muito al\u00e9m da legisla\u00e7\u00e3o urban\u00edstica ou da popula\u00e7\u00e3o em situa\u00e7\u00e3o de rua. Envolve quest\u00f5es estruturais, sociais e econ\u00f4micas. Este evento fortalece a constru\u00e7\u00e3o coletiva de solu\u00e7\u00f5es concretas para nossas cidades&#8221;, afirmou D\u00e1rio.<\/p>\n\n\n\n<p>Conforme Cordeiro, em escalas diferentes, os desafios das capitais e cidades com seus centros urbanos tem muito em comum, como o gerenciamento de pessoas em situa\u00e7\u00e3o de rua, im\u00f3veis abandonados, falta de vitalidade urbana, entre outros.<\/p>\n\n\n\n<p>\u201cS\u00e3o desafios id\u00eanticos com escalas diferentes, at\u00e9 mesmo porque nem todos os centros t\u00eam o mesmo tamanho. Campinas, por exemplo, tem um programa com o mesmo nome do de Manaus, \u2018Nosso Centro\u2019, e apresentou diversas a\u00e7\u00f5es e servi\u00e7os p\u00fablicos, capitaneando suas interven\u00e7\u00f5es\u201d, comentou.<\/p>\n\n\n\n<p>Durante o encontro, o diretor conferiu pain\u00e9is e debates sobre ocupa\u00e7\u00e3o de im\u00f3veis de patrim\u00f4nio hist\u00f3rico; habita\u00e7\u00e3o; mercado imobili\u00e1rio; neg\u00f3cios privados, como da rede de hotelaria; quest\u00f5es estruturais, sociais e econ\u00f4micas.<\/p>\n\n\n\n<p>\u201cTemos a moradia popular nos centros, com o retrofit de im\u00f3veis e pr\u00e9dios j\u00e1 existentes, que tem sido promovida em v\u00e1rias capitais brasileiras, incluindo Manaus. Tem ainda quest\u00f5es culturais, de ancestralidade, de mem\u00f3ria e identidade. O centro hist\u00f3rico precisa pertencer \u00e0 sociedade, para a cidade. Reabilitar essas \u00e1reas \u00e9 fundamental para resgatar nossa hist\u00f3ria e promover inclus\u00e3o social&#8221;.<\/p>\n\n\n\n<p>Ana Paula Vila\u00e7a, coordenadora da RBUAC e secret\u00e1ria do Recentro da Prefeitura de Recife, refor\u00e7ou a import\u00e2ncia de uma a\u00e7\u00e3o conjunta entre o poder p\u00fablico e a sociedade civil.<\/p>\n\n\n\n<p>&#8220;A proposta da rede \u00e9 compartilhar informa\u00e7\u00f5es, promover visitas t\u00e9cnicas e estimular a troca de experi\u00eancias bem-sucedidas. Nosso objetivo \u00e9 transformar os centros hist\u00f3ricos em espa\u00e7os vivos, pulsantes, com moradia, com\u00e9rcio local e servi\u00e7os, promovendo qualidade de vida e senso de pertencimento \u00e0 popula\u00e7\u00e3o&#8221;, falou Ana.<\/p>\n\n\n\n<h2 class=\"wp-block-heading\"><strong>Objetivo<\/strong><\/h2>\n\n\n\n<p>A RBCDC \u00e9 uma iniciativa de coopera\u00e7\u00e3o intergovernamental que busca integrar cidades com caracter\u00edsticas similares, especialmente \u00e1reas urbanas centrais, promovendo a\u00e7\u00f5es de planejamento urbano, mobilidade, habita\u00e7\u00e3o, seguran\u00e7a, e inclus\u00e3o social. A iniciativa \u00e9 apoiada por entidades como a Frente Parlamentar pelos Centros Urbanos (FPCentros) e re\u00fane diversas capitais e cidades estrat\u00e9gicas.&nbsp;<\/p>\n\n\n\n<p>&#8212; &#8212; &#8212;<\/p>\n\n\n\n<p><strong>Texto &#8211;&nbsp;<\/strong>Claudia do Valle \/ Implurb<\/p>\n\n\n\n<p><strong>Fotos<\/strong>&nbsp;\u2013 Divulga\u00e7\u00e3o<\/p>\n","protected":false},"excerpt":{"rendered":"","protected":false},"author":57,"featured_media":3650,"comment_status":"closed","ping_status":"closed","sticky":false,"template":"","format":"standard","meta":{"footnotes":""},"categories":[1499],"tags":[6,580,8],"acf":[],"yoast_head":"<!-- This site is optimized with the Yoast SEO plugin v23.0 - https:\/\/yoast.com\/wordpress\/plugins\/seo\/ -->\n<title>PMM apresenta \u2018Nosso Centro\u2019 durante encontro nacional<\/title>\n<meta name=\"description\" content=\"O programa \u201cNosso Centro&quot; foi um dos destaques da apresenta\u00e7\u00e3o de Manaus durante o 2\u00ba Encontro Brasileiro de Urbanismo em \u00c1reas Centrais.\" \/>\n<meta name=\"robots\" content=\"noindex, follow\" \/>\n<meta property=\"og:locale\" content=\"pt_BR\" \/>\n<meta property=\"og:type\" content=\"article\" \/>\n<meta property=\"og:title\" content=\"PMM apresenta \u2018Nosso Centro\u2019 durante encontro nacional\" \/>\n<meta property=\"og:description\" content=\"O programa \u201cNosso Centro&quot; foi um dos destaques da apresenta\u00e7\u00e3o de Manaus durante o 2\u00ba Encontro Brasileiro de Urbanismo em \u00c1reas Centrais.\" \/>\n<meta property=\"og:url\" content=\"https:\/\/www.manaus.am.gov.br\/immu\/centro\/nosso-centro-encontro-nacional\/\" \/>\n<meta property=\"og:site_name\" content=\"IMMU\" \/>\n<meta property=\"article:published_time\" content=\"2025-05-21T20:35:22+00:00\" \/>\n<meta property=\"article:modified_time\" content=\"2025-05-21T20:35:24+00:00\" \/>\n<meta property=\"og:image\" content=\"https:\/\/www.manaus.am.gov.br\/immu\/wp-content\/uploads\/sites\/14\/2025\/05\/Nosso-Centro-2.jpeg\" \/>\n\t<meta property=\"og:image:width\" content=\"1008\" \/>\n\t<meta property=\"og:image:height\" content=\"672\" \/>\n\t<meta property=\"og:image:type\" content=\"image\/jpeg\" \/>\n<meta name=\"author\" content=\"Thiago Fernando\" \/>\n<meta name=\"twitter:card\" content=\"summary_large_image\" \/>\n<meta name=\"twitter:label1\" content=\"Written by\" \/>\n\t<meta name=\"twitter:data1\" content=\"Thiago Fernando\" \/>\n\t<meta name=\"twitter:label2\" content=\"Est. reading time\" \/>\n\t<meta name=\"twitter:data2\" content=\"3 minutos\" \/>\n<script type=\"application\/ld+json\" class=\"yoast-schema-graph\">{\"@context\":\"https:\/\/schema.org\",\"@graph\":[{\"@type\":\"WebPage\",\"@id\":\"https:\/\/www.manaus.am.gov.br\/immu\/centro\/nosso-centro-encontro-nacional\/\",\"url\":\"https:\/\/www.manaus.am.gov.br\/immu\/centro\/nosso-centro-encontro-nacional\/\",\"name\":\"PMM apresenta \u2018Nosso Centro\u2019 durante encontro nacional\",\"isPartOf\":{\"@id\":\"https:\/\/www.manaus.am.gov.br\/immu\/#website\"},\"primaryImageOfPage\":{\"@id\":\"https:\/\/www.manaus.am.gov.br\/immu\/centro\/nosso-centro-encontro-nacional\/#primaryimage\"},\"image\":{\"@id\":\"https:\/\/www.manaus.am.gov.br\/immu\/centro\/nosso-centro-encontro-nacional\/#primaryimage\"},\"thumbnailUrl\":\"https:\/\/www.manaus.am.gov.br\/immu\/wp-content\/uploads\/sites\/14\/2025\/05\/Nosso-Centro-2.jpeg\",\"datePublished\":\"2025-05-21T20:35:22+00:00\",\"dateModified\":\"2025-05-21T20:35:24+00:00\",\"author\":{\"@id\":\"https:\/\/www.manaus.am.gov.br\/immu\/#\/schema\/person\/a5ee5376db6e21af026374b369f30882\"},\"description\":\"O programa \u201cNosso Centro\\\" foi um dos destaques da apresenta\u00e7\u00e3o de Manaus durante o 2\u00ba Encontro Brasileiro de Urbanismo em \u00c1reas Centrais.\",\"breadcrumb\":{\"@id\":\"https:\/\/www.manaus.am.gov.br\/immu\/centro\/nosso-centro-encontro-nacional\/#breadcrumb\"},\"inLanguage\":\"pt-BR\",\"potentialAction\":[{\"@type\":\"ReadAction\",\"target\":[\"https:\/\/www.manaus.am.gov.br\/immu\/centro\/nosso-centro-encontro-nacional\/\"]}]},{\"@type\":\"ImageObject\",\"inLanguage\":\"pt-BR\",\"@id\":\"https:\/\/www.manaus.am.gov.br\/immu\/centro\/nosso-centro-encontro-nacional\/#primaryimage\",\"url\":\"https:\/\/www.manaus.am.gov.br\/immu\/wp-content\/uploads\/sites\/14\/2025\/05\/Nosso-Centro-2.jpeg\",\"contentUrl\":\"https:\/\/www.manaus.am.gov.br\/immu\/wp-content\/uploads\/sites\/14\/2025\/05\/Nosso-Centro-2.jpeg\",\"width\":1008,\"height\":672,\"caption\":\"Nosso Centro\"},{\"@type\":\"BreadcrumbList\",\"@id\":\"https:\/\/www.manaus.am.gov.br\/immu\/centro\/nosso-centro-encontro-nacional\/#breadcrumb\",\"itemListElement\":[{\"@type\":\"ListItem\",\"position\":1,\"name\":\"Home\",\"item\":\"https:\/\/www.manaus.am.gov.br\/immu\/\"},{\"@type\":\"ListItem\",\"position\":2,\"name\":\"Prefeitura de Manaus apresenta programa \u2018Nosso Centro\u2019 durante encontro nacional em Campinas (SP)\"}]},{\"@type\":\"WebSite\",\"@id\":\"https:\/\/www.manaus.am.gov.br\/immu\/#website\",\"url\":\"https:\/\/www.manaus.am.gov.br\/immu\/\",\"name\":\"IMMU\",\"description\":\"Prefeitura de Manaus\",\"potentialAction\":[{\"@type\":\"SearchAction\",\"target\":{\"@type\":\"EntryPoint\",\"urlTemplate\":\"https:\/\/www.manaus.am.gov.br\/immu\/?s={search_term_string}\"},\"query-input\":\"required name=search_term_string\"}],\"inLanguage\":\"pt-BR\"},{\"@type\":\"Person\",\"@id\":\"https:\/\/www.manaus.am.gov.br\/immu\/#\/schema\/person\/a5ee5376db6e21af026374b369f30882\",\"name\":\"Thiago Fernando\",\"image\":{\"@type\":\"ImageObject\",\"inLanguage\":\"pt-BR\",\"@id\":\"https:\/\/www.manaus.am.gov.br\/immu\/#\/schema\/person\/image\/\",\"url\":\"https:\/\/secure.gravatar.com\/avatar\/f5aab8722444041451501c077052ac07?s=96&d=mm&r=g\",\"contentUrl\":\"https:\/\/secure.gravatar.com\/avatar\/f5aab8722444041451501c077052ac07?s=96&d=mm&r=g\",\"caption\":\"Thiago Fernando\"}}]}<\/script>\n<!-- \/ Yoast SEO plugin. -->","yoast_head_json":{"title":"PMM apresenta \u2018Nosso Centro\u2019 durante encontro nacional","description":"O programa \u201cNosso Centro\" foi um dos destaques da apresenta\u00e7\u00e3o de Manaus durante o 2\u00ba Encontro Brasileiro de Urbanismo em \u00c1reas Centrais.","robots":{"index":"noindex","follow":"follow"},"og_locale":"pt_BR","og_type":"article","og_title":"PMM apresenta \u2018Nosso Centro\u2019 durante encontro nacional","og_description":"O programa \u201cNosso Centro\" foi um dos destaques da apresenta\u00e7\u00e3o de Manaus durante o 2\u00ba Encontro Brasileiro de Urbanismo em \u00c1reas Centrais.","og_url":"https:\/\/www.manaus.am.gov.br\/immu\/centro\/nosso-centro-encontro-nacional\/","og_site_name":"IMMU","article_published_time":"2025-05-21T20:35:22+00:00","article_modified_time":"2025-05-21T20:35:24+00:00","og_image":[{"width":1008,"height":672,"url":"https:\/\/www.manaus.am.gov.br\/immu\/wp-content\/uploads\/sites\/14\/2025\/05\/Nosso-Centro-2.jpeg","type":"image\/jpeg"}],"author":"Thiago Fernando","twitter_card":"summary_large_image","twitter_misc":{"Written by":"Thiago Fernando","Est. reading time":"3 minutos"},"schema":{"@context":"https:\/\/schema.org","@graph":[{"@type":"WebPage","@id":"https:\/\/www.manaus.am.gov.br\/immu\/centro\/nosso-centro-encontro-nacional\/","url":"https:\/\/www.manaus.am.gov.br\/immu\/centro\/nosso-centro-encontro-nacional\/","name":"PMM apresenta \u2018Nosso Centro\u2019 durante encontro nacional","isPartOf":{"@id":"https:\/\/www.manaus.am.gov.br\/immu\/#website"},"primaryImageOfPage":{"@id":"https:\/\/www.manaus.am.gov.br\/immu\/centro\/nosso-centro-encontro-nacional\/#primaryimage"},"image":{"@id":"https:\/\/www.manaus.am.gov.br\/immu\/centro\/nosso-centro-encontro-nacional\/#primaryimage"},"thumbnailUrl":"https:\/\/www.manaus.am.gov.br\/immu\/wp-content\/uploads\/sites\/14\/2025\/05\/Nosso-Centro-2.jpeg","datePublished":"2025-05-21T20:35:22+00:00","dateModified":"2025-05-21T20:35:24+00:00","author":{"@id":"https:\/\/www.manaus.am.gov.br\/immu\/#\/schema\/person\/a5ee5376db6e21af026374b369f30882"},"description":"O programa \u201cNosso Centro\" foi um dos destaques da apresenta\u00e7\u00e3o de Manaus durante o 2\u00ba Encontro Brasileiro de Urbanismo em \u00c1reas Centrais.","breadcrumb":{"@id":"https:\/\/www.manaus.am.gov.br\/immu\/centro\/nosso-centro-encontro-nacional\/#breadcrumb"},"inLanguage":"pt-BR","potentialAction":[{"@type":"ReadAction","target":["https:\/\/www.manaus.am.gov.br\/immu\/centro\/nosso-centro-encontro-nacional\/"]}]},{"@type":"ImageObject","inLanguage":"pt-BR","@id":"https:\/\/www.manaus.am.gov.br\/immu\/centro\/nosso-centro-encontro-nacional\/#primaryimage","url":"https:\/\/www.manaus.am.gov.br\/immu\/wp-content\/uploads\/sites\/14\/2025\/05\/Nosso-Centro-2.jpeg","contentUrl":"https:\/\/www.manaus.am.gov.br\/immu\/wp-content\/uploads\/sites\/14\/2025\/05\/Nosso-Centro-2.jpeg","width":1008,"height":672,"caption":"Nosso Centro"},{"@type":"BreadcrumbList","@id":"https:\/\/www.manaus.am.gov.br\/immu\/centro\/nosso-centro-encontro-nacional\/#breadcrumb","itemListElement":[{"@type":"ListItem","position":1,"name":"Home","item":"https:\/\/www.manaus.am.gov.br\/immu\/"},{"@type":"ListItem","position":2,"name":"Prefeitura de Manaus apresenta programa \u2018Nosso Centro\u2019 durante encontro nacional em Campinas (SP)"}]},{"@type":"WebSite","@id":"https:\/\/www.manaus.am.gov.br\/immu\/#website","url":"https:\/\/www.manaus.am.gov.br\/immu\/","name":"IMMU","description":"Prefeitura de Manaus","potentialAction":[{"@type":"SearchAction","target":{"@type":"EntryPoint","urlTemplate":"https:\/\/www.manaus.am.gov.br\/immu\/?s={search_term_string}"},"query-input":"required name=search_term_string"}],"inLanguage":"pt-BR"},{"@type":"Person","@id":"https:\/\/www.manaus.am.gov.br\/immu\/#\/schema\/person\/a5ee5376db6e21af026374b369f30882","name":"Thiago Fernando","image":{"@type":"ImageObject","inLanguage":"pt-BR","@id":"https:\/\/www.manaus.am.gov.br\/immu\/#\/schema\/person\/image\/","url":"https:\/\/secure.gravatar.com\/avatar\/f5aab8722444041451501c077052ac07?s=96&d=mm&r=g","contentUrl":"https:\/\/secure.gravatar.com\/avatar\/f5aab8722444041451501c077052ac07?s=96&d=mm&r=g","caption":"Thiago Fernando"}}]}},"_links":{"self":[{"href":"https:\/\/www.manaus.am.gov.br\/immu\/wp-json\/wp\/v2\/posts\/3649"}],"collection":[{"href":"https:\/\/www.manaus.am.gov.br\/immu\/wp-json\/wp\/v2\/posts"}],"about":[{"href":"https:\/\/www.manaus.am.gov.br\/immu\/wp-json\/wp\/v2\/types\/post"}],"author":[{"embeddable":true,"href":"https:\/\/www.manaus.am.gov.br\/immu\/wp-json\/wp\/v2\/users\/57"}],"replies":[{"embeddable":true,"href":"https:\/\/www.manaus.am.gov.br\/immu\/wp-json\/wp\/v2\/comments?post=3649"}],"version-history":[{"count":0,"href":"https:\/\/www.manaus.am.gov.br\/immu\/wp-json\/wp\/v2\/posts\/3649\/revisions"}],"wp:featuredmedia":[{"embeddable":true,"href":"https:\/\/www.manaus.am.gov.br\/immu\/wp-json\/wp\/v2\/media\/3650"}],"wp:attachment":[{"href":"https:\/\/www.manaus.am.gov.br\/immu\/wp-json\/wp\/v2\/media?parent=3649"}],"wp:term":[{"taxonomy":"category","embeddable":true,"href":"https:\/\/www.manaus.am.gov.br\/immu\/wp-json\/wp\/v2\/categories?post=3649"},{"taxonomy":"post_tag","embeddable":true,"href":"https:\/\/www.manaus.am.gov.br\/immu\/wp-json\/wp\/v2\/tags?post=3649"}],"curies":[{"name":"wp","href":"https:\/\/api.w.org\/{rel}","templated":true}]}}