{"id":3627,"date":"2025-05-16T14:38:05","date_gmt":"2025-05-16T18:38:05","guid":{"rendered":"https:\/\/www.manaus.am.gov.br\/immu\/sem-categoria\/prefeitura-immu-atravessenafaixa-autazmirim\/"},"modified":"2025-05-16T14:38:06","modified_gmt":"2025-05-16T18:38:06","slug":"prefeitura-immu-atravessenafaixa-autazmirim","status":"publish","type":"post","link":"https:\/\/www.manaus.am.gov.br\/immu\/acao\/prefeitura-immu-atravessenafaixa-autazmirim\/","title":{"rendered":"Projeto \u2018Atravesse na Faixa\u2019 refor\u00e7a seguran\u00e7a de pedestres na Autaz Mirim"},"content":{"rendered":"\n<p>A Prefeitura de Manaus, por meio do Instituto Municipal de Mobilidade Urbana (IMMU), realizou, na manh\u00e3 desta sexta-feira, 16\/5, mais uma edi\u00e7\u00e3o do projeto &#8220;Atravesse na Faixa&#8221;, na avenida Autaz Mirim, na zona Leste da capital.&nbsp; A a\u00e7\u00e3o teve como objetivo conscientizar motoristas e pedestres sobre a import\u00e2ncia do respeito \u00e0s faixas de travessia, promovendo a seguran\u00e7a vi\u00e1ria em uma das vias mais movimentadas da cidade.<\/p>\n\n\n\n<p>Durante a opera\u00e7\u00e3o, a equipe de educa\u00e7\u00e3o do IMMU orientou os condutores a reduzirem a velocidade e a respeitarem a prioridade dos pedestres nas faixas.&nbsp; Simultaneamente, foram distribu\u00eddos materiais informativos e realizadas abordagens educativas para refor\u00e7ar a import\u00e2ncia da travessia segura e do cumprimento das normas de tr\u00e2nsito.<\/p>\n\n\n\n<p>O vice-presidente de Transporte do IMMU, Edson Leda, explicou a a\u00e7\u00e3o promovida pela Prefeitura de Manaus. \u201cNo tr\u00e2nsito, o pedestre \u00e9 o elo mais fraco e, quando o motorista tem mais respeito pela faixa, assim como o pedestre entende que o local de atravessar \u00e9 na faixa, come\u00e7a a se criar uma melhor educa\u00e7\u00e3o. Por isso, \u00e9 importante massificar que lugar da atravessar ruas e avenidas \u00e9 nas faixas de pedestres\u201d, frisou.<\/p>\n\n\n\n<p>Morador da zona Leste de Manaus, o aposentado&nbsp; Leandro Nery, 61 anos, elogiou a atua\u00e7\u00e3o no IMMU ao orientar condutores e pedestres. \u201c\u00c9 bom ter campanha educando o motorista, porque o que a gente v\u00ea \u00e9 o motorista desrespeitando os pedestres e motoqueiros atravessando o canteiro central. Orientar \u00e9 sempre bom e muda comportamentos\u201d, disse o aposentado.<\/p>\n\n\n\n<p>A avenida \u00e9 uma das principais vias de Manaus, ligando diversos bairros da zona Leste e concentrando intenso fluxo de ve\u00edculos e pedestres. A escolha do local para a opera\u00e7\u00e3o se deu devido ao alto \u00edndice de ocorr\u00eancias envolvendo pedestres na regi\u00e3o, o que motivou a intensifica\u00e7\u00e3o das a\u00e7\u00f5es de educa\u00e7\u00e3o no tr\u00e2nsito.<\/p>\n\n\n\n<p>A opera\u00e7\u00e3o &#8220;Atravesse na Faixa&#8221; faz parte de um conjunto de a\u00e7\u00f5es promovidas pelo IMMU para reduzir os \u00edndices de acidentes e promover uma cultura de respeito no tr\u00e2nsito.&nbsp;<\/p>\n\n\n\n<p>A a\u00e7\u00e3o desta sexta-feira integra o calend\u00e1rio do \u201cMaio Amarelo\u201d, campanha mundial voltada \u00e0 redu\u00e7\u00e3o da viol\u00eancia no tr\u00e2nsito. Em Manaus, diversas atividades s\u00e3o desenvolvidas em empresas, escolas e vias p\u00fablicas com foco na educa\u00e7\u00e3o e no respeito \u00e0s leis de tr\u00e2nsito.<\/p>\n\n\n\n<p>&#8212; &#8212; &#8212;<\/p>\n\n\n\n<p><strong>Texto <\/strong>&#8211; \u00c1lisson Castro\/IMMU<\/p>\n\n\n\n<p><strong>Fotos<\/strong> &#8211; Karol Silva\/IMMU<\/p>\n","protected":false},"excerpt":{"rendered":"","protected":false},"author":23,"featured_media":3628,"comment_status":"closed","ping_status":"closed","sticky":false,"template":"","format":"standard","meta":{"footnotes":""},"categories":[10],"tags":[639,6,189,8,115],"acf":[],"yoast_head":"<!-- This site is optimized with the Yoast SEO plugin v23.0 - https:\/\/yoast.com\/wordpress\/plugins\/seo\/ -->\n<title>Projeto \u2018Atravesse na Faixa\u2019 refor\u00e7a seguran\u00e7a de pedestres na Autaz Mirim<\/title>\n<meta name=\"description\" content=\"A Prefeitura de Manaus, por meio do Instituto Municipal de Mobilidade Urbana (IMMU), realizou, na manh\u00e3 desta sexta-feira, 16\/5, mais uma edi\u00e7\u00e3o do projeto &quot;Atravesse na Faixa&quot;, na avenida Autaz Mirim, na zona Leste da capital.\" \/>\n<meta name=\"robots\" content=\"noindex, follow\" \/>\n<meta property=\"og:locale\" content=\"pt_BR\" \/>\n<meta property=\"og:type\" content=\"article\" \/>\n<meta property=\"og:title\" content=\"Projeto \u2018Atravesse na Faixa\u2019 refor\u00e7a seguran\u00e7a de pedestres na Autaz Mirim\" \/>\n<meta property=\"og:description\" content=\"A Prefeitura de Manaus, por meio do Instituto Municipal de Mobilidade Urbana (IMMU), realizou, na manh\u00e3 desta sexta-feira, 16\/5, mais uma edi\u00e7\u00e3o do projeto &quot;Atravesse na Faixa&quot;, na avenida Autaz Mirim, na zona Leste da capital.\" \/>\n<meta property=\"og:url\" content=\"https:\/\/www.manaus.am.gov.br\/immu\/acao\/prefeitura-immu-atravessenafaixa-autazmirim\/\" \/>\n<meta property=\"og:site_name\" content=\"IMMU\" \/>\n<meta property=\"article:published_time\" content=\"2025-05-16T18:38:05+00:00\" \/>\n<meta property=\"article:modified_time\" content=\"2025-05-16T18:38:06+00:00\" \/>\n<meta property=\"og:image\" content=\"https:\/\/www.manaus.am.gov.br\/immu\/wp-content\/uploads\/sites\/14\/2025\/05\/WhatsApp-Image-2025-05-16-at-14.30.02-1.jpeg\" \/>\n\t<meta property=\"og:image:width\" content=\"1600\" \/>\n\t<meta property=\"og:image:height\" content=\"1066\" \/>\n\t<meta property=\"og:image:type\" content=\"image\/jpeg\" \/>\n<meta name=\"author\" content=\"Adriana Costa\" \/>\n<meta name=\"twitter:card\" content=\"summary_large_image\" \/>\n<meta name=\"twitter:label1\" content=\"Written by\" \/>\n\t<meta name=\"twitter:data1\" content=\"Adriana Costa\" \/>\n\t<meta name=\"twitter:label2\" content=\"Est. reading time\" \/>\n\t<meta name=\"twitter:data2\" content=\"3 minutos\" \/>\n<script type=\"application\/ld+json\" class=\"yoast-schema-graph\">{\"@context\":\"https:\/\/schema.org\",\"@graph\":[{\"@type\":\"WebPage\",\"@id\":\"https:\/\/www.manaus.am.gov.br\/immu\/acao\/prefeitura-immu-atravessenafaixa-autazmirim\/\",\"url\":\"https:\/\/www.manaus.am.gov.br\/immu\/acao\/prefeitura-immu-atravessenafaixa-autazmirim\/\",\"name\":\"Projeto \u2018Atravesse na Faixa\u2019 refor\u00e7a seguran\u00e7a de pedestres na Autaz Mirim\",\"isPartOf\":{\"@id\":\"https:\/\/www.manaus.am.gov.br\/immu\/#website\"},\"primaryImageOfPage\":{\"@id\":\"https:\/\/www.manaus.am.gov.br\/immu\/acao\/prefeitura-immu-atravessenafaixa-autazmirim\/#primaryimage\"},\"image\":{\"@id\":\"https:\/\/www.manaus.am.gov.br\/immu\/acao\/prefeitura-immu-atravessenafaixa-autazmirim\/#primaryimage\"},\"thumbnailUrl\":\"https:\/\/www.manaus.am.gov.br\/immu\/wp-content\/uploads\/sites\/14\/2025\/05\/WhatsApp-Image-2025-05-16-at-14.30.02-1.jpeg\",\"datePublished\":\"2025-05-16T18:38:05+00:00\",\"dateModified\":\"2025-05-16T18:38:06+00:00\",\"author\":{\"@id\":\"https:\/\/www.manaus.am.gov.br\/immu\/#\/schema\/person\/4e49f4e267757a06ca072ec61b2b9968\"},\"description\":\"A Prefeitura de Manaus, por meio do Instituto Municipal de Mobilidade Urbana (IMMU), realizou, na manh\u00e3 desta sexta-feira, 16\/5, mais uma edi\u00e7\u00e3o do projeto \\\"Atravesse na Faixa\\\", na avenida Autaz Mirim, na zona Leste da capital.\",\"breadcrumb\":{\"@id\":\"https:\/\/www.manaus.am.gov.br\/immu\/acao\/prefeitura-immu-atravessenafaixa-autazmirim\/#breadcrumb\"},\"inLanguage\":\"pt-BR\",\"potentialAction\":[{\"@type\":\"ReadAction\",\"target\":[\"https:\/\/www.manaus.am.gov.br\/immu\/acao\/prefeitura-immu-atravessenafaixa-autazmirim\/\"]}]},{\"@type\":\"ImageObject\",\"inLanguage\":\"pt-BR\",\"@id\":\"https:\/\/www.manaus.am.gov.br\/immu\/acao\/prefeitura-immu-atravessenafaixa-autazmirim\/#primaryimage\",\"url\":\"https:\/\/www.manaus.am.gov.br\/immu\/wp-content\/uploads\/sites\/14\/2025\/05\/WhatsApp-Image-2025-05-16-at-14.30.02-1.jpeg\",\"contentUrl\":\"https:\/\/www.manaus.am.gov.br\/immu\/wp-content\/uploads\/sites\/14\/2025\/05\/WhatsApp-Image-2025-05-16-at-14.30.02-1.jpeg\",\"width\":1600,\"height\":1066},{\"@type\":\"BreadcrumbList\",\"@id\":\"https:\/\/www.manaus.am.gov.br\/immu\/acao\/prefeitura-immu-atravessenafaixa-autazmirim\/#breadcrumb\",\"itemListElement\":[{\"@type\":\"ListItem\",\"position\":1,\"name\":\"Home\",\"item\":\"https:\/\/www.manaus.am.gov.br\/immu\/\"},{\"@type\":\"ListItem\",\"position\":2,\"name\":\"Projeto \u2018Atravesse na Faixa\u2019 refor\u00e7a seguran\u00e7a de pedestres na Autaz Mirim\"}]},{\"@type\":\"WebSite\",\"@id\":\"https:\/\/www.manaus.am.gov.br\/immu\/#website\",\"url\":\"https:\/\/www.manaus.am.gov.br\/immu\/\",\"name\":\"IMMU\",\"description\":\"Prefeitura de Manaus\",\"potentialAction\":[{\"@type\":\"SearchAction\",\"target\":{\"@type\":\"EntryPoint\",\"urlTemplate\":\"https:\/\/www.manaus.am.gov.br\/immu\/?s={search_term_string}\"},\"query-input\":\"required name=search_term_string\"}],\"inLanguage\":\"pt-BR\"},{\"@type\":\"Person\",\"@id\":\"https:\/\/www.manaus.am.gov.br\/immu\/#\/schema\/person\/4e49f4e267757a06ca072ec61b2b9968\",\"name\":\"Adriana Costa\",\"image\":{\"@type\":\"ImageObject\",\"inLanguage\":\"pt-BR\",\"@id\":\"https:\/\/www.manaus.am.gov.br\/immu\/#\/schema\/person\/image\/\",\"url\":\"https:\/\/secure.gravatar.com\/avatar\/576258617ef7194f718179e766d57bd4?s=96&d=mm&r=g\",\"contentUrl\":\"https:\/\/secure.gravatar.com\/avatar\/576258617ef7194f718179e766d57bd4?s=96&d=mm&r=g\",\"caption\":\"Adriana Costa\"}}]}<\/script>\n<!-- \/ Yoast SEO plugin. -->","yoast_head_json":{"title":"Projeto \u2018Atravesse na Faixa\u2019 refor\u00e7a seguran\u00e7a de pedestres na Autaz Mirim","description":"A Prefeitura de Manaus, por meio do Instituto Municipal de Mobilidade Urbana (IMMU), realizou, na manh\u00e3 desta sexta-feira, 16\/5, mais uma edi\u00e7\u00e3o do projeto \"Atravesse na Faixa\", na avenida Autaz Mirim, na zona Leste da capital.","robots":{"index":"noindex","follow":"follow"},"og_locale":"pt_BR","og_type":"article","og_title":"Projeto \u2018Atravesse na Faixa\u2019 refor\u00e7a seguran\u00e7a de pedestres na Autaz Mirim","og_description":"A Prefeitura de Manaus, por meio do Instituto Municipal de Mobilidade Urbana (IMMU), realizou, na manh\u00e3 desta sexta-feira, 16\/5, mais uma edi\u00e7\u00e3o do projeto \"Atravesse na Faixa\", na avenida Autaz Mirim, na zona Leste da capital.","og_url":"https:\/\/www.manaus.am.gov.br\/immu\/acao\/prefeitura-immu-atravessenafaixa-autazmirim\/","og_site_name":"IMMU","article_published_time":"2025-05-16T18:38:05+00:00","article_modified_time":"2025-05-16T18:38:06+00:00","og_image":[{"width":1600,"height":1066,"url":"https:\/\/www.manaus.am.gov.br\/immu\/wp-content\/uploads\/sites\/14\/2025\/05\/WhatsApp-Image-2025-05-16-at-14.30.02-1.jpeg","type":"image\/jpeg"}],"author":"Adriana Costa","twitter_card":"summary_large_image","twitter_misc":{"Written by":"Adriana Costa","Est. reading time":"3 minutos"},"schema":{"@context":"https:\/\/schema.org","@graph":[{"@type":"WebPage","@id":"https:\/\/www.manaus.am.gov.br\/immu\/acao\/prefeitura-immu-atravessenafaixa-autazmirim\/","url":"https:\/\/www.manaus.am.gov.br\/immu\/acao\/prefeitura-immu-atravessenafaixa-autazmirim\/","name":"Projeto \u2018Atravesse na Faixa\u2019 refor\u00e7a seguran\u00e7a de pedestres na Autaz Mirim","isPartOf":{"@id":"https:\/\/www.manaus.am.gov.br\/immu\/#website"},"primaryImageOfPage":{"@id":"https:\/\/www.manaus.am.gov.br\/immu\/acao\/prefeitura-immu-atravessenafaixa-autazmirim\/#primaryimage"},"image":{"@id":"https:\/\/www.manaus.am.gov.br\/immu\/acao\/prefeitura-immu-atravessenafaixa-autazmirim\/#primaryimage"},"thumbnailUrl":"https:\/\/www.manaus.am.gov.br\/immu\/wp-content\/uploads\/sites\/14\/2025\/05\/WhatsApp-Image-2025-05-16-at-14.30.02-1.jpeg","datePublished":"2025-05-16T18:38:05+00:00","dateModified":"2025-05-16T18:38:06+00:00","author":{"@id":"https:\/\/www.manaus.am.gov.br\/immu\/#\/schema\/person\/4e49f4e267757a06ca072ec61b2b9968"},"description":"A Prefeitura de Manaus, por meio do Instituto Municipal de Mobilidade Urbana (IMMU), realizou, na manh\u00e3 desta sexta-feira, 16\/5, mais uma edi\u00e7\u00e3o do projeto \"Atravesse na Faixa\", na avenida Autaz Mirim, na zona Leste da capital.","breadcrumb":{"@id":"https:\/\/www.manaus.am.gov.br\/immu\/acao\/prefeitura-immu-atravessenafaixa-autazmirim\/#breadcrumb"},"inLanguage":"pt-BR","potentialAction":[{"@type":"ReadAction","target":["https:\/\/www.manaus.am.gov.br\/immu\/acao\/prefeitura-immu-atravessenafaixa-autazmirim\/"]}]},{"@type":"ImageObject","inLanguage":"pt-BR","@id":"https:\/\/www.manaus.am.gov.br\/immu\/acao\/prefeitura-immu-atravessenafaixa-autazmirim\/#primaryimage","url":"https:\/\/www.manaus.am.gov.br\/immu\/wp-content\/uploads\/sites\/14\/2025\/05\/WhatsApp-Image-2025-05-16-at-14.30.02-1.jpeg","contentUrl":"https:\/\/www.manaus.am.gov.br\/immu\/wp-content\/uploads\/sites\/14\/2025\/05\/WhatsApp-Image-2025-05-16-at-14.30.02-1.jpeg","width":1600,"height":1066},{"@type":"BreadcrumbList","@id":"https:\/\/www.manaus.am.gov.br\/immu\/acao\/prefeitura-immu-atravessenafaixa-autazmirim\/#breadcrumb","itemListElement":[{"@type":"ListItem","position":1,"name":"Home","item":"https:\/\/www.manaus.am.gov.br\/immu\/"},{"@type":"ListItem","position":2,"name":"Projeto \u2018Atravesse na Faixa\u2019 refor\u00e7a seguran\u00e7a de pedestres na Autaz Mirim"}]},{"@type":"WebSite","@id":"https:\/\/www.manaus.am.gov.br\/immu\/#website","url":"https:\/\/www.manaus.am.gov.br\/immu\/","name":"IMMU","description":"Prefeitura de Manaus","potentialAction":[{"@type":"SearchAction","target":{"@type":"EntryPoint","urlTemplate":"https:\/\/www.manaus.am.gov.br\/immu\/?s={search_term_string}"},"query-input":"required name=search_term_string"}],"inLanguage":"pt-BR"},{"@type":"Person","@id":"https:\/\/www.manaus.am.gov.br\/immu\/#\/schema\/person\/4e49f4e267757a06ca072ec61b2b9968","name":"Adriana Costa","image":{"@type":"ImageObject","inLanguage":"pt-BR","@id":"https:\/\/www.manaus.am.gov.br\/immu\/#\/schema\/person\/image\/","url":"https:\/\/secure.gravatar.com\/avatar\/576258617ef7194f718179e766d57bd4?s=96&d=mm&r=g","contentUrl":"https:\/\/secure.gravatar.com\/avatar\/576258617ef7194f718179e766d57bd4?s=96&d=mm&r=g","caption":"Adriana Costa"}}]}},"_links":{"self":[{"href":"https:\/\/www.manaus.am.gov.br\/immu\/wp-json\/wp\/v2\/posts\/3627"}],"collection":[{"href":"https:\/\/www.manaus.am.gov.br\/immu\/wp-json\/wp\/v2\/posts"}],"about":[{"href":"https:\/\/www.manaus.am.gov.br\/immu\/wp-json\/wp\/v2\/types\/post"}],"author":[{"embeddable":true,"href":"https:\/\/www.manaus.am.gov.br\/immu\/wp-json\/wp\/v2\/users\/23"}],"replies":[{"embeddable":true,"href":"https:\/\/www.manaus.am.gov.br\/immu\/wp-json\/wp\/v2\/comments?post=3627"}],"version-history":[{"count":0,"href":"https:\/\/www.manaus.am.gov.br\/immu\/wp-json\/wp\/v2\/posts\/3627\/revisions"}],"wp:featuredmedia":[{"embeddable":true,"href":"https:\/\/www.manaus.am.gov.br\/immu\/wp-json\/wp\/v2\/media\/3628"}],"wp:attachment":[{"href":"https:\/\/www.manaus.am.gov.br\/immu\/wp-json\/wp\/v2\/media?parent=3627"}],"wp:term":[{"taxonomy":"category","embeddable":true,"href":"https:\/\/www.manaus.am.gov.br\/immu\/wp-json\/wp\/v2\/categories?post=3627"},{"taxonomy":"post_tag","embeddable":true,"href":"https:\/\/www.manaus.am.gov.br\/immu\/wp-json\/wp\/v2\/tags?post=3627"}],"curies":[{"name":"wp","href":"https:\/\/api.w.org\/{rel}","templated":true}]}}