{"id":3592,"date":"2025-05-14T11:09:09","date_gmt":"2025-05-14T15:09:09","guid":{"rendered":"https:\/\/www.manaus.am.gov.br\/immu\/sem-categoria\/novas-sinalizacoes\/"},"modified":"2025-05-14T11:09:09","modified_gmt":"2025-05-14T15:09:09","slug":"novas-sinalizacoes","status":"publish","type":"post","link":"https:\/\/www.manaus.am.gov.br\/immu\/mobilidade\/novas-sinalizacoes\/","title":{"rendered":"Prefeitura de Manaus realiza novas sinaliza\u00e7\u00f5es para reduzir riscos e salvar vidas"},"content":{"rendered":"\n<p>Como parte da campanha Maio Amarelo, a Prefeitura de Manaus, por meio do Instituto Municipal de Mobilidade Urbana (IMMU), est\u00e1 intensificando o trabalho de sinaliza\u00e7\u00e3o vi\u00e1ria em vias estrat\u00e9gicas da cidade. As a\u00e7\u00f5es, que fazem parte do planejamento cont\u00ednuo de seguran\u00e7a no tr\u00e2nsito, visam reduzir riscos de acidentes e salvar vidas nas vias da capital.<\/p>\n\n\n\n<p><br>Nesta semana, os servi\u00e7os foram realizados em pontos das zonas Norte e Oeste. Na zona Norte, a avenida Torquato Tapaj\u00f3s recebeu sinaliza\u00e7\u00e3o em dois trechos, em frente ao residencial Allegro Clube e \u00e0 escola municipal Vicente Cruz, ambos no bairro Novo Israel. Tamb\u00e9m foram refor\u00e7adas as sinaliza\u00e7\u00f5es nas avenidas Margarita e Nossa Senhora da Concei\u00e7\u00e3o, no entorno da pra\u00e7a do Museu da Amaz\u00f4nia (Musa) e na rotat\u00f3ria do bairro Nova Cidade. J\u00e1 na zona Oeste, a avenida Coronel Teixeira recebeu implanta\u00e7\u00e3o de tachas refletivas no trecho entre a Companhia do Militar e o Louros bar e restaurante.<\/p>\n\n\n\n<p><br>O vice-presidente de tr\u00e2nsito do IMMU, Leda J\u00fanior, destacou a import\u00e2ncia dessas a\u00e7\u00f5es como parte da mobiliza\u00e7\u00e3o pelo &#8220;Maio Amarelo&#8221;.<\/p>\n\n\n\n<p><br>\u201cEstamos atuando de forma coordenada para garantir que os motoristas tenham mais seguran\u00e7a ao trafegar. A sinaliza\u00e7\u00e3o \u00e9 um instrumento essencial para salvar vidas e promover consci\u00eancia no tr\u00e2nsito. O &#8216;Maio Amarelo&#8217; refor\u00e7a esse compromisso da Prefeitura de Manaus com cada cidad\u00e3o\u201d, afirmou.<\/p>\n\n\n\n<p><br>As a\u00e7\u00f5es seguem ao longo do m\u00eas, com atividades educativas, refor\u00e7o na fiscaliza\u00e7\u00e3o e investimentos em infraestrutura vi\u00e1ria.<\/p>\n\n\n\n<figure class=\"wp-block-image size-large\"><img loading=\"lazy\" decoding=\"async\" width=\"1024\" height=\"768\" src=\"https:\/\/www.manaus.am.gov.br\/immu\/wp-content\/uploads\/sites\/14\/2025\/05\/Sinalizacao-4-1024x768.jpeg\" alt=\"\" class=\"wp-image-3593\" srcset=\"https:\/\/www.manaus.am.gov.br\/immu\/wp-content\/uploads\/sites\/14\/2025\/05\/Sinalizacao-4-1024x768.jpeg 1024w, https:\/\/www.manaus.am.gov.br\/immu\/wp-content\/uploads\/sites\/14\/2025\/05\/Sinalizacao-4-300x225.jpeg 300w, https:\/\/www.manaus.am.gov.br\/immu\/wp-content\/uploads\/sites\/14\/2025\/05\/Sinalizacao-4-768x576.jpeg 768w, https:\/\/www.manaus.am.gov.br\/immu\/wp-content\/uploads\/sites\/14\/2025\/05\/Sinalizacao-4-1536x1152.jpeg 1536w, https:\/\/www.manaus.am.gov.br\/immu\/wp-content\/uploads\/sites\/14\/2025\/05\/Sinalizacao-4.jpeg 1600w\" sizes=\"(max-width: 1024px) 100vw, 1024px\" \/><\/figure>\n\n\n\n<p>&#8212; &#8212; &#8212;<\/p>\n\n\n\n<p><strong>Texto e fotos \u2013\u00a0<\/strong>Divulga\u00e7\u00e3o\/IMMU<\/p>\n","protected":false},"excerpt":{"rendered":"","protected":false},"author":39,"featured_media":3594,"comment_status":"closed","ping_status":"closed","sticky":false,"template":"","format":"standard","meta":{"footnotes":""},"categories":[31],"tags":[6,1963,8,1964,1965],"acf":[],"yoast_head":"<!-- This site is optimized with the Yoast SEO plugin v23.0 - https:\/\/yoast.com\/wordpress\/plugins\/seo\/ -->\n<title>Novas sinaliza\u00e7\u00f5es para reduzir riscos e salvar vidas<\/title>\n<meta name=\"description\" content=\"Prefeitura de Manaus, por meio do IMMU, realiza novas sinaliza\u00e7\u00f5es para reduzir riscos e salvar vidas nas vias da cidade.\" \/>\n<meta name=\"robots\" content=\"noindex, follow\" \/>\n<meta property=\"og:locale\" content=\"pt_BR\" \/>\n<meta property=\"og:type\" content=\"article\" \/>\n<meta property=\"og:title\" content=\"Novas sinaliza\u00e7\u00f5es para reduzir riscos e salvar vidas\" \/>\n<meta property=\"og:description\" content=\"Prefeitura de Manaus, por meio do IMMU, realiza novas sinaliza\u00e7\u00f5es para reduzir riscos e salvar vidas nas vias da cidade.\" \/>\n<meta property=\"og:url\" content=\"https:\/\/www.manaus.am.gov.br\/immu\/mobilidade\/novas-sinalizacoes\/\" \/>\n<meta property=\"og:site_name\" content=\"IMMU\" \/>\n<meta property=\"article:published_time\" content=\"2025-05-14T15:09:09+00:00\" \/>\n<meta property=\"og:image\" content=\"https:\/\/www.manaus.am.gov.br\/immu\/wp-content\/uploads\/sites\/14\/2025\/05\/Sinalizacao-2-1.jpeg\" \/>\n\t<meta property=\"og:image:width\" content=\"1600\" \/>\n\t<meta property=\"og:image:height\" content=\"1200\" \/>\n\t<meta property=\"og:image:type\" content=\"image\/jpeg\" \/>\n<meta name=\"author\" content=\"Bruna Greco\" \/>\n<meta name=\"twitter:card\" content=\"summary_large_image\" \/>\n<meta name=\"twitter:label1\" content=\"Written by\" \/>\n\t<meta name=\"twitter:data1\" content=\"Bruna Greco\" \/>\n\t<meta name=\"twitter:label2\" content=\"Est. reading time\" \/>\n\t<meta name=\"twitter:data2\" content=\"2 minutos\" \/>\n<script type=\"application\/ld+json\" class=\"yoast-schema-graph\">{\"@context\":\"https:\/\/schema.org\",\"@graph\":[{\"@type\":\"WebPage\",\"@id\":\"https:\/\/www.manaus.am.gov.br\/immu\/mobilidade\/novas-sinalizacoes\/\",\"url\":\"https:\/\/www.manaus.am.gov.br\/immu\/mobilidade\/novas-sinalizacoes\/\",\"name\":\"Novas sinaliza\u00e7\u00f5es para reduzir riscos e salvar vidas\",\"isPartOf\":{\"@id\":\"https:\/\/www.manaus.am.gov.br\/immu\/#website\"},\"primaryImageOfPage\":{\"@id\":\"https:\/\/www.manaus.am.gov.br\/immu\/mobilidade\/novas-sinalizacoes\/#primaryimage\"},\"image\":{\"@id\":\"https:\/\/www.manaus.am.gov.br\/immu\/mobilidade\/novas-sinalizacoes\/#primaryimage\"},\"thumbnailUrl\":\"https:\/\/www.manaus.am.gov.br\/immu\/wp-content\/uploads\/sites\/14\/2025\/05\/Sinalizacao-2-1.jpeg\",\"datePublished\":\"2025-05-14T15:09:09+00:00\",\"dateModified\":\"2025-05-14T15:09:09+00:00\",\"author\":{\"@id\":\"https:\/\/www.manaus.am.gov.br\/immu\/#\/schema\/person\/05d223aea2bf115f9883a6ff3683d81b\"},\"description\":\"Prefeitura de Manaus, por meio do IMMU, realiza novas sinaliza\u00e7\u00f5es para reduzir riscos e salvar vidas nas vias da cidade.\",\"breadcrumb\":{\"@id\":\"https:\/\/www.manaus.am.gov.br\/immu\/mobilidade\/novas-sinalizacoes\/#breadcrumb\"},\"inLanguage\":\"pt-BR\",\"potentialAction\":[{\"@type\":\"ReadAction\",\"target\":[\"https:\/\/www.manaus.am.gov.br\/immu\/mobilidade\/novas-sinalizacoes\/\"]}]},{\"@type\":\"ImageObject\",\"inLanguage\":\"pt-BR\",\"@id\":\"https:\/\/www.manaus.am.gov.br\/immu\/mobilidade\/novas-sinalizacoes\/#primaryimage\",\"url\":\"https:\/\/www.manaus.am.gov.br\/immu\/wp-content\/uploads\/sites\/14\/2025\/05\/Sinalizacao-2-1.jpeg\",\"contentUrl\":\"https:\/\/www.manaus.am.gov.br\/immu\/wp-content\/uploads\/sites\/14\/2025\/05\/Sinalizacao-2-1.jpeg\",\"width\":1600,\"height\":1200,\"caption\":\"#paratodosverem - Sinaliza\u00e7\u00e3o vi\u00e1ria realizada pela equipe do IMMU em via de Manaus\"},{\"@type\":\"BreadcrumbList\",\"@id\":\"https:\/\/www.manaus.am.gov.br\/immu\/mobilidade\/novas-sinalizacoes\/#breadcrumb\",\"itemListElement\":[{\"@type\":\"ListItem\",\"position\":1,\"name\":\"Home\",\"item\":\"https:\/\/www.manaus.am.gov.br\/immu\/\"},{\"@type\":\"ListItem\",\"position\":2,\"name\":\"Prefeitura de Manaus realiza novas sinaliza\u00e7\u00f5es para reduzir riscos e salvar vidas\"}]},{\"@type\":\"WebSite\",\"@id\":\"https:\/\/www.manaus.am.gov.br\/immu\/#website\",\"url\":\"https:\/\/www.manaus.am.gov.br\/immu\/\",\"name\":\"IMMU\",\"description\":\"Prefeitura de Manaus\",\"potentialAction\":[{\"@type\":\"SearchAction\",\"target\":{\"@type\":\"EntryPoint\",\"urlTemplate\":\"https:\/\/www.manaus.am.gov.br\/immu\/?s={search_term_string}\"},\"query-input\":\"required name=search_term_string\"}],\"inLanguage\":\"pt-BR\"},{\"@type\":\"Person\",\"@id\":\"https:\/\/www.manaus.am.gov.br\/immu\/#\/schema\/person\/05d223aea2bf115f9883a6ff3683d81b\",\"name\":\"Bruna Greco\",\"image\":{\"@type\":\"ImageObject\",\"inLanguage\":\"pt-BR\",\"@id\":\"https:\/\/www.manaus.am.gov.br\/immu\/#\/schema\/person\/image\/\",\"url\":\"https:\/\/secure.gravatar.com\/avatar\/9c877d1a6adc2a055330e5c09a8653ce?s=96&d=mm&r=g\",\"contentUrl\":\"https:\/\/secure.gravatar.com\/avatar\/9c877d1a6adc2a055330e5c09a8653ce?s=96&d=mm&r=g\",\"caption\":\"Bruna Greco\"}}]}<\/script>\n<!-- \/ Yoast SEO plugin. -->","yoast_head_json":{"title":"Novas sinaliza\u00e7\u00f5es para reduzir riscos e salvar vidas","description":"Prefeitura de Manaus, por meio do IMMU, realiza novas sinaliza\u00e7\u00f5es para reduzir riscos e salvar vidas nas vias da cidade.","robots":{"index":"noindex","follow":"follow"},"og_locale":"pt_BR","og_type":"article","og_title":"Novas sinaliza\u00e7\u00f5es para reduzir riscos e salvar vidas","og_description":"Prefeitura de Manaus, por meio do IMMU, realiza novas sinaliza\u00e7\u00f5es para reduzir riscos e salvar vidas nas vias da cidade.","og_url":"https:\/\/www.manaus.am.gov.br\/immu\/mobilidade\/novas-sinalizacoes\/","og_site_name":"IMMU","article_published_time":"2025-05-14T15:09:09+00:00","og_image":[{"width":1600,"height":1200,"url":"https:\/\/www.manaus.am.gov.br\/immu\/wp-content\/uploads\/sites\/14\/2025\/05\/Sinalizacao-2-1.jpeg","type":"image\/jpeg"}],"author":"Bruna Greco","twitter_card":"summary_large_image","twitter_misc":{"Written by":"Bruna Greco","Est. reading time":"2 minutos"},"schema":{"@context":"https:\/\/schema.org","@graph":[{"@type":"WebPage","@id":"https:\/\/www.manaus.am.gov.br\/immu\/mobilidade\/novas-sinalizacoes\/","url":"https:\/\/www.manaus.am.gov.br\/immu\/mobilidade\/novas-sinalizacoes\/","name":"Novas sinaliza\u00e7\u00f5es para reduzir riscos e salvar vidas","isPartOf":{"@id":"https:\/\/www.manaus.am.gov.br\/immu\/#website"},"primaryImageOfPage":{"@id":"https:\/\/www.manaus.am.gov.br\/immu\/mobilidade\/novas-sinalizacoes\/#primaryimage"},"image":{"@id":"https:\/\/www.manaus.am.gov.br\/immu\/mobilidade\/novas-sinalizacoes\/#primaryimage"},"thumbnailUrl":"https:\/\/www.manaus.am.gov.br\/immu\/wp-content\/uploads\/sites\/14\/2025\/05\/Sinalizacao-2-1.jpeg","datePublished":"2025-05-14T15:09:09+00:00","dateModified":"2025-05-14T15:09:09+00:00","author":{"@id":"https:\/\/www.manaus.am.gov.br\/immu\/#\/schema\/person\/05d223aea2bf115f9883a6ff3683d81b"},"description":"Prefeitura de Manaus, por meio do IMMU, realiza novas sinaliza\u00e7\u00f5es para reduzir riscos e salvar vidas nas vias da cidade.","breadcrumb":{"@id":"https:\/\/www.manaus.am.gov.br\/immu\/mobilidade\/novas-sinalizacoes\/#breadcrumb"},"inLanguage":"pt-BR","potentialAction":[{"@type":"ReadAction","target":["https:\/\/www.manaus.am.gov.br\/immu\/mobilidade\/novas-sinalizacoes\/"]}]},{"@type":"ImageObject","inLanguage":"pt-BR","@id":"https:\/\/www.manaus.am.gov.br\/immu\/mobilidade\/novas-sinalizacoes\/#primaryimage","url":"https:\/\/www.manaus.am.gov.br\/immu\/wp-content\/uploads\/sites\/14\/2025\/05\/Sinalizacao-2-1.jpeg","contentUrl":"https:\/\/www.manaus.am.gov.br\/immu\/wp-content\/uploads\/sites\/14\/2025\/05\/Sinalizacao-2-1.jpeg","width":1600,"height":1200,"caption":"#paratodosverem - Sinaliza\u00e7\u00e3o vi\u00e1ria realizada pela equipe do IMMU em via de Manaus"},{"@type":"BreadcrumbList","@id":"https:\/\/www.manaus.am.gov.br\/immu\/mobilidade\/novas-sinalizacoes\/#breadcrumb","itemListElement":[{"@type":"ListItem","position":1,"name":"Home","item":"https:\/\/www.manaus.am.gov.br\/immu\/"},{"@type":"ListItem","position":2,"name":"Prefeitura de Manaus realiza novas sinaliza\u00e7\u00f5es para reduzir riscos e salvar vidas"}]},{"@type":"WebSite","@id":"https:\/\/www.manaus.am.gov.br\/immu\/#website","url":"https:\/\/www.manaus.am.gov.br\/immu\/","name":"IMMU","description":"Prefeitura de Manaus","potentialAction":[{"@type":"SearchAction","target":{"@type":"EntryPoint","urlTemplate":"https:\/\/www.manaus.am.gov.br\/immu\/?s={search_term_string}"},"query-input":"required name=search_term_string"}],"inLanguage":"pt-BR"},{"@type":"Person","@id":"https:\/\/www.manaus.am.gov.br\/immu\/#\/schema\/person\/05d223aea2bf115f9883a6ff3683d81b","name":"Bruna Greco","image":{"@type":"ImageObject","inLanguage":"pt-BR","@id":"https:\/\/www.manaus.am.gov.br\/immu\/#\/schema\/person\/image\/","url":"https:\/\/secure.gravatar.com\/avatar\/9c877d1a6adc2a055330e5c09a8653ce?s=96&d=mm&r=g","contentUrl":"https:\/\/secure.gravatar.com\/avatar\/9c877d1a6adc2a055330e5c09a8653ce?s=96&d=mm&r=g","caption":"Bruna Greco"}}]}},"_links":{"self":[{"href":"https:\/\/www.manaus.am.gov.br\/immu\/wp-json\/wp\/v2\/posts\/3592"}],"collection":[{"href":"https:\/\/www.manaus.am.gov.br\/immu\/wp-json\/wp\/v2\/posts"}],"about":[{"href":"https:\/\/www.manaus.am.gov.br\/immu\/wp-json\/wp\/v2\/types\/post"}],"author":[{"embeddable":true,"href":"https:\/\/www.manaus.am.gov.br\/immu\/wp-json\/wp\/v2\/users\/39"}],"replies":[{"embeddable":true,"href":"https:\/\/www.manaus.am.gov.br\/immu\/wp-json\/wp\/v2\/comments?post=3592"}],"version-history":[{"count":1,"href":"https:\/\/www.manaus.am.gov.br\/immu\/wp-json\/wp\/v2\/posts\/3592\/revisions"}],"predecessor-version":[{"id":3595,"href":"https:\/\/www.manaus.am.gov.br\/immu\/wp-json\/wp\/v2\/posts\/3592\/revisions\/3595"}],"wp:featuredmedia":[{"embeddable":true,"href":"https:\/\/www.manaus.am.gov.br\/immu\/wp-json\/wp\/v2\/media\/3594"}],"wp:attachment":[{"href":"https:\/\/www.manaus.am.gov.br\/immu\/wp-json\/wp\/v2\/media?parent=3592"}],"wp:term":[{"taxonomy":"category","embeddable":true,"href":"https:\/\/www.manaus.am.gov.br\/immu\/wp-json\/wp\/v2\/categories?post=3592"},{"taxonomy":"post_tag","embeddable":true,"href":"https:\/\/www.manaus.am.gov.br\/immu\/wp-json\/wp\/v2\/tags?post=3592"}],"curies":[{"name":"wp","href":"https:\/\/api.w.org\/{rel}","templated":true}]}}