{"id":2264,"date":"2024-04-23T15:58:19","date_gmt":"2024-04-23T19:58:19","guid":{"rendered":"https:\/\/www.manaus.am.gov.br\/immu\/sem-categoria\/operacoes-ordenar-transito\/"},"modified":"2024-04-23T15:58:20","modified_gmt":"2024-04-23T19:58:20","slug":"operacoes-ordenar-transito","status":"publish","type":"post","link":"https:\/\/www.manaus.am.gov.br\/immu\/transito\/operacoes-ordenar-transito\/","title":{"rendered":"Prefeitura realiza mix de opera\u00e7\u00f5es para ordenar tr\u00e2nsito em Manaus"},"content":{"rendered":"\n<p>Em diferentes zonas da capital, a Prefeitura de Manaus, por meio do Instituto Municipal de Mobilidade Urbana (IMMU), promoveu, nesta ter\u00e7a-feira, 23\/4, a\u00e7\u00f5es de fiscaliza\u00e7\u00e3o e opera\u00e7\u00f5es de tr\u00e2nsito. A inten\u00e7\u00e3o \u00e9 oferecer mais seguran\u00e7a a pedestres e condutores de ve\u00edculos, assim como garantir maior fluidez nas vias.<\/p>\n\n\n\n<p>Na zona Sul da cidade, agentes de tr\u00e2nsito removeram um ve\u00edculo com caracter\u00edsticas de sucata na rua Barcelos, bairro Cachoeirinha.&nbsp; Ve\u00edculos abandonados podem trazer riscos \u00e0 sa\u00fade da popula\u00e7\u00e3o e ainda podem contribuir para a ocorr\u00eancia de acidentes.<\/p>\n\n\n\n<p>Os agentes tamb\u00e9m atuaram nas \u00e1reas de embarque e desembarque do Aeroporto Internacional de Manaus, zona Oeste da cidade, para garantir seguran\u00e7a e fluidez no tr\u00e2nsito local, al\u00e9m de evitar estacionamento irregular que comprometa a circula\u00e7\u00e3o de ve\u00edculos.<\/p>\n\n\n\n<p>Ainda na zona Oeste, foi realizada a opera\u00e7\u00e3o Travessia Segura, na Avenida Coronel Teixeira, nas imedia\u00e7\u00f5es do Condom\u00ednio Reserva Inglesa, \u00e1rea que registra grande fluxo de travessia de pedestres.<\/p>\n\n\n\n<p>O chefe da Divis\u00e3o Oeste do IMMU, Ian Domingues, explicou a opera\u00e7\u00e3o na avenida Coronel Teixeira. \u201cEste trecho da avenida, em frente ao condom\u00ednio Reserva Inglesa, merece aten\u00e7\u00e3o especial, porque tem um fluxo muito grande de pedestres e ve\u00edculos. O objetivo, al\u00e9m de fazer a travessia dos pedestres, \u00e9 fazer com que o tr\u00e2nsito flua com mais seguran\u00e7a\u201d, contou Ian.<\/p>\n\n\n\n<p>Essas a\u00e7\u00f5es fazem parte de um esfor\u00e7o cont\u00ednuo da administra\u00e7\u00e3o municipal para melhorar a mobilidade urbana e garantir que as normas de tr\u00e2nsito sejam respeitadas, contribuindo para uma cidade mais segura e organizada.<\/p>\n\n\n\n<p>&#8212; &#8212; &#8212;<\/p>\n\n\n\n<p><strong>Texto<\/strong> &#8211; \u00c1lisson Castro \/ IMMU<strong>Fotos<\/strong> &#8211; Divulga\u00e7\u00e3o \/ IMMU<\/p>\n","protected":false},"excerpt":{"rendered":"","protected":false},"author":61,"featured_media":2265,"comment_status":"closed","ping_status":"closed","sticky":false,"template":"","format":"standard","meta":{"footnotes":""},"categories":[46],"tags":[6,594,8,50],"acf":[],"yoast_head":"<!-- This site is optimized with the Yoast SEO plugin v23.0 - https:\/\/yoast.com\/wordpress\/plugins\/seo\/ -->\n<title>Prefeitura realiza mix de opera\u00e7\u00f5es para ordenar tr\u00e2nsito<\/title>\n<meta name=\"description\" content=\"A Prefeitura de Manaus, por meio do IMMU, promoveu, nesta ter\u00e7a-feira, 23\/4, a\u00e7\u00f5es de fiscaliza\u00e7\u00e3o e opera\u00e7\u00f5es de tr\u00e2nsito.\" \/>\n<meta name=\"robots\" content=\"noindex, follow\" \/>\n<meta property=\"og:locale\" content=\"pt_BR\" \/>\n<meta property=\"og:type\" content=\"article\" \/>\n<meta property=\"og:title\" content=\"Prefeitura realiza mix de opera\u00e7\u00f5es para ordenar tr\u00e2nsito\" \/>\n<meta property=\"og:description\" content=\"A Prefeitura de Manaus, por meio do IMMU, promoveu, nesta ter\u00e7a-feira, 23\/4, a\u00e7\u00f5es de fiscaliza\u00e7\u00e3o e opera\u00e7\u00f5es de tr\u00e2nsito.\" \/>\n<meta property=\"og:url\" content=\"https:\/\/www.manaus.am.gov.br\/immu\/transito\/operacoes-ordenar-transito\/\" \/>\n<meta property=\"og:site_name\" content=\"IMMU\" \/>\n<meta property=\"article:published_time\" content=\"2024-04-23T19:58:19+00:00\" \/>\n<meta property=\"article:modified_time\" content=\"2024-04-23T19:58:20+00:00\" \/>\n<meta property=\"og:image\" content=\"https:\/\/www.manaus.am.gov.br\/immu\/wp-content\/uploads\/sites\/14\/2024\/04\/Operacoes-IMMU-2.jpeg\" \/>\n\t<meta property=\"og:image:width\" content=\"1280\" \/>\n\t<meta property=\"og:image:height\" content=\"719\" \/>\n\t<meta property=\"og:image:type\" content=\"image\/jpeg\" \/>\n<meta name=\"author\" content=\"smonteiro\" \/>\n<meta name=\"twitter:card\" content=\"summary_large_image\" \/>\n<meta name=\"twitter:label1\" content=\"Written by\" \/>\n\t<meta name=\"twitter:data1\" content=\"smonteiro\" \/>\n\t<meta name=\"twitter:label2\" content=\"Est. reading time\" \/>\n\t<meta name=\"twitter:data2\" content=\"2 minutos\" \/>\n<script type=\"application\/ld+json\" class=\"yoast-schema-graph\">{\"@context\":\"https:\/\/schema.org\",\"@graph\":[{\"@type\":\"WebPage\",\"@id\":\"https:\/\/www.manaus.am.gov.br\/immu\/transito\/operacoes-ordenar-transito\/\",\"url\":\"https:\/\/www.manaus.am.gov.br\/immu\/transito\/operacoes-ordenar-transito\/\",\"name\":\"Prefeitura realiza mix de opera\u00e7\u00f5es para ordenar tr\u00e2nsito\",\"isPartOf\":{\"@id\":\"https:\/\/www.manaus.am.gov.br\/immu\/#website\"},\"primaryImageOfPage\":{\"@id\":\"https:\/\/www.manaus.am.gov.br\/immu\/transito\/operacoes-ordenar-transito\/#primaryimage\"},\"image\":{\"@id\":\"https:\/\/www.manaus.am.gov.br\/immu\/transito\/operacoes-ordenar-transito\/#primaryimage\"},\"thumbnailUrl\":\"https:\/\/www.manaus.am.gov.br\/immu\/wp-content\/uploads\/sites\/14\/2024\/04\/Operacoes-IMMU-2.jpeg\",\"datePublished\":\"2024-04-23T19:58:19+00:00\",\"dateModified\":\"2024-04-23T19:58:20+00:00\",\"author\":{\"@id\":\"https:\/\/www.manaus.am.gov.br\/immu\/#\/schema\/person\/ab4dcf766a54dff74e8d267f5c591961\"},\"description\":\"A Prefeitura de Manaus, por meio do IMMU, promoveu, nesta ter\u00e7a-feira, 23\/4, a\u00e7\u00f5es de fiscaliza\u00e7\u00e3o e opera\u00e7\u00f5es de tr\u00e2nsito.\",\"breadcrumb\":{\"@id\":\"https:\/\/www.manaus.am.gov.br\/immu\/transito\/operacoes-ordenar-transito\/#breadcrumb\"},\"inLanguage\":\"pt-BR\",\"potentialAction\":[{\"@type\":\"ReadAction\",\"target\":[\"https:\/\/www.manaus.am.gov.br\/immu\/transito\/operacoes-ordenar-transito\/\"]}]},{\"@type\":\"ImageObject\",\"inLanguage\":\"pt-BR\",\"@id\":\"https:\/\/www.manaus.am.gov.br\/immu\/transito\/operacoes-ordenar-transito\/#primaryimage\",\"url\":\"https:\/\/www.manaus.am.gov.br\/immu\/wp-content\/uploads\/sites\/14\/2024\/04\/Operacoes-IMMU-2.jpeg\",\"contentUrl\":\"https:\/\/www.manaus.am.gov.br\/immu\/wp-content\/uploads\/sites\/14\/2024\/04\/Operacoes-IMMU-2.jpeg\",\"width\":1280,\"height\":719,\"caption\":\"#paratodosverem - agente de tr\u00e2nsito orienta a travessia de pedestres na zona Oeste\"},{\"@type\":\"BreadcrumbList\",\"@id\":\"https:\/\/www.manaus.am.gov.br\/immu\/transito\/operacoes-ordenar-transito\/#breadcrumb\",\"itemListElement\":[{\"@type\":\"ListItem\",\"position\":1,\"name\":\"Home\",\"item\":\"https:\/\/www.manaus.am.gov.br\/immu\/\"},{\"@type\":\"ListItem\",\"position\":2,\"name\":\"Prefeitura realiza mix de opera\u00e7\u00f5es para ordenar tr\u00e2nsito em Manaus\"}]},{\"@type\":\"WebSite\",\"@id\":\"https:\/\/www.manaus.am.gov.br\/immu\/#website\",\"url\":\"https:\/\/www.manaus.am.gov.br\/immu\/\",\"name\":\"IMMU\",\"description\":\"Prefeitura de Manaus\",\"potentialAction\":[{\"@type\":\"SearchAction\",\"target\":{\"@type\":\"EntryPoint\",\"urlTemplate\":\"https:\/\/www.manaus.am.gov.br\/immu\/?s={search_term_string}\"},\"query-input\":\"required name=search_term_string\"}],\"inLanguage\":\"pt-BR\"},{\"@type\":\"Person\",\"@id\":\"https:\/\/www.manaus.am.gov.br\/immu\/#\/schema\/person\/ab4dcf766a54dff74e8d267f5c591961\",\"name\":\"smonteiro\",\"image\":{\"@type\":\"ImageObject\",\"inLanguage\":\"pt-BR\",\"@id\":\"https:\/\/www.manaus.am.gov.br\/immu\/#\/schema\/person\/image\/\",\"url\":\"https:\/\/secure.gravatar.com\/avatar\/21c8776ef61d9272c73322052e042d77?s=96&d=mm&r=g\",\"contentUrl\":\"https:\/\/secure.gravatar.com\/avatar\/21c8776ef61d9272c73322052e042d77?s=96&d=mm&r=g\",\"caption\":\"smonteiro\"}}]}<\/script>\n<!-- \/ Yoast SEO plugin. -->","yoast_head_json":{"title":"Prefeitura realiza mix de opera\u00e7\u00f5es para ordenar tr\u00e2nsito","description":"A Prefeitura de Manaus, por meio do IMMU, promoveu, nesta ter\u00e7a-feira, 23\/4, a\u00e7\u00f5es de fiscaliza\u00e7\u00e3o e opera\u00e7\u00f5es de tr\u00e2nsito.","robots":{"index":"noindex","follow":"follow"},"og_locale":"pt_BR","og_type":"article","og_title":"Prefeitura realiza mix de opera\u00e7\u00f5es para ordenar tr\u00e2nsito","og_description":"A Prefeitura de Manaus, por meio do IMMU, promoveu, nesta ter\u00e7a-feira, 23\/4, a\u00e7\u00f5es de fiscaliza\u00e7\u00e3o e opera\u00e7\u00f5es de tr\u00e2nsito.","og_url":"https:\/\/www.manaus.am.gov.br\/immu\/transito\/operacoes-ordenar-transito\/","og_site_name":"IMMU","article_published_time":"2024-04-23T19:58:19+00:00","article_modified_time":"2024-04-23T19:58:20+00:00","og_image":[{"width":1280,"height":719,"url":"https:\/\/www.manaus.am.gov.br\/immu\/wp-content\/uploads\/sites\/14\/2024\/04\/Operacoes-IMMU-2.jpeg","type":"image\/jpeg"}],"author":"smonteiro","twitter_card":"summary_large_image","twitter_misc":{"Written by":"smonteiro","Est. reading time":"2 minutos"},"schema":{"@context":"https:\/\/schema.org","@graph":[{"@type":"WebPage","@id":"https:\/\/www.manaus.am.gov.br\/immu\/transito\/operacoes-ordenar-transito\/","url":"https:\/\/www.manaus.am.gov.br\/immu\/transito\/operacoes-ordenar-transito\/","name":"Prefeitura realiza mix de opera\u00e7\u00f5es para ordenar tr\u00e2nsito","isPartOf":{"@id":"https:\/\/www.manaus.am.gov.br\/immu\/#website"},"primaryImageOfPage":{"@id":"https:\/\/www.manaus.am.gov.br\/immu\/transito\/operacoes-ordenar-transito\/#primaryimage"},"image":{"@id":"https:\/\/www.manaus.am.gov.br\/immu\/transito\/operacoes-ordenar-transito\/#primaryimage"},"thumbnailUrl":"https:\/\/www.manaus.am.gov.br\/immu\/wp-content\/uploads\/sites\/14\/2024\/04\/Operacoes-IMMU-2.jpeg","datePublished":"2024-04-23T19:58:19+00:00","dateModified":"2024-04-23T19:58:20+00:00","author":{"@id":"https:\/\/www.manaus.am.gov.br\/immu\/#\/schema\/person\/ab4dcf766a54dff74e8d267f5c591961"},"description":"A Prefeitura de Manaus, por meio do IMMU, promoveu, nesta ter\u00e7a-feira, 23\/4, a\u00e7\u00f5es de fiscaliza\u00e7\u00e3o e opera\u00e7\u00f5es de tr\u00e2nsito.","breadcrumb":{"@id":"https:\/\/www.manaus.am.gov.br\/immu\/transito\/operacoes-ordenar-transito\/#breadcrumb"},"inLanguage":"pt-BR","potentialAction":[{"@type":"ReadAction","target":["https:\/\/www.manaus.am.gov.br\/immu\/transito\/operacoes-ordenar-transito\/"]}]},{"@type":"ImageObject","inLanguage":"pt-BR","@id":"https:\/\/www.manaus.am.gov.br\/immu\/transito\/operacoes-ordenar-transito\/#primaryimage","url":"https:\/\/www.manaus.am.gov.br\/immu\/wp-content\/uploads\/sites\/14\/2024\/04\/Operacoes-IMMU-2.jpeg","contentUrl":"https:\/\/www.manaus.am.gov.br\/immu\/wp-content\/uploads\/sites\/14\/2024\/04\/Operacoes-IMMU-2.jpeg","width":1280,"height":719,"caption":"#paratodosverem - agente de tr\u00e2nsito orienta a travessia de pedestres na zona Oeste"},{"@type":"BreadcrumbList","@id":"https:\/\/www.manaus.am.gov.br\/immu\/transito\/operacoes-ordenar-transito\/#breadcrumb","itemListElement":[{"@type":"ListItem","position":1,"name":"Home","item":"https:\/\/www.manaus.am.gov.br\/immu\/"},{"@type":"ListItem","position":2,"name":"Prefeitura realiza mix de opera\u00e7\u00f5es para ordenar tr\u00e2nsito em Manaus"}]},{"@type":"WebSite","@id":"https:\/\/www.manaus.am.gov.br\/immu\/#website","url":"https:\/\/www.manaus.am.gov.br\/immu\/","name":"IMMU","description":"Prefeitura de Manaus","potentialAction":[{"@type":"SearchAction","target":{"@type":"EntryPoint","urlTemplate":"https:\/\/www.manaus.am.gov.br\/immu\/?s={search_term_string}"},"query-input":"required name=search_term_string"}],"inLanguage":"pt-BR"},{"@type":"Person","@id":"https:\/\/www.manaus.am.gov.br\/immu\/#\/schema\/person\/ab4dcf766a54dff74e8d267f5c591961","name":"smonteiro","image":{"@type":"ImageObject","inLanguage":"pt-BR","@id":"https:\/\/www.manaus.am.gov.br\/immu\/#\/schema\/person\/image\/","url":"https:\/\/secure.gravatar.com\/avatar\/21c8776ef61d9272c73322052e042d77?s=96&d=mm&r=g","contentUrl":"https:\/\/secure.gravatar.com\/avatar\/21c8776ef61d9272c73322052e042d77?s=96&d=mm&r=g","caption":"smonteiro"}}]}},"_links":{"self":[{"href":"https:\/\/www.manaus.am.gov.br\/immu\/wp-json\/wp\/v2\/posts\/2264"}],"collection":[{"href":"https:\/\/www.manaus.am.gov.br\/immu\/wp-json\/wp\/v2\/posts"}],"about":[{"href":"https:\/\/www.manaus.am.gov.br\/immu\/wp-json\/wp\/v2\/types\/post"}],"author":[{"embeddable":true,"href":"https:\/\/www.manaus.am.gov.br\/immu\/wp-json\/wp\/v2\/users\/61"}],"replies":[{"embeddable":true,"href":"https:\/\/www.manaus.am.gov.br\/immu\/wp-json\/wp\/v2\/comments?post=2264"}],"version-history":[{"count":0,"href":"https:\/\/www.manaus.am.gov.br\/immu\/wp-json\/wp\/v2\/posts\/2264\/revisions"}],"wp:featuredmedia":[{"embeddable":true,"href":"https:\/\/www.manaus.am.gov.br\/immu\/wp-json\/wp\/v2\/media\/2265"}],"wp:attachment":[{"href":"https:\/\/www.manaus.am.gov.br\/immu\/wp-json\/wp\/v2\/media?parent=2264"}],"wp:term":[{"taxonomy":"category","embeddable":true,"href":"https:\/\/www.manaus.am.gov.br\/immu\/wp-json\/wp\/v2\/categories?post=2264"},{"taxonomy":"post_tag","embeddable":true,"href":"https:\/\/www.manaus.am.gov.br\/immu\/wp-json\/wp\/v2\/tags?post=2264"}],"curies":[{"name":"wp","href":"https:\/\/api.w.org\/{rel}","templated":true}]}}