{"id":2260,"date":"2024-04-19T13:34:42","date_gmt":"2024-04-19T17:34:42","guid":{"rendered":"https:\/\/www.manaus.am.gov.br\/immu\/sem-categoria\/interdicao-alcasubterranea-immu\/"},"modified":"2024-04-19T13:38:10","modified_gmt":"2024-04-19T17:38:10","slug":"interdicao-alcasubterranea-immu","status":"publish","type":"post","link":"https:\/\/www.manaus.am.gov.br\/immu\/transito\/interdicao-alcasubterranea-immu\/","title":{"rendered":"Al\u00e7a de passagem subterr\u00e2nea ser\u00e1 interditada na madrugada de domingo at\u00e9 primeiras horas de segunda"},"content":{"rendered":"\n<p>A Prefeitura de Manaus, por meio do Instituto Municipal de Mobilidade Urbana (IMMU), informa que, de 0h de domingo, 21\/4, at\u00e9 as 4h de segunda-feira, 22\/4, o&nbsp;acesso para o bairro Parque 10 de Novembro dos condutores que v\u00eam da avenida Ephig\u00eanio Salles para a avenida Umberto Calderaro Filho, pela al\u00e7a lateral da passagem subterr\u00e2nea, estar\u00e1 interditado para a realiza\u00e7\u00e3o de obras da Companhia de G\u00e1s do Amazonas (Cig\u00e1s).<\/p>\n\n\n\n<p>A obra da Cig\u00e1s, no local, prev\u00ea a implanta\u00e7\u00e3o de aproximadamente 40 metros de rede de distribui\u00e7\u00e3o de g\u00e1s natural.<\/p>\n\n\n\n<p>Os condutores que queiram chegar ao Parque 10 devem seguir mais alguns metros ap\u00f3s a passagem subterr\u00e2nea e entrar \u00e0 direita em acesso ao lado da loja Honda Shizen at\u00e9 alcan\u00e7ar a rua Samuel Benchimol, conhecida como Passeio do Mindu. Na Benchimol, os condutores poder\u00e3o entrar \u00e0 direita para chegar \u00e0 avenida Umberto Calderaro Filho.<\/p>\n\n\n\n<p>Por causa da mudan\u00e7a de circula\u00e7\u00e3o, a via de acesso da avenida Umberto Calderaro para a rua Samuel Benchimol tamb\u00e9m ficar\u00e1 interditada entre 0h de domingo at\u00e9 4h de segunda. Ser\u00e3o mais de 24 horas com o trecho interditado.<\/p>\n\n\n\n<p>As altera\u00e7\u00f5es ir\u00e3o afetar a circula\u00e7\u00e3o das linhas de \u00f4nibus 008 (Compensa\/Ephig\u00eanio Salles\/S\u00e3o Jos\u00e9\/Terminal 5) e 671 (Terminal 5\/Parque 10\/Terminal 2\/Cachoeirinha) que ir\u00e3o entrar \u00e0 direita no acesso ao lado da loja Honda Shizen at\u00e9 alcan\u00e7ar a rua Samuel Benchimol e, depois, seguir avenida Umberto Calderaro Filho.<\/p>\n\n\n\n<p>Em rela\u00e7\u00e3o \u00e0 circula\u00e7\u00e3o de caminh\u00f5es e carretas, devem seguir pela avenida Darcy Vargas at\u00e9 alcan\u00e7ar a avenida Djalma Batista.<\/p>\n\n\n\n<p>&nbsp;&#8212; &#8212; &#8212;<\/p>\n\n\n\n<p><strong>Texto &#8211;&nbsp;<\/strong>\u00c1lisson Castro\/IMMU<\/p>\n\n\n\n<p><strong>Ilustra\u00e7\u00e3o &#8211;&nbsp;<\/strong>Divulga\u00e7\u00e3o\/IMMU<\/p>\n","protected":false},"excerpt":{"rendered":"","protected":false},"author":23,"featured_media":2263,"comment_status":"closed","ping_status":"closed","sticky":false,"template":"","format":"standard","meta":{"footnotes":""},"categories":[46],"tags":[1530,6,321,8],"acf":[],"yoast_head":"<!-- This site is optimized with the Yoast SEO plugin v23.0 - https:\/\/yoast.com\/wordpress\/plugins\/seo\/ -->\n<title>Al\u00e7a de passagem subterr\u00e2nea ser\u00e1 interditada na madrugada de domingo at\u00e9 primeiras horas de segunda<\/title>\n<meta name=\"description\" content=\"A Prefeitura de Manaus, por meio do Instituto Municipal de Mobilidade Urbana (IMMU), informa que, de 0h de domingo, 21\/4, at\u00e9 as 4h de segunda-feira, 22\/4, o acesso para o bairro Parque 10 de Novembro dos condutores que v\u00eam da avenida Ephig\u00eanio Salles para a avenida Umberto Calderaro Filho, pela al\u00e7a lateral da passagem subterr\u00e2nea, estar\u00e1 interditado para a realiza\u00e7\u00e3o de obras da Companhia de G\u00e1s do Amazonas (Cig\u00e1s).\" \/>\n<meta name=\"robots\" content=\"noindex, follow\" \/>\n<meta property=\"og:locale\" content=\"pt_BR\" \/>\n<meta property=\"og:type\" content=\"article\" \/>\n<meta property=\"og:title\" content=\"Al\u00e7a de passagem subterr\u00e2nea ser\u00e1 interditada na madrugada de domingo at\u00e9 primeiras horas de segunda\" \/>\n<meta property=\"og:description\" content=\"A Prefeitura de Manaus, por meio do Instituto Municipal de Mobilidade Urbana (IMMU), informa que, de 0h de domingo, 21\/4, at\u00e9 as 4h de segunda-feira, 22\/4, o acesso para o bairro Parque 10 de Novembro dos condutores que v\u00eam da avenida Ephig\u00eanio Salles para a avenida Umberto Calderaro Filho, pela al\u00e7a lateral da passagem subterr\u00e2nea, estar\u00e1 interditado para a realiza\u00e7\u00e3o de obras da Companhia de G\u00e1s do Amazonas (Cig\u00e1s).\" \/>\n<meta property=\"og:url\" content=\"https:\/\/www.manaus.am.gov.br\/immu\/transito\/interdicao-alcasubterranea-immu\/\" \/>\n<meta property=\"og:site_name\" content=\"IMMU\" \/>\n<meta property=\"article:published_time\" content=\"2024-04-19T17:34:42+00:00\" \/>\n<meta property=\"article:modified_time\" content=\"2024-04-19T17:38:10+00:00\" \/>\n<meta property=\"og:image\" content=\"https:\/\/www.manaus.am.gov.br\/immu\/wp-content\/uploads\/sites\/14\/2024\/04\/WhatsApp-Image-2024-04-17-at-14.57.20-1.jpeg\" \/>\n\t<meta property=\"og:image:width\" content=\"1600\" \/>\n\t<meta property=\"og:image:height\" content=\"1083\" \/>\n\t<meta property=\"og:image:type\" content=\"image\/jpeg\" \/>\n<meta name=\"author\" content=\"Adriana Costa\" \/>\n<meta name=\"twitter:card\" content=\"summary_large_image\" \/>\n<meta name=\"twitter:label1\" content=\"Written by\" \/>\n\t<meta name=\"twitter:data1\" content=\"Adriana Costa\" \/>\n\t<meta name=\"twitter:label2\" content=\"Est. reading time\" \/>\n\t<meta name=\"twitter:data2\" content=\"2 minutos\" \/>\n<script type=\"application\/ld+json\" class=\"yoast-schema-graph\">{\"@context\":\"https:\/\/schema.org\",\"@graph\":[{\"@type\":\"WebPage\",\"@id\":\"https:\/\/www.manaus.am.gov.br\/immu\/transito\/interdicao-alcasubterranea-immu\/\",\"url\":\"https:\/\/www.manaus.am.gov.br\/immu\/transito\/interdicao-alcasubterranea-immu\/\",\"name\":\"Al\u00e7a de passagem subterr\u00e2nea ser\u00e1 interditada na madrugada de domingo at\u00e9 primeiras horas de segunda\",\"isPartOf\":{\"@id\":\"https:\/\/www.manaus.am.gov.br\/immu\/#website\"},\"primaryImageOfPage\":{\"@id\":\"https:\/\/www.manaus.am.gov.br\/immu\/transito\/interdicao-alcasubterranea-immu\/#primaryimage\"},\"image\":{\"@id\":\"https:\/\/www.manaus.am.gov.br\/immu\/transito\/interdicao-alcasubterranea-immu\/#primaryimage\"},\"thumbnailUrl\":\"https:\/\/www.manaus.am.gov.br\/immu\/wp-content\/uploads\/sites\/14\/2024\/04\/WhatsApp-Image-2024-04-17-at-14.57.20-1.jpeg\",\"datePublished\":\"2024-04-19T17:34:42+00:00\",\"dateModified\":\"2024-04-19T17:38:10+00:00\",\"author\":{\"@id\":\"https:\/\/www.manaus.am.gov.br\/immu\/#\/schema\/person\/4e49f4e267757a06ca072ec61b2b9968\"},\"description\":\"A Prefeitura de Manaus, por meio do Instituto Municipal de Mobilidade Urbana (IMMU), informa que, de 0h de domingo, 21\/4, at\u00e9 as 4h de segunda-feira, 22\/4, o acesso para o bairro Parque 10 de Novembro dos condutores que v\u00eam da avenida Ephig\u00eanio Salles para a avenida Umberto Calderaro Filho, pela al\u00e7a lateral da passagem subterr\u00e2nea, estar\u00e1 interditado para a realiza\u00e7\u00e3o de obras da Companhia de G\u00e1s do Amazonas (Cig\u00e1s).\",\"breadcrumb\":{\"@id\":\"https:\/\/www.manaus.am.gov.br\/immu\/transito\/interdicao-alcasubterranea-immu\/#breadcrumb\"},\"inLanguage\":\"pt-BR\",\"potentialAction\":[{\"@type\":\"ReadAction\",\"target\":[\"https:\/\/www.manaus.am.gov.br\/immu\/transito\/interdicao-alcasubterranea-immu\/\"]}]},{\"@type\":\"ImageObject\",\"inLanguage\":\"pt-BR\",\"@id\":\"https:\/\/www.manaus.am.gov.br\/immu\/transito\/interdicao-alcasubterranea-immu\/#primaryimage\",\"url\":\"https:\/\/www.manaus.am.gov.br\/immu\/wp-content\/uploads\/sites\/14\/2024\/04\/WhatsApp-Image-2024-04-17-at-14.57.20-1.jpeg\",\"contentUrl\":\"https:\/\/www.manaus.am.gov.br\/immu\/wp-content\/uploads\/sites\/14\/2024\/04\/WhatsApp-Image-2024-04-17-at-14.57.20-1.jpeg\",\"width\":1600,\"height\":1083},{\"@type\":\"BreadcrumbList\",\"@id\":\"https:\/\/www.manaus.am.gov.br\/immu\/transito\/interdicao-alcasubterranea-immu\/#breadcrumb\",\"itemListElement\":[{\"@type\":\"ListItem\",\"position\":1,\"name\":\"Home\",\"item\":\"https:\/\/www.manaus.am.gov.br\/immu\/\"},{\"@type\":\"ListItem\",\"position\":2,\"name\":\"Al\u00e7a de passagem subterr\u00e2nea ser\u00e1 interditada na madrugada de domingo at\u00e9 primeiras horas de segunda\"}]},{\"@type\":\"WebSite\",\"@id\":\"https:\/\/www.manaus.am.gov.br\/immu\/#website\",\"url\":\"https:\/\/www.manaus.am.gov.br\/immu\/\",\"name\":\"IMMU\",\"description\":\"Prefeitura de Manaus\",\"potentialAction\":[{\"@type\":\"SearchAction\",\"target\":{\"@type\":\"EntryPoint\",\"urlTemplate\":\"https:\/\/www.manaus.am.gov.br\/immu\/?s={search_term_string}\"},\"query-input\":\"required name=search_term_string\"}],\"inLanguage\":\"pt-BR\"},{\"@type\":\"Person\",\"@id\":\"https:\/\/www.manaus.am.gov.br\/immu\/#\/schema\/person\/4e49f4e267757a06ca072ec61b2b9968\",\"name\":\"Adriana Costa\",\"image\":{\"@type\":\"ImageObject\",\"inLanguage\":\"pt-BR\",\"@id\":\"https:\/\/www.manaus.am.gov.br\/immu\/#\/schema\/person\/image\/\",\"url\":\"https:\/\/secure.gravatar.com\/avatar\/576258617ef7194f718179e766d57bd4?s=96&d=mm&r=g\",\"contentUrl\":\"https:\/\/secure.gravatar.com\/avatar\/576258617ef7194f718179e766d57bd4?s=96&d=mm&r=g\",\"caption\":\"Adriana Costa\"}}]}<\/script>\n<!-- \/ Yoast SEO plugin. -->","yoast_head_json":{"title":"Al\u00e7a de passagem subterr\u00e2nea ser\u00e1 interditada na madrugada de domingo at\u00e9 primeiras horas de segunda","description":"A Prefeitura de Manaus, por meio do Instituto Municipal de Mobilidade Urbana (IMMU), informa que, de 0h de domingo, 21\/4, at\u00e9 as 4h de segunda-feira, 22\/4, o acesso para o bairro Parque 10 de Novembro dos condutores que v\u00eam da avenida Ephig\u00eanio Salles para a avenida Umberto Calderaro Filho, pela al\u00e7a lateral da passagem subterr\u00e2nea, estar\u00e1 interditado para a realiza\u00e7\u00e3o de obras da Companhia de G\u00e1s do Amazonas (Cig\u00e1s).","robots":{"index":"noindex","follow":"follow"},"og_locale":"pt_BR","og_type":"article","og_title":"Al\u00e7a de passagem subterr\u00e2nea ser\u00e1 interditada na madrugada de domingo at\u00e9 primeiras horas de segunda","og_description":"A Prefeitura de Manaus, por meio do Instituto Municipal de Mobilidade Urbana (IMMU), informa que, de 0h de domingo, 21\/4, at\u00e9 as 4h de segunda-feira, 22\/4, o acesso para o bairro Parque 10 de Novembro dos condutores que v\u00eam da avenida Ephig\u00eanio Salles para a avenida Umberto Calderaro Filho, pela al\u00e7a lateral da passagem subterr\u00e2nea, estar\u00e1 interditado para a realiza\u00e7\u00e3o de obras da Companhia de G\u00e1s do Amazonas (Cig\u00e1s).","og_url":"https:\/\/www.manaus.am.gov.br\/immu\/transito\/interdicao-alcasubterranea-immu\/","og_site_name":"IMMU","article_published_time":"2024-04-19T17:34:42+00:00","article_modified_time":"2024-04-19T17:38:10+00:00","og_image":[{"width":1600,"height":1083,"url":"https:\/\/www.manaus.am.gov.br\/immu\/wp-content\/uploads\/sites\/14\/2024\/04\/WhatsApp-Image-2024-04-17-at-14.57.20-1.jpeg","type":"image\/jpeg"}],"author":"Adriana Costa","twitter_card":"summary_large_image","twitter_misc":{"Written by":"Adriana Costa","Est. reading time":"2 minutos"},"schema":{"@context":"https:\/\/schema.org","@graph":[{"@type":"WebPage","@id":"https:\/\/www.manaus.am.gov.br\/immu\/transito\/interdicao-alcasubterranea-immu\/","url":"https:\/\/www.manaus.am.gov.br\/immu\/transito\/interdicao-alcasubterranea-immu\/","name":"Al\u00e7a de passagem subterr\u00e2nea ser\u00e1 interditada na madrugada de domingo at\u00e9 primeiras horas de segunda","isPartOf":{"@id":"https:\/\/www.manaus.am.gov.br\/immu\/#website"},"primaryImageOfPage":{"@id":"https:\/\/www.manaus.am.gov.br\/immu\/transito\/interdicao-alcasubterranea-immu\/#primaryimage"},"image":{"@id":"https:\/\/www.manaus.am.gov.br\/immu\/transito\/interdicao-alcasubterranea-immu\/#primaryimage"},"thumbnailUrl":"https:\/\/www.manaus.am.gov.br\/immu\/wp-content\/uploads\/sites\/14\/2024\/04\/WhatsApp-Image-2024-04-17-at-14.57.20-1.jpeg","datePublished":"2024-04-19T17:34:42+00:00","dateModified":"2024-04-19T17:38:10+00:00","author":{"@id":"https:\/\/www.manaus.am.gov.br\/immu\/#\/schema\/person\/4e49f4e267757a06ca072ec61b2b9968"},"description":"A Prefeitura de Manaus, por meio do Instituto Municipal de Mobilidade Urbana (IMMU), informa que, de 0h de domingo, 21\/4, at\u00e9 as 4h de segunda-feira, 22\/4, o acesso para o bairro Parque 10 de Novembro dos condutores que v\u00eam da avenida Ephig\u00eanio Salles para a avenida Umberto Calderaro Filho, pela al\u00e7a lateral da passagem subterr\u00e2nea, estar\u00e1 interditado para a realiza\u00e7\u00e3o de obras da Companhia de G\u00e1s do Amazonas (Cig\u00e1s).","breadcrumb":{"@id":"https:\/\/www.manaus.am.gov.br\/immu\/transito\/interdicao-alcasubterranea-immu\/#breadcrumb"},"inLanguage":"pt-BR","potentialAction":[{"@type":"ReadAction","target":["https:\/\/www.manaus.am.gov.br\/immu\/transito\/interdicao-alcasubterranea-immu\/"]}]},{"@type":"ImageObject","inLanguage":"pt-BR","@id":"https:\/\/www.manaus.am.gov.br\/immu\/transito\/interdicao-alcasubterranea-immu\/#primaryimage","url":"https:\/\/www.manaus.am.gov.br\/immu\/wp-content\/uploads\/sites\/14\/2024\/04\/WhatsApp-Image-2024-04-17-at-14.57.20-1.jpeg","contentUrl":"https:\/\/www.manaus.am.gov.br\/immu\/wp-content\/uploads\/sites\/14\/2024\/04\/WhatsApp-Image-2024-04-17-at-14.57.20-1.jpeg","width":1600,"height":1083},{"@type":"BreadcrumbList","@id":"https:\/\/www.manaus.am.gov.br\/immu\/transito\/interdicao-alcasubterranea-immu\/#breadcrumb","itemListElement":[{"@type":"ListItem","position":1,"name":"Home","item":"https:\/\/www.manaus.am.gov.br\/immu\/"},{"@type":"ListItem","position":2,"name":"Al\u00e7a de passagem subterr\u00e2nea ser\u00e1 interditada na madrugada de domingo at\u00e9 primeiras horas de segunda"}]},{"@type":"WebSite","@id":"https:\/\/www.manaus.am.gov.br\/immu\/#website","url":"https:\/\/www.manaus.am.gov.br\/immu\/","name":"IMMU","description":"Prefeitura de Manaus","potentialAction":[{"@type":"SearchAction","target":{"@type":"EntryPoint","urlTemplate":"https:\/\/www.manaus.am.gov.br\/immu\/?s={search_term_string}"},"query-input":"required name=search_term_string"}],"inLanguage":"pt-BR"},{"@type":"Person","@id":"https:\/\/www.manaus.am.gov.br\/immu\/#\/schema\/person\/4e49f4e267757a06ca072ec61b2b9968","name":"Adriana Costa","image":{"@type":"ImageObject","inLanguage":"pt-BR","@id":"https:\/\/www.manaus.am.gov.br\/immu\/#\/schema\/person\/image\/","url":"https:\/\/secure.gravatar.com\/avatar\/576258617ef7194f718179e766d57bd4?s=96&d=mm&r=g","contentUrl":"https:\/\/secure.gravatar.com\/avatar\/576258617ef7194f718179e766d57bd4?s=96&d=mm&r=g","caption":"Adriana Costa"}}]}},"_links":{"self":[{"href":"https:\/\/www.manaus.am.gov.br\/immu\/wp-json\/wp\/v2\/posts\/2260"}],"collection":[{"href":"https:\/\/www.manaus.am.gov.br\/immu\/wp-json\/wp\/v2\/posts"}],"about":[{"href":"https:\/\/www.manaus.am.gov.br\/immu\/wp-json\/wp\/v2\/types\/post"}],"author":[{"embeddable":true,"href":"https:\/\/www.manaus.am.gov.br\/immu\/wp-json\/wp\/v2\/users\/23"}],"replies":[{"embeddable":true,"href":"https:\/\/www.manaus.am.gov.br\/immu\/wp-json\/wp\/v2\/comments?post=2260"}],"version-history":[{"count":1,"href":"https:\/\/www.manaus.am.gov.br\/immu\/wp-json\/wp\/v2\/posts\/2260\/revisions"}],"predecessor-version":[{"id":2262,"href":"https:\/\/www.manaus.am.gov.br\/immu\/wp-json\/wp\/v2\/posts\/2260\/revisions\/2262"}],"wp:featuredmedia":[{"embeddable":true,"href":"https:\/\/www.manaus.am.gov.br\/immu\/wp-json\/wp\/v2\/media\/2263"}],"wp:attachment":[{"href":"https:\/\/www.manaus.am.gov.br\/immu\/wp-json\/wp\/v2\/media?parent=2260"}],"wp:term":[{"taxonomy":"category","embeddable":true,"href":"https:\/\/www.manaus.am.gov.br\/immu\/wp-json\/wp\/v2\/categories?post=2260"},{"taxonomy":"post_tag","embeddable":true,"href":"https:\/\/www.manaus.am.gov.br\/immu\/wp-json\/wp\/v2\/tags?post=2260"}],"curies":[{"name":"wp","href":"https:\/\/api.w.org\/{rel}","templated":true}]}}