{"id":2249,"date":"2024-04-17T15:14:23","date_gmt":"2024-04-17T19:14:23","guid":{"rendered":"https:\/\/www.manaus.am.gov.br\/immu\/sem-categoria\/seguranca-travessia\/"},"modified":"2024-04-17T15:14:25","modified_gmt":"2024-04-17T19:14:25","slug":"seguranca-travessia","status":"publish","type":"post","link":"https:\/\/www.manaus.am.gov.br\/immu\/mobilidade\/seguranca-travessia\/","title":{"rendered":"Prefeitura investe em seguran\u00e7a vi\u00e1ria com foco na travessia de pedestres\u00a0"},"content":{"rendered":"\n<p>A Prefeitura de Manaus, por meio do Instituto Municipal de Mobilidade Urbana (IMMU), est\u00e1 implementando uma s\u00e9rie de a\u00e7\u00f5es para melhorar a seguran\u00e7a vi\u00e1ria e permitir que pedestres possam transitar nas vias e realizar travessia segura na capital amazonense. As medidas incluem desde a instala\u00e7\u00e3o de novos dispositivos at\u00e9 a manuten\u00e7\u00e3o de infraestruturas cr\u00edticas, visando a mobilidade urbana e otimizar o tr\u00e1fego.<\/p>\n\n\n\n<p>O diretor de Engenharia do IMMU, Uarodi Guedes, afirmou que as medidas visam tamb\u00e9m reduzir o n\u00famero de acidentes em uma das avenidas mais movimentadas da cidade, onde o fluxo constante de ve\u00edculos e pedestres cria um ambiente de risco elevado.<\/p>\n\n\n\n<p>&#8220;Estamos comprometidos em tornar nossas ruas mais seguras para todos. Uma das a\u00e7\u00f5es recentes foi a instala\u00e7\u00e3o de botoeiras para pedestres na avenida Autaz Mirim, na zona Leste, em frente ao 14\u00ba DIP, no bairro Tancredo Neves, que permite aos pedestres controlarem os sem\u00e1foros para atravessar a rua com seguran\u00e7a\u201d, disse.&nbsp;<\/p>\n\n\n\n<p>Al\u00e9m disso, a avenida Macei\u00f3, pr\u00f3xima \u00e0 Secretaria Municipal de Educa\u00e7\u00e3o (Semed), tamb\u00e9m foi contemplada com melhorias na infraestrutura de seguran\u00e7a. &#8220;A troca do controlador semaf\u00f3rico na travessia de pedestres \u00e9 uma medida crucial para garantir que os sem\u00e1foros funcionem de forma eficaz, oferecendo mais seguran\u00e7a para os estudantes e outros pedestres que frequentam essa regi\u00e3o&#8221;, detalha o diretor.<\/p>\n\n\n\n<p>Outro ponto de interven\u00e7\u00e3o foi no cruzamento da avenida Francisco Orellana, com a avenida Dom Pedro, onde foi realizada uma manuten\u00e7\u00e3o com ajuste de grupo focal projetado. &#8220;Esses ajustes s\u00e3o essenciais para melhorar a visibilidade dos sem\u00e1foros e garantir que o tempo de travessia seja adequado \u00e0s necessidades dos pedestres, contribuindo assim para um tr\u00e2nsito mais seguro e organizado&#8221;, acrescenta Guedes.&nbsp;<\/p>\n\n\n\n<p>As iniciativas fazem parte de um esfor\u00e7o cont\u00ednuo da Prefeitura de Manaus, por meio do IMMU, para reduzir o n\u00famero de acidentes e melhorar a qualidade de vida na cidade. Com investimentos em tecnologia e infraestrutura, Manaus avan\u00e7a na constru\u00e7\u00e3o de um ambiente urbano mais seguro para seus motoristas e pedestres.<br><br><strong>\u2014 \u2014 \u2014<br>Texto \u2013 <\/strong>Marcelo Lima \/ IMMU<br><strong>Fotos \u2013 <\/strong>Divulga\u00e7\u00e3o \/ IMMU<\/p>\n","protected":false},"excerpt":{"rendered":"","protected":false},"author":68,"featured_media":2250,"comment_status":"closed","ping_status":"closed","sticky":false,"template":"","format":"standard","meta":{"footnotes":""},"categories":[31],"tags":[6,668,182],"acf":[],"yoast_head":"<!-- This site is optimized with the Yoast SEO plugin v23.0 - https:\/\/yoast.com\/wordpress\/plugins\/seo\/ -->\n<title>Prefeitura investe em seguran\u00e7a vi\u00e1ria com foco na travessia<\/title>\n<meta name=\"description\" content=\"A Prefeitura de Manaus, est\u00e1 implementando uma s\u00e9rie de a\u00e7\u00f5es para melhorar a seguran\u00e7a vi\u00e1ria e permitir que pedestres possam transitar nas vias.\" \/>\n<meta name=\"robots\" content=\"noindex, follow\" \/>\n<meta property=\"og:locale\" content=\"pt_BR\" \/>\n<meta property=\"og:type\" content=\"article\" \/>\n<meta property=\"og:title\" content=\"Prefeitura investe em seguran\u00e7a vi\u00e1ria com foco na travessia\" \/>\n<meta property=\"og:description\" content=\"A Prefeitura de Manaus, est\u00e1 implementando uma s\u00e9rie de a\u00e7\u00f5es para melhorar a seguran\u00e7a vi\u00e1ria e permitir que pedestres possam transitar nas vias.\" \/>\n<meta property=\"og:url\" content=\"https:\/\/www.manaus.am.gov.br\/immu\/mobilidade\/seguranca-travessia\/\" \/>\n<meta property=\"og:site_name\" content=\"IMMU\" \/>\n<meta property=\"article:published_time\" content=\"2024-04-17T19:14:23+00:00\" \/>\n<meta property=\"article:modified_time\" content=\"2024-04-17T19:14:25+00:00\" \/>\n<meta property=\"og:image\" content=\"https:\/\/www.manaus.am.gov.br\/immu\/wp-content\/uploads\/sites\/14\/2024\/04\/MOBILIDADE-URBANA.jpg\" \/>\n\t<meta property=\"og:image:width\" content=\"800\" \/>\n\t<meta property=\"og:image:height\" content=\"697\" \/>\n\t<meta property=\"og:image:type\" content=\"image\/jpeg\" \/>\n<meta name=\"author\" content=\"bvalente\" \/>\n<meta name=\"twitter:card\" content=\"summary_large_image\" \/>\n<meta name=\"twitter:label1\" content=\"Written by\" \/>\n\t<meta name=\"twitter:data1\" content=\"bvalente\" \/>\n\t<meta name=\"twitter:label2\" content=\"Est. reading time\" \/>\n\t<meta name=\"twitter:data2\" content=\"3 minutos\" \/>\n<script type=\"application\/ld+json\" class=\"yoast-schema-graph\">{\"@context\":\"https:\/\/schema.org\",\"@graph\":[{\"@type\":\"WebPage\",\"@id\":\"https:\/\/www.manaus.am.gov.br\/immu\/mobilidade\/seguranca-travessia\/\",\"url\":\"https:\/\/www.manaus.am.gov.br\/immu\/mobilidade\/seguranca-travessia\/\",\"name\":\"Prefeitura investe em seguran\u00e7a vi\u00e1ria com foco na travessia\",\"isPartOf\":{\"@id\":\"https:\/\/www.manaus.am.gov.br\/immu\/#website\"},\"primaryImageOfPage\":{\"@id\":\"https:\/\/www.manaus.am.gov.br\/immu\/mobilidade\/seguranca-travessia\/#primaryimage\"},\"image\":{\"@id\":\"https:\/\/www.manaus.am.gov.br\/immu\/mobilidade\/seguranca-travessia\/#primaryimage\"},\"thumbnailUrl\":\"https:\/\/www.manaus.am.gov.br\/immu\/wp-content\/uploads\/sites\/14\/2024\/04\/MOBILIDADE-URBANA.jpg\",\"datePublished\":\"2024-04-17T19:14:23+00:00\",\"dateModified\":\"2024-04-17T19:14:25+00:00\",\"author\":{\"@id\":\"https:\/\/www.manaus.am.gov.br\/immu\/#\/schema\/person\/466a0e03ae4b6062809046bd560ac955\"},\"description\":\"A Prefeitura de Manaus, est\u00e1 implementando uma s\u00e9rie de a\u00e7\u00f5es para melhorar a seguran\u00e7a vi\u00e1ria e permitir que pedestres possam transitar nas vias.\",\"breadcrumb\":{\"@id\":\"https:\/\/www.manaus.am.gov.br\/immu\/mobilidade\/seguranca-travessia\/#breadcrumb\"},\"inLanguage\":\"pt-BR\",\"potentialAction\":[{\"@type\":\"ReadAction\",\"target\":[\"https:\/\/www.manaus.am.gov.br\/immu\/mobilidade\/seguranca-travessia\/\"]}]},{\"@type\":\"ImageObject\",\"inLanguage\":\"pt-BR\",\"@id\":\"https:\/\/www.manaus.am.gov.br\/immu\/mobilidade\/seguranca-travessia\/#primaryimage\",\"url\":\"https:\/\/www.manaus.am.gov.br\/immu\/wp-content\/uploads\/sites\/14\/2024\/04\/MOBILIDADE-URBANA.jpg\",\"contentUrl\":\"https:\/\/www.manaus.am.gov.br\/immu\/wp-content\/uploads\/sites\/14\/2024\/04\/MOBILIDADE-URBANA.jpg\",\"width\":800,\"height\":697},{\"@type\":\"BreadcrumbList\",\"@id\":\"https:\/\/www.manaus.am.gov.br\/immu\/mobilidade\/seguranca-travessia\/#breadcrumb\",\"itemListElement\":[{\"@type\":\"ListItem\",\"position\":1,\"name\":\"Home\",\"item\":\"https:\/\/www.manaus.am.gov.br\/immu\/\"},{\"@type\":\"ListItem\",\"position\":2,\"name\":\"Prefeitura investe em seguran\u00e7a vi\u00e1ria com foco na travessia de pedestres\u00a0\"}]},{\"@type\":\"WebSite\",\"@id\":\"https:\/\/www.manaus.am.gov.br\/immu\/#website\",\"url\":\"https:\/\/www.manaus.am.gov.br\/immu\/\",\"name\":\"IMMU\",\"description\":\"Prefeitura de Manaus\",\"potentialAction\":[{\"@type\":\"SearchAction\",\"target\":{\"@type\":\"EntryPoint\",\"urlTemplate\":\"https:\/\/www.manaus.am.gov.br\/immu\/?s={search_term_string}\"},\"query-input\":\"required name=search_term_string\"}],\"inLanguage\":\"pt-BR\"},{\"@type\":\"Person\",\"@id\":\"https:\/\/www.manaus.am.gov.br\/immu\/#\/schema\/person\/466a0e03ae4b6062809046bd560ac955\",\"name\":\"bvalente\",\"image\":{\"@type\":\"ImageObject\",\"inLanguage\":\"pt-BR\",\"@id\":\"https:\/\/www.manaus.am.gov.br\/immu\/#\/schema\/person\/image\/\",\"url\":\"https:\/\/secure.gravatar.com\/avatar\/3e69bc2b014bdad41adfec3a39de07d2?s=96&d=mm&r=g\",\"contentUrl\":\"https:\/\/secure.gravatar.com\/avatar\/3e69bc2b014bdad41adfec3a39de07d2?s=96&d=mm&r=g\",\"caption\":\"bvalente\"}}]}<\/script>\n<!-- \/ Yoast SEO plugin. -->","yoast_head_json":{"title":"Prefeitura investe em seguran\u00e7a vi\u00e1ria com foco na travessia","description":"A Prefeitura de Manaus, est\u00e1 implementando uma s\u00e9rie de a\u00e7\u00f5es para melhorar a seguran\u00e7a vi\u00e1ria e permitir que pedestres possam transitar nas vias.","robots":{"index":"noindex","follow":"follow"},"og_locale":"pt_BR","og_type":"article","og_title":"Prefeitura investe em seguran\u00e7a vi\u00e1ria com foco na travessia","og_description":"A Prefeitura de Manaus, est\u00e1 implementando uma s\u00e9rie de a\u00e7\u00f5es para melhorar a seguran\u00e7a vi\u00e1ria e permitir que pedestres possam transitar nas vias.","og_url":"https:\/\/www.manaus.am.gov.br\/immu\/mobilidade\/seguranca-travessia\/","og_site_name":"IMMU","article_published_time":"2024-04-17T19:14:23+00:00","article_modified_time":"2024-04-17T19:14:25+00:00","og_image":[{"width":800,"height":697,"url":"https:\/\/www.manaus.am.gov.br\/immu\/wp-content\/uploads\/sites\/14\/2024\/04\/MOBILIDADE-URBANA.jpg","type":"image\/jpeg"}],"author":"bvalente","twitter_card":"summary_large_image","twitter_misc":{"Written by":"bvalente","Est. reading time":"3 minutos"},"schema":{"@context":"https:\/\/schema.org","@graph":[{"@type":"WebPage","@id":"https:\/\/www.manaus.am.gov.br\/immu\/mobilidade\/seguranca-travessia\/","url":"https:\/\/www.manaus.am.gov.br\/immu\/mobilidade\/seguranca-travessia\/","name":"Prefeitura investe em seguran\u00e7a vi\u00e1ria com foco na travessia","isPartOf":{"@id":"https:\/\/www.manaus.am.gov.br\/immu\/#website"},"primaryImageOfPage":{"@id":"https:\/\/www.manaus.am.gov.br\/immu\/mobilidade\/seguranca-travessia\/#primaryimage"},"image":{"@id":"https:\/\/www.manaus.am.gov.br\/immu\/mobilidade\/seguranca-travessia\/#primaryimage"},"thumbnailUrl":"https:\/\/www.manaus.am.gov.br\/immu\/wp-content\/uploads\/sites\/14\/2024\/04\/MOBILIDADE-URBANA.jpg","datePublished":"2024-04-17T19:14:23+00:00","dateModified":"2024-04-17T19:14:25+00:00","author":{"@id":"https:\/\/www.manaus.am.gov.br\/immu\/#\/schema\/person\/466a0e03ae4b6062809046bd560ac955"},"description":"A Prefeitura de Manaus, est\u00e1 implementando uma s\u00e9rie de a\u00e7\u00f5es para melhorar a seguran\u00e7a vi\u00e1ria e permitir que pedestres possam transitar nas vias.","breadcrumb":{"@id":"https:\/\/www.manaus.am.gov.br\/immu\/mobilidade\/seguranca-travessia\/#breadcrumb"},"inLanguage":"pt-BR","potentialAction":[{"@type":"ReadAction","target":["https:\/\/www.manaus.am.gov.br\/immu\/mobilidade\/seguranca-travessia\/"]}]},{"@type":"ImageObject","inLanguage":"pt-BR","@id":"https:\/\/www.manaus.am.gov.br\/immu\/mobilidade\/seguranca-travessia\/#primaryimage","url":"https:\/\/www.manaus.am.gov.br\/immu\/wp-content\/uploads\/sites\/14\/2024\/04\/MOBILIDADE-URBANA.jpg","contentUrl":"https:\/\/www.manaus.am.gov.br\/immu\/wp-content\/uploads\/sites\/14\/2024\/04\/MOBILIDADE-URBANA.jpg","width":800,"height":697},{"@type":"BreadcrumbList","@id":"https:\/\/www.manaus.am.gov.br\/immu\/mobilidade\/seguranca-travessia\/#breadcrumb","itemListElement":[{"@type":"ListItem","position":1,"name":"Home","item":"https:\/\/www.manaus.am.gov.br\/immu\/"},{"@type":"ListItem","position":2,"name":"Prefeitura investe em seguran\u00e7a vi\u00e1ria com foco na travessia de pedestres\u00a0"}]},{"@type":"WebSite","@id":"https:\/\/www.manaus.am.gov.br\/immu\/#website","url":"https:\/\/www.manaus.am.gov.br\/immu\/","name":"IMMU","description":"Prefeitura de Manaus","potentialAction":[{"@type":"SearchAction","target":{"@type":"EntryPoint","urlTemplate":"https:\/\/www.manaus.am.gov.br\/immu\/?s={search_term_string}"},"query-input":"required name=search_term_string"}],"inLanguage":"pt-BR"},{"@type":"Person","@id":"https:\/\/www.manaus.am.gov.br\/immu\/#\/schema\/person\/466a0e03ae4b6062809046bd560ac955","name":"bvalente","image":{"@type":"ImageObject","inLanguage":"pt-BR","@id":"https:\/\/www.manaus.am.gov.br\/immu\/#\/schema\/person\/image\/","url":"https:\/\/secure.gravatar.com\/avatar\/3e69bc2b014bdad41adfec3a39de07d2?s=96&d=mm&r=g","contentUrl":"https:\/\/secure.gravatar.com\/avatar\/3e69bc2b014bdad41adfec3a39de07d2?s=96&d=mm&r=g","caption":"bvalente"}}]}},"_links":{"self":[{"href":"https:\/\/www.manaus.am.gov.br\/immu\/wp-json\/wp\/v2\/posts\/2249"}],"collection":[{"href":"https:\/\/www.manaus.am.gov.br\/immu\/wp-json\/wp\/v2\/posts"}],"about":[{"href":"https:\/\/www.manaus.am.gov.br\/immu\/wp-json\/wp\/v2\/types\/post"}],"author":[{"embeddable":true,"href":"https:\/\/www.manaus.am.gov.br\/immu\/wp-json\/wp\/v2\/users\/68"}],"replies":[{"embeddable":true,"href":"https:\/\/www.manaus.am.gov.br\/immu\/wp-json\/wp\/v2\/comments?post=2249"}],"version-history":[{"count":0,"href":"https:\/\/www.manaus.am.gov.br\/immu\/wp-json\/wp\/v2\/posts\/2249\/revisions"}],"wp:featuredmedia":[{"embeddable":true,"href":"https:\/\/www.manaus.am.gov.br\/immu\/wp-json\/wp\/v2\/media\/2250"}],"wp:attachment":[{"href":"https:\/\/www.manaus.am.gov.br\/immu\/wp-json\/wp\/v2\/media?parent=2249"}],"wp:term":[{"taxonomy":"category","embeddable":true,"href":"https:\/\/www.manaus.am.gov.br\/immu\/wp-json\/wp\/v2\/categories?post=2249"},{"taxonomy":"post_tag","embeddable":true,"href":"https:\/\/www.manaus.am.gov.br\/immu\/wp-json\/wp\/v2\/tags?post=2249"}],"curies":[{"name":"wp","href":"https:\/\/api.w.org\/{rel}","templated":true}]}}