{"id":2239,"date":"2024-04-16T16:13:46","date_gmt":"2024-04-16T20:13:46","guid":{"rendered":"https:\/\/www.manaus.am.gov.br\/immu\/sem-categoria\/fiscaliza-motocicletas\/"},"modified":"2024-04-16T16:13:46","modified_gmt":"2024-04-16T20:13:46","slug":"fiscaliza-motocicletas","status":"publish","type":"post","link":"https:\/\/www.manaus.am.gov.br\/immu\/transito\/fiscaliza-motocicletas\/","title":{"rendered":"Prefeitura de Manaus fiscaliza motocicletas na opera\u00e7\u00e3o conjunta \u2018Cavalo de a\u00e7o\u2019"},"content":{"rendered":"\n<p>Mais de 400 motocicletas foram abordadas em uma opera\u00e7\u00e3o conjunta realizada pelo Instituto Municipal de Mobilidade Urbana (IMMU), Departamento Estadual de Tr\u00e2nsito (Detran) e Batalh\u00e3o de Policiamento de Tr\u00e2nsito (BPTran) nesta ter\u00e7a-feira, 16\/4, na Avenida Cosme Ferreira, zona Leste de Manaus,.<\/p>\n\n\n\n<p>A opera\u00e7\u00e3o \u2018Cavalo de A\u00e7o\u2019 teve a finalidade de coibir irregularidades de tr\u00e2nsito, assim como apreender ve\u00edculos irregulares em circula\u00e7\u00e3o na capital. Foram realizadas 431 abordagens, 72 autua\u00e7\u00f5es e 17 remo\u00e7\u00f5es ao parqueamento.<\/p>\n\n\n\n<p>Entre as irregularidades verificadas est\u00e3o a condu\u00e7\u00e3o de motos sem a Carteira Nacional de Habilita\u00e7\u00e3o (CNH) obrigat\u00f3ria, uso de cal\u00e7ados inapropriados, motocicletas com licenciamento atrasado, al\u00e9m de transporte de mais de duas pessoas nas motocicletas.<\/p>\n\n\n\n<p>O diretor de Opera\u00e7\u00f5es do IMMU, Stanley Ventilari, ressaltou a import\u00e2ncia da a\u00e7\u00e3o voltada para motocicletas.<\/p>\n\n\n\n<p>\u201cN\u00f3s j\u00e1 tivemos, aproximadamente, 40 v\u00edtimas de acidentes fatais envolvendo motociclistas apenas em 2024. Ent\u00e3o, o objetivo m\u00e1ximo \u00e9 a fiscaliza\u00e7\u00e3o destes ve\u00edculos e tirar de circula\u00e7\u00e3o algumas motocicletas que se encontram irregulares na cidade de Manaus. A a\u00e7\u00e3o conjunta vai estender para todas as zonas da cidade\u201d, explicou o diretor.<\/p>\n\n\n\n<p>O motoboy Isa\u00edas Maia, 41, elogiou a opera\u00e7\u00e3o realizada nesta ter\u00e7a-feira. \u201cAcho importante porque ajuda a inibir roubos de moto, tamb\u00e9m. Provavelmente algu\u00e9m parado aqui com uma moto roubada ou com restri\u00e7\u00e3o vai ter identificado. Ajuda tamb\u00e9m na seguran\u00e7a da popula\u00e7\u00e3o em geral. Este tipo de blitz ajuda e muito\u201d, afirmou.<\/p>\n\n\n\n<p>&#8212; &#8212; &#8212;<\/p>\n\n\n\n<p><strong>Texto<\/strong> &#8211; \u00c1lisson Castro \/ IMMU<\/p>\n\n\n\n<p><strong>Fotos<\/strong> &#8211; Karol Silva \/ IMMU<\/p>\n","protected":false},"excerpt":{"rendered":"","protected":false},"author":61,"featured_media":2240,"comment_status":"closed","ping_status":"closed","sticky":false,"template":"","format":"standard","meta":{"footnotes":""},"categories":[46],"tags":[53,6,180,1522,8],"acf":[],"yoast_head":"<!-- This site is optimized with the Yoast SEO plugin v23.0 - https:\/\/yoast.com\/wordpress\/plugins\/seo\/ -->\n<title>Prefeitura de Manaus fiscaliza motocicletas na opera\u00e7\u00e3o \u2018Cavalo de a\u00e7o\u2019<\/title>\n<meta name=\"description\" content=\"Mais de 400 motocicletas foram abordadas em uma opera\u00e7\u00e3o conjunta realizada pelo IMMU, Detran e BPTran nesta ter\u00e7a-feira, 16\/4.\" \/>\n<meta name=\"robots\" content=\"noindex, follow\" \/>\n<meta property=\"og:locale\" content=\"pt_BR\" \/>\n<meta property=\"og:type\" content=\"article\" \/>\n<meta property=\"og:title\" content=\"Prefeitura de Manaus fiscaliza motocicletas na opera\u00e7\u00e3o \u2018Cavalo de a\u00e7o\u2019\" \/>\n<meta property=\"og:description\" content=\"Mais de 400 motocicletas foram abordadas em uma opera\u00e7\u00e3o conjunta realizada pelo IMMU, Detran e BPTran nesta ter\u00e7a-feira, 16\/4.\" \/>\n<meta property=\"og:url\" content=\"https:\/\/www.manaus.am.gov.br\/immu\/transito\/fiscaliza-motocicletas\/\" \/>\n<meta property=\"og:site_name\" content=\"IMMU\" \/>\n<meta property=\"article:published_time\" content=\"2024-04-16T20:13:46+00:00\" \/>\n<meta property=\"og:image\" content=\"https:\/\/www.manaus.am.gov.br\/immu\/wp-content\/uploads\/sites\/14\/2024\/04\/Operacao-Cavalo-de-Aco-4-1024x683.jpg\" \/>\n\t<meta property=\"og:image:width\" content=\"1024\" \/>\n\t<meta property=\"og:image:height\" content=\"683\" \/>\n\t<meta property=\"og:image:type\" content=\"image\/jpeg\" \/>\n<meta name=\"author\" content=\"smonteiro\" \/>\n<meta name=\"twitter:card\" content=\"summary_large_image\" \/>\n<meta name=\"twitter:label1\" content=\"Written by\" \/>\n\t<meta name=\"twitter:data1\" content=\"smonteiro\" \/>\n\t<meta name=\"twitter:label2\" content=\"Est. reading time\" \/>\n\t<meta name=\"twitter:data2\" content=\"2 minutos\" \/>\n<script type=\"application\/ld+json\" class=\"yoast-schema-graph\">{\"@context\":\"https:\/\/schema.org\",\"@graph\":[{\"@type\":\"WebPage\",\"@id\":\"https:\/\/www.manaus.am.gov.br\/immu\/transito\/fiscaliza-motocicletas\/\",\"url\":\"https:\/\/www.manaus.am.gov.br\/immu\/transito\/fiscaliza-motocicletas\/\",\"name\":\"Prefeitura de Manaus fiscaliza motocicletas na opera\u00e7\u00e3o \u2018Cavalo de a\u00e7o\u2019\",\"isPartOf\":{\"@id\":\"https:\/\/www.manaus.am.gov.br\/immu\/#website\"},\"primaryImageOfPage\":{\"@id\":\"https:\/\/www.manaus.am.gov.br\/immu\/transito\/fiscaliza-motocicletas\/#primaryimage\"},\"image\":{\"@id\":\"https:\/\/www.manaus.am.gov.br\/immu\/transito\/fiscaliza-motocicletas\/#primaryimage\"},\"thumbnailUrl\":\"https:\/\/www.manaus.am.gov.br\/immu\/wp-content\/uploads\/sites\/14\/2024\/04\/Operacao-Cavalo-de-Aco-4.jpg\",\"datePublished\":\"2024-04-16T20:13:46+00:00\",\"dateModified\":\"2024-04-16T20:13:46+00:00\",\"author\":{\"@id\":\"https:\/\/www.manaus.am.gov.br\/immu\/#\/schema\/person\/ab4dcf766a54dff74e8d267f5c591961\"},\"description\":\"Mais de 400 motocicletas foram abordadas em uma opera\u00e7\u00e3o conjunta realizada pelo IMMU, Detran e BPTran nesta ter\u00e7a-feira, 16\/4.\",\"breadcrumb\":{\"@id\":\"https:\/\/www.manaus.am.gov.br\/immu\/transito\/fiscaliza-motocicletas\/#breadcrumb\"},\"inLanguage\":\"pt-BR\",\"potentialAction\":[{\"@type\":\"ReadAction\",\"target\":[\"https:\/\/www.manaus.am.gov.br\/immu\/transito\/fiscaliza-motocicletas\/\"]}]},{\"@type\":\"ImageObject\",\"inLanguage\":\"pt-BR\",\"@id\":\"https:\/\/www.manaus.am.gov.br\/immu\/transito\/fiscaliza-motocicletas\/#primaryimage\",\"url\":\"https:\/\/www.manaus.am.gov.br\/immu\/wp-content\/uploads\/sites\/14\/2024\/04\/Operacao-Cavalo-de-Aco-4.jpg\",\"contentUrl\":\"https:\/\/www.manaus.am.gov.br\/immu\/wp-content\/uploads\/sites\/14\/2024\/04\/Operacao-Cavalo-de-Aco-4.jpg\",\"width\":3984,\"height\":2656,\"caption\":\"#paratodosverem - agente de tr\u00e2nsito em abordagem a motocicletas\"},{\"@type\":\"BreadcrumbList\",\"@id\":\"https:\/\/www.manaus.am.gov.br\/immu\/transito\/fiscaliza-motocicletas\/#breadcrumb\",\"itemListElement\":[{\"@type\":\"ListItem\",\"position\":1,\"name\":\"Home\",\"item\":\"https:\/\/www.manaus.am.gov.br\/immu\/\"},{\"@type\":\"ListItem\",\"position\":2,\"name\":\"Prefeitura de Manaus fiscaliza motocicletas na opera\u00e7\u00e3o conjunta \u2018Cavalo de a\u00e7o\u2019\"}]},{\"@type\":\"WebSite\",\"@id\":\"https:\/\/www.manaus.am.gov.br\/immu\/#website\",\"url\":\"https:\/\/www.manaus.am.gov.br\/immu\/\",\"name\":\"IMMU\",\"description\":\"Prefeitura de Manaus\",\"potentialAction\":[{\"@type\":\"SearchAction\",\"target\":{\"@type\":\"EntryPoint\",\"urlTemplate\":\"https:\/\/www.manaus.am.gov.br\/immu\/?s={search_term_string}\"},\"query-input\":\"required name=search_term_string\"}],\"inLanguage\":\"pt-BR\"},{\"@type\":\"Person\",\"@id\":\"https:\/\/www.manaus.am.gov.br\/immu\/#\/schema\/person\/ab4dcf766a54dff74e8d267f5c591961\",\"name\":\"smonteiro\",\"image\":{\"@type\":\"ImageObject\",\"inLanguage\":\"pt-BR\",\"@id\":\"https:\/\/www.manaus.am.gov.br\/immu\/#\/schema\/person\/image\/\",\"url\":\"https:\/\/secure.gravatar.com\/avatar\/21c8776ef61d9272c73322052e042d77?s=96&d=mm&r=g\",\"contentUrl\":\"https:\/\/secure.gravatar.com\/avatar\/21c8776ef61d9272c73322052e042d77?s=96&d=mm&r=g\",\"caption\":\"smonteiro\"}}]}<\/script>\n<!-- \/ Yoast SEO plugin. -->","yoast_head_json":{"title":"Prefeitura de Manaus fiscaliza motocicletas na opera\u00e7\u00e3o \u2018Cavalo de a\u00e7o\u2019","description":"Mais de 400 motocicletas foram abordadas em uma opera\u00e7\u00e3o conjunta realizada pelo IMMU, Detran e BPTran nesta ter\u00e7a-feira, 16\/4.","robots":{"index":"noindex","follow":"follow"},"og_locale":"pt_BR","og_type":"article","og_title":"Prefeitura de Manaus fiscaliza motocicletas na opera\u00e7\u00e3o \u2018Cavalo de a\u00e7o\u2019","og_description":"Mais de 400 motocicletas foram abordadas em uma opera\u00e7\u00e3o conjunta realizada pelo IMMU, Detran e BPTran nesta ter\u00e7a-feira, 16\/4.","og_url":"https:\/\/www.manaus.am.gov.br\/immu\/transito\/fiscaliza-motocicletas\/","og_site_name":"IMMU","article_published_time":"2024-04-16T20:13:46+00:00","og_image":[{"width":1024,"height":683,"url":"https:\/\/www.manaus.am.gov.br\/immu\/wp-content\/uploads\/sites\/14\/2024\/04\/Operacao-Cavalo-de-Aco-4-1024x683.jpg","type":"image\/jpeg"}],"author":"smonteiro","twitter_card":"summary_large_image","twitter_misc":{"Written by":"smonteiro","Est. reading time":"2 minutos"},"schema":{"@context":"https:\/\/schema.org","@graph":[{"@type":"WebPage","@id":"https:\/\/www.manaus.am.gov.br\/immu\/transito\/fiscaliza-motocicletas\/","url":"https:\/\/www.manaus.am.gov.br\/immu\/transito\/fiscaliza-motocicletas\/","name":"Prefeitura de Manaus fiscaliza motocicletas na opera\u00e7\u00e3o \u2018Cavalo de a\u00e7o\u2019","isPartOf":{"@id":"https:\/\/www.manaus.am.gov.br\/immu\/#website"},"primaryImageOfPage":{"@id":"https:\/\/www.manaus.am.gov.br\/immu\/transito\/fiscaliza-motocicletas\/#primaryimage"},"image":{"@id":"https:\/\/www.manaus.am.gov.br\/immu\/transito\/fiscaliza-motocicletas\/#primaryimage"},"thumbnailUrl":"https:\/\/www.manaus.am.gov.br\/immu\/wp-content\/uploads\/sites\/14\/2024\/04\/Operacao-Cavalo-de-Aco-4.jpg","datePublished":"2024-04-16T20:13:46+00:00","dateModified":"2024-04-16T20:13:46+00:00","author":{"@id":"https:\/\/www.manaus.am.gov.br\/immu\/#\/schema\/person\/ab4dcf766a54dff74e8d267f5c591961"},"description":"Mais de 400 motocicletas foram abordadas em uma opera\u00e7\u00e3o conjunta realizada pelo IMMU, Detran e BPTran nesta ter\u00e7a-feira, 16\/4.","breadcrumb":{"@id":"https:\/\/www.manaus.am.gov.br\/immu\/transito\/fiscaliza-motocicletas\/#breadcrumb"},"inLanguage":"pt-BR","potentialAction":[{"@type":"ReadAction","target":["https:\/\/www.manaus.am.gov.br\/immu\/transito\/fiscaliza-motocicletas\/"]}]},{"@type":"ImageObject","inLanguage":"pt-BR","@id":"https:\/\/www.manaus.am.gov.br\/immu\/transito\/fiscaliza-motocicletas\/#primaryimage","url":"https:\/\/www.manaus.am.gov.br\/immu\/wp-content\/uploads\/sites\/14\/2024\/04\/Operacao-Cavalo-de-Aco-4.jpg","contentUrl":"https:\/\/www.manaus.am.gov.br\/immu\/wp-content\/uploads\/sites\/14\/2024\/04\/Operacao-Cavalo-de-Aco-4.jpg","width":3984,"height":2656,"caption":"#paratodosverem - agente de tr\u00e2nsito em abordagem a motocicletas"},{"@type":"BreadcrumbList","@id":"https:\/\/www.manaus.am.gov.br\/immu\/transito\/fiscaliza-motocicletas\/#breadcrumb","itemListElement":[{"@type":"ListItem","position":1,"name":"Home","item":"https:\/\/www.manaus.am.gov.br\/immu\/"},{"@type":"ListItem","position":2,"name":"Prefeitura de Manaus fiscaliza motocicletas na opera\u00e7\u00e3o conjunta \u2018Cavalo de a\u00e7o\u2019"}]},{"@type":"WebSite","@id":"https:\/\/www.manaus.am.gov.br\/immu\/#website","url":"https:\/\/www.manaus.am.gov.br\/immu\/","name":"IMMU","description":"Prefeitura de Manaus","potentialAction":[{"@type":"SearchAction","target":{"@type":"EntryPoint","urlTemplate":"https:\/\/www.manaus.am.gov.br\/immu\/?s={search_term_string}"},"query-input":"required name=search_term_string"}],"inLanguage":"pt-BR"},{"@type":"Person","@id":"https:\/\/www.manaus.am.gov.br\/immu\/#\/schema\/person\/ab4dcf766a54dff74e8d267f5c591961","name":"smonteiro","image":{"@type":"ImageObject","inLanguage":"pt-BR","@id":"https:\/\/www.manaus.am.gov.br\/immu\/#\/schema\/person\/image\/","url":"https:\/\/secure.gravatar.com\/avatar\/21c8776ef61d9272c73322052e042d77?s=96&d=mm&r=g","contentUrl":"https:\/\/secure.gravatar.com\/avatar\/21c8776ef61d9272c73322052e042d77?s=96&d=mm&r=g","caption":"smonteiro"}}]}},"_links":{"self":[{"href":"https:\/\/www.manaus.am.gov.br\/immu\/wp-json\/wp\/v2\/posts\/2239"}],"collection":[{"href":"https:\/\/www.manaus.am.gov.br\/immu\/wp-json\/wp\/v2\/posts"}],"about":[{"href":"https:\/\/www.manaus.am.gov.br\/immu\/wp-json\/wp\/v2\/types\/post"}],"author":[{"embeddable":true,"href":"https:\/\/www.manaus.am.gov.br\/immu\/wp-json\/wp\/v2\/users\/61"}],"replies":[{"embeddable":true,"href":"https:\/\/www.manaus.am.gov.br\/immu\/wp-json\/wp\/v2\/comments?post=2239"}],"version-history":[{"count":0,"href":"https:\/\/www.manaus.am.gov.br\/immu\/wp-json\/wp\/v2\/posts\/2239\/revisions"}],"wp:featuredmedia":[{"embeddable":true,"href":"https:\/\/www.manaus.am.gov.br\/immu\/wp-json\/wp\/v2\/media\/2240"}],"wp:attachment":[{"href":"https:\/\/www.manaus.am.gov.br\/immu\/wp-json\/wp\/v2\/media?parent=2239"}],"wp:term":[{"taxonomy":"category","embeddable":true,"href":"https:\/\/www.manaus.am.gov.br\/immu\/wp-json\/wp\/v2\/categories?post=2239"},{"taxonomy":"post_tag","embeddable":true,"href":"https:\/\/www.manaus.am.gov.br\/immu\/wp-json\/wp\/v2\/tags?post=2239"}],"curies":[{"name":"wp","href":"https:\/\/api.w.org\/{rel}","templated":true}]}}